{"id":66582,"date":"2026-04-30T15:21:01","date_gmt":"2026-04-30T18:21:01","guid":{"rendered":"https:\/\/verdadeon.com.br\/portal\/?p=66582"},"modified":"2026-04-30T15:21:01","modified_gmt":"2026-04-30T18:21:01","slug":"autonomia-e-emprego-formal-sao-a-maior-homenagem-ao-trabalhador-afirma-presidente-do-ciesp","status":"publish","type":"post","link":"https:\/\/verdadeon.com.br\/portal\/2026\/04\/30\/autonomia-e-emprego-formal-sao-a-maior-homenagem-ao-trabalhador-afirma-presidente-do-ciesp\/","title":{"rendered":"\u201cAutonomia e emprego formal s\u00e3o a maior homenagem ao trabalhador&#8221;, afirma presidente do CIESP"},"content":{"rendered":"<p>\u201cEste Dia do Trabalho, 1\u00ba de maio, \u00e9 uma oportunidade relevante para que os trabalhadores empregadores e trabalhadores empregados brasileiros, unidos no prop\u00f3sito comum de promover o crescimento econ\u00f4mico sustent\u00e1vel, celebrem a prerrogativa legal, vigente em nosso pa\u00eds, de decidir a jornada de trabalho por meio do di\u00e1logo e da livre negocia\u00e7\u00e3o. Assim, \u00e9 redundante e desnecess\u00e1ria a PEC 221\/19, que extingue o modelo 6&#215;1, pois, na pr\u00e1tica, essa possibilidade j\u00e1 existe, dependendo do di\u00e1logo e do consenso entre sindicatos patronais e laborais e\/ou empresas e seus recursos humanos.&#8221;<\/p>\n<p>A an\u00e1lise \u00e9 de Rafael Cervone, presidente do Centro das Ind\u00fastrias do Estado de S\u00e3o Paulo (Ciesp) e primeiro vice da Federa\u00e7\u00e3o das Ind\u00fastrias do Estado de S\u00e3o Paulo (Fiesp). Para ele, considerando que a jornada m\u00e9dia de trabalho no Brasil, resultante exatamente da livre negocia\u00e7\u00e3o, situa-se pouco acima de 38,5 horas semanais, a PEC n\u00e3o tem muita raz\u00e3o de ser.<\/p>\n<p>\u201cOs distintos setores j\u00e1 estabeleceram, com di\u00e1logo e autonomia decis\u00f3ria entre as partes, a carga hor\u00e1ria mais adequada a cada segmento e tipo de atividade. N\u00e3o h\u00e1 por que interferir, por meio de uma legisla\u00e7\u00e3o gen\u00e9rica e impositiva, no direito soberano de entendimento entre todos os brasileiros que trabalham e produzem, ou seja, empregadores e empregados. Todos queremos o desenvolvimento, mais investimentos, a multiplica\u00e7\u00e3o de empregos formais, a gera\u00e7\u00e3o crescente de renda e mais inclus\u00e3o social\u201d, afirma Cervone.<\/p>\n<p>O presidente do Ciesp tamb\u00e9m observa que n\u00e3o se sustentam, em termos l\u00f3gicos, os argumentos para o fim do regime 6&#215;1, de que o avan\u00e7o tecnol\u00f3gico e a informatiza\u00e7\u00e3o elevaram a produtividade, viabilizando a redu\u00e7\u00e3o da jornada. \u201cTal justificativa n\u00e3o corresponde \u00e0 realidade brasileira, porque nesse quesito, num ranking de 131 pa\u00edses, ocupamos a 78\u00aa posi\u00e7\u00e3o\u201d, acentua.<\/p>\n<p>A produtividade brasileira equivale a 25% da norte-americana. Na Europa, em uma hora se produzem de 80 a 100 d\u00f3lares. Aqui, s\u00e3o 17. No Chile, o fim da escala 6&#215;1 gerou desemprego e alta informalidade. Trata-se de um fator que n\u00e3o depende apenas do trabalhador, mas tamb\u00e9m do aporte tecnol\u00f3gico, da infraestrutura, da burocracia e de outros problemas cr\u00f4nicos que emperram a nossa economia\u201d, avalia Cervone.<\/p>\n<p>Tamb\u00e9m cabe observar que a PEC desconsidera a realidade do mercado nacional de trabalho, que j\u00e1 sofre com a escassez de m\u00e3o de obra.\u00a0Ademais, a redu\u00e7\u00e3o for\u00e7ada da jornada semanal para 36 horas elevaria compulsoriamente as folhas de pagamento da maioria das empresas em 22%, conforme c\u00e1lculos de especialistas, pressionando os pre\u00e7os em todos os setores. \u201cAs consequ\u00eancias s\u00e3o \u00f3bvias, ou seja, infla\u00e7\u00e3o, mais rotatividade de trabalhadores, informalidade e aumento do desemprego, atingindo principalmente a popula\u00e7\u00e3o mais vulner\u00e1vel\u201d, pondera o presidente do Ciesp.<\/p>\n<p>Para Cervone, levando em conta a import\u00e2ncia do tema e as consequ\u00eancias danosas da eventual aprova\u00e7\u00e3o da PEC, a proposta n\u00e3o deveria ser debatida e apreciada no Congresso neste ano eleitoral, per\u00edodo em que as narrativas e argumentos s\u00e3o permeados de um tom mais emocional do que l\u00f3gico. \u201cN\u00e3o \u00e9 pertinente converter as ret\u00f3ricas das campanhas pol\u00edticas em amea\u00e7a para nossa economia. Assim, para o bem de todos n\u00f3s, empregadores e empregados, que diariamente estamos nas empresas lutando juntos pelo progresso brasileiro, seria fundamental que este Dia do Trabalho inspirasse o bom senso e uma reflex\u00e3o inteligente sobre o presente e o futuro do Pa\u00eds\u201d, conclui.<\/p>\n","protected":false},"excerpt":{"rendered":"<p>\u201cEste Dia do Trabalho, 1\u00ba de maio, \u00e9 uma oportunidade relevante para que os trabalhadores empregadores e trabalhadores empregados brasileiros, unidos no prop\u00f3sito comum de promover<span class=\"excerpt-hellip\"> [\u2026]<\/span><\/p>\n","protected":false},"author":10,"featured_media":56659,"comment_status":"open","ping_status":"open","sticky":false,"template":"","format":"standard","meta":{"_jetpack_memberships_contains_paid_content":false,"footnotes":"","jetpack_publicize_message":"","jetpack_publicize_feature_enabled":true,"jetpack_social_post_already_shared":true,"jetpack_social_options":{"image_generator_settings":{"template":"highway","default_image_id":0,"enabled":false},"version":2}},"categories":[28,44],"tags":[],"class_list":["post-66582","post","type-post","status-publish","format-standard","has-post-thumbnail","hentry","category-cotidiano","category-noticias"],"yoast_head":"<!-- This site is optimized with the Yoast SEO plugin v25.6 - https:\/\/yoast.com\/wordpress\/plugins\/seo\/ -->\n<title>\u201cAutonomia e emprego formal s\u00e3o a maior homenagem ao trabalhador&quot;, afirma presidente do CIESP - VerdadeOn<\/title>\n<meta name=\"robots\" content=\"index, follow, max-snippet:-1, max-image-preview:large, max-video-preview:-1\" \/>\n<link rel=\"canonical\" href=\"https:\/\/verdadeon.com.br\/portal\/2026\/04\/30\/autonomia-e-emprego-formal-sao-a-maior-homenagem-ao-trabalhador-afirma-presidente-do-ciesp\/\" \/>\n<meta property=\"og:locale\" content=\"pt_BR\" \/>\n<meta property=\"og:type\" content=\"article\" \/>\n<meta property=\"og:title\" content=\"\u201cAutonomia e emprego formal s\u00e3o a maior homenagem ao trabalhador&quot;, afirma presidente do CIESP - VerdadeOn\" \/>\n<meta property=\"og:description\" content=\"\u201cEste Dia do Trabalho, 1\u00ba de maio, \u00e9 uma oportunidade relevante para que os trabalhadores empregadores e trabalhadores empregados brasileiros, unidos no prop\u00f3sito comum de promover [\u2026]\" \/>\n<meta property=\"og:url\" content=\"https:\/\/verdadeon.com.br\/portal\/2026\/04\/30\/autonomia-e-emprego-formal-sao-a-maior-homenagem-ao-trabalhador-afirma-presidente-do-ciesp\/\" \/>\n<meta property=\"og:site_name\" content=\"VerdadeOn\" \/>\n<meta property=\"article:published_time\" content=\"2026-04-30T18:21:01+00:00\" \/>\n<meta property=\"og:image\" content=\"https:\/\/verdadeon.com.br\/portal\/wp-content\/uploads\/2025\/06\/WhatsApp-Image-2025-06-03-at-16.27.23.jpeg\" \/>\n\t<meta property=\"og:image:width\" content=\"1280\" \/>\n\t<meta property=\"og:image:height\" content=\"853\" \/>\n\t<meta property=\"og:image:type\" content=\"image\/jpeg\" \/>\n<meta name=\"author\" content=\"Redacao VerdadeOn\" \/>\n<meta name=\"twitter:card\" content=\"summary_large_image\" \/>\n<meta name=\"twitter:label1\" content=\"Escrito por\" \/>\n\t<meta name=\"twitter:data1\" content=\"Redacao VerdadeOn\" \/>\n\t<meta name=\"twitter:label2\" content=\"Est. tempo de leitura\" \/>\n\t<meta name=\"twitter:data2\" content=\"4 minutos\" \/>\n<script type=\"application\/ld+json\" class=\"yoast-schema-graph\">{\"@context\":\"https:\/\/schema.org\",\"@graph\":[{\"@type\":\"WebPage\",\"@id\":\"https:\/\/verdadeon.com.br\/portal\/2026\/04\/30\/autonomia-e-emprego-formal-sao-a-maior-homenagem-ao-trabalhador-afirma-presidente-do-ciesp\/\",\"url\":\"https:\/\/verdadeon.com.br\/portal\/2026\/04\/30\/autonomia-e-emprego-formal-sao-a-maior-homenagem-ao-trabalhador-afirma-presidente-do-ciesp\/\",\"name\":\"\u201cAutonomia e emprego formal s\u00e3o a maior homenagem ao trabalhador\\\", afirma presidente do CIESP - VerdadeOn\",\"isPartOf\":{\"@id\":\"https:\/\/verdadeon.com.br\/portal\/#website\"},\"primaryImageOfPage\":{\"@id\":\"https:\/\/verdadeon.com.br\/portal\/2026\/04\/30\/autonomia-e-emprego-formal-sao-a-maior-homenagem-ao-trabalhador-afirma-presidente-do-ciesp\/#primaryimage\"},\"image\":{\"@id\":\"https:\/\/verdadeon.com.br\/portal\/2026\/04\/30\/autonomia-e-emprego-formal-sao-a-maior-homenagem-ao-trabalhador-afirma-presidente-do-ciesp\/#primaryimage\"},\"thumbnailUrl\":\"https:\/\/i0.wp.com\/verdadeon.com.br\/portal\/wp-content\/uploads\/2025\/06\/WhatsApp-Image-2025-06-03-at-16.27.23.jpeg?fit=1280%2C853&ssl=1\",\"datePublished\":\"2026-04-30T18:21:01+00:00\",\"author\":{\"@id\":\"https:\/\/verdadeon.com.br\/portal\/#\/schema\/person\/a5060ad1e9ea3df545188fc93ce43d2f\"},\"breadcrumb\":{\"@id\":\"https:\/\/verdadeon.com.br\/portal\/2026\/04\/30\/autonomia-e-emprego-formal-sao-a-maior-homenagem-ao-trabalhador-afirma-presidente-do-ciesp\/#breadcrumb\"},\"inLanguage\":\"pt-BR\",\"potentialAction\":[{\"@type\":\"ReadAction\",\"target\":[\"https:\/\/verdadeon.com.br\/portal\/2026\/04\/30\/autonomia-e-emprego-formal-sao-a-maior-homenagem-ao-trabalhador-afirma-presidente-do-ciesp\/\"]}]},{\"@type\":\"ImageObject\",\"inLanguage\":\"pt-BR\",\"@id\":\"https:\/\/verdadeon.com.br\/portal\/2026\/04\/30\/autonomia-e-emprego-formal-sao-a-maior-homenagem-ao-trabalhador-afirma-presidente-do-ciesp\/#primaryimage\",\"url\":\"https:\/\/i0.wp.com\/verdadeon.com.br\/portal\/wp-content\/uploads\/2025\/06\/WhatsApp-Image-2025-06-03-at-16.27.23.jpeg?fit=1280%2C853&ssl=1\",\"contentUrl\":\"https:\/\/i0.wp.com\/verdadeon.com.br\/portal\/wp-content\/uploads\/2025\/06\/WhatsApp-Image-2025-06-03-at-16.27.23.jpeg?fit=1280%2C853&ssl=1\",\"width\":1280,\"height\":853,\"caption\":\"O presidente do CIESP Rafael Cervone (\u00a9Vitor Leite\/Ciesp)\"},{\"@type\":\"BreadcrumbList\",\"@id\":\"https:\/\/verdadeon.com.br\/portal\/2026\/04\/30\/autonomia-e-emprego-formal-sao-a-maior-homenagem-ao-trabalhador-afirma-presidente-do-ciesp\/#breadcrumb\",\"itemListElement\":[{\"@type\":\"ListItem\",\"position\":1,\"name\":\"In\u00edcio\",\"item\":\"https:\/\/verdadeon.com.br\/portal\/\"},{\"@type\":\"ListItem\",\"position\":2,\"name\":\"\u201cAutonomia e emprego formal s\u00e3o a maior homenagem ao trabalhador&#8221;, afirma presidente do CIESP\"}]},{\"@type\":\"WebSite\",\"@id\":\"https:\/\/verdadeon.com.br\/portal\/#website\",\"url\":\"https:\/\/verdadeon.com.br\/portal\/\",\"name\":\"VerdadeOn\",\"description\":\"Not\u00edcias di\u00e1rias sobre Franca, Regi\u00e3o, Esporte, Cultura, Cotidiano, Colunas. Cobertura nos principais eventos da cidade \u00e9 aqui - Verdadeon Franca\",\"potentialAction\":[{\"@type\":\"SearchAction\",\"target\":{\"@type\":\"EntryPoint\",\"urlTemplate\":\"https:\/\/verdadeon.com.br\/portal\/?s={search_term_string}\"},\"query-input\":{\"@type\":\"PropertyValueSpecification\",\"valueRequired\":true,\"valueName\":\"search_term_string\"}}],\"inLanguage\":\"pt-BR\"},{\"@type\":\"Person\",\"@id\":\"https:\/\/verdadeon.com.br\/portal\/#\/schema\/person\/a5060ad1e9ea3df545188fc93ce43d2f\",\"name\":\"Redacao VerdadeOn\",\"image\":{\"@type\":\"ImageObject\",\"inLanguage\":\"pt-BR\",\"@id\":\"https:\/\/verdadeon.com.br\/portal\/#\/schema\/person\/image\/\",\"url\":\"https:\/\/secure.gravatar.com\/avatar\/459a9613caaaf07f582c3d0841eea68bdd66f533e465e6ba8b9cb45619572cf4?s=96&d=mm&r=g\",\"contentUrl\":\"https:\/\/secure.gravatar.com\/avatar\/459a9613caaaf07f582c3d0841eea68bdd66f533e465e6ba8b9cb45619572cf4?s=96&d=mm&r=g\",\"caption\":\"Redacao VerdadeOn\"},\"url\":\"https:\/\/verdadeon.com.br\/portal\/author\/redacao\/\"}]}<\/script>\n<!-- \/ Yoast SEO plugin. -->","yoast_head_json":{"title":"\u201cAutonomia e emprego formal s\u00e3o a maior homenagem ao trabalhador\", afirma presidente do CIESP - VerdadeOn","robots":{"index":"index","follow":"follow","max-snippet":"max-snippet:-1","max-image-preview":"max-image-preview:large","max-video-preview":"max-video-preview:-1"},"canonical":"https:\/\/verdadeon.com.br\/portal\/2026\/04\/30\/autonomia-e-emprego-formal-sao-a-maior-homenagem-ao-trabalhador-afirma-presidente-do-ciesp\/","og_locale":"pt_BR","og_type":"article","og_title":"\u201cAutonomia e emprego formal s\u00e3o a maior homenagem ao trabalhador\", afirma presidente do CIESP - VerdadeOn","og_description":"\u201cEste Dia do Trabalho, 1\u00ba de maio, \u00e9 uma oportunidade relevante para que os trabalhadores empregadores e trabalhadores empregados brasileiros, unidos no prop\u00f3sito comum de promover [\u2026]","og_url":"https:\/\/verdadeon.com.br\/portal\/2026\/04\/30\/autonomia-e-emprego-formal-sao-a-maior-homenagem-ao-trabalhador-afirma-presidente-do-ciesp\/","og_site_name":"VerdadeOn","article_published_time":"2026-04-30T18:21:01+00:00","og_image":[{"width":1280,"height":853,"url":"https:\/\/verdadeon.com.br\/portal\/wp-content\/uploads\/2025\/06\/WhatsApp-Image-2025-06-03-at-16.27.23.jpeg","type":"image\/jpeg"}],"author":"Redacao VerdadeOn","twitter_card":"summary_large_image","twitter_misc":{"Escrito por":"Redacao VerdadeOn","Est. tempo de leitura":"4 minutos"},"schema":{"@context":"https:\/\/schema.org","@graph":[{"@type":"WebPage","@id":"https:\/\/verdadeon.com.br\/portal\/2026\/04\/30\/autonomia-e-emprego-formal-sao-a-maior-homenagem-ao-trabalhador-afirma-presidente-do-ciesp\/","url":"https:\/\/verdadeon.com.br\/portal\/2026\/04\/30\/autonomia-e-emprego-formal-sao-a-maior-homenagem-ao-trabalhador-afirma-presidente-do-ciesp\/","name":"\u201cAutonomia e emprego formal s\u00e3o a maior homenagem ao trabalhador\", afirma presidente do CIESP - VerdadeOn","isPartOf":{"@id":"https:\/\/verdadeon.com.br\/portal\/#website"},"primaryImageOfPage":{"@id":"https:\/\/verdadeon.com.br\/portal\/2026\/04\/30\/autonomia-e-emprego-formal-sao-a-maior-homenagem-ao-trabalhador-afirma-presidente-do-ciesp\/#primaryimage"},"image":{"@id":"https:\/\/verdadeon.com.br\/portal\/2026\/04\/30\/autonomia-e-emprego-formal-sao-a-maior-homenagem-ao-trabalhador-afirma-presidente-do-ciesp\/#primaryimage"},"thumbnailUrl":"https:\/\/i0.wp.com\/verdadeon.com.br\/portal\/wp-content\/uploads\/2025\/06\/WhatsApp-Image-2025-06-03-at-16.27.23.jpeg?fit=1280%2C853&ssl=1","datePublished":"2026-04-30T18:21:01+00:00","author":{"@id":"https:\/\/verdadeon.com.br\/portal\/#\/schema\/person\/a5060ad1e9ea3df545188fc93ce43d2f"},"breadcrumb":{"@id":"https:\/\/verdadeon.com.br\/portal\/2026\/04\/30\/autonomia-e-emprego-formal-sao-a-maior-homenagem-ao-trabalhador-afirma-presidente-do-ciesp\/#breadcrumb"},"inLanguage":"pt-BR","potentialAction":[{"@type":"ReadAction","target":["https:\/\/verdadeon.com.br\/portal\/2026\/04\/30\/autonomia-e-emprego-formal-sao-a-maior-homenagem-ao-trabalhador-afirma-presidente-do-ciesp\/"]}]},{"@type":"ImageObject","inLanguage":"pt-BR","@id":"https:\/\/verdadeon.com.br\/portal\/2026\/04\/30\/autonomia-e-emprego-formal-sao-a-maior-homenagem-ao-trabalhador-afirma-presidente-do-ciesp\/#primaryimage","url":"https:\/\/i0.wp.com\/verdadeon.com.br\/portal\/wp-content\/uploads\/2025\/06\/WhatsApp-Image-2025-06-03-at-16.27.23.jpeg?fit=1280%2C853&ssl=1","contentUrl":"https:\/\/i0.wp.com\/verdadeon.com.br\/portal\/wp-content\/uploads\/2025\/06\/WhatsApp-Image-2025-06-03-at-16.27.23.jpeg?fit=1280%2C853&ssl=1","width":1280,"height":853,"caption":"O presidente do CIESP Rafael Cervone (\u00a9Vitor Leite\/Ciesp)"},{"@type":"BreadcrumbList","@id":"https:\/\/verdadeon.com.br\/portal\/2026\/04\/30\/autonomia-e-emprego-formal-sao-a-maior-homenagem-ao-trabalhador-afirma-presidente-do-ciesp\/#breadcrumb","itemListElement":[{"@type":"ListItem","position":1,"name":"In\u00edcio","item":"https:\/\/verdadeon.com.br\/portal\/"},{"@type":"ListItem","position":2,"name":"\u201cAutonomia e emprego formal s\u00e3o a maior homenagem ao trabalhador&#8221;, afirma presidente do CIESP"}]},{"@type":"WebSite","@id":"https:\/\/verdadeon.com.br\/portal\/#website","url":"https:\/\/verdadeon.com.br\/portal\/","name":"VerdadeOn","description":"Not\u00edcias di\u00e1rias sobre Franca, Regi\u00e3o, Esporte, Cultura, Cotidiano, Colunas. Cobertura nos principais eventos da cidade \u00e9 aqui - Verdadeon Franca","potentialAction":[{"@type":"SearchAction","target":{"@type":"EntryPoint","urlTemplate":"https:\/\/verdadeon.com.br\/portal\/?s={search_term_string}"},"query-input":{"@type":"PropertyValueSpecification","valueRequired":true,"valueName":"search_term_string"}}],"inLanguage":"pt-BR"},{"@type":"Person","@id":"https:\/\/verdadeon.com.br\/portal\/#\/schema\/person\/a5060ad1e9ea3df545188fc93ce43d2f","name":"Redacao VerdadeOn","image":{"@type":"ImageObject","inLanguage":"pt-BR","@id":"https:\/\/verdadeon.com.br\/portal\/#\/schema\/person\/image\/","url":"https:\/\/secure.gravatar.com\/avatar\/459a9613caaaf07f582c3d0841eea68bdd66f533e465e6ba8b9cb45619572cf4?s=96&d=mm&r=g","contentUrl":"https:\/\/secure.gravatar.com\/avatar\/459a9613caaaf07f582c3d0841eea68bdd66f533e465e6ba8b9cb45619572cf4?s=96&d=mm&r=g","caption":"Redacao VerdadeOn"},"url":"https:\/\/verdadeon.com.br\/portal\/author\/redacao\/"}]}},"jetpack_publicize_connections":[],"jetpack_featured_media_url":"https:\/\/i0.wp.com\/verdadeon.com.br\/portal\/wp-content\/uploads\/2025\/06\/WhatsApp-Image-2025-06-03-at-16.27.23.jpeg?fit=1280%2C853&ssl=1","jetpack_sharing_enabled":true,"_links":{"self":[{"href":"https:\/\/verdadeon.com.br\/portal\/wp-json\/wp\/v2\/posts\/66582","targetHints":{"allow":["GET"]}}],"collection":[{"href":"https:\/\/verdadeon.com.br\/portal\/wp-json\/wp\/v2\/posts"}],"about":[{"href":"https:\/\/verdadeon.com.br\/portal\/wp-json\/wp\/v2\/types\/post"}],"author":[{"embeddable":true,"href":"https:\/\/verdadeon.com.br\/portal\/wp-json\/wp\/v2\/users\/10"}],"replies":[{"embeddable":true,"href":"https:\/\/verdadeon.com.br\/portal\/wp-json\/wp\/v2\/comments?post=66582"}],"version-history":[{"count":1,"href":"https:\/\/verdadeon.com.br\/portal\/wp-json\/wp\/v2\/posts\/66582\/revisions"}],"predecessor-version":[{"id":66583,"href":"https:\/\/verdadeon.com.br\/portal\/wp-json\/wp\/v2\/posts\/66582\/revisions\/66583"}],"wp:featuredmedia":[{"embeddable":true,"href":"https:\/\/verdadeon.com.br\/portal\/wp-json\/wp\/v2\/media\/56659"}],"wp:attachment":[{"href":"https:\/\/verdadeon.com.br\/portal\/wp-json\/wp\/v2\/media?parent=66582"}],"wp:term":[{"taxonomy":"category","embeddable":true,"href":"https:\/\/verdadeon.com.br\/portal\/wp-json\/wp\/v2\/categories?post=66582"},{"taxonomy":"post_tag","embeddable":true,"href":"https:\/\/verdadeon.com.br\/portal\/wp-json\/wp\/v2\/tags?post=66582"}],"curies":[{"name":"wp","href":"https:\/\/api.w.org\/{rel}","templated":true}]}}