{"id":66575,"date":"2026-04-30T13:56:49","date_gmt":"2026-04-30T16:56:49","guid":{"rendered":"https:\/\/verdadeon.com.br\/portal\/?p=66575"},"modified":"2026-04-30T13:56:49","modified_gmt":"2026-04-30T16:56:49","slug":"salario-medio-do-trabalhador-amplia-recorde-e-chega-a-r-3-722","status":"publish","type":"post","link":"https:\/\/verdadeon.com.br\/portal\/2026\/04\/30\/salario-medio-do-trabalhador-amplia-recorde-e-chega-a-r-3-722\/","title":{"rendered":"Sal\u00e1rio m\u00e9dio do trabalhador amplia recorde e chega a R$ 3.722"},"content":{"rendered":"<div class=\"header-noticia full-width\">\n<h2 class=\"linha-fina-noticia\">Em um ano, valor sobe 5,5% acima da infla\u00e7\u00e3o<\/h2>\n<\/div>\n<div class=\"subheader\">\n<div class=\"container-autoria\">\n<p><strong>O rendimento m\u00e9dio mensal do trabalhador brasileiro alcan\u00e7ou R$ 3.722 no primeiro trimestre de 2026.\u00a0<\/strong>Esse valor representa acr\u00e9scimo real \u2013 j\u00e1 descontada a infla\u00e7\u00e3o \u2013 de 5,5% em rela\u00e7\u00e3o ao registrado no mesmo per\u00edodo de 2025.\u00a0<strong>\u00c9 o maior registrado em toda s\u00e9rie hist\u00f3rica da\u00a0<a href=\"https:\/\/agenciadenoticias.ibge.gov.br\/media\/com_mediaibge\/arquivos\/69f95a225b42486551a85a6e04e990ac.pdf\" target=\"_blank\" rel=\"noopener\">Pesquisa Nacional por Amostra de Domic\u00edlios (Pnad) Cont\u00ednua<\/a>, iniciada em 2012.<\/strong><img data-recalc-dims=\"1\" decoding=\"async\" src=\"https:\/\/i0.wp.com\/agenciabrasil.ebc.com.br\/ebc.png?w=1220&#038;ssl=1\" \/><img data-recalc-dims=\"1\" decoding=\"async\" src=\"https:\/\/i0.wp.com\/agenciabrasil.ebc.com.br\/ebc.gif?w=1220&#038;ssl=1\" \/><\/p>\n<p><strong>O trimestre encerrado em mar\u00e7o \u00e9 o segundo consecutivo em que o sal\u00e1rio m\u00e9dio supera a casa dos R$ 3,7 mil.<\/strong>\u00a0No per\u00edodo de tr\u00eas meses terminado em fevereiro, o rendimento foi de R$ 3.702. Na compara\u00e7\u00e3o com o quarto trimestre de 2025, quando o valor era de R$ 3.662, houve expans\u00e3o de 1,6%.<\/p>\n<p>Os dados foram divulgados nesta quinta-feira (30) pelo\u00a0<a href=\"https:\/\/agenciabrasil.ebc.com.br\/tags\/ibge\" target=\"_blank\" rel=\"noopener\">Instituto Brasileiro de Geografia e Estat\u00edstica (IBGE)<\/a>, no Rio de Janeiro.<\/p>\n<p>A pesquisa do IBGE coleta informa\u00e7\u00f5es de dez grupos de atividades. Em oito deles, o rendimento m\u00e9dio ficou est\u00e1vel (sem varia\u00e7\u00e3o significativa). Em dois, houve aumento m\u00e9dio de sal\u00e1rios: no com\u00e9rcio, alta de 3% (mais R$ 86); na administra\u00e7\u00e3o p\u00fablica, 2,5% (mais R$ 127).<\/p>\n<h2>Causas<\/h2>\n<p><strong>A coordenadora de pesquisas domiciliares do IBGE, Adriana Beringuy, considera que parte desse rendimento recorde pode ser atribu\u00edda\u00a0ao aumento do\u00a0<a href=\"https:\/\/agenciabrasil.ebc.com.br\/economia\/noticia\/2026-01\/salario-minimo-de-r-1621-comeca-valer-nesta-quinta\" target=\"_blank\" rel=\"noopener\">sal\u00e1rio m\u00ednimo, no come\u00e7o de janeiro, fixado em R$ 1.621<\/a>.<\/strong><\/p>\n<blockquote><p>\u201cPode ter uma participa\u00e7\u00e3o j\u00e1 dessa quest\u00e3o do reajuste do sal\u00e1rio m\u00ednimo, que \u00e9 uma recomposi\u00e7\u00e3o e at\u00e9 ganhos reais [acima da infla\u00e7\u00e3o].\u201d<\/p><\/blockquote>\n<p>No entanto, a analista destaca outro fator: no primeiro trimestre de 2026 houve redu\u00e7\u00e3o de 1 milh\u00e3o de pessoas na quantidade de trabalhadores ocupados em compara\u00e7\u00e3o com o quarto trimestre de 2025.<\/p>\n<p>A diminui\u00e7\u00e3o do contingente foi mais concentrada em trabalhadores informais, que ganham menos.<\/p>\n<p>\u201cEnt\u00e3o, a m\u00e9dia de rendimento dos que est\u00e3o ocupados nesse primeiro trimestre de 2026, comparativamente, \u00e9 maior que a m\u00e9dia de rendimento do quarto trimestre\u201d, completa.<\/p>\n<h2>Rendimentos<\/h2>\n<p><strong>A pesquisa do IBGE mostrou ainda que a massa de rendimento dos trabalhadores ficou em R$ 374,8 bilh\u00f5es, tamb\u00e9m a maior j\u00e1 apurada na s\u00e9rie hist\u00f3rica.<\/strong><\/p>\n<p>Esse montante \u00e9 o somat\u00f3rio dos sal\u00e1rios de todos os trabalhadores, dinheiro que acaba sendo usado para consumo, pagamento de d\u00edvidas, investimentos e poupan\u00e7a.<\/p>\n<p>Em rela\u00e7\u00e3o ao primeiro trimestre do ano passado, a massa salarial cresceu 7,1% acima da infla\u00e7\u00e3o. Isso representa, no total, R$ 24,8 bilh\u00f5es a mais na m\u00e3o dos trabalhadores no intervalo de um ano.<\/p>\n<h2>Previd\u00eancia<\/h2>\n<p><strong>O IBGE identificou que a parcela de pessoas contribuintes para fins de previd\u00eancia no primeiro trimestre de 2026 ficou em 66,9% dos trabalhadores ocupados.<\/strong><\/p>\n<p><strong>Esse \u00e9 a maior propor\u00e7\u00e3o j\u00e1 registrada pela pesquisa e representa 68.174 milh\u00f5es de trabalhadores protegidos socialmente.<\/strong><\/p>\n<p>Ao contribuir para institutos de previd\u00eancia, o trabalhador adquire garantias, como aposentadoria, benef\u00edcio por incapacidade e pens\u00e3o por morte.<\/p>\n<p>O IBGE considera contribuintes os empregados, empregadores, trabalhadores dom\u00e9sticos e por conta pr\u00f3pria que tenham contribu\u00eddo para institutos de previd\u00eancia oficial federal (INSS ou Plano de Seguridade Social da Uni\u00e3o), estadual ou municipal.<\/p>\n<p>De acordo com Adriana Beringuy, a explica\u00e7\u00e3o para o recorde de participa\u00e7\u00e3o est\u00e1 na queda da informalidade. \u201cOs informais contribuem menos para a previd\u00eancia.\u201d<\/p>\n<p>No trimestre encerrado em mar\u00e7o, a taxa de informalidade foi de 37,3% da popula\u00e7\u00e3o ocupada, o que equivale a 38,1 milh\u00f5es de trabalhadores informais, ou seja, sem direitos trabalhistas garantidos.<\/p>\n<p>No fim de 2025, a taxa era de 37,6%, enquanto no primeiro trimestre de 2025 era 38%.<\/p>\n<p>O IBGE esclarece que um trabalhador informal (por exemplo, um conta pr\u00f3pria sem CNPJ) pode ser contribuinte individual do INSS.<\/p>\n<h2>Desemprego menor<\/h2>\n<p>A Pnad \u00e9 o principal retrato do emprego no pa\u00eds e apura o comportamento no mercado de trabalho para pessoas com 14 anos ou mais e leva em conta todas as formas de ocupa\u00e7\u00e3o, seja com ou sem carteira assinada, tempor\u00e1rio e por conta pr\u00f3pria, por exemplo.<\/p>\n<p><strong>No primeiro trimestre do ano,\u00a0<a href=\"https:\/\/agenciabrasil.ebc.com.br\/economia\/noticia\/2026-04\/desemprego-no-1o-trimestre-e-de-61-o-menor-ja-registrado-no-periodo\" target=\"_blank\" rel=\"noopener\">a taxa de desemprego ficou em 6,1%<\/a>, a menor j\u00e1 registrada para o per\u00edodo.<\/strong><\/p>\n<p>Pelos crit\u00e9rios do instituto, s\u00f3 \u00e9 considerada desocupada a pessoa que efetivamente procurou uma vaga 30 dias antes da pesquisa. S\u00e3o visitados 211 mil domic\u00edlios em todos os estados e no Distrito Federal.<\/p>\n<p>Fonte: Ag\u00eancia Brasil<\/p>\n<\/div>\n<\/div>\n","protected":false},"excerpt":{"rendered":"<p>Em um ano, valor sobe 5,5% acima da infla\u00e7\u00e3o O rendimento m\u00e9dio mensal do trabalhador brasileiro alcan\u00e7ou R$ 3.722 no primeiro trimestre de 2026.\u00a0Esse valor representa<span class=\"excerpt-hellip\"> [\u2026]<\/span><\/p>\n","protected":false},"author":10,"featured_media":66576,"comment_status":"open","ping_status":"open","sticky":false,"template":"","format":"standard","meta":{"_jetpack_memberships_contains_paid_content":false,"footnotes":"","jetpack_publicize_message":"","jetpack_publicize_feature_enabled":true,"jetpack_social_post_already_shared":true,"jetpack_social_options":{"image_generator_settings":{"template":"highway","default_image_id":0,"enabled":false},"version":2}},"categories":[28,44],"tags":[],"class_list":["post-66575","post","type-post","status-publish","format-standard","has-post-thumbnail","hentry","category-cotidiano","category-noticias"],"yoast_head":"<!-- This site is optimized with the Yoast SEO plugin v25.6 - https:\/\/yoast.com\/wordpress\/plugins\/seo\/ -->\n<title>Sal\u00e1rio m\u00e9dio do trabalhador amplia recorde e chega a R$ 3.722 - VerdadeOn<\/title>\n<meta name=\"robots\" content=\"index, follow, max-snippet:-1, max-image-preview:large, max-video-preview:-1\" \/>\n<link rel=\"canonical\" href=\"https:\/\/verdadeon.com.br\/portal\/2026\/04\/30\/salario-medio-do-trabalhador-amplia-recorde-e-chega-a-r-3-722\/\" \/>\n<meta property=\"og:locale\" content=\"pt_BR\" \/>\n<meta property=\"og:type\" content=\"article\" \/>\n<meta property=\"og:title\" content=\"Sal\u00e1rio m\u00e9dio do trabalhador amplia recorde e chega a R$ 3.722 - VerdadeOn\" \/>\n<meta property=\"og:description\" content=\"Em um ano, valor sobe 5,5% acima da infla\u00e7\u00e3o O rendimento m\u00e9dio mensal do trabalhador brasileiro alcan\u00e7ou R$ 3.722 no primeiro trimestre de 2026.\u00a0Esse valor representa [\u2026]\" \/>\n<meta property=\"og:url\" content=\"https:\/\/verdadeon.com.br\/portal\/2026\/04\/30\/salario-medio-do-trabalhador-amplia-recorde-e-chega-a-r-3-722\/\" \/>\n<meta property=\"og:site_name\" content=\"VerdadeOn\" \/>\n<meta property=\"article:published_time\" content=\"2026-04-30T16:56:49+00:00\" \/>\n<meta property=\"og:image\" content=\"https:\/\/verdadeon.com.br\/portal\/wp-content\/uploads\/2026\/04\/real_moedadinheiro_jfcrz_abr_1701220042_1.webp\" \/>\n\t<meta property=\"og:image:width\" content=\"1170\" \/>\n\t<meta property=\"og:image:height\" content=\"700\" \/>\n\t<meta property=\"og:image:type\" content=\"image\/webp\" \/>\n<meta name=\"author\" content=\"Redacao VerdadeOn\" \/>\n<meta name=\"twitter:card\" content=\"summary_large_image\" \/>\n<meta name=\"twitter:label1\" content=\"Escrito por\" \/>\n\t<meta name=\"twitter:data1\" content=\"Redacao VerdadeOn\" \/>\n\t<meta name=\"twitter:label2\" content=\"Est. tempo de leitura\" \/>\n\t<meta name=\"twitter:data2\" content=\"5 minutos\" \/>\n<script type=\"application\/ld+json\" class=\"yoast-schema-graph\">{\"@context\":\"https:\/\/schema.org\",\"@graph\":[{\"@type\":\"WebPage\",\"@id\":\"https:\/\/verdadeon.com.br\/portal\/2026\/04\/30\/salario-medio-do-trabalhador-amplia-recorde-e-chega-a-r-3-722\/\",\"url\":\"https:\/\/verdadeon.com.br\/portal\/2026\/04\/30\/salario-medio-do-trabalhador-amplia-recorde-e-chega-a-r-3-722\/\",\"name\":\"Sal\u00e1rio m\u00e9dio do trabalhador amplia recorde e chega a R$ 3.722 - VerdadeOn\",\"isPartOf\":{\"@id\":\"https:\/\/verdadeon.com.br\/portal\/#website\"},\"primaryImageOfPage\":{\"@id\":\"https:\/\/verdadeon.com.br\/portal\/2026\/04\/30\/salario-medio-do-trabalhador-amplia-recorde-e-chega-a-r-3-722\/#primaryimage\"},\"image\":{\"@id\":\"https:\/\/verdadeon.com.br\/portal\/2026\/04\/30\/salario-medio-do-trabalhador-amplia-recorde-e-chega-a-r-3-722\/#primaryimage\"},\"thumbnailUrl\":\"https:\/\/i0.wp.com\/verdadeon.com.br\/portal\/wp-content\/uploads\/2026\/04\/real_moedadinheiro_jfcrz_abr_1701220042_1.webp?fit=1170%2C700&ssl=1\",\"datePublished\":\"2026-04-30T16:56:49+00:00\",\"author\":{\"@id\":\"https:\/\/verdadeon.com.br\/portal\/#\/schema\/person\/a5060ad1e9ea3df545188fc93ce43d2f\"},\"breadcrumb\":{\"@id\":\"https:\/\/verdadeon.com.br\/portal\/2026\/04\/30\/salario-medio-do-trabalhador-amplia-recorde-e-chega-a-r-3-722\/#breadcrumb\"},\"inLanguage\":\"pt-BR\",\"potentialAction\":[{\"@type\":\"ReadAction\",\"target\":[\"https:\/\/verdadeon.com.br\/portal\/2026\/04\/30\/salario-medio-do-trabalhador-amplia-recorde-e-chega-a-r-3-722\/\"]}]},{\"@type\":\"ImageObject\",\"inLanguage\":\"pt-BR\",\"@id\":\"https:\/\/verdadeon.com.br\/portal\/2026\/04\/30\/salario-medio-do-trabalhador-amplia-recorde-e-chega-a-r-3-722\/#primaryimage\",\"url\":\"https:\/\/i0.wp.com\/verdadeon.com.br\/portal\/wp-content\/uploads\/2026\/04\/real_moedadinheiro_jfcrz_abr_1701220042_1.webp?fit=1170%2C700&ssl=1\",\"contentUrl\":\"https:\/\/i0.wp.com\/verdadeon.com.br\/portal\/wp-content\/uploads\/2026\/04\/real_moedadinheiro_jfcrz_abr_1701220042_1.webp?fit=1170%2C700&ssl=1\",\"width\":1170,\"height\":700,\"caption\":\"(\u00a9Jos\u00e9 Cruz\/Ag\u00eancia Brasil)\"},{\"@type\":\"BreadcrumbList\",\"@id\":\"https:\/\/verdadeon.com.br\/portal\/2026\/04\/30\/salario-medio-do-trabalhador-amplia-recorde-e-chega-a-r-3-722\/#breadcrumb\",\"itemListElement\":[{\"@type\":\"ListItem\",\"position\":1,\"name\":\"In\u00edcio\",\"item\":\"https:\/\/verdadeon.com.br\/portal\/\"},{\"@type\":\"ListItem\",\"position\":2,\"name\":\"Sal\u00e1rio m\u00e9dio do trabalhador amplia recorde e chega a R$ 3.722\"}]},{\"@type\":\"WebSite\",\"@id\":\"https:\/\/verdadeon.com.br\/portal\/#website\",\"url\":\"https:\/\/verdadeon.com.br\/portal\/\",\"name\":\"VerdadeOn\",\"description\":\"Not\u00edcias di\u00e1rias sobre Franca, Regi\u00e3o, Esporte, Cultura, Cotidiano, Colunas. Cobertura nos principais eventos da cidade \u00e9 aqui - Verdadeon Franca\",\"potentialAction\":[{\"@type\":\"SearchAction\",\"target\":{\"@type\":\"EntryPoint\",\"urlTemplate\":\"https:\/\/verdadeon.com.br\/portal\/?s={search_term_string}\"},\"query-input\":{\"@type\":\"PropertyValueSpecification\",\"valueRequired\":true,\"valueName\":\"search_term_string\"}}],\"inLanguage\":\"pt-BR\"},{\"@type\":\"Person\",\"@id\":\"https:\/\/verdadeon.com.br\/portal\/#\/schema\/person\/a5060ad1e9ea3df545188fc93ce43d2f\",\"name\":\"Redacao VerdadeOn\",\"image\":{\"@type\":\"ImageObject\",\"inLanguage\":\"pt-BR\",\"@id\":\"https:\/\/verdadeon.com.br\/portal\/#\/schema\/person\/image\/\",\"url\":\"https:\/\/secure.gravatar.com\/avatar\/459a9613caaaf07f582c3d0841eea68bdd66f533e465e6ba8b9cb45619572cf4?s=96&d=mm&r=g\",\"contentUrl\":\"https:\/\/secure.gravatar.com\/avatar\/459a9613caaaf07f582c3d0841eea68bdd66f533e465e6ba8b9cb45619572cf4?s=96&d=mm&r=g\",\"caption\":\"Redacao VerdadeOn\"},\"url\":\"https:\/\/verdadeon.com.br\/portal\/author\/redacao\/\"}]}<\/script>\n<!-- \/ Yoast SEO plugin. -->","yoast_head_json":{"title":"Sal\u00e1rio m\u00e9dio do trabalhador amplia recorde e chega a R$ 3.722 - VerdadeOn","robots":{"index":"index","follow":"follow","max-snippet":"max-snippet:-1","max-image-preview":"max-image-preview:large","max-video-preview":"max-video-preview:-1"},"canonical":"https:\/\/verdadeon.com.br\/portal\/2026\/04\/30\/salario-medio-do-trabalhador-amplia-recorde-e-chega-a-r-3-722\/","og_locale":"pt_BR","og_type":"article","og_title":"Sal\u00e1rio m\u00e9dio do trabalhador amplia recorde e chega a R$ 3.722 - VerdadeOn","og_description":"Em um ano, valor sobe 5,5% acima da infla\u00e7\u00e3o O rendimento m\u00e9dio mensal do trabalhador brasileiro alcan\u00e7ou R$ 3.722 no primeiro trimestre de 2026.\u00a0Esse valor representa [\u2026]","og_url":"https:\/\/verdadeon.com.br\/portal\/2026\/04\/30\/salario-medio-do-trabalhador-amplia-recorde-e-chega-a-r-3-722\/","og_site_name":"VerdadeOn","article_published_time":"2026-04-30T16:56:49+00:00","og_image":[{"width":1170,"height":700,"url":"https:\/\/verdadeon.com.br\/portal\/wp-content\/uploads\/2026\/04\/real_moedadinheiro_jfcrz_abr_1701220042_1.webp","type":"image\/webp"}],"author":"Redacao VerdadeOn","twitter_card":"summary_large_image","twitter_misc":{"Escrito por":"Redacao VerdadeOn","Est. tempo de leitura":"5 minutos"},"schema":{"@context":"https:\/\/schema.org","@graph":[{"@type":"WebPage","@id":"https:\/\/verdadeon.com.br\/portal\/2026\/04\/30\/salario-medio-do-trabalhador-amplia-recorde-e-chega-a-r-3-722\/","url":"https:\/\/verdadeon.com.br\/portal\/2026\/04\/30\/salario-medio-do-trabalhador-amplia-recorde-e-chega-a-r-3-722\/","name":"Sal\u00e1rio m\u00e9dio do trabalhador amplia recorde e chega a R$ 3.722 - VerdadeOn","isPartOf":{"@id":"https:\/\/verdadeon.com.br\/portal\/#website"},"primaryImageOfPage":{"@id":"https:\/\/verdadeon.com.br\/portal\/2026\/04\/30\/salario-medio-do-trabalhador-amplia-recorde-e-chega-a-r-3-722\/#primaryimage"},"image":{"@id":"https:\/\/verdadeon.com.br\/portal\/2026\/04\/30\/salario-medio-do-trabalhador-amplia-recorde-e-chega-a-r-3-722\/#primaryimage"},"thumbnailUrl":"https:\/\/i0.wp.com\/verdadeon.com.br\/portal\/wp-content\/uploads\/2026\/04\/real_moedadinheiro_jfcrz_abr_1701220042_1.webp?fit=1170%2C700&ssl=1","datePublished":"2026-04-30T16:56:49+00:00","author":{"@id":"https:\/\/verdadeon.com.br\/portal\/#\/schema\/person\/a5060ad1e9ea3df545188fc93ce43d2f"},"breadcrumb":{"@id":"https:\/\/verdadeon.com.br\/portal\/2026\/04\/30\/salario-medio-do-trabalhador-amplia-recorde-e-chega-a-r-3-722\/#breadcrumb"},"inLanguage":"pt-BR","potentialAction":[{"@type":"ReadAction","target":["https:\/\/verdadeon.com.br\/portal\/2026\/04\/30\/salario-medio-do-trabalhador-amplia-recorde-e-chega-a-r-3-722\/"]}]},{"@type":"ImageObject","inLanguage":"pt-BR","@id":"https:\/\/verdadeon.com.br\/portal\/2026\/04\/30\/salario-medio-do-trabalhador-amplia-recorde-e-chega-a-r-3-722\/#primaryimage","url":"https:\/\/i0.wp.com\/verdadeon.com.br\/portal\/wp-content\/uploads\/2026\/04\/real_moedadinheiro_jfcrz_abr_1701220042_1.webp?fit=1170%2C700&ssl=1","contentUrl":"https:\/\/i0.wp.com\/verdadeon.com.br\/portal\/wp-content\/uploads\/2026\/04\/real_moedadinheiro_jfcrz_abr_1701220042_1.webp?fit=1170%2C700&ssl=1","width":1170,"height":700,"caption":"(\u00a9Jos\u00e9 Cruz\/Ag\u00eancia Brasil)"},{"@type":"BreadcrumbList","@id":"https:\/\/verdadeon.com.br\/portal\/2026\/04\/30\/salario-medio-do-trabalhador-amplia-recorde-e-chega-a-r-3-722\/#breadcrumb","itemListElement":[{"@type":"ListItem","position":1,"name":"In\u00edcio","item":"https:\/\/verdadeon.com.br\/portal\/"},{"@type":"ListItem","position":2,"name":"Sal\u00e1rio m\u00e9dio do trabalhador amplia recorde e chega a R$ 3.722"}]},{"@type":"WebSite","@id":"https:\/\/verdadeon.com.br\/portal\/#website","url":"https:\/\/verdadeon.com.br\/portal\/","name":"VerdadeOn","description":"Not\u00edcias di\u00e1rias sobre Franca, Regi\u00e3o, Esporte, Cultura, Cotidiano, Colunas. Cobertura nos principais eventos da cidade \u00e9 aqui - Verdadeon Franca","potentialAction":[{"@type":"SearchAction","target":{"@type":"EntryPoint","urlTemplate":"https:\/\/verdadeon.com.br\/portal\/?s={search_term_string}"},"query-input":{"@type":"PropertyValueSpecification","valueRequired":true,"valueName":"search_term_string"}}],"inLanguage":"pt-BR"},{"@type":"Person","@id":"https:\/\/verdadeon.com.br\/portal\/#\/schema\/person\/a5060ad1e9ea3df545188fc93ce43d2f","name":"Redacao VerdadeOn","image":{"@type":"ImageObject","inLanguage":"pt-BR","@id":"https:\/\/verdadeon.com.br\/portal\/#\/schema\/person\/image\/","url":"https:\/\/secure.gravatar.com\/avatar\/459a9613caaaf07f582c3d0841eea68bdd66f533e465e6ba8b9cb45619572cf4?s=96&d=mm&r=g","contentUrl":"https:\/\/secure.gravatar.com\/avatar\/459a9613caaaf07f582c3d0841eea68bdd66f533e465e6ba8b9cb45619572cf4?s=96&d=mm&r=g","caption":"Redacao VerdadeOn"},"url":"https:\/\/verdadeon.com.br\/portal\/author\/redacao\/"}]}},"jetpack_publicize_connections":[],"jetpack_featured_media_url":"https:\/\/i0.wp.com\/verdadeon.com.br\/portal\/wp-content\/uploads\/2026\/04\/real_moedadinheiro_jfcrz_abr_1701220042_1.webp?fit=1170%2C700&ssl=1","jetpack_sharing_enabled":true,"_links":{"self":[{"href":"https:\/\/verdadeon.com.br\/portal\/wp-json\/wp\/v2\/posts\/66575","targetHints":{"allow":["GET"]}}],"collection":[{"href":"https:\/\/verdadeon.com.br\/portal\/wp-json\/wp\/v2\/posts"}],"about":[{"href":"https:\/\/verdadeon.com.br\/portal\/wp-json\/wp\/v2\/types\/post"}],"author":[{"embeddable":true,"href":"https:\/\/verdadeon.com.br\/portal\/wp-json\/wp\/v2\/users\/10"}],"replies":[{"embeddable":true,"href":"https:\/\/verdadeon.com.br\/portal\/wp-json\/wp\/v2\/comments?post=66575"}],"version-history":[{"count":1,"href":"https:\/\/verdadeon.com.br\/portal\/wp-json\/wp\/v2\/posts\/66575\/revisions"}],"predecessor-version":[{"id":66577,"href":"https:\/\/verdadeon.com.br\/portal\/wp-json\/wp\/v2\/posts\/66575\/revisions\/66577"}],"wp:featuredmedia":[{"embeddable":true,"href":"https:\/\/verdadeon.com.br\/portal\/wp-json\/wp\/v2\/media\/66576"}],"wp:attachment":[{"href":"https:\/\/verdadeon.com.br\/portal\/wp-json\/wp\/v2\/media?parent=66575"}],"wp:term":[{"taxonomy":"category","embeddable":true,"href":"https:\/\/verdadeon.com.br\/portal\/wp-json\/wp\/v2\/categories?post=66575"},{"taxonomy":"post_tag","embeddable":true,"href":"https:\/\/verdadeon.com.br\/portal\/wp-json\/wp\/v2\/tags?post=66575"}],"curies":[{"name":"wp","href":"https:\/\/api.w.org\/{rel}","templated":true}]}}