{"id":66573,"date":"2026-04-30T13:40:16","date_gmt":"2026-04-30T16:40:16","guid":{"rendered":"https:\/\/verdadeon.com.br\/portal\/?p=66573"},"modified":"2026-04-30T13:40:16","modified_gmt":"2026-04-30T16:40:16","slug":"rodovia-candido-portinari-deve-receber-cerca-de-120-mil-veiculos-durante-feriado-do-trabalhador","status":"publish","type":"post","link":"https:\/\/verdadeon.com.br\/portal\/2026\/04\/30\/rodovia-candido-portinari-deve-receber-cerca-de-120-mil-veiculos-durante-feriado-do-trabalhador\/","title":{"rendered":"Rodovia C\u00e2ndido Portinari deve receber cerca de 120 mil ve\u00edculos durante Feriado do Trabalhador"},"content":{"rendered":"<h2 data-block-key=\"pym0m\">Estimativa \u00e9 da Arteris ViaPaulista, que projeta fluxo de 600 mil ve\u00edculos nas rodovias sob sua concess\u00e3o<\/h2>\n<p data-block-key=\"pym0m\">A Rodovia C\u00e2ndido Portinari, na regi\u00e3o de Franca, deve receber cerca de 120 mil ve\u00edculos durante o Feriado do Trabalhador, iniciando-se na v\u00e9spera do Dia do Trabalho, nesta quinta-feira, 30, e estendendo-se at\u00e9 a pr\u00f3xima segunda-feira, 4 de maio.<\/p>\n<p data-block-key=\"pym0m\">A estimativa \u00e9 da Arteris ViaPaulista, que projeta a circula\u00e7\u00e3o de aproximadamente 600 mil ve\u00edculos nas rodovias sob sua concess\u00e3o. O volume representa um aumento de 2% em rela\u00e7\u00e3o aos dias normais. O trecho administrado pela concession\u00e1ria soma 720 quil\u00f4metros, entre Franca e Riversul, passando pelas regi\u00f5es de Ribeir\u00e3o Preto, Franca, Araraquara e Botucatu.<\/p>\n<p data-block-key=\"2ico3\">Do total previsto para o per\u00edodo, a Rodovia Anhanguera (SP-330) deve concentrar o maior fluxo, com cerca de 251 mil ve\u00edculos, seguida pela SP-255 \u2014 Rodovias Ant\u00f4nio Machado Sant\u2019Anna e Comandante Jo\u00e3o Ribeiro de Barros \u2014, com estimativa de 200 mil usu\u00e1rios.<\/p>\n<p data-block-key=\"8k1jr\">Para garantir mais fluidez e seguran\u00e7a durante o feriado, a concession\u00e1ria d\u00e1 in\u00edcio \u00e0 opera\u00e7\u00e3o especial. Durante o per\u00edodo, haver\u00e1 monitoramento cont\u00ednuo e refor\u00e7o das equipes operacionais em todo o trecho concedido.<\/p>\n<ul>\n<li data-block-key=\"7errt\"><b>SP-255 \u2013 Rodovias Ant\u00f4nio Machado Sant\u2019Anna \/ Comandante Jo\u00e3o Ribeiro de Barros<\/b>, passando por munic\u00edpios como Araraquara, Ja\u00fa, Barra Bonita e Bocaina: 200 mil ve\u00edculos.<\/li>\n<li data-block-key=\"c77l2\"><b>SP-334 \u2013 Rodovia C\u00e2ndido Portinari<\/b>, na regi\u00e3o de Franca, interligando cidades como Brodowski, Batatais e Restinga: 129 mil ve\u00edculos.<\/li>\n<li data-block-key=\"1qv5h\"><b>SP-330 \u2013 Rodovia Anhanguera<\/b>, no trecho de Ribeir\u00e3o Preto a Santa Rita do Passa Quatro: 251 mil ve\u00edculos.<\/li>\n<\/ul>\n<p data-block-key=\"2l56r\">Os hor\u00e1rios de maior movimento devem ocorrer:<\/p>\n<p data-block-key=\"f0k0j\"><b>30\/04 (quinta-feira):<\/b>\u00a0a partir das 17h<\/p>\n<p data-block-key=\"4usrm\"><b>01\/05 (sexta-feira):<\/b>\u00a0a partir das 9h<\/p>\n<p data-block-key=\"38j0a\"><b>02\/05 (s\u00e1bado):<\/b>\u00a0tr\u00e1fego abaixo da m\u00e9dia<\/p>\n<p data-block-key=\"d3mqn\"><b>03\/05 (domingo):<\/b>\u00a0a partir das 16h<\/p>\n<p data-block-key=\"fgf9e\">Entre os servi\u00e7os prestados est\u00e3o a inspe\u00e7\u00e3o e o monitoramento integral do tr\u00e1fego, realizados por meio de aproximadamente 300 c\u00e2meras \u2014 algumas delas com intelig\u00eancia artificial \u2014, al\u00e9m de apoio com guinchos para remo\u00e7\u00e3o de ve\u00edculos e atendimento pr\u00e9-hospitalar.<\/p>\n<p data-block-key=\"4fjf1\">Para garantir a seguran\u00e7a dos usu\u00e1rios, estar\u00e3o dispon\u00edveis 58 viaturas de diferentes tipos, incluindo 20 ambul\u00e2ncias para atendimento pr\u00e9-hospitalar, 15 viaturas de inspe\u00e7\u00e3o, 12 guinchos leves e sete guinchos pesados para remo\u00e7\u00e3o de ve\u00edculos. Os motoristas tamb\u00e9m t\u00eam \u00e0 disposi\u00e7\u00e3o 20 bases dos Servi\u00e7o de Atendimento ao Usu\u00e1rio (SAUs), equipadas com Wi\u2011Fi, banheiros, frald\u00e1rio e \u00e1gua, distribu\u00eddas ao longo do trecho concedido.<\/p>\n<p data-block-key=\"953si\">A Arteris ViaPaulista orienta os motoristas a realizarem a manuten\u00e7\u00e3o preventiva dos ve\u00edculos, respeitarem os limites de velocidade e programarem suas viagens fora dos hor\u00e1rios de pico sempre que poss\u00edvel.<\/p>\n<p data-block-key=\"fc7u2\"><b>Condi\u00e7\u00f5es de tr\u00e1fego:<\/b>\u00a00800 001 1255<\/p>\n<p data-block-key=\"ck57d\"><b>Solicita\u00e7\u00f5es de atendimento:<\/b>\u00a0Chatbot Arteris \u2013 (16) 3969-8491<\/p>\n<p data-block-key=\"66svl\"><b>Formas de pagamento \u2013 tarifa de ped\u00e1gio<\/b>*<\/p>\n<p data-block-key=\"3ms1h\">Pagamento por tags (como Sem Parar, ConectCar,etc.);<br \/>\nTecnologia de aproxima\u00e7\u00e3o (NFC), para cart\u00e3o de d\u00e9bito, celulares e smartwatches;<br \/>\nPagamento em dinheiro ou cheque, no valor da tarifa.<\/p>\n<p data-block-key=\"3ms1h\">Fonte: Arteris (Adaptado)<\/p>\n","protected":false},"excerpt":{"rendered":"<p>Estimativa \u00e9 da Arteris ViaPaulista, que projeta fluxo de 600 mil ve\u00edculos nas rodovias sob sua concess\u00e3o A Rodovia C\u00e2ndido Portinari, na regi\u00e3o de Franca, deve<span class=\"excerpt-hellip\"> [\u2026]<\/span><\/p>\n","protected":false},"author":10,"featured_media":21969,"comment_status":"open","ping_status":"open","sticky":false,"template":"","format":"standard","meta":{"_jetpack_memberships_contains_paid_content":false,"footnotes":"","jetpack_publicize_message":"","jetpack_publicize_feature_enabled":true,"jetpack_social_post_already_shared":true,"jetpack_social_options":{"image_generator_settings":{"template":"highway","default_image_id":0,"enabled":false},"version":2}},"categories":[28,44],"tags":[],"class_list":["post-66573","post","type-post","status-publish","format-standard","has-post-thumbnail","hentry","category-cotidiano","category-noticias"],"yoast_head":"<!-- This site is optimized with the Yoast SEO plugin v25.6 - https:\/\/yoast.com\/wordpress\/plugins\/seo\/ -->\n<title>Rodovia C\u00e2ndido Portinari deve receber cerca de 120 mil ve\u00edculos durante Feriado do Trabalhador - VerdadeOn<\/title>\n<meta name=\"robots\" content=\"index, follow, max-snippet:-1, max-image-preview:large, max-video-preview:-1\" \/>\n<link rel=\"canonical\" href=\"https:\/\/verdadeon.com.br\/portal\/2026\/04\/30\/rodovia-candido-portinari-deve-receber-cerca-de-120-mil-veiculos-durante-feriado-do-trabalhador\/\" \/>\n<meta property=\"og:locale\" content=\"pt_BR\" \/>\n<meta property=\"og:type\" content=\"article\" \/>\n<meta property=\"og:title\" content=\"Rodovia C\u00e2ndido Portinari deve receber cerca de 120 mil ve\u00edculos durante Feriado do Trabalhador - VerdadeOn\" \/>\n<meta property=\"og:description\" content=\"Estimativa \u00e9 da Arteris ViaPaulista, que projeta fluxo de 600 mil ve\u00edculos nas rodovias sob sua concess\u00e3o A Rodovia C\u00e2ndido Portinari, na regi\u00e3o de Franca, deve [\u2026]\" \/>\n<meta property=\"og:url\" content=\"https:\/\/verdadeon.com.br\/portal\/2026\/04\/30\/rodovia-candido-portinari-deve-receber-cerca-de-120-mil-veiculos-durante-feriado-do-trabalhador\/\" \/>\n<meta property=\"og:site_name\" content=\"VerdadeOn\" \/>\n<meta property=\"article:published_time\" content=\"2026-04-30T16:40:16+00:00\" \/>\n<meta property=\"og:image\" content=\"https:\/\/verdadeon.com.br\/portal\/wp-content\/uploads\/2021\/12\/WhatsApp-Image-2021-12-30-at-14.39.24-e1640886115332.jpeg\" \/>\n\t<meta property=\"og:image:width\" content=\"1000\" \/>\n\t<meta property=\"og:image:height\" content=\"672\" \/>\n\t<meta property=\"og:image:type\" content=\"image\/jpeg\" \/>\n<meta name=\"author\" content=\"Redacao VerdadeOn\" \/>\n<meta name=\"twitter:card\" content=\"summary_large_image\" \/>\n<meta name=\"twitter:label1\" content=\"Escrito por\" \/>\n\t<meta name=\"twitter:data1\" content=\"Redacao VerdadeOn\" \/>\n\t<meta name=\"twitter:label2\" content=\"Est. tempo de leitura\" \/>\n\t<meta name=\"twitter:data2\" content=\"3 minutos\" \/>\n<script type=\"application\/ld+json\" class=\"yoast-schema-graph\">{\"@context\":\"https:\/\/schema.org\",\"@graph\":[{\"@type\":\"WebPage\",\"@id\":\"https:\/\/verdadeon.com.br\/portal\/2026\/04\/30\/rodovia-candido-portinari-deve-receber-cerca-de-120-mil-veiculos-durante-feriado-do-trabalhador\/\",\"url\":\"https:\/\/verdadeon.com.br\/portal\/2026\/04\/30\/rodovia-candido-portinari-deve-receber-cerca-de-120-mil-veiculos-durante-feriado-do-trabalhador\/\",\"name\":\"Rodovia C\u00e2ndido Portinari deve receber cerca de 120 mil ve\u00edculos durante Feriado do Trabalhador - VerdadeOn\",\"isPartOf\":{\"@id\":\"https:\/\/verdadeon.com.br\/portal\/#website\"},\"primaryImageOfPage\":{\"@id\":\"https:\/\/verdadeon.com.br\/portal\/2026\/04\/30\/rodovia-candido-portinari-deve-receber-cerca-de-120-mil-veiculos-durante-feriado-do-trabalhador\/#primaryimage\"},\"image\":{\"@id\":\"https:\/\/verdadeon.com.br\/portal\/2026\/04\/30\/rodovia-candido-portinari-deve-receber-cerca-de-120-mil-veiculos-durante-feriado-do-trabalhador\/#primaryimage\"},\"thumbnailUrl\":\"https:\/\/i0.wp.com\/verdadeon.com.br\/portal\/wp-content\/uploads\/2021\/12\/WhatsApp-Image-2021-12-30-at-14.39.24-e1640886115332.jpeg?fit=1000%2C672&ssl=1\",\"datePublished\":\"2026-04-30T16:40:16+00:00\",\"author\":{\"@id\":\"https:\/\/verdadeon.com.br\/portal\/#\/schema\/person\/a5060ad1e9ea3df545188fc93ce43d2f\"},\"breadcrumb\":{\"@id\":\"https:\/\/verdadeon.com.br\/portal\/2026\/04\/30\/rodovia-candido-portinari-deve-receber-cerca-de-120-mil-veiculos-durante-feriado-do-trabalhador\/#breadcrumb\"},\"inLanguage\":\"pt-BR\",\"potentialAction\":[{\"@type\":\"ReadAction\",\"target\":[\"https:\/\/verdadeon.com.br\/portal\/2026\/04\/30\/rodovia-candido-portinari-deve-receber-cerca-de-120-mil-veiculos-durante-feriado-do-trabalhador\/\"]}]},{\"@type\":\"ImageObject\",\"inLanguage\":\"pt-BR\",\"@id\":\"https:\/\/verdadeon.com.br\/portal\/2026\/04\/30\/rodovia-candido-portinari-deve-receber-cerca-de-120-mil-veiculos-durante-feriado-do-trabalhador\/#primaryimage\",\"url\":\"https:\/\/i0.wp.com\/verdadeon.com.br\/portal\/wp-content\/uploads\/2021\/12\/WhatsApp-Image-2021-12-30-at-14.39.24-e1640886115332.jpeg?fit=1000%2C672&ssl=1\",\"contentUrl\":\"https:\/\/i0.wp.com\/verdadeon.com.br\/portal\/wp-content\/uploads\/2021\/12\/WhatsApp-Image-2021-12-30-at-14.39.24-e1640886115332.jpeg?fit=1000%2C672&ssl=1\",\"width\":1000,\"height\":672,\"caption\":\"Rodovia C\u00e2ndido Portinari (\u00a9Fernando Lima\/Jornal Verdade)\"},{\"@type\":\"BreadcrumbList\",\"@id\":\"https:\/\/verdadeon.com.br\/portal\/2026\/04\/30\/rodovia-candido-portinari-deve-receber-cerca-de-120-mil-veiculos-durante-feriado-do-trabalhador\/#breadcrumb\",\"itemListElement\":[{\"@type\":\"ListItem\",\"position\":1,\"name\":\"In\u00edcio\",\"item\":\"https:\/\/verdadeon.com.br\/portal\/\"},{\"@type\":\"ListItem\",\"position\":2,\"name\":\"Rodovia C\u00e2ndido Portinari deve receber cerca de 120 mil ve\u00edculos durante Feriado do Trabalhador\"}]},{\"@type\":\"WebSite\",\"@id\":\"https:\/\/verdadeon.com.br\/portal\/#website\",\"url\":\"https:\/\/verdadeon.com.br\/portal\/\",\"name\":\"VerdadeOn\",\"description\":\"Not\u00edcias di\u00e1rias sobre Franca, Regi\u00e3o, Esporte, Cultura, Cotidiano, Colunas. Cobertura nos principais eventos da cidade \u00e9 aqui - Verdadeon Franca\",\"potentialAction\":[{\"@type\":\"SearchAction\",\"target\":{\"@type\":\"EntryPoint\",\"urlTemplate\":\"https:\/\/verdadeon.com.br\/portal\/?s={search_term_string}\"},\"query-input\":{\"@type\":\"PropertyValueSpecification\",\"valueRequired\":true,\"valueName\":\"search_term_string\"}}],\"inLanguage\":\"pt-BR\"},{\"@type\":\"Person\",\"@id\":\"https:\/\/verdadeon.com.br\/portal\/#\/schema\/person\/a5060ad1e9ea3df545188fc93ce43d2f\",\"name\":\"Redacao VerdadeOn\",\"image\":{\"@type\":\"ImageObject\",\"inLanguage\":\"pt-BR\",\"@id\":\"https:\/\/verdadeon.com.br\/portal\/#\/schema\/person\/image\/\",\"url\":\"https:\/\/secure.gravatar.com\/avatar\/459a9613caaaf07f582c3d0841eea68bdd66f533e465e6ba8b9cb45619572cf4?s=96&d=mm&r=g\",\"contentUrl\":\"https:\/\/secure.gravatar.com\/avatar\/459a9613caaaf07f582c3d0841eea68bdd66f533e465e6ba8b9cb45619572cf4?s=96&d=mm&r=g\",\"caption\":\"Redacao VerdadeOn\"},\"url\":\"https:\/\/verdadeon.com.br\/portal\/author\/redacao\/\"}]}<\/script>\n<!-- \/ Yoast SEO plugin. -->","yoast_head_json":{"title":"Rodovia C\u00e2ndido Portinari deve receber cerca de 120 mil ve\u00edculos durante Feriado do Trabalhador - VerdadeOn","robots":{"index":"index","follow":"follow","max-snippet":"max-snippet:-1","max-image-preview":"max-image-preview:large","max-video-preview":"max-video-preview:-1"},"canonical":"https:\/\/verdadeon.com.br\/portal\/2026\/04\/30\/rodovia-candido-portinari-deve-receber-cerca-de-120-mil-veiculos-durante-feriado-do-trabalhador\/","og_locale":"pt_BR","og_type":"article","og_title":"Rodovia C\u00e2ndido Portinari deve receber cerca de 120 mil ve\u00edculos durante Feriado do Trabalhador - VerdadeOn","og_description":"Estimativa \u00e9 da Arteris ViaPaulista, que projeta fluxo de 600 mil ve\u00edculos nas rodovias sob sua concess\u00e3o A Rodovia C\u00e2ndido Portinari, na regi\u00e3o de Franca, deve [\u2026]","og_url":"https:\/\/verdadeon.com.br\/portal\/2026\/04\/30\/rodovia-candido-portinari-deve-receber-cerca-de-120-mil-veiculos-durante-feriado-do-trabalhador\/","og_site_name":"VerdadeOn","article_published_time":"2026-04-30T16:40:16+00:00","og_image":[{"width":1000,"height":672,"url":"https:\/\/verdadeon.com.br\/portal\/wp-content\/uploads\/2021\/12\/WhatsApp-Image-2021-12-30-at-14.39.24-e1640886115332.jpeg","type":"image\/jpeg"}],"author":"Redacao VerdadeOn","twitter_card":"summary_large_image","twitter_misc":{"Escrito por":"Redacao VerdadeOn","Est. tempo de leitura":"3 minutos"},"schema":{"@context":"https:\/\/schema.org","@graph":[{"@type":"WebPage","@id":"https:\/\/verdadeon.com.br\/portal\/2026\/04\/30\/rodovia-candido-portinari-deve-receber-cerca-de-120-mil-veiculos-durante-feriado-do-trabalhador\/","url":"https:\/\/verdadeon.com.br\/portal\/2026\/04\/30\/rodovia-candido-portinari-deve-receber-cerca-de-120-mil-veiculos-durante-feriado-do-trabalhador\/","name":"Rodovia C\u00e2ndido Portinari deve receber cerca de 120 mil ve\u00edculos durante Feriado do Trabalhador - VerdadeOn","isPartOf":{"@id":"https:\/\/verdadeon.com.br\/portal\/#website"},"primaryImageOfPage":{"@id":"https:\/\/verdadeon.com.br\/portal\/2026\/04\/30\/rodovia-candido-portinari-deve-receber-cerca-de-120-mil-veiculos-durante-feriado-do-trabalhador\/#primaryimage"},"image":{"@id":"https:\/\/verdadeon.com.br\/portal\/2026\/04\/30\/rodovia-candido-portinari-deve-receber-cerca-de-120-mil-veiculos-durante-feriado-do-trabalhador\/#primaryimage"},"thumbnailUrl":"https:\/\/i0.wp.com\/verdadeon.com.br\/portal\/wp-content\/uploads\/2021\/12\/WhatsApp-Image-2021-12-30-at-14.39.24-e1640886115332.jpeg?fit=1000%2C672&ssl=1","datePublished":"2026-04-30T16:40:16+00:00","author":{"@id":"https:\/\/verdadeon.com.br\/portal\/#\/schema\/person\/a5060ad1e9ea3df545188fc93ce43d2f"},"breadcrumb":{"@id":"https:\/\/verdadeon.com.br\/portal\/2026\/04\/30\/rodovia-candido-portinari-deve-receber-cerca-de-120-mil-veiculos-durante-feriado-do-trabalhador\/#breadcrumb"},"inLanguage":"pt-BR","potentialAction":[{"@type":"ReadAction","target":["https:\/\/verdadeon.com.br\/portal\/2026\/04\/30\/rodovia-candido-portinari-deve-receber-cerca-de-120-mil-veiculos-durante-feriado-do-trabalhador\/"]}]},{"@type":"ImageObject","inLanguage":"pt-BR","@id":"https:\/\/verdadeon.com.br\/portal\/2026\/04\/30\/rodovia-candido-portinari-deve-receber-cerca-de-120-mil-veiculos-durante-feriado-do-trabalhador\/#primaryimage","url":"https:\/\/i0.wp.com\/verdadeon.com.br\/portal\/wp-content\/uploads\/2021\/12\/WhatsApp-Image-2021-12-30-at-14.39.24-e1640886115332.jpeg?fit=1000%2C672&ssl=1","contentUrl":"https:\/\/i0.wp.com\/verdadeon.com.br\/portal\/wp-content\/uploads\/2021\/12\/WhatsApp-Image-2021-12-30-at-14.39.24-e1640886115332.jpeg?fit=1000%2C672&ssl=1","width":1000,"height":672,"caption":"Rodovia C\u00e2ndido Portinari (\u00a9Fernando Lima\/Jornal Verdade)"},{"@type":"BreadcrumbList","@id":"https:\/\/verdadeon.com.br\/portal\/2026\/04\/30\/rodovia-candido-portinari-deve-receber-cerca-de-120-mil-veiculos-durante-feriado-do-trabalhador\/#breadcrumb","itemListElement":[{"@type":"ListItem","position":1,"name":"In\u00edcio","item":"https:\/\/verdadeon.com.br\/portal\/"},{"@type":"ListItem","position":2,"name":"Rodovia C\u00e2ndido Portinari deve receber cerca de 120 mil ve\u00edculos durante Feriado do Trabalhador"}]},{"@type":"WebSite","@id":"https:\/\/verdadeon.com.br\/portal\/#website","url":"https:\/\/verdadeon.com.br\/portal\/","name":"VerdadeOn","description":"Not\u00edcias di\u00e1rias sobre Franca, Regi\u00e3o, Esporte, Cultura, Cotidiano, Colunas. Cobertura nos principais eventos da cidade \u00e9 aqui - Verdadeon Franca","potentialAction":[{"@type":"SearchAction","target":{"@type":"EntryPoint","urlTemplate":"https:\/\/verdadeon.com.br\/portal\/?s={search_term_string}"},"query-input":{"@type":"PropertyValueSpecification","valueRequired":true,"valueName":"search_term_string"}}],"inLanguage":"pt-BR"},{"@type":"Person","@id":"https:\/\/verdadeon.com.br\/portal\/#\/schema\/person\/a5060ad1e9ea3df545188fc93ce43d2f","name":"Redacao VerdadeOn","image":{"@type":"ImageObject","inLanguage":"pt-BR","@id":"https:\/\/verdadeon.com.br\/portal\/#\/schema\/person\/image\/","url":"https:\/\/secure.gravatar.com\/avatar\/459a9613caaaf07f582c3d0841eea68bdd66f533e465e6ba8b9cb45619572cf4?s=96&d=mm&r=g","contentUrl":"https:\/\/secure.gravatar.com\/avatar\/459a9613caaaf07f582c3d0841eea68bdd66f533e465e6ba8b9cb45619572cf4?s=96&d=mm&r=g","caption":"Redacao VerdadeOn"},"url":"https:\/\/verdadeon.com.br\/portal\/author\/redacao\/"}]}},"jetpack_publicize_connections":[],"jetpack_featured_media_url":"https:\/\/i0.wp.com\/verdadeon.com.br\/portal\/wp-content\/uploads\/2021\/12\/WhatsApp-Image-2021-12-30-at-14.39.24-e1640886115332.jpeg?fit=1000%2C672&ssl=1","jetpack_sharing_enabled":true,"_links":{"self":[{"href":"https:\/\/verdadeon.com.br\/portal\/wp-json\/wp\/v2\/posts\/66573","targetHints":{"allow":["GET"]}}],"collection":[{"href":"https:\/\/verdadeon.com.br\/portal\/wp-json\/wp\/v2\/posts"}],"about":[{"href":"https:\/\/verdadeon.com.br\/portal\/wp-json\/wp\/v2\/types\/post"}],"author":[{"embeddable":true,"href":"https:\/\/verdadeon.com.br\/portal\/wp-json\/wp\/v2\/users\/10"}],"replies":[{"embeddable":true,"href":"https:\/\/verdadeon.com.br\/portal\/wp-json\/wp\/v2\/comments?post=66573"}],"version-history":[{"count":1,"href":"https:\/\/verdadeon.com.br\/portal\/wp-json\/wp\/v2\/posts\/66573\/revisions"}],"predecessor-version":[{"id":66574,"href":"https:\/\/verdadeon.com.br\/portal\/wp-json\/wp\/v2\/posts\/66573\/revisions\/66574"}],"wp:featuredmedia":[{"embeddable":true,"href":"https:\/\/verdadeon.com.br\/portal\/wp-json\/wp\/v2\/media\/21969"}],"wp:attachment":[{"href":"https:\/\/verdadeon.com.br\/portal\/wp-json\/wp\/v2\/media?parent=66573"}],"wp:term":[{"taxonomy":"category","embeddable":true,"href":"https:\/\/verdadeon.com.br\/portal\/wp-json\/wp\/v2\/categories?post=66573"},{"taxonomy":"post_tag","embeddable":true,"href":"https:\/\/verdadeon.com.br\/portal\/wp-json\/wp\/v2\/tags?post=66573"}],"curies":[{"name":"wp","href":"https:\/\/api.w.org\/{rel}","templated":true}]}}