{"id":66560,"date":"2026-05-02T07:00:33","date_gmt":"2026-05-02T10:00:33","guid":{"rendered":"https:\/\/verdadeon.com.br\/portal\/?p=66560"},"modified":"2026-04-30T12:51:51","modified_gmt":"2026-04-30T15:51:51","slug":"obras-na-ponte-entre-sao-jose-da-bela-vista-e-nuporanga-devem-ser-concluidas-ate-novembro","status":"publish","type":"post","link":"https:\/\/verdadeon.com.br\/portal\/2026\/05\/02\/obras-na-ponte-entre-sao-jose-da-bela-vista-e-nuporanga-devem-ser-concluidas-ate-novembro\/","title":{"rendered":"Obras na ponte entre S\u00e3o Jos\u00e9 da Bela Vista e Nuporanga devem ser conclu\u00eddas at\u00e9 novembro"},"content":{"rendered":"<h2>Reparos emergenciais foram iniciados ap\u00f3s constata\u00e7\u00e3o de piora na estrutura<\/h2>\n<p style=\"text-align: right;\"><em><strong>Por Pedro Maia<\/strong><\/em><br \/>\n<em><strong>Editor-chefe<\/strong><\/em><\/p>\n<p>O DER-SP (Departamento de Estradas e Rodagem do Estado de S\u00e3o Paulo) informa que as obras para recupera\u00e7\u00e3o estrutural e substitui\u00e7\u00e3o da galeria sobre o Ribeir\u00e3o dos Buritis, na altura do km 5,7 da SPA 059\/345, entre S\u00e3o Jos\u00e9 da Bela Vista e Nuporanga, possuem estimativa de conclus\u00e3o para at\u00e9 novembro deste ano e investimento de R$ 3,3 milh\u00f5es.<\/p>\n<p>As reformas foram iniciadas no dia 20 de mar\u00e7o. Os servi\u00e7os, anteriormente previstos para contrata\u00e7\u00e3o via licita\u00e7\u00e3o, tiveram de ser contratados de forma emergencial ap\u00f3s relat\u00f3rio t\u00e9cnico de engenharia indicar piora relevante na estrutura do tubo da galeria &#8211; situa\u00e7\u00e3o agravada devido \u00e0s chuvas no local &#8211; e futuro risco de colapso.<\/p>\n<p>Diante desse cen\u00e1rio e da impossibilidade de servi\u00e7o parcial at\u00e9 a conclus\u00e3o do processo licitat\u00f3rio previsto, optou-se pela obra emergencial para garantir a seguran\u00e7a dos usu\u00e1rios e a libera\u00e7\u00e3o total do trecho dentro do menor prazo poss\u00edvel.<\/p>\n<div id=\"attachment_66562\" style=\"width: 1610px\" class=\"wp-caption alignnone\"><img data-recalc-dims=\"1\" loading=\"lazy\" decoding=\"async\" aria-describedby=\"caption-attachment-66562\" class=\"size-full wp-image-66562\" src=\"https:\/\/i0.wp.com\/verdadeon.com.br\/portal\/wp-content\/uploads\/2026\/04\/WhatsApp-Image-2026-04-27-at-15.00.46-1.jpeg?resize=1220%2C915&#038;ssl=1\" alt=\"\" width=\"1220\" height=\"915\" srcset=\"https:\/\/i0.wp.com\/verdadeon.com.br\/portal\/wp-content\/uploads\/2026\/04\/WhatsApp-Image-2026-04-27-at-15.00.46-1.jpeg?w=1600&amp;ssl=1 1600w, https:\/\/i0.wp.com\/verdadeon.com.br\/portal\/wp-content\/uploads\/2026\/04\/WhatsApp-Image-2026-04-27-at-15.00.46-1.jpeg?resize=300%2C225&amp;ssl=1 300w, https:\/\/i0.wp.com\/verdadeon.com.br\/portal\/wp-content\/uploads\/2026\/04\/WhatsApp-Image-2026-04-27-at-15.00.46-1.jpeg?resize=1024%2C768&amp;ssl=1 1024w, https:\/\/i0.wp.com\/verdadeon.com.br\/portal\/wp-content\/uploads\/2026\/04\/WhatsApp-Image-2026-04-27-at-15.00.46-1.jpeg?resize=768%2C576&amp;ssl=1 768w, https:\/\/i0.wp.com\/verdadeon.com.br\/portal\/wp-content\/uploads\/2026\/04\/WhatsApp-Image-2026-04-27-at-15.00.46-1.jpeg?resize=1536%2C1152&amp;ssl=1 1536w, https:\/\/i0.wp.com\/verdadeon.com.br\/portal\/wp-content\/uploads\/2026\/04\/WhatsApp-Image-2026-04-27-at-15.00.46-1.jpeg?resize=195%2C146&amp;ssl=1 195w, https:\/\/i0.wp.com\/verdadeon.com.br\/portal\/wp-content\/uploads\/2026\/04\/WhatsApp-Image-2026-04-27-at-15.00.46-1.jpeg?resize=50%2C38&amp;ssl=1 50w, https:\/\/i0.wp.com\/verdadeon.com.br\/portal\/wp-content\/uploads\/2026\/04\/WhatsApp-Image-2026-04-27-at-15.00.46-1.jpeg?resize=100%2C75&amp;ssl=1 100w\" sizes=\"auto, (max-width: 1220px) 100vw, 1220px\" \/><p id=\"caption-attachment-66562\" class=\"wp-caption-text\">Trecho interditado entre os munic\u00edpios de Nuporanga e S\u00e3o Jos\u00e9 da Bela Vista, local onde se encontra a galeria sobre o Ribeir\u00e3o dos Buritis (\u00a9Divulga\u00e7\u00e3o)<\/p><\/div>\n<p><strong>Interdi\u00e7\u00e3o<\/strong><\/p>\n<p>A interdi\u00e7\u00e3o total da via foi iniciada em 25 de fevereiro, pelo DER-SP. Anteriormente, a dura\u00e7\u00e3o estimada da medida era de 12 meses, com possibilidade de altera\u00e7\u00f5es no prazo conforme a evolu\u00e7\u00e3o do servi\u00e7o. O trecho interditado abrange os quil\u00f4metros 18,0 a 5,8, nos munic\u00edpios de Nuporanga e S\u00e3o Jos\u00e9 da Bela Vista, respectivamente.<\/p>\n<p><strong>Rotas alternativas<\/strong><\/p>\n<p>Pela SP-334, motoristas que v\u00eam do munic\u00edpio de Franca e seguem em dire\u00e7\u00e3o \u00e0 SP-345 podem acessar normalmente S\u00e3o Jos\u00e9 da Bela Vista. O acesso a Nuporanga, por\u00e9m, permanece bloqueado devido \u00e0 interdi\u00e7\u00e3o. J\u00e1 pela SP-351, quem parte das regi\u00f5es de Ribeir\u00e3o Preto e Batatais t\u00eam acesso apenas a Nuporanga, ficando impedido de prosseguir at\u00e9 S\u00e3o Jos\u00e9 da Bela Vista.<\/p>\n<p>O munic\u00edpio de S\u00e3o Joaquim da Barra mant\u00e9m os seguintes acessos: para Nuporanga, exclusivamente pela SP 351; e para S\u00e3o Jos\u00e9 da Bela Vista, exclusivamente pela SP 345. Dessa forma, n\u00e3o h\u00e1 liga\u00e7\u00e3o direta entre os dois munic\u00edpios durante o per\u00edodo.<\/p>\n<p>Na regi\u00e3o de Sales Oliveira, Orl\u00e2ndia e adjac\u00eancias, os motoristas que utilizam as SP-351 e SP-328 podem acessar apenas Nuporanga, permanecendo bloqueado o trecho at\u00e9 S\u00e3o Jos\u00e9 da Bela Vista.<\/p>\n","protected":false},"excerpt":{"rendered":"<p>Reparos emergenciais foram iniciados ap\u00f3s constata\u00e7\u00e3o de piora na estrutura Por Pedro Maia Editor-chefe O DER-SP (Departamento de Estradas e Rodagem do Estado de S\u00e3o Paulo)<span class=\"excerpt-hellip\"> [\u2026]<\/span><\/p>\n","protected":false},"author":10,"featured_media":66561,"comment_status":"open","ping_status":"open","sticky":false,"template":"","format":"standard","meta":{"_jetpack_memberships_contains_paid_content":false,"footnotes":"","jetpack_publicize_message":"","jetpack_publicize_feature_enabled":true,"jetpack_social_post_already_shared":true,"jetpack_social_options":{"image_generator_settings":{"template":"highway","default_image_id":0,"enabled":false},"version":2}},"categories":[28,81],"tags":[],"class_list":["post-66560","post","type-post","status-publish","format-standard","has-post-thumbnail","hentry","category-cotidiano","category-manchete"],"yoast_head":"<!-- This site is optimized with the Yoast SEO plugin v25.6 - https:\/\/yoast.com\/wordpress\/plugins\/seo\/ -->\n<title>Obras na ponte entre S\u00e3o Jos\u00e9 da Bela Vista e Nuporanga devem ser conclu\u00eddas at\u00e9 novembro - VerdadeOn<\/title>\n<meta name=\"robots\" content=\"index, follow, max-snippet:-1, max-image-preview:large, max-video-preview:-1\" \/>\n<link rel=\"canonical\" href=\"https:\/\/verdadeon.com.br\/portal\/2026\/05\/02\/obras-na-ponte-entre-sao-jose-da-bela-vista-e-nuporanga-devem-ser-concluidas-ate-novembro\/\" \/>\n<meta property=\"og:locale\" content=\"pt_BR\" \/>\n<meta property=\"og:type\" content=\"article\" \/>\n<meta property=\"og:title\" content=\"Obras na ponte entre S\u00e3o Jos\u00e9 da Bela Vista e Nuporanga devem ser conclu\u00eddas at\u00e9 novembro - VerdadeOn\" \/>\n<meta property=\"og:description\" content=\"Reparos emergenciais foram iniciados ap\u00f3s constata\u00e7\u00e3o de piora na estrutura Por Pedro Maia Editor-chefe O DER-SP (Departamento de Estradas e Rodagem do Estado de S\u00e3o Paulo) [\u2026]\" \/>\n<meta property=\"og:url\" content=\"https:\/\/verdadeon.com.br\/portal\/2026\/05\/02\/obras-na-ponte-entre-sao-jose-da-bela-vista-e-nuporanga-devem-ser-concluidas-ate-novembro\/\" \/>\n<meta property=\"og:site_name\" content=\"VerdadeOn\" \/>\n<meta property=\"article:published_time\" content=\"2026-05-02T10:00:33+00:00\" \/>\n<meta property=\"og:image\" content=\"https:\/\/i0.wp.com\/verdadeon.com.br\/portal\/wp-content\/uploads\/2026\/04\/WhatsApp-Image-2026-04-27-at-15.00.46-2.jpeg?fit=1600%2C1200&ssl=1\" \/>\n\t<meta property=\"og:image:width\" content=\"1600\" \/>\n\t<meta property=\"og:image:height\" content=\"1200\" \/>\n\t<meta property=\"og:image:type\" content=\"image\/jpeg\" \/>\n<meta name=\"author\" content=\"Redacao VerdadeOn\" \/>\n<meta name=\"twitter:card\" content=\"summary_large_image\" \/>\n<meta name=\"twitter:label1\" content=\"Escrito por\" \/>\n\t<meta name=\"twitter:data1\" content=\"Redacao VerdadeOn\" \/>\n\t<meta name=\"twitter:label2\" content=\"Est. tempo de leitura\" \/>\n\t<meta name=\"twitter:data2\" content=\"3 minutos\" \/>\n<script type=\"application\/ld+json\" class=\"yoast-schema-graph\">{\"@context\":\"https:\/\/schema.org\",\"@graph\":[{\"@type\":\"WebPage\",\"@id\":\"https:\/\/verdadeon.com.br\/portal\/2026\/05\/02\/obras-na-ponte-entre-sao-jose-da-bela-vista-e-nuporanga-devem-ser-concluidas-ate-novembro\/\",\"url\":\"https:\/\/verdadeon.com.br\/portal\/2026\/05\/02\/obras-na-ponte-entre-sao-jose-da-bela-vista-e-nuporanga-devem-ser-concluidas-ate-novembro\/\",\"name\":\"Obras na ponte entre S\u00e3o Jos\u00e9 da Bela Vista e Nuporanga devem ser conclu\u00eddas at\u00e9 novembro - VerdadeOn\",\"isPartOf\":{\"@id\":\"https:\/\/verdadeon.com.br\/portal\/#website\"},\"primaryImageOfPage\":{\"@id\":\"https:\/\/verdadeon.com.br\/portal\/2026\/05\/02\/obras-na-ponte-entre-sao-jose-da-bela-vista-e-nuporanga-devem-ser-concluidas-ate-novembro\/#primaryimage\"},\"image\":{\"@id\":\"https:\/\/verdadeon.com.br\/portal\/2026\/05\/02\/obras-na-ponte-entre-sao-jose-da-bela-vista-e-nuporanga-devem-ser-concluidas-ate-novembro\/#primaryimage\"},\"thumbnailUrl\":\"https:\/\/i0.wp.com\/verdadeon.com.br\/portal\/wp-content\/uploads\/2026\/04\/WhatsApp-Image-2026-04-27-at-15.00.46-2.jpeg?fit=1600%2C1200&ssl=1\",\"datePublished\":\"2026-05-02T10:00:33+00:00\",\"author\":{\"@id\":\"https:\/\/verdadeon.com.br\/portal\/#\/schema\/person\/a5060ad1e9ea3df545188fc93ce43d2f\"},\"breadcrumb\":{\"@id\":\"https:\/\/verdadeon.com.br\/portal\/2026\/05\/02\/obras-na-ponte-entre-sao-jose-da-bela-vista-e-nuporanga-devem-ser-concluidas-ate-novembro\/#breadcrumb\"},\"inLanguage\":\"pt-BR\",\"potentialAction\":[{\"@type\":\"ReadAction\",\"target\":[\"https:\/\/verdadeon.com.br\/portal\/2026\/05\/02\/obras-na-ponte-entre-sao-jose-da-bela-vista-e-nuporanga-devem-ser-concluidas-ate-novembro\/\"]}]},{\"@type\":\"ImageObject\",\"inLanguage\":\"pt-BR\",\"@id\":\"https:\/\/verdadeon.com.br\/portal\/2026\/05\/02\/obras-na-ponte-entre-sao-jose-da-bela-vista-e-nuporanga-devem-ser-concluidas-ate-novembro\/#primaryimage\",\"url\":\"https:\/\/i0.wp.com\/verdadeon.com.br\/portal\/wp-content\/uploads\/2026\/04\/WhatsApp-Image-2026-04-27-at-15.00.46-2.jpeg?fit=1600%2C1200&ssl=1\",\"contentUrl\":\"https:\/\/i0.wp.com\/verdadeon.com.br\/portal\/wp-content\/uploads\/2026\/04\/WhatsApp-Image-2026-04-27-at-15.00.46-2.jpeg?fit=1600%2C1200&ssl=1\",\"width\":1600,\"height\":1200,\"caption\":\"Trecho interditado entre os munic\u00edpios de Nuporanga e S\u00e3o Jos\u00e9 da Bela Vista, local onde se encontra a galeria sobre o Ribeir\u00e3o dos Buritis (\u00a9Divulga\u00e7\u00e3o)\"},{\"@type\":\"BreadcrumbList\",\"@id\":\"https:\/\/verdadeon.com.br\/portal\/2026\/05\/02\/obras-na-ponte-entre-sao-jose-da-bela-vista-e-nuporanga-devem-ser-concluidas-ate-novembro\/#breadcrumb\",\"itemListElement\":[{\"@type\":\"ListItem\",\"position\":1,\"name\":\"In\u00edcio\",\"item\":\"https:\/\/verdadeon.com.br\/portal\/\"},{\"@type\":\"ListItem\",\"position\":2,\"name\":\"Obras na ponte entre S\u00e3o Jos\u00e9 da Bela Vista e Nuporanga devem ser conclu\u00eddas at\u00e9 novembro\"}]},{\"@type\":\"WebSite\",\"@id\":\"https:\/\/verdadeon.com.br\/portal\/#website\",\"url\":\"https:\/\/verdadeon.com.br\/portal\/\",\"name\":\"VerdadeOn\",\"description\":\"Not\u00edcias di\u00e1rias sobre Franca, Regi\u00e3o, Esporte, Cultura, Cotidiano, Colunas. Cobertura nos principais eventos da cidade \u00e9 aqui - Verdadeon Franca\",\"potentialAction\":[{\"@type\":\"SearchAction\",\"target\":{\"@type\":\"EntryPoint\",\"urlTemplate\":\"https:\/\/verdadeon.com.br\/portal\/?s={search_term_string}\"},\"query-input\":{\"@type\":\"PropertyValueSpecification\",\"valueRequired\":true,\"valueName\":\"search_term_string\"}}],\"inLanguage\":\"pt-BR\"},{\"@type\":\"Person\",\"@id\":\"https:\/\/verdadeon.com.br\/portal\/#\/schema\/person\/a5060ad1e9ea3df545188fc93ce43d2f\",\"name\":\"Redacao VerdadeOn\",\"image\":{\"@type\":\"ImageObject\",\"inLanguage\":\"pt-BR\",\"@id\":\"https:\/\/verdadeon.com.br\/portal\/#\/schema\/person\/image\/\",\"url\":\"https:\/\/secure.gravatar.com\/avatar\/459a9613caaaf07f582c3d0841eea68bdd66f533e465e6ba8b9cb45619572cf4?s=96&d=mm&r=g\",\"contentUrl\":\"https:\/\/secure.gravatar.com\/avatar\/459a9613caaaf07f582c3d0841eea68bdd66f533e465e6ba8b9cb45619572cf4?s=96&d=mm&r=g\",\"caption\":\"Redacao VerdadeOn\"},\"url\":\"https:\/\/verdadeon.com.br\/portal\/author\/redacao\/\"}]}<\/script>\n<!-- \/ Yoast SEO plugin. -->","yoast_head_json":{"title":"Obras na ponte entre S\u00e3o Jos\u00e9 da Bela Vista e Nuporanga devem ser conclu\u00eddas at\u00e9 novembro - VerdadeOn","robots":{"index":"index","follow":"follow","max-snippet":"max-snippet:-1","max-image-preview":"max-image-preview:large","max-video-preview":"max-video-preview:-1"},"canonical":"https:\/\/verdadeon.com.br\/portal\/2026\/05\/02\/obras-na-ponte-entre-sao-jose-da-bela-vista-e-nuporanga-devem-ser-concluidas-ate-novembro\/","og_locale":"pt_BR","og_type":"article","og_title":"Obras na ponte entre S\u00e3o Jos\u00e9 da Bela Vista e Nuporanga devem ser conclu\u00eddas at\u00e9 novembro - VerdadeOn","og_description":"Reparos emergenciais foram iniciados ap\u00f3s constata\u00e7\u00e3o de piora na estrutura Por Pedro Maia Editor-chefe O DER-SP (Departamento de Estradas e Rodagem do Estado de S\u00e3o Paulo) [\u2026]","og_url":"https:\/\/verdadeon.com.br\/portal\/2026\/05\/02\/obras-na-ponte-entre-sao-jose-da-bela-vista-e-nuporanga-devem-ser-concluidas-ate-novembro\/","og_site_name":"VerdadeOn","article_published_time":"2026-05-02T10:00:33+00:00","og_image":[{"width":1600,"height":1200,"url":"https:\/\/i0.wp.com\/verdadeon.com.br\/portal\/wp-content\/uploads\/2026\/04\/WhatsApp-Image-2026-04-27-at-15.00.46-2.jpeg?fit=1600%2C1200&ssl=1","type":"image\/jpeg"}],"author":"Redacao VerdadeOn","twitter_card":"summary_large_image","twitter_misc":{"Escrito por":"Redacao VerdadeOn","Est. tempo de leitura":"3 minutos"},"schema":{"@context":"https:\/\/schema.org","@graph":[{"@type":"WebPage","@id":"https:\/\/verdadeon.com.br\/portal\/2026\/05\/02\/obras-na-ponte-entre-sao-jose-da-bela-vista-e-nuporanga-devem-ser-concluidas-ate-novembro\/","url":"https:\/\/verdadeon.com.br\/portal\/2026\/05\/02\/obras-na-ponte-entre-sao-jose-da-bela-vista-e-nuporanga-devem-ser-concluidas-ate-novembro\/","name":"Obras na ponte entre S\u00e3o Jos\u00e9 da Bela Vista e Nuporanga devem ser conclu\u00eddas at\u00e9 novembro - VerdadeOn","isPartOf":{"@id":"https:\/\/verdadeon.com.br\/portal\/#website"},"primaryImageOfPage":{"@id":"https:\/\/verdadeon.com.br\/portal\/2026\/05\/02\/obras-na-ponte-entre-sao-jose-da-bela-vista-e-nuporanga-devem-ser-concluidas-ate-novembro\/#primaryimage"},"image":{"@id":"https:\/\/verdadeon.com.br\/portal\/2026\/05\/02\/obras-na-ponte-entre-sao-jose-da-bela-vista-e-nuporanga-devem-ser-concluidas-ate-novembro\/#primaryimage"},"thumbnailUrl":"https:\/\/i0.wp.com\/verdadeon.com.br\/portal\/wp-content\/uploads\/2026\/04\/WhatsApp-Image-2026-04-27-at-15.00.46-2.jpeg?fit=1600%2C1200&ssl=1","datePublished":"2026-05-02T10:00:33+00:00","author":{"@id":"https:\/\/verdadeon.com.br\/portal\/#\/schema\/person\/a5060ad1e9ea3df545188fc93ce43d2f"},"breadcrumb":{"@id":"https:\/\/verdadeon.com.br\/portal\/2026\/05\/02\/obras-na-ponte-entre-sao-jose-da-bela-vista-e-nuporanga-devem-ser-concluidas-ate-novembro\/#breadcrumb"},"inLanguage":"pt-BR","potentialAction":[{"@type":"ReadAction","target":["https:\/\/verdadeon.com.br\/portal\/2026\/05\/02\/obras-na-ponte-entre-sao-jose-da-bela-vista-e-nuporanga-devem-ser-concluidas-ate-novembro\/"]}]},{"@type":"ImageObject","inLanguage":"pt-BR","@id":"https:\/\/verdadeon.com.br\/portal\/2026\/05\/02\/obras-na-ponte-entre-sao-jose-da-bela-vista-e-nuporanga-devem-ser-concluidas-ate-novembro\/#primaryimage","url":"https:\/\/i0.wp.com\/verdadeon.com.br\/portal\/wp-content\/uploads\/2026\/04\/WhatsApp-Image-2026-04-27-at-15.00.46-2.jpeg?fit=1600%2C1200&ssl=1","contentUrl":"https:\/\/i0.wp.com\/verdadeon.com.br\/portal\/wp-content\/uploads\/2026\/04\/WhatsApp-Image-2026-04-27-at-15.00.46-2.jpeg?fit=1600%2C1200&ssl=1","width":1600,"height":1200,"caption":"Trecho interditado entre os munic\u00edpios de Nuporanga e S\u00e3o Jos\u00e9 da Bela Vista, local onde se encontra a galeria sobre o Ribeir\u00e3o dos Buritis (\u00a9Divulga\u00e7\u00e3o)"},{"@type":"BreadcrumbList","@id":"https:\/\/verdadeon.com.br\/portal\/2026\/05\/02\/obras-na-ponte-entre-sao-jose-da-bela-vista-e-nuporanga-devem-ser-concluidas-ate-novembro\/#breadcrumb","itemListElement":[{"@type":"ListItem","position":1,"name":"In\u00edcio","item":"https:\/\/verdadeon.com.br\/portal\/"},{"@type":"ListItem","position":2,"name":"Obras na ponte entre S\u00e3o Jos\u00e9 da Bela Vista e Nuporanga devem ser conclu\u00eddas at\u00e9 novembro"}]},{"@type":"WebSite","@id":"https:\/\/verdadeon.com.br\/portal\/#website","url":"https:\/\/verdadeon.com.br\/portal\/","name":"VerdadeOn","description":"Not\u00edcias di\u00e1rias sobre Franca, Regi\u00e3o, Esporte, Cultura, Cotidiano, Colunas. Cobertura nos principais eventos da cidade \u00e9 aqui - Verdadeon Franca","potentialAction":[{"@type":"SearchAction","target":{"@type":"EntryPoint","urlTemplate":"https:\/\/verdadeon.com.br\/portal\/?s={search_term_string}"},"query-input":{"@type":"PropertyValueSpecification","valueRequired":true,"valueName":"search_term_string"}}],"inLanguage":"pt-BR"},{"@type":"Person","@id":"https:\/\/verdadeon.com.br\/portal\/#\/schema\/person\/a5060ad1e9ea3df545188fc93ce43d2f","name":"Redacao VerdadeOn","image":{"@type":"ImageObject","inLanguage":"pt-BR","@id":"https:\/\/verdadeon.com.br\/portal\/#\/schema\/person\/image\/","url":"https:\/\/secure.gravatar.com\/avatar\/459a9613caaaf07f582c3d0841eea68bdd66f533e465e6ba8b9cb45619572cf4?s=96&d=mm&r=g","contentUrl":"https:\/\/secure.gravatar.com\/avatar\/459a9613caaaf07f582c3d0841eea68bdd66f533e465e6ba8b9cb45619572cf4?s=96&d=mm&r=g","caption":"Redacao VerdadeOn"},"url":"https:\/\/verdadeon.com.br\/portal\/author\/redacao\/"}]}},"jetpack_publicize_connections":[],"jetpack_featured_media_url":"https:\/\/i0.wp.com\/verdadeon.com.br\/portal\/wp-content\/uploads\/2026\/04\/WhatsApp-Image-2026-04-27-at-15.00.46-2.jpeg?fit=1600%2C1200&ssl=1","jetpack_sharing_enabled":true,"_links":{"self":[{"href":"https:\/\/verdadeon.com.br\/portal\/wp-json\/wp\/v2\/posts\/66560","targetHints":{"allow":["GET"]}}],"collection":[{"href":"https:\/\/verdadeon.com.br\/portal\/wp-json\/wp\/v2\/posts"}],"about":[{"href":"https:\/\/verdadeon.com.br\/portal\/wp-json\/wp\/v2\/types\/post"}],"author":[{"embeddable":true,"href":"https:\/\/verdadeon.com.br\/portal\/wp-json\/wp\/v2\/users\/10"}],"replies":[{"embeddable":true,"href":"https:\/\/verdadeon.com.br\/portal\/wp-json\/wp\/v2\/comments?post=66560"}],"version-history":[{"count":1,"href":"https:\/\/verdadeon.com.br\/portal\/wp-json\/wp\/v2\/posts\/66560\/revisions"}],"predecessor-version":[{"id":66563,"href":"https:\/\/verdadeon.com.br\/portal\/wp-json\/wp\/v2\/posts\/66560\/revisions\/66563"}],"wp:featuredmedia":[{"embeddable":true,"href":"https:\/\/verdadeon.com.br\/portal\/wp-json\/wp\/v2\/media\/66561"}],"wp:attachment":[{"href":"https:\/\/verdadeon.com.br\/portal\/wp-json\/wp\/v2\/media?parent=66560"}],"wp:term":[{"taxonomy":"category","embeddable":true,"href":"https:\/\/verdadeon.com.br\/portal\/wp-json\/wp\/v2\/categories?post=66560"},{"taxonomy":"post_tag","embeddable":true,"href":"https:\/\/verdadeon.com.br\/portal\/wp-json\/wp\/v2\/tags?post=66560"}],"curies":[{"name":"wp","href":"https:\/\/api.w.org\/{rel}","templated":true}]}}