{"id":66555,"date":"2026-04-30T12:16:11","date_gmt":"2026-04-30T15:16:11","guid":{"rendered":"https:\/\/verdadeon.com.br\/portal\/?p=66555"},"modified":"2026-04-30T12:16:11","modified_gmt":"2026-04-30T15:16:11","slug":"operacao-entre-policia-militar-e-policia-civil-apreende-espingarda-em-condominio-de-cristais-paulista","status":"publish","type":"post","link":"https:\/\/verdadeon.com.br\/portal\/2026\/04\/30\/operacao-entre-policia-militar-e-policia-civil-apreende-espingarda-em-condominio-de-cristais-paulista\/","title":{"rendered":"Opera\u00e7\u00e3o entre Pol\u00edcia Militar e Pol\u00edcia Civil apreende espingarda em condom\u00ednio de Cristais Paulista"},"content":{"rendered":"<h2>At\u00e9 o momento, n\u00e3o foram divulgados detalhes sobre a origem da arma<\/h2>\n<p>Nesta quarta-feira, 29, uma opera\u00e7\u00e3o conjunta entre a Pol\u00edcia Militar e a Pol\u00edcia Civil, resultou na apreens\u00e3o de uma espingarda no condom\u00ednio Ouro Verde, em Cristais Paulista, a cerca de 17 quil\u00f4metros de Franca. A a\u00e7\u00e3o ocorreu ap\u00f3s uma den\u00fancia sobre a poss\u00edvel presen\u00e7a de arma de fogo no local.<\/p>\n<p>As informa\u00e7\u00f5es foram divulgadas pelo CONSEG (Conselho Comunit\u00e1rio de Seguran\u00e7a) local. De acordo com as informa\u00e7\u00f5es, as equipes se deslocaram at\u00e9 o endere\u00e7o indicado para averigua\u00e7\u00e3o. Durante a dilig\u00eancia, a arma foi localizada, confirmando a veracidade da den\u00fancia.<\/p>\n<p>O caso foi encaminhado para a Pol\u00edcia Civil, que ficar\u00e1 respons\u00e1vel pela investiga\u00e7\u00e3o e ado\u00e7\u00e3o das medidas cab\u00edveis. At\u00e9 o momento, n\u00e3o foram divulgados detalhes sobre poss\u00edveis envolvidos ou a origem da arma.<\/p>\n<p>As autoridades refor\u00e7am a import\u00e2ncia da colabora\u00e7\u00e3o da popula\u00e7\u00e3o por meio de den\u00fancias, que contribuem diretamente para a\u00e7\u00f5es r\u00e1pidas e eficazes no combate \u00e0 criminalidade.<\/p>\n","protected":false},"excerpt":{"rendered":"<p>At\u00e9 o momento, n\u00e3o foram divulgados detalhes sobre a origem da arma Nesta quarta-feira, 29, uma opera\u00e7\u00e3o conjunta entre a Pol\u00edcia Militar e a Pol\u00edcia Civil,<span class=\"excerpt-hellip\"> [\u2026]<\/span><\/p>\n","protected":false},"author":10,"featured_media":66556,"comment_status":"open","ping_status":"open","sticky":false,"template":"","format":"standard","meta":{"_jetpack_memberships_contains_paid_content":false,"footnotes":"","jetpack_publicize_message":"","jetpack_publicize_feature_enabled":true,"jetpack_social_post_already_shared":true,"jetpack_social_options":{"image_generator_settings":{"template":"highway","default_image_id":0,"enabled":false},"version":2}},"categories":[28,44],"tags":[],"class_list":["post-66555","post","type-post","status-publish","format-standard","has-post-thumbnail","hentry","category-cotidiano","category-noticias"],"yoast_head":"<!-- This site is optimized with the Yoast SEO plugin v25.6 - https:\/\/yoast.com\/wordpress\/plugins\/seo\/ -->\n<title>Opera\u00e7\u00e3o entre Pol\u00edcia Militar e Pol\u00edcia Civil apreende espingarda em condom\u00ednio de Cristais Paulista - VerdadeOn<\/title>\n<meta name=\"robots\" content=\"index, follow, max-snippet:-1, max-image-preview:large, max-video-preview:-1\" \/>\n<link rel=\"canonical\" href=\"https:\/\/verdadeon.com.br\/portal\/2026\/04\/30\/operacao-entre-policia-militar-e-policia-civil-apreende-espingarda-em-condominio-de-cristais-paulista\/\" \/>\n<meta property=\"og:locale\" content=\"pt_BR\" \/>\n<meta property=\"og:type\" content=\"article\" \/>\n<meta property=\"og:title\" content=\"Opera\u00e7\u00e3o entre Pol\u00edcia Militar e Pol\u00edcia Civil apreende espingarda em condom\u00ednio de Cristais Paulista - VerdadeOn\" \/>\n<meta property=\"og:description\" content=\"At\u00e9 o momento, n\u00e3o foram divulgados detalhes sobre a origem da arma Nesta quarta-feira, 29, uma opera\u00e7\u00e3o conjunta entre a Pol\u00edcia Militar e a Pol\u00edcia Civil, [\u2026]\" \/>\n<meta property=\"og:url\" content=\"https:\/\/verdadeon.com.br\/portal\/2026\/04\/30\/operacao-entre-policia-militar-e-policia-civil-apreende-espingarda-em-condominio-de-cristais-paulista\/\" \/>\n<meta property=\"og:site_name\" content=\"VerdadeOn\" \/>\n<meta property=\"article:published_time\" content=\"2026-04-30T15:16:11+00:00\" \/>\n<meta property=\"og:image\" content=\"https:\/\/verdadeon.com.br\/portal\/wp-content\/uploads\/2026\/04\/Documento-a4-placa-empurre-puxe-para-abrir-verde-2026-04-30T121330.228.jpg\" \/>\n\t<meta property=\"og:image:width\" content=\"2000\" \/>\n\t<meta property=\"og:image:height\" content=\"1414\" \/>\n\t<meta property=\"og:image:type\" content=\"image\/jpeg\" \/>\n<meta name=\"author\" content=\"Redacao VerdadeOn\" \/>\n<meta name=\"twitter:card\" content=\"summary_large_image\" \/>\n<meta name=\"twitter:label1\" content=\"Escrito por\" \/>\n\t<meta name=\"twitter:data1\" content=\"Redacao VerdadeOn\" \/>\n\t<meta name=\"twitter:label2\" content=\"Est. tempo de leitura\" \/>\n\t<meta name=\"twitter:data2\" content=\"2 minutos\" \/>\n<script type=\"application\/ld+json\" class=\"yoast-schema-graph\">{\"@context\":\"https:\/\/schema.org\",\"@graph\":[{\"@type\":\"WebPage\",\"@id\":\"https:\/\/verdadeon.com.br\/portal\/2026\/04\/30\/operacao-entre-policia-militar-e-policia-civil-apreende-espingarda-em-condominio-de-cristais-paulista\/\",\"url\":\"https:\/\/verdadeon.com.br\/portal\/2026\/04\/30\/operacao-entre-policia-militar-e-policia-civil-apreende-espingarda-em-condominio-de-cristais-paulista\/\",\"name\":\"Opera\u00e7\u00e3o entre Pol\u00edcia Militar e Pol\u00edcia Civil apreende espingarda em condom\u00ednio de Cristais Paulista - VerdadeOn\",\"isPartOf\":{\"@id\":\"https:\/\/verdadeon.com.br\/portal\/#website\"},\"primaryImageOfPage\":{\"@id\":\"https:\/\/verdadeon.com.br\/portal\/2026\/04\/30\/operacao-entre-policia-militar-e-policia-civil-apreende-espingarda-em-condominio-de-cristais-paulista\/#primaryimage\"},\"image\":{\"@id\":\"https:\/\/verdadeon.com.br\/portal\/2026\/04\/30\/operacao-entre-policia-militar-e-policia-civil-apreende-espingarda-em-condominio-de-cristais-paulista\/#primaryimage\"},\"thumbnailUrl\":\"https:\/\/i0.wp.com\/verdadeon.com.br\/portal\/wp-content\/uploads\/2026\/04\/Documento-a4-placa-empurre-puxe-para-abrir-verde-2026-04-30T121330.228.jpg?fit=2000%2C1414&ssl=1\",\"datePublished\":\"2026-04-30T15:16:11+00:00\",\"author\":{\"@id\":\"https:\/\/verdadeon.com.br\/portal\/#\/schema\/person\/a5060ad1e9ea3df545188fc93ce43d2f\"},\"breadcrumb\":{\"@id\":\"https:\/\/verdadeon.com.br\/portal\/2026\/04\/30\/operacao-entre-policia-militar-e-policia-civil-apreende-espingarda-em-condominio-de-cristais-paulista\/#breadcrumb\"},\"inLanguage\":\"pt-BR\",\"potentialAction\":[{\"@type\":\"ReadAction\",\"target\":[\"https:\/\/verdadeon.com.br\/portal\/2026\/04\/30\/operacao-entre-policia-militar-e-policia-civil-apreende-espingarda-em-condominio-de-cristais-paulista\/\"]}]},{\"@type\":\"ImageObject\",\"inLanguage\":\"pt-BR\",\"@id\":\"https:\/\/verdadeon.com.br\/portal\/2026\/04\/30\/operacao-entre-policia-militar-e-policia-civil-apreende-espingarda-em-condominio-de-cristais-paulista\/#primaryimage\",\"url\":\"https:\/\/i0.wp.com\/verdadeon.com.br\/portal\/wp-content\/uploads\/2026\/04\/Documento-a4-placa-empurre-puxe-para-abrir-verde-2026-04-30T121330.228.jpg?fit=2000%2C1414&ssl=1\",\"contentUrl\":\"https:\/\/i0.wp.com\/verdadeon.com.br\/portal\/wp-content\/uploads\/2026\/04\/Documento-a4-placa-empurre-puxe-para-abrir-verde-2026-04-30T121330.228.jpg?fit=2000%2C1414&ssl=1\",\"width\":2000,\"height\":1414,\"caption\":\"(\u00a9Reprodu\u00e7\u00e3o\/CONSEG Cristais Paulista)\"},{\"@type\":\"BreadcrumbList\",\"@id\":\"https:\/\/verdadeon.com.br\/portal\/2026\/04\/30\/operacao-entre-policia-militar-e-policia-civil-apreende-espingarda-em-condominio-de-cristais-paulista\/#breadcrumb\",\"itemListElement\":[{\"@type\":\"ListItem\",\"position\":1,\"name\":\"In\u00edcio\",\"item\":\"https:\/\/verdadeon.com.br\/portal\/\"},{\"@type\":\"ListItem\",\"position\":2,\"name\":\"Opera\u00e7\u00e3o entre Pol\u00edcia Militar e Pol\u00edcia Civil apreende espingarda em condom\u00ednio de Cristais Paulista\"}]},{\"@type\":\"WebSite\",\"@id\":\"https:\/\/verdadeon.com.br\/portal\/#website\",\"url\":\"https:\/\/verdadeon.com.br\/portal\/\",\"name\":\"VerdadeOn\",\"description\":\"Not\u00edcias di\u00e1rias sobre Franca, Regi\u00e3o, Esporte, Cultura, Cotidiano, Colunas. Cobertura nos principais eventos da cidade \u00e9 aqui - Verdadeon Franca\",\"potentialAction\":[{\"@type\":\"SearchAction\",\"target\":{\"@type\":\"EntryPoint\",\"urlTemplate\":\"https:\/\/verdadeon.com.br\/portal\/?s={search_term_string}\"},\"query-input\":{\"@type\":\"PropertyValueSpecification\",\"valueRequired\":true,\"valueName\":\"search_term_string\"}}],\"inLanguage\":\"pt-BR\"},{\"@type\":\"Person\",\"@id\":\"https:\/\/verdadeon.com.br\/portal\/#\/schema\/person\/a5060ad1e9ea3df545188fc93ce43d2f\",\"name\":\"Redacao VerdadeOn\",\"image\":{\"@type\":\"ImageObject\",\"inLanguage\":\"pt-BR\",\"@id\":\"https:\/\/verdadeon.com.br\/portal\/#\/schema\/person\/image\/\",\"url\":\"https:\/\/secure.gravatar.com\/avatar\/459a9613caaaf07f582c3d0841eea68bdd66f533e465e6ba8b9cb45619572cf4?s=96&d=mm&r=g\",\"contentUrl\":\"https:\/\/secure.gravatar.com\/avatar\/459a9613caaaf07f582c3d0841eea68bdd66f533e465e6ba8b9cb45619572cf4?s=96&d=mm&r=g\",\"caption\":\"Redacao VerdadeOn\"},\"url\":\"https:\/\/verdadeon.com.br\/portal\/author\/redacao\/\"}]}<\/script>\n<!-- \/ Yoast SEO plugin. -->","yoast_head_json":{"title":"Opera\u00e7\u00e3o entre Pol\u00edcia Militar e Pol\u00edcia Civil apreende espingarda em condom\u00ednio de Cristais Paulista - VerdadeOn","robots":{"index":"index","follow":"follow","max-snippet":"max-snippet:-1","max-image-preview":"max-image-preview:large","max-video-preview":"max-video-preview:-1"},"canonical":"https:\/\/verdadeon.com.br\/portal\/2026\/04\/30\/operacao-entre-policia-militar-e-policia-civil-apreende-espingarda-em-condominio-de-cristais-paulista\/","og_locale":"pt_BR","og_type":"article","og_title":"Opera\u00e7\u00e3o entre Pol\u00edcia Militar e Pol\u00edcia Civil apreende espingarda em condom\u00ednio de Cristais Paulista - VerdadeOn","og_description":"At\u00e9 o momento, n\u00e3o foram divulgados detalhes sobre a origem da arma Nesta quarta-feira, 29, uma opera\u00e7\u00e3o conjunta entre a Pol\u00edcia Militar e a Pol\u00edcia Civil, [\u2026]","og_url":"https:\/\/verdadeon.com.br\/portal\/2026\/04\/30\/operacao-entre-policia-militar-e-policia-civil-apreende-espingarda-em-condominio-de-cristais-paulista\/","og_site_name":"VerdadeOn","article_published_time":"2026-04-30T15:16:11+00:00","og_image":[{"width":2000,"height":1414,"url":"https:\/\/verdadeon.com.br\/portal\/wp-content\/uploads\/2026\/04\/Documento-a4-placa-empurre-puxe-para-abrir-verde-2026-04-30T121330.228.jpg","type":"image\/jpeg"}],"author":"Redacao VerdadeOn","twitter_card":"summary_large_image","twitter_misc":{"Escrito por":"Redacao VerdadeOn","Est. tempo de leitura":"2 minutos"},"schema":{"@context":"https:\/\/schema.org","@graph":[{"@type":"WebPage","@id":"https:\/\/verdadeon.com.br\/portal\/2026\/04\/30\/operacao-entre-policia-militar-e-policia-civil-apreende-espingarda-em-condominio-de-cristais-paulista\/","url":"https:\/\/verdadeon.com.br\/portal\/2026\/04\/30\/operacao-entre-policia-militar-e-policia-civil-apreende-espingarda-em-condominio-de-cristais-paulista\/","name":"Opera\u00e7\u00e3o entre Pol\u00edcia Militar e Pol\u00edcia Civil apreende espingarda em condom\u00ednio de Cristais Paulista - VerdadeOn","isPartOf":{"@id":"https:\/\/verdadeon.com.br\/portal\/#website"},"primaryImageOfPage":{"@id":"https:\/\/verdadeon.com.br\/portal\/2026\/04\/30\/operacao-entre-policia-militar-e-policia-civil-apreende-espingarda-em-condominio-de-cristais-paulista\/#primaryimage"},"image":{"@id":"https:\/\/verdadeon.com.br\/portal\/2026\/04\/30\/operacao-entre-policia-militar-e-policia-civil-apreende-espingarda-em-condominio-de-cristais-paulista\/#primaryimage"},"thumbnailUrl":"https:\/\/i0.wp.com\/verdadeon.com.br\/portal\/wp-content\/uploads\/2026\/04\/Documento-a4-placa-empurre-puxe-para-abrir-verde-2026-04-30T121330.228.jpg?fit=2000%2C1414&ssl=1","datePublished":"2026-04-30T15:16:11+00:00","author":{"@id":"https:\/\/verdadeon.com.br\/portal\/#\/schema\/person\/a5060ad1e9ea3df545188fc93ce43d2f"},"breadcrumb":{"@id":"https:\/\/verdadeon.com.br\/portal\/2026\/04\/30\/operacao-entre-policia-militar-e-policia-civil-apreende-espingarda-em-condominio-de-cristais-paulista\/#breadcrumb"},"inLanguage":"pt-BR","potentialAction":[{"@type":"ReadAction","target":["https:\/\/verdadeon.com.br\/portal\/2026\/04\/30\/operacao-entre-policia-militar-e-policia-civil-apreende-espingarda-em-condominio-de-cristais-paulista\/"]}]},{"@type":"ImageObject","inLanguage":"pt-BR","@id":"https:\/\/verdadeon.com.br\/portal\/2026\/04\/30\/operacao-entre-policia-militar-e-policia-civil-apreende-espingarda-em-condominio-de-cristais-paulista\/#primaryimage","url":"https:\/\/i0.wp.com\/verdadeon.com.br\/portal\/wp-content\/uploads\/2026\/04\/Documento-a4-placa-empurre-puxe-para-abrir-verde-2026-04-30T121330.228.jpg?fit=2000%2C1414&ssl=1","contentUrl":"https:\/\/i0.wp.com\/verdadeon.com.br\/portal\/wp-content\/uploads\/2026\/04\/Documento-a4-placa-empurre-puxe-para-abrir-verde-2026-04-30T121330.228.jpg?fit=2000%2C1414&ssl=1","width":2000,"height":1414,"caption":"(\u00a9Reprodu\u00e7\u00e3o\/CONSEG Cristais Paulista)"},{"@type":"BreadcrumbList","@id":"https:\/\/verdadeon.com.br\/portal\/2026\/04\/30\/operacao-entre-policia-militar-e-policia-civil-apreende-espingarda-em-condominio-de-cristais-paulista\/#breadcrumb","itemListElement":[{"@type":"ListItem","position":1,"name":"In\u00edcio","item":"https:\/\/verdadeon.com.br\/portal\/"},{"@type":"ListItem","position":2,"name":"Opera\u00e7\u00e3o entre Pol\u00edcia Militar e Pol\u00edcia Civil apreende espingarda em condom\u00ednio de Cristais Paulista"}]},{"@type":"WebSite","@id":"https:\/\/verdadeon.com.br\/portal\/#website","url":"https:\/\/verdadeon.com.br\/portal\/","name":"VerdadeOn","description":"Not\u00edcias di\u00e1rias sobre Franca, Regi\u00e3o, Esporte, Cultura, Cotidiano, Colunas. Cobertura nos principais eventos da cidade \u00e9 aqui - Verdadeon Franca","potentialAction":[{"@type":"SearchAction","target":{"@type":"EntryPoint","urlTemplate":"https:\/\/verdadeon.com.br\/portal\/?s={search_term_string}"},"query-input":{"@type":"PropertyValueSpecification","valueRequired":true,"valueName":"search_term_string"}}],"inLanguage":"pt-BR"},{"@type":"Person","@id":"https:\/\/verdadeon.com.br\/portal\/#\/schema\/person\/a5060ad1e9ea3df545188fc93ce43d2f","name":"Redacao VerdadeOn","image":{"@type":"ImageObject","inLanguage":"pt-BR","@id":"https:\/\/verdadeon.com.br\/portal\/#\/schema\/person\/image\/","url":"https:\/\/secure.gravatar.com\/avatar\/459a9613caaaf07f582c3d0841eea68bdd66f533e465e6ba8b9cb45619572cf4?s=96&d=mm&r=g","contentUrl":"https:\/\/secure.gravatar.com\/avatar\/459a9613caaaf07f582c3d0841eea68bdd66f533e465e6ba8b9cb45619572cf4?s=96&d=mm&r=g","caption":"Redacao VerdadeOn"},"url":"https:\/\/verdadeon.com.br\/portal\/author\/redacao\/"}]}},"jetpack_publicize_connections":[],"jetpack_featured_media_url":"https:\/\/i0.wp.com\/verdadeon.com.br\/portal\/wp-content\/uploads\/2026\/04\/Documento-a4-placa-empurre-puxe-para-abrir-verde-2026-04-30T121330.228.jpg?fit=2000%2C1414&ssl=1","jetpack_sharing_enabled":true,"_links":{"self":[{"href":"https:\/\/verdadeon.com.br\/portal\/wp-json\/wp\/v2\/posts\/66555","targetHints":{"allow":["GET"]}}],"collection":[{"href":"https:\/\/verdadeon.com.br\/portal\/wp-json\/wp\/v2\/posts"}],"about":[{"href":"https:\/\/verdadeon.com.br\/portal\/wp-json\/wp\/v2\/types\/post"}],"author":[{"embeddable":true,"href":"https:\/\/verdadeon.com.br\/portal\/wp-json\/wp\/v2\/users\/10"}],"replies":[{"embeddable":true,"href":"https:\/\/verdadeon.com.br\/portal\/wp-json\/wp\/v2\/comments?post=66555"}],"version-history":[{"count":1,"href":"https:\/\/verdadeon.com.br\/portal\/wp-json\/wp\/v2\/posts\/66555\/revisions"}],"predecessor-version":[{"id":66557,"href":"https:\/\/verdadeon.com.br\/portal\/wp-json\/wp\/v2\/posts\/66555\/revisions\/66557"}],"wp:featuredmedia":[{"embeddable":true,"href":"https:\/\/verdadeon.com.br\/portal\/wp-json\/wp\/v2\/media\/66556"}],"wp:attachment":[{"href":"https:\/\/verdadeon.com.br\/portal\/wp-json\/wp\/v2\/media?parent=66555"}],"wp:term":[{"taxonomy":"category","embeddable":true,"href":"https:\/\/verdadeon.com.br\/portal\/wp-json\/wp\/v2\/categories?post=66555"},{"taxonomy":"post_tag","embeddable":true,"href":"https:\/\/verdadeon.com.br\/portal\/wp-json\/wp\/v2\/tags?post=66555"}],"curies":[{"name":"wp","href":"https:\/\/api.w.org\/{rel}","templated":true}]}}