{"id":66551,"date":"2026-04-30T11:59:06","date_gmt":"2026-04-30T14:59:06","guid":{"rendered":"https:\/\/verdadeon.com.br\/portal\/?p=66551"},"modified":"2026-04-30T11:59:06","modified_gmt":"2026-04-30T14:59:06","slug":"jovem-procurado-por-roubo-a-mao-armada-e-tentativa-de-latrocinio-e-preso-pela-dig","status":"publish","type":"post","link":"https:\/\/verdadeon.com.br\/portal\/2026\/04\/30\/jovem-procurado-por-roubo-a-mao-armada-e-tentativa-de-latrocinio-e-preso-pela-dig\/","title":{"rendered":"Jovem procurado por roubo \u00e0 m\u00e3o armada e tentativa de latroc\u00ednio \u00e9 preso pela DIG"},"content":{"rendered":"<h2>Um outro indiv\u00edduo, que auxiliou nos crimes, segue foragido<\/h2>\n<p style=\"text-align: right;\"><em><strong>Por Pedro Maia<\/strong><\/em><br \/>\n<em><strong>Editor-chefe<\/strong><\/em><\/p>\n<p>Nesta quinta-feira, 30 de abril, a DIG (Delegacia de Investiga\u00e7\u00f5es Gerais) de Franca, sob comando do Delegado Dr. Gabriel Fernando, prendeu um jovem de 18 anos procurado por roubo \u00e0 m\u00e3o armada e concurso de pessoas &#8211; quando dois ou mais indiv\u00edduos colaboram para o mesmo crime -, bem como tentativa de latroc\u00ednio.<\/p>\n<p>A a\u00e7\u00e3o se deu em cumprimento a um mandado de pris\u00e3o expedido no bojo de um Inqu\u00e9rito Policial. Conforme apurado nos dias 11 e 23 de mar\u00e7o de 2026, o investigado, em conjunto com outro indiv\u00edduo j\u00e1 identificado, subtraiu, mediante grave amea\u00e7a exercida com emprego de arma de fogo, valores em dinheiro e bebidas de uma adega localizada no bairro Jardim Vera Cruz, no munic\u00edpio.<\/p>\n<p>No segundo delito, ocorrido em 23 de mar\u00e7o, a v\u00edtima reagiu \u00e0 a\u00e7\u00e3o criminosa, ocasi\u00e3o em que um dos autores lan\u00e7ou uma garrafa de whisky em sua dire\u00e7\u00e3o, a qual se estilha\u00e7ou e atingiu a regi\u00e3o do pesco\u00e7o, provocando les\u00f5es graves.<\/p>\n<p><img data-recalc-dims=\"1\" loading=\"lazy\" decoding=\"async\" class=\"size-full wp-image-66553 aligncenter\" src=\"https:\/\/i0.wp.com\/verdadeon.com.br\/portal\/wp-content\/uploads\/2026\/04\/WhatsApp-Image-2026-04-30-at-11.38.31.jpeg?resize=463%2C606&#038;ssl=1\" alt=\"\" width=\"463\" height=\"606\" srcset=\"https:\/\/i0.wp.com\/verdadeon.com.br\/portal\/wp-content\/uploads\/2026\/04\/WhatsApp-Image-2026-04-30-at-11.38.31.jpeg?w=463&amp;ssl=1 463w, https:\/\/i0.wp.com\/verdadeon.com.br\/portal\/wp-content\/uploads\/2026\/04\/WhatsApp-Image-2026-04-30-at-11.38.31.jpeg?resize=229%2C300&amp;ssl=1 229w, https:\/\/i0.wp.com\/verdadeon.com.br\/portal\/wp-content\/uploads\/2026\/04\/WhatsApp-Image-2026-04-30-at-11.38.31.jpeg?resize=112%2C146&amp;ssl=1 112w, https:\/\/i0.wp.com\/verdadeon.com.br\/portal\/wp-content\/uploads\/2026\/04\/WhatsApp-Image-2026-04-30-at-11.38.31.jpeg?resize=38%2C50&amp;ssl=1 38w, https:\/\/i0.wp.com\/verdadeon.com.br\/portal\/wp-content\/uploads\/2026\/04\/WhatsApp-Image-2026-04-30-at-11.38.31.jpeg?resize=57%2C75&amp;ssl=1 57w\" sizes=\"auto, (max-width: 463px) 100vw, 463px\" \/><\/p>\n<p><strong>Investiga\u00e7\u00e3o<\/strong><\/p>\n<p>Ap\u00f3s minucioso trabalho investigativo, com an\u00e1lise de imagens de c\u00e2meras de seguran\u00e7a e dilig\u00eancias de campo, os dois envolvidos foram identificados.<\/p>\n<p>A DIG representou ao Poder Judici\u00e1rio pela decreta\u00e7\u00e3o das pris\u00f5es cautelares e pela expedi\u00e7\u00e3o de mandados de busca e apreens\u00e3o, os quais foram devidamente deferidos.<\/p>\n<p>Durante o cumprimento das ordens judiciais, os policiais civis lograram \u00eaxito em localizar e apreender, na resid\u00eancia dos investigados, roupas e cal\u00e7ados utilizados na pr\u00e1tica dos crimes, os quais foram reconhecidos como aqueles que aparecem nas imagens de c\u00e2meras obtidas pela investiga\u00e7\u00e3o.<\/p>\n<p>O segundo envolvido n\u00e3o foi localizado durante as dilig\u00eancias e permanece foragido, sendo alvo de buscas ininterruptas.<\/p>\n<p>Os investigados ser\u00e3o indiciados pela pr\u00e1tica dos crimes de roubo majorado pelo concurso de agentes e emprego de arma de fogo, em concurso material com o crime de latroc\u00ednio na forma tentada. O capturado foi encaminhado ao sistema prisional, onde ficar\u00e1 \u00e0 disposi\u00e7\u00e3o da Justi\u00e7a.<\/p>\n","protected":false},"excerpt":{"rendered":"<p>Um outro indiv\u00edduo, que auxiliou nos crimes, segue foragido Por Pedro Maia Editor-chefe Nesta quinta-feira, 30 de abril, a DIG (Delegacia de Investiga\u00e7\u00f5es Gerais) de Franca,<span class=\"excerpt-hellip\"> [\u2026]<\/span><\/p>\n","protected":false},"author":10,"featured_media":66552,"comment_status":"open","ping_status":"open","sticky":false,"template":"","format":"standard","meta":{"_jetpack_memberships_contains_paid_content":false,"footnotes":"","jetpack_publicize_message":"","jetpack_publicize_feature_enabled":true,"jetpack_social_post_already_shared":true,"jetpack_social_options":{"image_generator_settings":{"template":"highway","default_image_id":0,"enabled":false},"version":2}},"categories":[28,81],"tags":[],"class_list":["post-66551","post","type-post","status-publish","format-standard","has-post-thumbnail","hentry","category-cotidiano","category-manchete"],"yoast_head":"<!-- This site is optimized with the Yoast SEO plugin v25.6 - https:\/\/yoast.com\/wordpress\/plugins\/seo\/ -->\n<title>Jovem procurado por roubo \u00e0 m\u00e3o armada e tentativa de latroc\u00ednio \u00e9 preso pela DIG - VerdadeOn<\/title>\n<meta name=\"robots\" content=\"index, follow, max-snippet:-1, max-image-preview:large, max-video-preview:-1\" \/>\n<link rel=\"canonical\" href=\"https:\/\/verdadeon.com.br\/portal\/2026\/04\/30\/jovem-procurado-por-roubo-a-mao-armada-e-tentativa-de-latrocinio-e-preso-pela-dig\/\" \/>\n<meta property=\"og:locale\" content=\"pt_BR\" \/>\n<meta property=\"og:type\" content=\"article\" \/>\n<meta property=\"og:title\" content=\"Jovem procurado por roubo \u00e0 m\u00e3o armada e tentativa de latroc\u00ednio \u00e9 preso pela DIG - VerdadeOn\" \/>\n<meta property=\"og:description\" content=\"Um outro indiv\u00edduo, que auxiliou nos crimes, segue foragido Por Pedro Maia Editor-chefe Nesta quinta-feira, 30 de abril, a DIG (Delegacia de Investiga\u00e7\u00f5es Gerais) de Franca, [\u2026]\" \/>\n<meta property=\"og:url\" content=\"https:\/\/verdadeon.com.br\/portal\/2026\/04\/30\/jovem-procurado-por-roubo-a-mao-armada-e-tentativa-de-latrocinio-e-preso-pela-dig\/\" \/>\n<meta property=\"og:site_name\" content=\"VerdadeOn\" \/>\n<meta property=\"article:published_time\" content=\"2026-04-30T14:59:06+00:00\" \/>\n<meta property=\"og:image\" content=\"https:\/\/verdadeon.com.br\/portal\/wp-content\/uploads\/2026\/04\/Documento-a4-placa-empurre-puxe-para-abrir-verde-2026-04-30T115747.722.jpg\" \/>\n\t<meta property=\"og:image:width\" content=\"2000\" \/>\n\t<meta property=\"og:image:height\" content=\"1414\" \/>\n\t<meta property=\"og:image:type\" content=\"image\/jpeg\" \/>\n<meta name=\"author\" content=\"Redacao VerdadeOn\" \/>\n<meta name=\"twitter:card\" content=\"summary_large_image\" \/>\n<meta name=\"twitter:label1\" content=\"Escrito por\" \/>\n\t<meta name=\"twitter:data1\" content=\"Redacao VerdadeOn\" \/>\n\t<meta name=\"twitter:label2\" content=\"Est. tempo de leitura\" \/>\n\t<meta name=\"twitter:data2\" content=\"3 minutos\" \/>\n<script type=\"application\/ld+json\" class=\"yoast-schema-graph\">{\"@context\":\"https:\/\/schema.org\",\"@graph\":[{\"@type\":\"WebPage\",\"@id\":\"https:\/\/verdadeon.com.br\/portal\/2026\/04\/30\/jovem-procurado-por-roubo-a-mao-armada-e-tentativa-de-latrocinio-e-preso-pela-dig\/\",\"url\":\"https:\/\/verdadeon.com.br\/portal\/2026\/04\/30\/jovem-procurado-por-roubo-a-mao-armada-e-tentativa-de-latrocinio-e-preso-pela-dig\/\",\"name\":\"Jovem procurado por roubo \u00e0 m\u00e3o armada e tentativa de latroc\u00ednio \u00e9 preso pela DIG - VerdadeOn\",\"isPartOf\":{\"@id\":\"https:\/\/verdadeon.com.br\/portal\/#website\"},\"primaryImageOfPage\":{\"@id\":\"https:\/\/verdadeon.com.br\/portal\/2026\/04\/30\/jovem-procurado-por-roubo-a-mao-armada-e-tentativa-de-latrocinio-e-preso-pela-dig\/#primaryimage\"},\"image\":{\"@id\":\"https:\/\/verdadeon.com.br\/portal\/2026\/04\/30\/jovem-procurado-por-roubo-a-mao-armada-e-tentativa-de-latrocinio-e-preso-pela-dig\/#primaryimage\"},\"thumbnailUrl\":\"https:\/\/i0.wp.com\/verdadeon.com.br\/portal\/wp-content\/uploads\/2026\/04\/Documento-a4-placa-empurre-puxe-para-abrir-verde-2026-04-30T115747.722.jpg?fit=2000%2C1414&ssl=1\",\"datePublished\":\"2026-04-30T14:59:06+00:00\",\"author\":{\"@id\":\"https:\/\/verdadeon.com.br\/portal\/#\/schema\/person\/a5060ad1e9ea3df545188fc93ce43d2f\"},\"breadcrumb\":{\"@id\":\"https:\/\/verdadeon.com.br\/portal\/2026\/04\/30\/jovem-procurado-por-roubo-a-mao-armada-e-tentativa-de-latrocinio-e-preso-pela-dig\/#breadcrumb\"},\"inLanguage\":\"pt-BR\",\"potentialAction\":[{\"@type\":\"ReadAction\",\"target\":[\"https:\/\/verdadeon.com.br\/portal\/2026\/04\/30\/jovem-procurado-por-roubo-a-mao-armada-e-tentativa-de-latrocinio-e-preso-pela-dig\/\"]}]},{\"@type\":\"ImageObject\",\"inLanguage\":\"pt-BR\",\"@id\":\"https:\/\/verdadeon.com.br\/portal\/2026\/04\/30\/jovem-procurado-por-roubo-a-mao-armada-e-tentativa-de-latrocinio-e-preso-pela-dig\/#primaryimage\",\"url\":\"https:\/\/i0.wp.com\/verdadeon.com.br\/portal\/wp-content\/uploads\/2026\/04\/Documento-a4-placa-empurre-puxe-para-abrir-verde-2026-04-30T115747.722.jpg?fit=2000%2C1414&ssl=1\",\"contentUrl\":\"https:\/\/i0.wp.com\/verdadeon.com.br\/portal\/wp-content\/uploads\/2026\/04\/Documento-a4-placa-empurre-puxe-para-abrir-verde-2026-04-30T115747.722.jpg?fit=2000%2C1414&ssl=1\",\"width\":2000,\"height\":1414,\"caption\":\"(\u00a9Divulga\u00e7\u00e3o\/DIG)\"},{\"@type\":\"BreadcrumbList\",\"@id\":\"https:\/\/verdadeon.com.br\/portal\/2026\/04\/30\/jovem-procurado-por-roubo-a-mao-armada-e-tentativa-de-latrocinio-e-preso-pela-dig\/#breadcrumb\",\"itemListElement\":[{\"@type\":\"ListItem\",\"position\":1,\"name\":\"In\u00edcio\",\"item\":\"https:\/\/verdadeon.com.br\/portal\/\"},{\"@type\":\"ListItem\",\"position\":2,\"name\":\"Jovem procurado por roubo \u00e0 m\u00e3o armada e tentativa de latroc\u00ednio \u00e9 preso pela DIG\"}]},{\"@type\":\"WebSite\",\"@id\":\"https:\/\/verdadeon.com.br\/portal\/#website\",\"url\":\"https:\/\/verdadeon.com.br\/portal\/\",\"name\":\"VerdadeOn\",\"description\":\"Not\u00edcias di\u00e1rias sobre Franca, Regi\u00e3o, Esporte, Cultura, Cotidiano, Colunas. Cobertura nos principais eventos da cidade \u00e9 aqui - Verdadeon Franca\",\"potentialAction\":[{\"@type\":\"SearchAction\",\"target\":{\"@type\":\"EntryPoint\",\"urlTemplate\":\"https:\/\/verdadeon.com.br\/portal\/?s={search_term_string}\"},\"query-input\":{\"@type\":\"PropertyValueSpecification\",\"valueRequired\":true,\"valueName\":\"search_term_string\"}}],\"inLanguage\":\"pt-BR\"},{\"@type\":\"Person\",\"@id\":\"https:\/\/verdadeon.com.br\/portal\/#\/schema\/person\/a5060ad1e9ea3df545188fc93ce43d2f\",\"name\":\"Redacao VerdadeOn\",\"image\":{\"@type\":\"ImageObject\",\"inLanguage\":\"pt-BR\",\"@id\":\"https:\/\/verdadeon.com.br\/portal\/#\/schema\/person\/image\/\",\"url\":\"https:\/\/secure.gravatar.com\/avatar\/459a9613caaaf07f582c3d0841eea68bdd66f533e465e6ba8b9cb45619572cf4?s=96&d=mm&r=g\",\"contentUrl\":\"https:\/\/secure.gravatar.com\/avatar\/459a9613caaaf07f582c3d0841eea68bdd66f533e465e6ba8b9cb45619572cf4?s=96&d=mm&r=g\",\"caption\":\"Redacao VerdadeOn\"},\"url\":\"https:\/\/verdadeon.com.br\/portal\/author\/redacao\/\"}]}<\/script>\n<!-- \/ Yoast SEO plugin. -->","yoast_head_json":{"title":"Jovem procurado por roubo \u00e0 m\u00e3o armada e tentativa de latroc\u00ednio \u00e9 preso pela DIG - VerdadeOn","robots":{"index":"index","follow":"follow","max-snippet":"max-snippet:-1","max-image-preview":"max-image-preview:large","max-video-preview":"max-video-preview:-1"},"canonical":"https:\/\/verdadeon.com.br\/portal\/2026\/04\/30\/jovem-procurado-por-roubo-a-mao-armada-e-tentativa-de-latrocinio-e-preso-pela-dig\/","og_locale":"pt_BR","og_type":"article","og_title":"Jovem procurado por roubo \u00e0 m\u00e3o armada e tentativa de latroc\u00ednio \u00e9 preso pela DIG - VerdadeOn","og_description":"Um outro indiv\u00edduo, que auxiliou nos crimes, segue foragido Por Pedro Maia Editor-chefe Nesta quinta-feira, 30 de abril, a DIG (Delegacia de Investiga\u00e7\u00f5es Gerais) de Franca, [\u2026]","og_url":"https:\/\/verdadeon.com.br\/portal\/2026\/04\/30\/jovem-procurado-por-roubo-a-mao-armada-e-tentativa-de-latrocinio-e-preso-pela-dig\/","og_site_name":"VerdadeOn","article_published_time":"2026-04-30T14:59:06+00:00","og_image":[{"width":2000,"height":1414,"url":"https:\/\/verdadeon.com.br\/portal\/wp-content\/uploads\/2026\/04\/Documento-a4-placa-empurre-puxe-para-abrir-verde-2026-04-30T115747.722.jpg","type":"image\/jpeg"}],"author":"Redacao VerdadeOn","twitter_card":"summary_large_image","twitter_misc":{"Escrito por":"Redacao VerdadeOn","Est. tempo de leitura":"3 minutos"},"schema":{"@context":"https:\/\/schema.org","@graph":[{"@type":"WebPage","@id":"https:\/\/verdadeon.com.br\/portal\/2026\/04\/30\/jovem-procurado-por-roubo-a-mao-armada-e-tentativa-de-latrocinio-e-preso-pela-dig\/","url":"https:\/\/verdadeon.com.br\/portal\/2026\/04\/30\/jovem-procurado-por-roubo-a-mao-armada-e-tentativa-de-latrocinio-e-preso-pela-dig\/","name":"Jovem procurado por roubo \u00e0 m\u00e3o armada e tentativa de latroc\u00ednio \u00e9 preso pela DIG - VerdadeOn","isPartOf":{"@id":"https:\/\/verdadeon.com.br\/portal\/#website"},"primaryImageOfPage":{"@id":"https:\/\/verdadeon.com.br\/portal\/2026\/04\/30\/jovem-procurado-por-roubo-a-mao-armada-e-tentativa-de-latrocinio-e-preso-pela-dig\/#primaryimage"},"image":{"@id":"https:\/\/verdadeon.com.br\/portal\/2026\/04\/30\/jovem-procurado-por-roubo-a-mao-armada-e-tentativa-de-latrocinio-e-preso-pela-dig\/#primaryimage"},"thumbnailUrl":"https:\/\/i0.wp.com\/verdadeon.com.br\/portal\/wp-content\/uploads\/2026\/04\/Documento-a4-placa-empurre-puxe-para-abrir-verde-2026-04-30T115747.722.jpg?fit=2000%2C1414&ssl=1","datePublished":"2026-04-30T14:59:06+00:00","author":{"@id":"https:\/\/verdadeon.com.br\/portal\/#\/schema\/person\/a5060ad1e9ea3df545188fc93ce43d2f"},"breadcrumb":{"@id":"https:\/\/verdadeon.com.br\/portal\/2026\/04\/30\/jovem-procurado-por-roubo-a-mao-armada-e-tentativa-de-latrocinio-e-preso-pela-dig\/#breadcrumb"},"inLanguage":"pt-BR","potentialAction":[{"@type":"ReadAction","target":["https:\/\/verdadeon.com.br\/portal\/2026\/04\/30\/jovem-procurado-por-roubo-a-mao-armada-e-tentativa-de-latrocinio-e-preso-pela-dig\/"]}]},{"@type":"ImageObject","inLanguage":"pt-BR","@id":"https:\/\/verdadeon.com.br\/portal\/2026\/04\/30\/jovem-procurado-por-roubo-a-mao-armada-e-tentativa-de-latrocinio-e-preso-pela-dig\/#primaryimage","url":"https:\/\/i0.wp.com\/verdadeon.com.br\/portal\/wp-content\/uploads\/2026\/04\/Documento-a4-placa-empurre-puxe-para-abrir-verde-2026-04-30T115747.722.jpg?fit=2000%2C1414&ssl=1","contentUrl":"https:\/\/i0.wp.com\/verdadeon.com.br\/portal\/wp-content\/uploads\/2026\/04\/Documento-a4-placa-empurre-puxe-para-abrir-verde-2026-04-30T115747.722.jpg?fit=2000%2C1414&ssl=1","width":2000,"height":1414,"caption":"(\u00a9Divulga\u00e7\u00e3o\/DIG)"},{"@type":"BreadcrumbList","@id":"https:\/\/verdadeon.com.br\/portal\/2026\/04\/30\/jovem-procurado-por-roubo-a-mao-armada-e-tentativa-de-latrocinio-e-preso-pela-dig\/#breadcrumb","itemListElement":[{"@type":"ListItem","position":1,"name":"In\u00edcio","item":"https:\/\/verdadeon.com.br\/portal\/"},{"@type":"ListItem","position":2,"name":"Jovem procurado por roubo \u00e0 m\u00e3o armada e tentativa de latroc\u00ednio \u00e9 preso pela DIG"}]},{"@type":"WebSite","@id":"https:\/\/verdadeon.com.br\/portal\/#website","url":"https:\/\/verdadeon.com.br\/portal\/","name":"VerdadeOn","description":"Not\u00edcias di\u00e1rias sobre Franca, Regi\u00e3o, Esporte, Cultura, Cotidiano, Colunas. Cobertura nos principais eventos da cidade \u00e9 aqui - Verdadeon Franca","potentialAction":[{"@type":"SearchAction","target":{"@type":"EntryPoint","urlTemplate":"https:\/\/verdadeon.com.br\/portal\/?s={search_term_string}"},"query-input":{"@type":"PropertyValueSpecification","valueRequired":true,"valueName":"search_term_string"}}],"inLanguage":"pt-BR"},{"@type":"Person","@id":"https:\/\/verdadeon.com.br\/portal\/#\/schema\/person\/a5060ad1e9ea3df545188fc93ce43d2f","name":"Redacao VerdadeOn","image":{"@type":"ImageObject","inLanguage":"pt-BR","@id":"https:\/\/verdadeon.com.br\/portal\/#\/schema\/person\/image\/","url":"https:\/\/secure.gravatar.com\/avatar\/459a9613caaaf07f582c3d0841eea68bdd66f533e465e6ba8b9cb45619572cf4?s=96&d=mm&r=g","contentUrl":"https:\/\/secure.gravatar.com\/avatar\/459a9613caaaf07f582c3d0841eea68bdd66f533e465e6ba8b9cb45619572cf4?s=96&d=mm&r=g","caption":"Redacao VerdadeOn"},"url":"https:\/\/verdadeon.com.br\/portal\/author\/redacao\/"}]}},"jetpack_publicize_connections":[],"jetpack_featured_media_url":"https:\/\/i0.wp.com\/verdadeon.com.br\/portal\/wp-content\/uploads\/2026\/04\/Documento-a4-placa-empurre-puxe-para-abrir-verde-2026-04-30T115747.722.jpg?fit=2000%2C1414&ssl=1","jetpack_sharing_enabled":true,"_links":{"self":[{"href":"https:\/\/verdadeon.com.br\/portal\/wp-json\/wp\/v2\/posts\/66551","targetHints":{"allow":["GET"]}}],"collection":[{"href":"https:\/\/verdadeon.com.br\/portal\/wp-json\/wp\/v2\/posts"}],"about":[{"href":"https:\/\/verdadeon.com.br\/portal\/wp-json\/wp\/v2\/types\/post"}],"author":[{"embeddable":true,"href":"https:\/\/verdadeon.com.br\/portal\/wp-json\/wp\/v2\/users\/10"}],"replies":[{"embeddable":true,"href":"https:\/\/verdadeon.com.br\/portal\/wp-json\/wp\/v2\/comments?post=66551"}],"version-history":[{"count":1,"href":"https:\/\/verdadeon.com.br\/portal\/wp-json\/wp\/v2\/posts\/66551\/revisions"}],"predecessor-version":[{"id":66554,"href":"https:\/\/verdadeon.com.br\/portal\/wp-json\/wp\/v2\/posts\/66551\/revisions\/66554"}],"wp:featuredmedia":[{"embeddable":true,"href":"https:\/\/verdadeon.com.br\/portal\/wp-json\/wp\/v2\/media\/66552"}],"wp:attachment":[{"href":"https:\/\/verdadeon.com.br\/portal\/wp-json\/wp\/v2\/media?parent=66551"}],"wp:term":[{"taxonomy":"category","embeddable":true,"href":"https:\/\/verdadeon.com.br\/portal\/wp-json\/wp\/v2\/categories?post=66551"},{"taxonomy":"post_tag","embeddable":true,"href":"https:\/\/verdadeon.com.br\/portal\/wp-json\/wp\/v2\/tags?post=66551"}],"curies":[{"name":"wp","href":"https:\/\/api.w.org\/{rel}","templated":true}]}}