{"id":66544,"date":"2026-04-29T21:53:31","date_gmt":"2026-04-30T00:53:31","guid":{"rendered":"https:\/\/verdadeon.com.br\/portal\/?p=66544"},"modified":"2026-04-29T21:53:31","modified_gmt":"2026-04-30T00:53:31","slug":"senado-rejeita-indicacao-de-messias-para-o-stf","status":"publish","type":"post","link":"https:\/\/verdadeon.com.br\/portal\/2026\/04\/29\/senado-rejeita-indicacao-de-messias-para-o-stf\/","title":{"rendered":"Senado rejeita indica\u00e7\u00e3o de Messias para o STF"},"content":{"rendered":"<div class=\"header-noticia full-width\">\n<h2 class=\"linha-fina-noticia\">Foram 42 votos contr\u00e1rios e 34 favor\u00e1veis<\/h2>\n<\/div>\n<div class=\"subheader\">\n<div class=\"container-autoria\">\n<p><strong>O plen\u00e1rio do Senado rejeitou nesta quarta-feira (29) a indica\u00e7\u00e3o de Jorge Messias para o cargo de ministro do Supremo Tribunal Federal (STF).\u00a0Foram 42 votos contr\u00e1rios e 34 favor\u00e1veis.\u00a0<\/strong><img data-recalc-dims=\"1\" decoding=\"async\" src=\"https:\/\/i0.wp.com\/agenciabrasil.ebc.com.br\/ebc.png?w=1220&#038;ssl=1\" \/><img data-recalc-dims=\"1\" decoding=\"async\" src=\"https:\/\/i0.wp.com\/agenciabrasil.ebc.com.br\/ebc.gif?w=1220&#038;ssl=1\" \/><\/p>\n<p>Para que a indica\u00e7\u00e3o de Messias fosse aprovada eram necess\u00e1rios pelo menos 41 votos dos 81 senadores. Com a rejei\u00e7\u00e3o, a indica\u00e7\u00e3o foi arquivada.<\/p>\n<p><strong>Esta \u00e9 a primeira vez em mais de 130 anos que o nome de um indicado a ministro do STF \u00e9 rejeitado.\u00a0<\/strong>Antes desse per\u00edodo, apenas cinco indica\u00e7\u00f5es foram derrubadas pelos senadores: todas em 1894, no governo do marechal Floriano Peixoto.<\/p>\n<p>A vota\u00e7\u00e3o da indica\u00e7\u00e3o de Jorge Messias durou pouco mais de sete minutos. Senadores da oposi\u00e7\u00e3o comemoraram a derrota do governo, enquanto parlamentares da base governista estavam sem entender a situa\u00e7\u00e3o.<\/p>\n<p>Ap\u00f3s a rejei\u00e7\u00e3o, o presidente do Senado, Davi Alcolumbre (Uni\u00e3o-AP) encerrou a sess\u00e3o por volta das 19h15.<\/p>\n<p>O relator da indica\u00e7\u00e3o de Messias na Comiss\u00e3o de Constitui\u00e7\u00e3o e Justi\u00e7a (CCJ), Weverton Rocha (PDT-MA) chegou a dizer que a avalia\u00e7\u00e3o era de que Messias teria entre 45 e 48 votos pela sua aprova\u00e7\u00e3o.<\/p>\n<p>Antes da vota\u00e7\u00e3o, os senadores aprovaram indica\u00e7\u00f5es para vagas do Conselho Nacional do Minist\u00e9rio P\u00fablico (CNMP) e do Conselho Nacional de Justi\u00e7a. Tamb\u00e9m foram aprovadas as indica\u00e7\u00f5es de Margareth Rodrigues Costa, para ministra do Tribunal Superior do Trabalho (TST) e de Tarcijany\u00a0Linhares Aguiar Machado para o cargo de defensora p\u00fablica-geral federal\u00a0da\u00a0Defensoria P\u00fablica da Uni\u00e3o.<\/p>\n<p><strong>Mais cedo,\u00a0<a href=\"https:\/\/agenciabrasil.ebc.com.br\/politica\/noticia\/2026-04\/ccj-do-senado-aprova-nome-de-jorge-messias-para-o-stf\">a CCJ\u00a0havia aprovado\u00a0<\/a>o nome de Messias para o cargo de ministro da mais alta corte por 16 votos favor\u00e1veis e 11 contr\u00e1rios.<\/strong><\/p>\n<p>Durante a sabatina, Messias\u00a0<a href=\"https:\/\/agenciabrasil.ebc.com.br\/politica\/noticia\/2026-04\/messias-diz-que-conciliacao-e-melhor-solucao-para-conflitos-por-terra\">respondeu a perguntas<\/a>\u00a0de senadores da base governista e da oposi\u00e7\u00e3o.<\/p>\n<p>A indica\u00e7\u00e3o de Jorge Messias foi anunciada pelo presidente Luiz In\u00e1cio Lula da Silva\u00a0<a href=\"https:\/\/agenciabrasil.ebc.com.br\/justica\/noticia\/2025-11\/lula-indica-messias-para-vaga-de-barroso-no-stf\">h\u00e1 cerca de cinco meses<\/a>, mas a mensagem oficial com a indica\u00e7\u00e3o (MSF 7\/2026) s\u00f3\u00a0<a href=\"https:\/\/agenciabrasil.ebc.com.br\/politica\/noticia\/2026-04\/presidencia-da-republica-oficializa-indicacao-de-jorge-messias-ao-stf\">chegou ao Senado<\/a>\u00a0no in\u00edcio de abril.<\/p>\n<p>Ele foi indicado pelo governo federal\u00a0para assumir a vaga deixada pelo ministro Lu\u00eds Roberto Barroso, que anunciou\u00a0aposentadoria\u00a0antecipada da Corte e deixou o tribunal em outubro de 2025.<\/p>\n<p>Fonte: Ag\u00eancia Brasil<\/p>\n<\/div>\n<\/div>\n","protected":false},"excerpt":{"rendered":"<p>Foram 42 votos contr\u00e1rios e 34 favor\u00e1veis O plen\u00e1rio do Senado rejeitou nesta quarta-feira (29) a indica\u00e7\u00e3o de Jorge Messias para o cargo de ministro do<span class=\"excerpt-hellip\"> [\u2026]<\/span><\/p>\n","protected":false},"author":10,"featured_media":66545,"comment_status":"open","ping_status":"open","sticky":false,"template":"","format":"standard","meta":{"_jetpack_memberships_contains_paid_content":false,"footnotes":"","jetpack_publicize_message":"","jetpack_publicize_feature_enabled":true,"jetpack_social_post_already_shared":true,"jetpack_social_options":{"image_generator_settings":{"template":"highway","default_image_id":0,"enabled":false},"version":2}},"categories":[28,44],"tags":[],"class_list":["post-66544","post","type-post","status-publish","format-standard","has-post-thumbnail","hentry","category-cotidiano","category-noticias"],"yoast_head":"<!-- This site is optimized with the Yoast SEO plugin v25.6 - https:\/\/yoast.com\/wordpress\/plugins\/seo\/ -->\n<title>Senado rejeita indica\u00e7\u00e3o de Messias para o STF - VerdadeOn<\/title>\n<meta name=\"robots\" content=\"index, follow, max-snippet:-1, max-image-preview:large, max-video-preview:-1\" \/>\n<link rel=\"canonical\" href=\"https:\/\/verdadeon.com.br\/portal\/2026\/04\/29\/senado-rejeita-indicacao-de-messias-para-o-stf\/\" \/>\n<meta property=\"og:locale\" content=\"pt_BR\" \/>\n<meta property=\"og:type\" content=\"article\" \/>\n<meta property=\"og:title\" content=\"Senado rejeita indica\u00e7\u00e3o de Messias para o STF - VerdadeOn\" \/>\n<meta property=\"og:description\" content=\"Foram 42 votos contr\u00e1rios e 34 favor\u00e1veis O plen\u00e1rio do Senado rejeitou nesta quarta-feira (29) a indica\u00e7\u00e3o de Jorge Messias para o cargo de ministro do [\u2026]\" \/>\n<meta property=\"og:url\" content=\"https:\/\/verdadeon.com.br\/portal\/2026\/04\/29\/senado-rejeita-indicacao-de-messias-para-o-stf\/\" \/>\n<meta property=\"og:site_name\" content=\"VerdadeOn\" \/>\n<meta property=\"article:published_time\" content=\"2026-04-30T00:53:31+00:00\" \/>\n<meta property=\"og:image\" content=\"https:\/\/verdadeon.com.br\/portal\/wp-content\/uploads\/2026\/04\/0d9a4262.webp\" \/>\n\t<meta property=\"og:image:width\" content=\"1170\" \/>\n\t<meta property=\"og:image:height\" content=\"700\" \/>\n\t<meta property=\"og:image:type\" content=\"image\/webp\" \/>\n<meta name=\"author\" content=\"Redacao VerdadeOn\" \/>\n<meta name=\"twitter:card\" content=\"summary_large_image\" \/>\n<meta name=\"twitter:label1\" content=\"Escrito por\" \/>\n\t<meta name=\"twitter:data1\" content=\"Redacao VerdadeOn\" \/>\n\t<meta name=\"twitter:label2\" content=\"Est. tempo de leitura\" \/>\n\t<meta name=\"twitter:data2\" content=\"3 minutos\" \/>\n<script type=\"application\/ld+json\" class=\"yoast-schema-graph\">{\"@context\":\"https:\/\/schema.org\",\"@graph\":[{\"@type\":\"WebPage\",\"@id\":\"https:\/\/verdadeon.com.br\/portal\/2026\/04\/29\/senado-rejeita-indicacao-de-messias-para-o-stf\/\",\"url\":\"https:\/\/verdadeon.com.br\/portal\/2026\/04\/29\/senado-rejeita-indicacao-de-messias-para-o-stf\/\",\"name\":\"Senado rejeita indica\u00e7\u00e3o de Messias para o STF - VerdadeOn\",\"isPartOf\":{\"@id\":\"https:\/\/verdadeon.com.br\/portal\/#website\"},\"primaryImageOfPage\":{\"@id\":\"https:\/\/verdadeon.com.br\/portal\/2026\/04\/29\/senado-rejeita-indicacao-de-messias-para-o-stf\/#primaryimage\"},\"image\":{\"@id\":\"https:\/\/verdadeon.com.br\/portal\/2026\/04\/29\/senado-rejeita-indicacao-de-messias-para-o-stf\/#primaryimage\"},\"thumbnailUrl\":\"https:\/\/i0.wp.com\/verdadeon.com.br\/portal\/wp-content\/uploads\/2026\/04\/0d9a4262.webp?fit=1170%2C700&ssl=1\",\"datePublished\":\"2026-04-30T00:53:31+00:00\",\"author\":{\"@id\":\"https:\/\/verdadeon.com.br\/portal\/#\/schema\/person\/a5060ad1e9ea3df545188fc93ce43d2f\"},\"breadcrumb\":{\"@id\":\"https:\/\/verdadeon.com.br\/portal\/2026\/04\/29\/senado-rejeita-indicacao-de-messias-para-o-stf\/#breadcrumb\"},\"inLanguage\":\"pt-BR\",\"potentialAction\":[{\"@type\":\"ReadAction\",\"target\":[\"https:\/\/verdadeon.com.br\/portal\/2026\/04\/29\/senado-rejeita-indicacao-de-messias-para-o-stf\/\"]}]},{\"@type\":\"ImageObject\",\"inLanguage\":\"pt-BR\",\"@id\":\"https:\/\/verdadeon.com.br\/portal\/2026\/04\/29\/senado-rejeita-indicacao-de-messias-para-o-stf\/#primaryimage\",\"url\":\"https:\/\/i0.wp.com\/verdadeon.com.br\/portal\/wp-content\/uploads\/2026\/04\/0d9a4262.webp?fit=1170%2C700&ssl=1\",\"contentUrl\":\"https:\/\/i0.wp.com\/verdadeon.com.br\/portal\/wp-content\/uploads\/2026\/04\/0d9a4262.webp?fit=1170%2C700&ssl=1\",\"width\":1170,\"height\":700,\"caption\":\"(\u00a9Lula Marques\/Ag\u00eancia Brasil)\"},{\"@type\":\"BreadcrumbList\",\"@id\":\"https:\/\/verdadeon.com.br\/portal\/2026\/04\/29\/senado-rejeita-indicacao-de-messias-para-o-stf\/#breadcrumb\",\"itemListElement\":[{\"@type\":\"ListItem\",\"position\":1,\"name\":\"In\u00edcio\",\"item\":\"https:\/\/verdadeon.com.br\/portal\/\"},{\"@type\":\"ListItem\",\"position\":2,\"name\":\"Senado rejeita indica\u00e7\u00e3o de Messias para o STF\"}]},{\"@type\":\"WebSite\",\"@id\":\"https:\/\/verdadeon.com.br\/portal\/#website\",\"url\":\"https:\/\/verdadeon.com.br\/portal\/\",\"name\":\"VerdadeOn\",\"description\":\"Not\u00edcias di\u00e1rias sobre Franca, Regi\u00e3o, Esporte, Cultura, Cotidiano, Colunas. Cobertura nos principais eventos da cidade \u00e9 aqui - Verdadeon Franca\",\"potentialAction\":[{\"@type\":\"SearchAction\",\"target\":{\"@type\":\"EntryPoint\",\"urlTemplate\":\"https:\/\/verdadeon.com.br\/portal\/?s={search_term_string}\"},\"query-input\":{\"@type\":\"PropertyValueSpecification\",\"valueRequired\":true,\"valueName\":\"search_term_string\"}}],\"inLanguage\":\"pt-BR\"},{\"@type\":\"Person\",\"@id\":\"https:\/\/verdadeon.com.br\/portal\/#\/schema\/person\/a5060ad1e9ea3df545188fc93ce43d2f\",\"name\":\"Redacao VerdadeOn\",\"image\":{\"@type\":\"ImageObject\",\"inLanguage\":\"pt-BR\",\"@id\":\"https:\/\/verdadeon.com.br\/portal\/#\/schema\/person\/image\/\",\"url\":\"https:\/\/secure.gravatar.com\/avatar\/459a9613caaaf07f582c3d0841eea68bdd66f533e465e6ba8b9cb45619572cf4?s=96&d=mm&r=g\",\"contentUrl\":\"https:\/\/secure.gravatar.com\/avatar\/459a9613caaaf07f582c3d0841eea68bdd66f533e465e6ba8b9cb45619572cf4?s=96&d=mm&r=g\",\"caption\":\"Redacao VerdadeOn\"},\"url\":\"https:\/\/verdadeon.com.br\/portal\/author\/redacao\/\"}]}<\/script>\n<!-- \/ Yoast SEO plugin. -->","yoast_head_json":{"title":"Senado rejeita indica\u00e7\u00e3o de Messias para o STF - VerdadeOn","robots":{"index":"index","follow":"follow","max-snippet":"max-snippet:-1","max-image-preview":"max-image-preview:large","max-video-preview":"max-video-preview:-1"},"canonical":"https:\/\/verdadeon.com.br\/portal\/2026\/04\/29\/senado-rejeita-indicacao-de-messias-para-o-stf\/","og_locale":"pt_BR","og_type":"article","og_title":"Senado rejeita indica\u00e7\u00e3o de Messias para o STF - VerdadeOn","og_description":"Foram 42 votos contr\u00e1rios e 34 favor\u00e1veis O plen\u00e1rio do Senado rejeitou nesta quarta-feira (29) a indica\u00e7\u00e3o de Jorge Messias para o cargo de ministro do [\u2026]","og_url":"https:\/\/verdadeon.com.br\/portal\/2026\/04\/29\/senado-rejeita-indicacao-de-messias-para-o-stf\/","og_site_name":"VerdadeOn","article_published_time":"2026-04-30T00:53:31+00:00","og_image":[{"width":1170,"height":700,"url":"https:\/\/verdadeon.com.br\/portal\/wp-content\/uploads\/2026\/04\/0d9a4262.webp","type":"image\/webp"}],"author":"Redacao VerdadeOn","twitter_card":"summary_large_image","twitter_misc":{"Escrito por":"Redacao VerdadeOn","Est. tempo de leitura":"3 minutos"},"schema":{"@context":"https:\/\/schema.org","@graph":[{"@type":"WebPage","@id":"https:\/\/verdadeon.com.br\/portal\/2026\/04\/29\/senado-rejeita-indicacao-de-messias-para-o-stf\/","url":"https:\/\/verdadeon.com.br\/portal\/2026\/04\/29\/senado-rejeita-indicacao-de-messias-para-o-stf\/","name":"Senado rejeita indica\u00e7\u00e3o de Messias para o STF - VerdadeOn","isPartOf":{"@id":"https:\/\/verdadeon.com.br\/portal\/#website"},"primaryImageOfPage":{"@id":"https:\/\/verdadeon.com.br\/portal\/2026\/04\/29\/senado-rejeita-indicacao-de-messias-para-o-stf\/#primaryimage"},"image":{"@id":"https:\/\/verdadeon.com.br\/portal\/2026\/04\/29\/senado-rejeita-indicacao-de-messias-para-o-stf\/#primaryimage"},"thumbnailUrl":"https:\/\/i0.wp.com\/verdadeon.com.br\/portal\/wp-content\/uploads\/2026\/04\/0d9a4262.webp?fit=1170%2C700&ssl=1","datePublished":"2026-04-30T00:53:31+00:00","author":{"@id":"https:\/\/verdadeon.com.br\/portal\/#\/schema\/person\/a5060ad1e9ea3df545188fc93ce43d2f"},"breadcrumb":{"@id":"https:\/\/verdadeon.com.br\/portal\/2026\/04\/29\/senado-rejeita-indicacao-de-messias-para-o-stf\/#breadcrumb"},"inLanguage":"pt-BR","potentialAction":[{"@type":"ReadAction","target":["https:\/\/verdadeon.com.br\/portal\/2026\/04\/29\/senado-rejeita-indicacao-de-messias-para-o-stf\/"]}]},{"@type":"ImageObject","inLanguage":"pt-BR","@id":"https:\/\/verdadeon.com.br\/portal\/2026\/04\/29\/senado-rejeita-indicacao-de-messias-para-o-stf\/#primaryimage","url":"https:\/\/i0.wp.com\/verdadeon.com.br\/portal\/wp-content\/uploads\/2026\/04\/0d9a4262.webp?fit=1170%2C700&ssl=1","contentUrl":"https:\/\/i0.wp.com\/verdadeon.com.br\/portal\/wp-content\/uploads\/2026\/04\/0d9a4262.webp?fit=1170%2C700&ssl=1","width":1170,"height":700,"caption":"(\u00a9Lula Marques\/Ag\u00eancia Brasil)"},{"@type":"BreadcrumbList","@id":"https:\/\/verdadeon.com.br\/portal\/2026\/04\/29\/senado-rejeita-indicacao-de-messias-para-o-stf\/#breadcrumb","itemListElement":[{"@type":"ListItem","position":1,"name":"In\u00edcio","item":"https:\/\/verdadeon.com.br\/portal\/"},{"@type":"ListItem","position":2,"name":"Senado rejeita indica\u00e7\u00e3o de Messias para o STF"}]},{"@type":"WebSite","@id":"https:\/\/verdadeon.com.br\/portal\/#website","url":"https:\/\/verdadeon.com.br\/portal\/","name":"VerdadeOn","description":"Not\u00edcias di\u00e1rias sobre Franca, Regi\u00e3o, Esporte, Cultura, Cotidiano, Colunas. Cobertura nos principais eventos da cidade \u00e9 aqui - Verdadeon Franca","potentialAction":[{"@type":"SearchAction","target":{"@type":"EntryPoint","urlTemplate":"https:\/\/verdadeon.com.br\/portal\/?s={search_term_string}"},"query-input":{"@type":"PropertyValueSpecification","valueRequired":true,"valueName":"search_term_string"}}],"inLanguage":"pt-BR"},{"@type":"Person","@id":"https:\/\/verdadeon.com.br\/portal\/#\/schema\/person\/a5060ad1e9ea3df545188fc93ce43d2f","name":"Redacao VerdadeOn","image":{"@type":"ImageObject","inLanguage":"pt-BR","@id":"https:\/\/verdadeon.com.br\/portal\/#\/schema\/person\/image\/","url":"https:\/\/secure.gravatar.com\/avatar\/459a9613caaaf07f582c3d0841eea68bdd66f533e465e6ba8b9cb45619572cf4?s=96&d=mm&r=g","contentUrl":"https:\/\/secure.gravatar.com\/avatar\/459a9613caaaf07f582c3d0841eea68bdd66f533e465e6ba8b9cb45619572cf4?s=96&d=mm&r=g","caption":"Redacao VerdadeOn"},"url":"https:\/\/verdadeon.com.br\/portal\/author\/redacao\/"}]}},"jetpack_publicize_connections":[],"jetpack_featured_media_url":"https:\/\/i0.wp.com\/verdadeon.com.br\/portal\/wp-content\/uploads\/2026\/04\/0d9a4262.webp?fit=1170%2C700&ssl=1","jetpack_sharing_enabled":true,"_links":{"self":[{"href":"https:\/\/verdadeon.com.br\/portal\/wp-json\/wp\/v2\/posts\/66544","targetHints":{"allow":["GET"]}}],"collection":[{"href":"https:\/\/verdadeon.com.br\/portal\/wp-json\/wp\/v2\/posts"}],"about":[{"href":"https:\/\/verdadeon.com.br\/portal\/wp-json\/wp\/v2\/types\/post"}],"author":[{"embeddable":true,"href":"https:\/\/verdadeon.com.br\/portal\/wp-json\/wp\/v2\/users\/10"}],"replies":[{"embeddable":true,"href":"https:\/\/verdadeon.com.br\/portal\/wp-json\/wp\/v2\/comments?post=66544"}],"version-history":[{"count":1,"href":"https:\/\/verdadeon.com.br\/portal\/wp-json\/wp\/v2\/posts\/66544\/revisions"}],"predecessor-version":[{"id":66546,"href":"https:\/\/verdadeon.com.br\/portal\/wp-json\/wp\/v2\/posts\/66544\/revisions\/66546"}],"wp:featuredmedia":[{"embeddable":true,"href":"https:\/\/verdadeon.com.br\/portal\/wp-json\/wp\/v2\/media\/66545"}],"wp:attachment":[{"href":"https:\/\/verdadeon.com.br\/portal\/wp-json\/wp\/v2\/media?parent=66544"}],"wp:term":[{"taxonomy":"category","embeddable":true,"href":"https:\/\/verdadeon.com.br\/portal\/wp-json\/wp\/v2\/categories?post=66544"},{"taxonomy":"post_tag","embeddable":true,"href":"https:\/\/verdadeon.com.br\/portal\/wp-json\/wp\/v2\/tags?post=66544"}],"curies":[{"name":"wp","href":"https:\/\/api.w.org\/{rel}","templated":true}]}}