{"id":66526,"date":"2026-04-29T15:41:18","date_gmt":"2026-04-29T18:41:18","guid":{"rendered":"https:\/\/verdadeon.com.br\/portal\/?p=66526"},"modified":"2026-04-29T15:41:18","modified_gmt":"2026-04-29T18:41:18","slug":"familia-procura-por-mulher-de-32-anos-desaparecida-no-jardim-paulistano","status":"publish","type":"post","link":"https:\/\/verdadeon.com.br\/portal\/2026\/04\/29\/familia-procura-por-mulher-de-32-anos-desaparecida-no-jardim-paulistano\/","title":{"rendered":"Fam\u00edlia procura por mulher de 32 anos desaparecida no Jardim Paulistano"},"content":{"rendered":"<h2>Ela saiu de casa durante a madrugada, deixando todos os seus pertences<\/h2>\n<p style=\"text-align: right;\"><em><strong>Por Pedro Maia<\/strong><\/em><br \/>\n<em><strong>Editor-chefe<\/strong><\/em><\/p>\n<p>A Pol\u00edcia Civil de S\u00e3o Paulo, atrav\u00e9s do 3\u00b0 Distrito Policial de Franca, comunicou o desaparecimento de Debora de Souza Silva, de 33 anos, que n\u00e3o \u00e9 vista desde a madrugada do dia 25 de abril.<\/p>\n<p>Segundo a declarante Amanda de Souza Rodrigues, irm\u00e3 da desaparecida, Debora saiu da casa de sua m\u00e3e, no Jardim Paulistano, em hora incerta e sem avisar, enquanto todos estavam dormindo. Todos os seus pertences ficaram na resid\u00eancia, inclusive medicamentos que tomava contra a depress\u00e3o e ansiedade.<\/p>\n<p>De acordo com Amanda, dois dias antes do desaparecimento, sua irm\u00e3 relatou que seu ex-companheiro a havia agredido, tendo ela registrado um Boletim de Ocorr\u00eancia contra ele e solicitado medida protetiva.<\/p>\n<p>&#8220;J\u00e1 procuramos nas ruas, em albergues, hospitais e pens\u00f5es que ela j\u00e1 morou no centro da cidade de Franca, mas n\u00e3o a encontramos. Inclusive, o morador de uma pens\u00e3o da Rua Ouvidor Freire chegou a nos dizer que viu ela e o rapaz (suposto agressor) no s\u00e1bado e no domingo, mas que n\u00e3o sabia para onde teriam ido. Desde ent\u00e3o, n\u00e3o retornou e nem fez contato&#8221;, relatou Amanda \u00e0 Pol\u00edcia.<\/p>\n<p>A fam\u00edlia disponiblizou algumas imagens que podem colaborar no encontro de Debora. Caso algu\u00e9m a reconhe\u00e7a ou tenha informa\u00e7\u00f5es sobre seu paradeiro, entrar imediatamente em contato com Amanda atrav\u00e9s do telefone (16) 99414-5839. A Pol\u00edcia Civil tamb\u00e9m pode ser avisada pelo (16) 3722-2011 ou mesmo a Pol\u00edcia Militar, atrav\u00e9s do Disque 190..<\/p>\n<p><img data-recalc-dims=\"1\" loading=\"lazy\" decoding=\"async\" class=\"alignnone size-full wp-image-66528\" src=\"https:\/\/i0.wp.com\/verdadeon.com.br\/portal\/wp-content\/uploads\/2026\/04\/WhatsApp-Image-2026-04-29-at-08.47.44.jpeg?resize=1080%2C1081&#038;ssl=1\" alt=\"\" width=\"1080\" height=\"1081\" srcset=\"https:\/\/i0.wp.com\/verdadeon.com.br\/portal\/wp-content\/uploads\/2026\/04\/WhatsApp-Image-2026-04-29-at-08.47.44.jpeg?w=1080&amp;ssl=1 1080w, https:\/\/i0.wp.com\/verdadeon.com.br\/portal\/wp-content\/uploads\/2026\/04\/WhatsApp-Image-2026-04-29-at-08.47.44.jpeg?resize=300%2C300&amp;ssl=1 300w, https:\/\/i0.wp.com\/verdadeon.com.br\/portal\/wp-content\/uploads\/2026\/04\/WhatsApp-Image-2026-04-29-at-08.47.44.jpeg?resize=1024%2C1024&amp;ssl=1 1024w, https:\/\/i0.wp.com\/verdadeon.com.br\/portal\/wp-content\/uploads\/2026\/04\/WhatsApp-Image-2026-04-29-at-08.47.44.jpeg?resize=150%2C150&amp;ssl=1 150w, https:\/\/i0.wp.com\/verdadeon.com.br\/portal\/wp-content\/uploads\/2026\/04\/WhatsApp-Image-2026-04-29-at-08.47.44.jpeg?resize=768%2C769&amp;ssl=1 768w, https:\/\/i0.wp.com\/verdadeon.com.br\/portal\/wp-content\/uploads\/2026\/04\/WhatsApp-Image-2026-04-29-at-08.47.44.jpeg?resize=146%2C146&amp;ssl=1 146w, https:\/\/i0.wp.com\/verdadeon.com.br\/portal\/wp-content\/uploads\/2026\/04\/WhatsApp-Image-2026-04-29-at-08.47.44.jpeg?resize=50%2C50&amp;ssl=1 50w, https:\/\/i0.wp.com\/verdadeon.com.br\/portal\/wp-content\/uploads\/2026\/04\/WhatsApp-Image-2026-04-29-at-08.47.44.jpeg?resize=75%2C75&amp;ssl=1 75w, https:\/\/i0.wp.com\/verdadeon.com.br\/portal\/wp-content\/uploads\/2026\/04\/WhatsApp-Image-2026-04-29-at-08.47.44.jpeg?resize=85%2C85&amp;ssl=1 85w, https:\/\/i0.wp.com\/verdadeon.com.br\/portal\/wp-content\/uploads\/2026\/04\/WhatsApp-Image-2026-04-29-at-08.47.44.jpeg?resize=80%2C80&amp;ssl=1 80w\" sizes=\"auto, (max-width: 1080px) 100vw, 1080px\" \/><\/p>\n","protected":false},"excerpt":{"rendered":"<p>Ela saiu de casa durante a madrugada, deixando todos os seus pertences Por Pedro Maia Editor-chefe A Pol\u00edcia Civil de S\u00e3o Paulo, atrav\u00e9s do 3\u00b0 Distrito<span class=\"excerpt-hellip\"> [\u2026]<\/span><\/p>\n","protected":false},"author":10,"featured_media":66527,"comment_status":"open","ping_status":"open","sticky":false,"template":"","format":"standard","meta":{"_jetpack_memberships_contains_paid_content":false,"footnotes":"","jetpack_publicize_message":"","jetpack_publicize_feature_enabled":true,"jetpack_social_post_already_shared":true,"jetpack_social_options":{"image_generator_settings":{"template":"highway","default_image_id":0,"enabled":false},"version":2}},"categories":[28,81],"tags":[],"class_list":["post-66526","post","type-post","status-publish","format-standard","has-post-thumbnail","hentry","category-cotidiano","category-manchete"],"yoast_head":"<!-- This site is optimized with the Yoast SEO plugin v25.6 - https:\/\/yoast.com\/wordpress\/plugins\/seo\/ -->\n<title>Fam\u00edlia procura por mulher de 32 anos desaparecida no Jardim Paulistano - VerdadeOn<\/title>\n<meta name=\"robots\" content=\"index, follow, max-snippet:-1, max-image-preview:large, max-video-preview:-1\" \/>\n<link rel=\"canonical\" href=\"https:\/\/verdadeon.com.br\/portal\/2026\/04\/29\/familia-procura-por-mulher-de-32-anos-desaparecida-no-jardim-paulistano\/\" \/>\n<meta property=\"og:locale\" content=\"pt_BR\" \/>\n<meta property=\"og:type\" content=\"article\" \/>\n<meta property=\"og:title\" content=\"Fam\u00edlia procura por mulher de 32 anos desaparecida no Jardim Paulistano - VerdadeOn\" \/>\n<meta property=\"og:description\" content=\"Ela saiu de casa durante a madrugada, deixando todos os seus pertences Por Pedro Maia Editor-chefe A Pol\u00edcia Civil de S\u00e3o Paulo, atrav\u00e9s do 3\u00b0 Distrito [\u2026]\" \/>\n<meta property=\"og:url\" content=\"https:\/\/verdadeon.com.br\/portal\/2026\/04\/29\/familia-procura-por-mulher-de-32-anos-desaparecida-no-jardim-paulistano\/\" \/>\n<meta property=\"og:site_name\" content=\"VerdadeOn\" \/>\n<meta property=\"article:published_time\" content=\"2026-04-29T18:41:18+00:00\" \/>\n<meta property=\"og:image\" content=\"https:\/\/verdadeon.com.br\/portal\/wp-content\/uploads\/2026\/04\/Documento-a4-placa-empurre-puxe-para-abrir-verde-2026-04-29T153936.543.jpg\" \/>\n\t<meta property=\"og:image:width\" content=\"2000\" \/>\n\t<meta property=\"og:image:height\" content=\"1414\" \/>\n\t<meta property=\"og:image:type\" content=\"image\/jpeg\" \/>\n<meta name=\"author\" content=\"Redacao VerdadeOn\" \/>\n<meta name=\"twitter:card\" content=\"summary_large_image\" \/>\n<meta name=\"twitter:label1\" content=\"Escrito por\" \/>\n\t<meta name=\"twitter:data1\" content=\"Redacao VerdadeOn\" \/>\n\t<meta name=\"twitter:label2\" content=\"Est. tempo de leitura\" \/>\n\t<meta name=\"twitter:data2\" content=\"2 minutos\" \/>\n<script type=\"application\/ld+json\" class=\"yoast-schema-graph\">{\"@context\":\"https:\/\/schema.org\",\"@graph\":[{\"@type\":\"WebPage\",\"@id\":\"https:\/\/verdadeon.com.br\/portal\/2026\/04\/29\/familia-procura-por-mulher-de-32-anos-desaparecida-no-jardim-paulistano\/\",\"url\":\"https:\/\/verdadeon.com.br\/portal\/2026\/04\/29\/familia-procura-por-mulher-de-32-anos-desaparecida-no-jardim-paulistano\/\",\"name\":\"Fam\u00edlia procura por mulher de 32 anos desaparecida no Jardim Paulistano - VerdadeOn\",\"isPartOf\":{\"@id\":\"https:\/\/verdadeon.com.br\/portal\/#website\"},\"primaryImageOfPage\":{\"@id\":\"https:\/\/verdadeon.com.br\/portal\/2026\/04\/29\/familia-procura-por-mulher-de-32-anos-desaparecida-no-jardim-paulistano\/#primaryimage\"},\"image\":{\"@id\":\"https:\/\/verdadeon.com.br\/portal\/2026\/04\/29\/familia-procura-por-mulher-de-32-anos-desaparecida-no-jardim-paulistano\/#primaryimage\"},\"thumbnailUrl\":\"https:\/\/i0.wp.com\/verdadeon.com.br\/portal\/wp-content\/uploads\/2026\/04\/Documento-a4-placa-empurre-puxe-para-abrir-verde-2026-04-29T153936.543.jpg?fit=2000%2C1414&ssl=1\",\"datePublished\":\"2026-04-29T18:41:18+00:00\",\"author\":{\"@id\":\"https:\/\/verdadeon.com.br\/portal\/#\/schema\/person\/a5060ad1e9ea3df545188fc93ce43d2f\"},\"breadcrumb\":{\"@id\":\"https:\/\/verdadeon.com.br\/portal\/2026\/04\/29\/familia-procura-por-mulher-de-32-anos-desaparecida-no-jardim-paulistano\/#breadcrumb\"},\"inLanguage\":\"pt-BR\",\"potentialAction\":[{\"@type\":\"ReadAction\",\"target\":[\"https:\/\/verdadeon.com.br\/portal\/2026\/04\/29\/familia-procura-por-mulher-de-32-anos-desaparecida-no-jardim-paulistano\/\"]}]},{\"@type\":\"ImageObject\",\"inLanguage\":\"pt-BR\",\"@id\":\"https:\/\/verdadeon.com.br\/portal\/2026\/04\/29\/familia-procura-por-mulher-de-32-anos-desaparecida-no-jardim-paulistano\/#primaryimage\",\"url\":\"https:\/\/i0.wp.com\/verdadeon.com.br\/portal\/wp-content\/uploads\/2026\/04\/Documento-a4-placa-empurre-puxe-para-abrir-verde-2026-04-29T153936.543.jpg?fit=2000%2C1414&ssl=1\",\"contentUrl\":\"https:\/\/i0.wp.com\/verdadeon.com.br\/portal\/wp-content\/uploads\/2026\/04\/Documento-a4-placa-empurre-puxe-para-abrir-verde-2026-04-29T153936.543.jpg?fit=2000%2C1414&ssl=1\",\"width\":2000,\"height\":1414,\"caption\":\"Debora de Souza Silva, desaparecida desde o \u00faltimo dia 25 de abril (\u00a9Divulga\u00e7\u00e3o\/PC)\"},{\"@type\":\"BreadcrumbList\",\"@id\":\"https:\/\/verdadeon.com.br\/portal\/2026\/04\/29\/familia-procura-por-mulher-de-32-anos-desaparecida-no-jardim-paulistano\/#breadcrumb\",\"itemListElement\":[{\"@type\":\"ListItem\",\"position\":1,\"name\":\"In\u00edcio\",\"item\":\"https:\/\/verdadeon.com.br\/portal\/\"},{\"@type\":\"ListItem\",\"position\":2,\"name\":\"Fam\u00edlia procura por mulher de 32 anos desaparecida no Jardim Paulistano\"}]},{\"@type\":\"WebSite\",\"@id\":\"https:\/\/verdadeon.com.br\/portal\/#website\",\"url\":\"https:\/\/verdadeon.com.br\/portal\/\",\"name\":\"VerdadeOn\",\"description\":\"Not\u00edcias di\u00e1rias sobre Franca, Regi\u00e3o, Esporte, Cultura, Cotidiano, Colunas. Cobertura nos principais eventos da cidade \u00e9 aqui - Verdadeon Franca\",\"potentialAction\":[{\"@type\":\"SearchAction\",\"target\":{\"@type\":\"EntryPoint\",\"urlTemplate\":\"https:\/\/verdadeon.com.br\/portal\/?s={search_term_string}\"},\"query-input\":{\"@type\":\"PropertyValueSpecification\",\"valueRequired\":true,\"valueName\":\"search_term_string\"}}],\"inLanguage\":\"pt-BR\"},{\"@type\":\"Person\",\"@id\":\"https:\/\/verdadeon.com.br\/portal\/#\/schema\/person\/a5060ad1e9ea3df545188fc93ce43d2f\",\"name\":\"Redacao VerdadeOn\",\"image\":{\"@type\":\"ImageObject\",\"inLanguage\":\"pt-BR\",\"@id\":\"https:\/\/verdadeon.com.br\/portal\/#\/schema\/person\/image\/\",\"url\":\"https:\/\/secure.gravatar.com\/avatar\/459a9613caaaf07f582c3d0841eea68bdd66f533e465e6ba8b9cb45619572cf4?s=96&d=mm&r=g\",\"contentUrl\":\"https:\/\/secure.gravatar.com\/avatar\/459a9613caaaf07f582c3d0841eea68bdd66f533e465e6ba8b9cb45619572cf4?s=96&d=mm&r=g\",\"caption\":\"Redacao VerdadeOn\"},\"url\":\"https:\/\/verdadeon.com.br\/portal\/author\/redacao\/\"}]}<\/script>\n<!-- \/ Yoast SEO plugin. -->","yoast_head_json":{"title":"Fam\u00edlia procura por mulher de 32 anos desaparecida no Jardim Paulistano - VerdadeOn","robots":{"index":"index","follow":"follow","max-snippet":"max-snippet:-1","max-image-preview":"max-image-preview:large","max-video-preview":"max-video-preview:-1"},"canonical":"https:\/\/verdadeon.com.br\/portal\/2026\/04\/29\/familia-procura-por-mulher-de-32-anos-desaparecida-no-jardim-paulistano\/","og_locale":"pt_BR","og_type":"article","og_title":"Fam\u00edlia procura por mulher de 32 anos desaparecida no Jardim Paulistano - VerdadeOn","og_description":"Ela saiu de casa durante a madrugada, deixando todos os seus pertences Por Pedro Maia Editor-chefe A Pol\u00edcia Civil de S\u00e3o Paulo, atrav\u00e9s do 3\u00b0 Distrito [\u2026]","og_url":"https:\/\/verdadeon.com.br\/portal\/2026\/04\/29\/familia-procura-por-mulher-de-32-anos-desaparecida-no-jardim-paulistano\/","og_site_name":"VerdadeOn","article_published_time":"2026-04-29T18:41:18+00:00","og_image":[{"width":2000,"height":1414,"url":"https:\/\/verdadeon.com.br\/portal\/wp-content\/uploads\/2026\/04\/Documento-a4-placa-empurre-puxe-para-abrir-verde-2026-04-29T153936.543.jpg","type":"image\/jpeg"}],"author":"Redacao VerdadeOn","twitter_card":"summary_large_image","twitter_misc":{"Escrito por":"Redacao VerdadeOn","Est. tempo de leitura":"2 minutos"},"schema":{"@context":"https:\/\/schema.org","@graph":[{"@type":"WebPage","@id":"https:\/\/verdadeon.com.br\/portal\/2026\/04\/29\/familia-procura-por-mulher-de-32-anos-desaparecida-no-jardim-paulistano\/","url":"https:\/\/verdadeon.com.br\/portal\/2026\/04\/29\/familia-procura-por-mulher-de-32-anos-desaparecida-no-jardim-paulistano\/","name":"Fam\u00edlia procura por mulher de 32 anos desaparecida no Jardim Paulistano - VerdadeOn","isPartOf":{"@id":"https:\/\/verdadeon.com.br\/portal\/#website"},"primaryImageOfPage":{"@id":"https:\/\/verdadeon.com.br\/portal\/2026\/04\/29\/familia-procura-por-mulher-de-32-anos-desaparecida-no-jardim-paulistano\/#primaryimage"},"image":{"@id":"https:\/\/verdadeon.com.br\/portal\/2026\/04\/29\/familia-procura-por-mulher-de-32-anos-desaparecida-no-jardim-paulistano\/#primaryimage"},"thumbnailUrl":"https:\/\/i0.wp.com\/verdadeon.com.br\/portal\/wp-content\/uploads\/2026\/04\/Documento-a4-placa-empurre-puxe-para-abrir-verde-2026-04-29T153936.543.jpg?fit=2000%2C1414&ssl=1","datePublished":"2026-04-29T18:41:18+00:00","author":{"@id":"https:\/\/verdadeon.com.br\/portal\/#\/schema\/person\/a5060ad1e9ea3df545188fc93ce43d2f"},"breadcrumb":{"@id":"https:\/\/verdadeon.com.br\/portal\/2026\/04\/29\/familia-procura-por-mulher-de-32-anos-desaparecida-no-jardim-paulistano\/#breadcrumb"},"inLanguage":"pt-BR","potentialAction":[{"@type":"ReadAction","target":["https:\/\/verdadeon.com.br\/portal\/2026\/04\/29\/familia-procura-por-mulher-de-32-anos-desaparecida-no-jardim-paulistano\/"]}]},{"@type":"ImageObject","inLanguage":"pt-BR","@id":"https:\/\/verdadeon.com.br\/portal\/2026\/04\/29\/familia-procura-por-mulher-de-32-anos-desaparecida-no-jardim-paulistano\/#primaryimage","url":"https:\/\/i0.wp.com\/verdadeon.com.br\/portal\/wp-content\/uploads\/2026\/04\/Documento-a4-placa-empurre-puxe-para-abrir-verde-2026-04-29T153936.543.jpg?fit=2000%2C1414&ssl=1","contentUrl":"https:\/\/i0.wp.com\/verdadeon.com.br\/portal\/wp-content\/uploads\/2026\/04\/Documento-a4-placa-empurre-puxe-para-abrir-verde-2026-04-29T153936.543.jpg?fit=2000%2C1414&ssl=1","width":2000,"height":1414,"caption":"Debora de Souza Silva, desaparecida desde o \u00faltimo dia 25 de abril (\u00a9Divulga\u00e7\u00e3o\/PC)"},{"@type":"BreadcrumbList","@id":"https:\/\/verdadeon.com.br\/portal\/2026\/04\/29\/familia-procura-por-mulher-de-32-anos-desaparecida-no-jardim-paulistano\/#breadcrumb","itemListElement":[{"@type":"ListItem","position":1,"name":"In\u00edcio","item":"https:\/\/verdadeon.com.br\/portal\/"},{"@type":"ListItem","position":2,"name":"Fam\u00edlia procura por mulher de 32 anos desaparecida no Jardim Paulistano"}]},{"@type":"WebSite","@id":"https:\/\/verdadeon.com.br\/portal\/#website","url":"https:\/\/verdadeon.com.br\/portal\/","name":"VerdadeOn","description":"Not\u00edcias di\u00e1rias sobre Franca, Regi\u00e3o, Esporte, Cultura, Cotidiano, Colunas. Cobertura nos principais eventos da cidade \u00e9 aqui - Verdadeon Franca","potentialAction":[{"@type":"SearchAction","target":{"@type":"EntryPoint","urlTemplate":"https:\/\/verdadeon.com.br\/portal\/?s={search_term_string}"},"query-input":{"@type":"PropertyValueSpecification","valueRequired":true,"valueName":"search_term_string"}}],"inLanguage":"pt-BR"},{"@type":"Person","@id":"https:\/\/verdadeon.com.br\/portal\/#\/schema\/person\/a5060ad1e9ea3df545188fc93ce43d2f","name":"Redacao VerdadeOn","image":{"@type":"ImageObject","inLanguage":"pt-BR","@id":"https:\/\/verdadeon.com.br\/portal\/#\/schema\/person\/image\/","url":"https:\/\/secure.gravatar.com\/avatar\/459a9613caaaf07f582c3d0841eea68bdd66f533e465e6ba8b9cb45619572cf4?s=96&d=mm&r=g","contentUrl":"https:\/\/secure.gravatar.com\/avatar\/459a9613caaaf07f582c3d0841eea68bdd66f533e465e6ba8b9cb45619572cf4?s=96&d=mm&r=g","caption":"Redacao VerdadeOn"},"url":"https:\/\/verdadeon.com.br\/portal\/author\/redacao\/"}]}},"jetpack_publicize_connections":[],"jetpack_featured_media_url":"https:\/\/i0.wp.com\/verdadeon.com.br\/portal\/wp-content\/uploads\/2026\/04\/Documento-a4-placa-empurre-puxe-para-abrir-verde-2026-04-29T153936.543.jpg?fit=2000%2C1414&ssl=1","jetpack_sharing_enabled":true,"_links":{"self":[{"href":"https:\/\/verdadeon.com.br\/portal\/wp-json\/wp\/v2\/posts\/66526","targetHints":{"allow":["GET"]}}],"collection":[{"href":"https:\/\/verdadeon.com.br\/portal\/wp-json\/wp\/v2\/posts"}],"about":[{"href":"https:\/\/verdadeon.com.br\/portal\/wp-json\/wp\/v2\/types\/post"}],"author":[{"embeddable":true,"href":"https:\/\/verdadeon.com.br\/portal\/wp-json\/wp\/v2\/users\/10"}],"replies":[{"embeddable":true,"href":"https:\/\/verdadeon.com.br\/portal\/wp-json\/wp\/v2\/comments?post=66526"}],"version-history":[{"count":1,"href":"https:\/\/verdadeon.com.br\/portal\/wp-json\/wp\/v2\/posts\/66526\/revisions"}],"predecessor-version":[{"id":66529,"href":"https:\/\/verdadeon.com.br\/portal\/wp-json\/wp\/v2\/posts\/66526\/revisions\/66529"}],"wp:featuredmedia":[{"embeddable":true,"href":"https:\/\/verdadeon.com.br\/portal\/wp-json\/wp\/v2\/media\/66527"}],"wp:attachment":[{"href":"https:\/\/verdadeon.com.br\/portal\/wp-json\/wp\/v2\/media?parent=66526"}],"wp:term":[{"taxonomy":"category","embeddable":true,"href":"https:\/\/verdadeon.com.br\/portal\/wp-json\/wp\/v2\/categories?post=66526"},{"taxonomy":"post_tag","embeddable":true,"href":"https:\/\/verdadeon.com.br\/portal\/wp-json\/wp\/v2\/tags?post=66526"}],"curies":[{"name":"wp","href":"https:\/\/api.w.org\/{rel}","templated":true}]}}