{"id":66509,"date":"2026-04-29T12:43:11","date_gmt":"2026-04-29T15:43:11","guid":{"rendered":"https:\/\/verdadeon.com.br\/portal\/?p=66509"},"modified":"2026-04-29T12:43:11","modified_gmt":"2026-04-29T15:43:11","slug":"nova-vistoria-e-realizada-na-ponte-da-divisa-entre-rifaina-sp-e-sacramento-mg","status":"publish","type":"post","link":"https:\/\/verdadeon.com.br\/portal\/2026\/04\/29\/nova-vistoria-e-realizada-na-ponte-da-divisa-entre-rifaina-sp-e-sacramento-mg\/","title":{"rendered":"Nova vistoria \u00e9 realizada na Ponte da Divisa, entre Rifaina-SP e Sacramento-MG"},"content":{"rendered":"<h2>Inspe\u00e7\u00e3o foi realizada pelo IPT (Instituto de Pesquisa Tecnol\u00f3gicas)<\/h2>\n<p style=\"text-align: right;\"><strong><em>Por Pedro Maia<\/em><\/strong><br \/>\n<strong><em>Editor-chefe<\/em><\/strong><\/p>\n<p>Nesta ter\u00e7a-feira, 28 de abril, uma nova vistoria de inspe\u00e7\u00e3o especial (detalhada) foi realizada nas estruturas da Ponte de Divisa &#8211; Sobre o Rio Grande &#8211; que separa os estados de Rifaina-SP e Sacramento-MG.<\/p>\n<p>A vistoria foi realizada pela IPT (Instituto de Pesquisa Tecnol\u00f3gicas), acompanhados de engenheiros do DER\/SP (Departamento de Estradas de Rodagem do Estado de S\u00e3o Paulo) e a Coordenadoria de Defesa Civil Municipal de Rifaina, avaliando a seguran\u00e7a, integridade e durabilidade de Obras de Arte Especiais (OAEs).<\/p>\n<p>O IPT realiza inspe\u00e7\u00f5es (rotineiras, especiais e de recebimento) seguindo a NBR 9452 para diagnosticar patologias, emitir laudos e recomendar interven\u00e7\u00f5es. O Instituto, vinculado ao Governo de S\u00e3o Paulo, \u00e9 um dos maiores centros de pesquisa aplicada e desenvolvimento tecnol\u00f3gico do Brasil. Ele atua com pesquisa, servi\u00e7os tecnol\u00f3gicos, inova\u00e7\u00e3o e pol\u00edticas p\u00fablicas.<\/p>\n<div id=\"attachment_66511\" style=\"width: 970px\" class=\"wp-caption alignnone\"><img data-recalc-dims=\"1\" loading=\"lazy\" decoding=\"async\" aria-describedby=\"caption-attachment-66511\" class=\"size-full wp-image-66511\" src=\"https:\/\/i0.wp.com\/verdadeon.com.br\/portal\/wp-content\/uploads\/2026\/04\/WhatsApp-Image-2026-04-28-at-19.30.59.jpeg?resize=960%2C1280&#038;ssl=1\" alt=\"\" width=\"960\" height=\"1280\" srcset=\"https:\/\/i0.wp.com\/verdadeon.com.br\/portal\/wp-content\/uploads\/2026\/04\/WhatsApp-Image-2026-04-28-at-19.30.59.jpeg?w=960&amp;ssl=1 960w, https:\/\/i0.wp.com\/verdadeon.com.br\/portal\/wp-content\/uploads\/2026\/04\/WhatsApp-Image-2026-04-28-at-19.30.59.jpeg?resize=225%2C300&amp;ssl=1 225w, https:\/\/i0.wp.com\/verdadeon.com.br\/portal\/wp-content\/uploads\/2026\/04\/WhatsApp-Image-2026-04-28-at-19.30.59.jpeg?resize=768%2C1024&amp;ssl=1 768w, https:\/\/i0.wp.com\/verdadeon.com.br\/portal\/wp-content\/uploads\/2026\/04\/WhatsApp-Image-2026-04-28-at-19.30.59.jpeg?resize=110%2C146&amp;ssl=1 110w, https:\/\/i0.wp.com\/verdadeon.com.br\/portal\/wp-content\/uploads\/2026\/04\/WhatsApp-Image-2026-04-28-at-19.30.59.jpeg?resize=38%2C50&amp;ssl=1 38w, https:\/\/i0.wp.com\/verdadeon.com.br\/portal\/wp-content\/uploads\/2026\/04\/WhatsApp-Image-2026-04-28-at-19.30.59.jpeg?resize=56%2C75&amp;ssl=1 56w\" sizes=\"auto, (max-width: 960px) 100vw, 960px\" \/><p id=\"caption-attachment-66511\" class=\"wp-caption-text\">Fiscaliza\u00e7\u00e3o do IPT na Ponte de Divisa &#8211; sobre o Rio Grande &#8211; entre Rifaina-SP e Sacramento-MG (\u00a9Divulga\u00e7\u00e3o)<\/p><\/div>\n<p><strong>Medida<\/strong><\/p>\n<p>Tal medida adotou-se em continuidade a determina\u00e7\u00e3o judicial de reparos emergenciais e obras de restaura\u00e7\u00e3o na ponte entre SP e MG, que enfrenta um s\u00e9rio problema de falta de programas efetivos de inspe\u00e7\u00e3o e manuten\u00e7\u00e3o peri\u00f3dicas no decorrer dos anos. Essa defici\u00eancia vem resultando em diversas patologias que comprometem a seguran\u00e7a, funcionalidade e durabilidade dessas estruturas, podendo levar a constantes interdi\u00e7\u00f5es emergenciais futuras da via. Tais interdi\u00e7\u00f5es, por sua vez, podem agravar ainda mais os complexos problemas de mobilidade entre os dois Estados.<\/p>\n<p>O Munic\u00edpio de Rifaina, atrav\u00e9s do sua Coordenadoria Municipal de Defesa Civil, agradece o Acordo de Coopera\u00e7\u00e3o celebrado entre o Instituto de Pesquisas Tecnol\u00f3gicas do Estado de S\u00e3o Paulo S.A. \u2013 IPT e o Estado de S\u00e3o Paulo, por interm\u00e9dio da Casa Militar do Gabinete do Governador, e essa por sua Coordenadoria Estadual de Prote\u00e7\u00e3o e Defesa Civil. A Coordenadoria tamb\u00e9m agradece o apoio aqu\u00e1tico da Rota do Mergulho, atrav\u00e9s de seu colaborador Murilo, que deu total apoio a equipe.<\/p>\n<p><img data-recalc-dims=\"1\" loading=\"lazy\" decoding=\"async\" class=\"alignnone size-full wp-image-66512\" src=\"https:\/\/i0.wp.com\/verdadeon.com.br\/portal\/wp-content\/uploads\/2026\/04\/WhatsApp-Image-2026-04-28-at-19.30.55-1.jpeg?resize=960%2C1280&#038;ssl=1\" alt=\"\" width=\"960\" height=\"1280\" srcset=\"https:\/\/i0.wp.com\/verdadeon.com.br\/portal\/wp-content\/uploads\/2026\/04\/WhatsApp-Image-2026-04-28-at-19.30.55-1.jpeg?w=960&amp;ssl=1 960w, https:\/\/i0.wp.com\/verdadeon.com.br\/portal\/wp-content\/uploads\/2026\/04\/WhatsApp-Image-2026-04-28-at-19.30.55-1.jpeg?resize=225%2C300&amp;ssl=1 225w, https:\/\/i0.wp.com\/verdadeon.com.br\/portal\/wp-content\/uploads\/2026\/04\/WhatsApp-Image-2026-04-28-at-19.30.55-1.jpeg?resize=768%2C1024&amp;ssl=1 768w, https:\/\/i0.wp.com\/verdadeon.com.br\/portal\/wp-content\/uploads\/2026\/04\/WhatsApp-Image-2026-04-28-at-19.30.55-1.jpeg?resize=110%2C146&amp;ssl=1 110w, https:\/\/i0.wp.com\/verdadeon.com.br\/portal\/wp-content\/uploads\/2026\/04\/WhatsApp-Image-2026-04-28-at-19.30.55-1.jpeg?resize=38%2C50&amp;ssl=1 38w, https:\/\/i0.wp.com\/verdadeon.com.br\/portal\/wp-content\/uploads\/2026\/04\/WhatsApp-Image-2026-04-28-at-19.30.55-1.jpeg?resize=56%2C75&amp;ssl=1 56w\" sizes=\"auto, (max-width: 960px) 100vw, 960px\" \/> <img data-recalc-dims=\"1\" loading=\"lazy\" decoding=\"async\" class=\"alignnone size-full wp-image-66515\" src=\"https:\/\/i0.wp.com\/verdadeon.com.br\/portal\/wp-content\/uploads\/2026\/04\/WhatsApp-Image-2026-04-28-at-19.30.37.jpeg?resize=720%2C1280&#038;ssl=1\" alt=\"\" width=\"720\" height=\"1280\" srcset=\"https:\/\/i0.wp.com\/verdadeon.com.br\/portal\/wp-content\/uploads\/2026\/04\/WhatsApp-Image-2026-04-28-at-19.30.37.jpeg?w=720&amp;ssl=1 720w, https:\/\/i0.wp.com\/verdadeon.com.br\/portal\/wp-content\/uploads\/2026\/04\/WhatsApp-Image-2026-04-28-at-19.30.37.jpeg?resize=169%2C300&amp;ssl=1 169w, https:\/\/i0.wp.com\/verdadeon.com.br\/portal\/wp-content\/uploads\/2026\/04\/WhatsApp-Image-2026-04-28-at-19.30.37.jpeg?resize=576%2C1024&amp;ssl=1 576w, https:\/\/i0.wp.com\/verdadeon.com.br\/portal\/wp-content\/uploads\/2026\/04\/WhatsApp-Image-2026-04-28-at-19.30.37.jpeg?resize=82%2C146&amp;ssl=1 82w, https:\/\/i0.wp.com\/verdadeon.com.br\/portal\/wp-content\/uploads\/2026\/04\/WhatsApp-Image-2026-04-28-at-19.30.37.jpeg?resize=28%2C50&amp;ssl=1 28w, https:\/\/i0.wp.com\/verdadeon.com.br\/portal\/wp-content\/uploads\/2026\/04\/WhatsApp-Image-2026-04-28-at-19.30.37.jpeg?resize=42%2C75&amp;ssl=1 42w\" sizes=\"auto, (max-width: 720px) 100vw, 720px\" \/> <img data-recalc-dims=\"1\" loading=\"lazy\" decoding=\"async\" class=\"alignnone size-full wp-image-66514\" src=\"https:\/\/i0.wp.com\/verdadeon.com.br\/portal\/wp-content\/uploads\/2026\/04\/WhatsApp-Image-2026-04-28-at-19.30.55.jpeg?resize=960%2C1280&#038;ssl=1\" alt=\"\" width=\"960\" height=\"1280\" srcset=\"https:\/\/i0.wp.com\/verdadeon.com.br\/portal\/wp-content\/uploads\/2026\/04\/WhatsApp-Image-2026-04-28-at-19.30.55.jpeg?w=960&amp;ssl=1 960w, https:\/\/i0.wp.com\/verdadeon.com.br\/portal\/wp-content\/uploads\/2026\/04\/WhatsApp-Image-2026-04-28-at-19.30.55.jpeg?resize=225%2C300&amp;ssl=1 225w, https:\/\/i0.wp.com\/verdadeon.com.br\/portal\/wp-content\/uploads\/2026\/04\/WhatsApp-Image-2026-04-28-at-19.30.55.jpeg?resize=768%2C1024&amp;ssl=1 768w, https:\/\/i0.wp.com\/verdadeon.com.br\/portal\/wp-content\/uploads\/2026\/04\/WhatsApp-Image-2026-04-28-at-19.30.55.jpeg?resize=110%2C146&amp;ssl=1 110w, https:\/\/i0.wp.com\/verdadeon.com.br\/portal\/wp-content\/uploads\/2026\/04\/WhatsApp-Image-2026-04-28-at-19.30.55.jpeg?resize=38%2C50&amp;ssl=1 38w, https:\/\/i0.wp.com\/verdadeon.com.br\/portal\/wp-content\/uploads\/2026\/04\/WhatsApp-Image-2026-04-28-at-19.30.55.jpeg?resize=56%2C75&amp;ssl=1 56w\" sizes=\"auto, (max-width: 960px) 100vw, 960px\" \/> <img data-recalc-dims=\"1\" loading=\"lazy\" decoding=\"async\" class=\"alignnone size-full wp-image-66513\" src=\"https:\/\/i0.wp.com\/verdadeon.com.br\/portal\/wp-content\/uploads\/2026\/04\/WhatsApp-Image-2026-04-28-at-19.30.57.jpeg?resize=960%2C1280&#038;ssl=1\" alt=\"\" width=\"960\" height=\"1280\" srcset=\"https:\/\/i0.wp.com\/verdadeon.com.br\/portal\/wp-content\/uploads\/2026\/04\/WhatsApp-Image-2026-04-28-at-19.30.57.jpeg?w=960&amp;ssl=1 960w, https:\/\/i0.wp.com\/verdadeon.com.br\/portal\/wp-content\/uploads\/2026\/04\/WhatsApp-Image-2026-04-28-at-19.30.57.jpeg?resize=225%2C300&amp;ssl=1 225w, https:\/\/i0.wp.com\/verdadeon.com.br\/portal\/wp-content\/uploads\/2026\/04\/WhatsApp-Image-2026-04-28-at-19.30.57.jpeg?resize=768%2C1024&amp;ssl=1 768w, https:\/\/i0.wp.com\/verdadeon.com.br\/portal\/wp-content\/uploads\/2026\/04\/WhatsApp-Image-2026-04-28-at-19.30.57.jpeg?resize=110%2C146&amp;ssl=1 110w, https:\/\/i0.wp.com\/verdadeon.com.br\/portal\/wp-content\/uploads\/2026\/04\/WhatsApp-Image-2026-04-28-at-19.30.57.jpeg?resize=38%2C50&amp;ssl=1 38w, https:\/\/i0.wp.com\/verdadeon.com.br\/portal\/wp-content\/uploads\/2026\/04\/WhatsApp-Image-2026-04-28-at-19.30.57.jpeg?resize=56%2C75&amp;ssl=1 56w\" sizes=\"auto, (max-width: 960px) 100vw, 960px\" \/><\/p>\n","protected":false},"excerpt":{"rendered":"<p>Inspe\u00e7\u00e3o foi realizada pelo IPT (Instituto de Pesquisa Tecnol\u00f3gicas) Por Pedro Maia Editor-chefe Nesta ter\u00e7a-feira, 28 de abril, uma nova vistoria de inspe\u00e7\u00e3o especial (detalhada) foi<span class=\"excerpt-hellip\"> [\u2026]<\/span><\/p>\n","protected":false},"author":10,"featured_media":66510,"comment_status":"open","ping_status":"open","sticky":false,"template":"","format":"standard","meta":{"_jetpack_memberships_contains_paid_content":false,"footnotes":"","jetpack_publicize_message":"","jetpack_publicize_feature_enabled":true,"jetpack_social_post_already_shared":true,"jetpack_social_options":{"image_generator_settings":{"template":"highway","default_image_id":0,"enabled":false},"version":2}},"categories":[28,81],"tags":[],"class_list":["post-66509","post","type-post","status-publish","format-standard","has-post-thumbnail","hentry","category-cotidiano","category-manchete"],"yoast_head":"<!-- This site is optimized with the Yoast SEO plugin v25.6 - https:\/\/yoast.com\/wordpress\/plugins\/seo\/ -->\n<title>Nova vistoria \u00e9 realizada na Ponte da Divisa, entre Rifaina-SP e Sacramento-MG - VerdadeOn<\/title>\n<meta name=\"robots\" content=\"index, follow, max-snippet:-1, max-image-preview:large, max-video-preview:-1\" \/>\n<link rel=\"canonical\" href=\"https:\/\/verdadeon.com.br\/portal\/2026\/04\/29\/nova-vistoria-e-realizada-na-ponte-da-divisa-entre-rifaina-sp-e-sacramento-mg\/\" \/>\n<meta property=\"og:locale\" content=\"pt_BR\" \/>\n<meta property=\"og:type\" content=\"article\" \/>\n<meta property=\"og:title\" content=\"Nova vistoria \u00e9 realizada na Ponte da Divisa, entre Rifaina-SP e Sacramento-MG - VerdadeOn\" \/>\n<meta property=\"og:description\" content=\"Inspe\u00e7\u00e3o foi realizada pelo IPT (Instituto de Pesquisa Tecnol\u00f3gicas) Por Pedro Maia Editor-chefe Nesta ter\u00e7a-feira, 28 de abril, uma nova vistoria de inspe\u00e7\u00e3o especial (detalhada) foi [\u2026]\" \/>\n<meta property=\"og:url\" content=\"https:\/\/verdadeon.com.br\/portal\/2026\/04\/29\/nova-vistoria-e-realizada-na-ponte-da-divisa-entre-rifaina-sp-e-sacramento-mg\/\" \/>\n<meta property=\"og:site_name\" content=\"VerdadeOn\" \/>\n<meta property=\"article:published_time\" content=\"2026-04-29T15:43:11+00:00\" \/>\n<meta property=\"og:image\" content=\"https:\/\/verdadeon.com.br\/portal\/wp-content\/uploads\/2026\/04\/WhatsApp-Image-2026-04-28-at-19.30.46.jpeg\" \/>\n\t<meta property=\"og:image:width\" content=\"1280\" \/>\n\t<meta property=\"og:image:height\" content=\"960\" \/>\n\t<meta property=\"og:image:type\" content=\"image\/jpeg\" \/>\n<meta name=\"author\" content=\"Redacao VerdadeOn\" \/>\n<meta name=\"twitter:card\" content=\"summary_large_image\" \/>\n<meta name=\"twitter:label1\" content=\"Escrito por\" \/>\n\t<meta name=\"twitter:data1\" content=\"Redacao VerdadeOn\" \/>\n\t<meta name=\"twitter:label2\" content=\"Est. tempo de leitura\" \/>\n\t<meta name=\"twitter:data2\" content=\"4 minutos\" \/>\n<script type=\"application\/ld+json\" class=\"yoast-schema-graph\">{\"@context\":\"https:\/\/schema.org\",\"@graph\":[{\"@type\":\"WebPage\",\"@id\":\"https:\/\/verdadeon.com.br\/portal\/2026\/04\/29\/nova-vistoria-e-realizada-na-ponte-da-divisa-entre-rifaina-sp-e-sacramento-mg\/\",\"url\":\"https:\/\/verdadeon.com.br\/portal\/2026\/04\/29\/nova-vistoria-e-realizada-na-ponte-da-divisa-entre-rifaina-sp-e-sacramento-mg\/\",\"name\":\"Nova vistoria \u00e9 realizada na Ponte da Divisa, entre Rifaina-SP e Sacramento-MG - VerdadeOn\",\"isPartOf\":{\"@id\":\"https:\/\/verdadeon.com.br\/portal\/#website\"},\"primaryImageOfPage\":{\"@id\":\"https:\/\/verdadeon.com.br\/portal\/2026\/04\/29\/nova-vistoria-e-realizada-na-ponte-da-divisa-entre-rifaina-sp-e-sacramento-mg\/#primaryimage\"},\"image\":{\"@id\":\"https:\/\/verdadeon.com.br\/portal\/2026\/04\/29\/nova-vistoria-e-realizada-na-ponte-da-divisa-entre-rifaina-sp-e-sacramento-mg\/#primaryimage\"},\"thumbnailUrl\":\"https:\/\/i0.wp.com\/verdadeon.com.br\/portal\/wp-content\/uploads\/2026\/04\/WhatsApp-Image-2026-04-28-at-19.30.46.jpeg?fit=1280%2C960&ssl=1\",\"datePublished\":\"2026-04-29T15:43:11+00:00\",\"author\":{\"@id\":\"https:\/\/verdadeon.com.br\/portal\/#\/schema\/person\/a5060ad1e9ea3df545188fc93ce43d2f\"},\"breadcrumb\":{\"@id\":\"https:\/\/verdadeon.com.br\/portal\/2026\/04\/29\/nova-vistoria-e-realizada-na-ponte-da-divisa-entre-rifaina-sp-e-sacramento-mg\/#breadcrumb\"},\"inLanguage\":\"pt-BR\",\"potentialAction\":[{\"@type\":\"ReadAction\",\"target\":[\"https:\/\/verdadeon.com.br\/portal\/2026\/04\/29\/nova-vistoria-e-realizada-na-ponte-da-divisa-entre-rifaina-sp-e-sacramento-mg\/\"]}]},{\"@type\":\"ImageObject\",\"inLanguage\":\"pt-BR\",\"@id\":\"https:\/\/verdadeon.com.br\/portal\/2026\/04\/29\/nova-vistoria-e-realizada-na-ponte-da-divisa-entre-rifaina-sp-e-sacramento-mg\/#primaryimage\",\"url\":\"https:\/\/i0.wp.com\/verdadeon.com.br\/portal\/wp-content\/uploads\/2026\/04\/WhatsApp-Image-2026-04-28-at-19.30.46.jpeg?fit=1280%2C960&ssl=1\",\"contentUrl\":\"https:\/\/i0.wp.com\/verdadeon.com.br\/portal\/wp-content\/uploads\/2026\/04\/WhatsApp-Image-2026-04-28-at-19.30.46.jpeg?fit=1280%2C960&ssl=1\",\"width\":1280,\"height\":960,\"caption\":\"Ponte de Divisa - sobre o Rio Grande - que divide os Estados de S\u00e3o Paulo e Minas Gerais atrav\u00e9s de Rifaina e Sacramento, respectivamente (\u00a9Divulga\u00e7\u00e3o)\"},{\"@type\":\"BreadcrumbList\",\"@id\":\"https:\/\/verdadeon.com.br\/portal\/2026\/04\/29\/nova-vistoria-e-realizada-na-ponte-da-divisa-entre-rifaina-sp-e-sacramento-mg\/#breadcrumb\",\"itemListElement\":[{\"@type\":\"ListItem\",\"position\":1,\"name\":\"In\u00edcio\",\"item\":\"https:\/\/verdadeon.com.br\/portal\/\"},{\"@type\":\"ListItem\",\"position\":2,\"name\":\"Nova vistoria \u00e9 realizada na Ponte da Divisa, entre Rifaina-SP e Sacramento-MG\"}]},{\"@type\":\"WebSite\",\"@id\":\"https:\/\/verdadeon.com.br\/portal\/#website\",\"url\":\"https:\/\/verdadeon.com.br\/portal\/\",\"name\":\"VerdadeOn\",\"description\":\"Not\u00edcias di\u00e1rias sobre Franca, Regi\u00e3o, Esporte, Cultura, Cotidiano, Colunas. Cobertura nos principais eventos da cidade \u00e9 aqui - Verdadeon Franca\",\"potentialAction\":[{\"@type\":\"SearchAction\",\"target\":{\"@type\":\"EntryPoint\",\"urlTemplate\":\"https:\/\/verdadeon.com.br\/portal\/?s={search_term_string}\"},\"query-input\":{\"@type\":\"PropertyValueSpecification\",\"valueRequired\":true,\"valueName\":\"search_term_string\"}}],\"inLanguage\":\"pt-BR\"},{\"@type\":\"Person\",\"@id\":\"https:\/\/verdadeon.com.br\/portal\/#\/schema\/person\/a5060ad1e9ea3df545188fc93ce43d2f\",\"name\":\"Redacao VerdadeOn\",\"image\":{\"@type\":\"ImageObject\",\"inLanguage\":\"pt-BR\",\"@id\":\"https:\/\/verdadeon.com.br\/portal\/#\/schema\/person\/image\/\",\"url\":\"https:\/\/secure.gravatar.com\/avatar\/459a9613caaaf07f582c3d0841eea68bdd66f533e465e6ba8b9cb45619572cf4?s=96&d=mm&r=g\",\"contentUrl\":\"https:\/\/secure.gravatar.com\/avatar\/459a9613caaaf07f582c3d0841eea68bdd66f533e465e6ba8b9cb45619572cf4?s=96&d=mm&r=g\",\"caption\":\"Redacao VerdadeOn\"},\"url\":\"https:\/\/verdadeon.com.br\/portal\/author\/redacao\/\"}]}<\/script>\n<!-- \/ Yoast SEO plugin. -->","yoast_head_json":{"title":"Nova vistoria \u00e9 realizada na Ponte da Divisa, entre Rifaina-SP e Sacramento-MG - VerdadeOn","robots":{"index":"index","follow":"follow","max-snippet":"max-snippet:-1","max-image-preview":"max-image-preview:large","max-video-preview":"max-video-preview:-1"},"canonical":"https:\/\/verdadeon.com.br\/portal\/2026\/04\/29\/nova-vistoria-e-realizada-na-ponte-da-divisa-entre-rifaina-sp-e-sacramento-mg\/","og_locale":"pt_BR","og_type":"article","og_title":"Nova vistoria \u00e9 realizada na Ponte da Divisa, entre Rifaina-SP e Sacramento-MG - VerdadeOn","og_description":"Inspe\u00e7\u00e3o foi realizada pelo IPT (Instituto de Pesquisa Tecnol\u00f3gicas) Por Pedro Maia Editor-chefe Nesta ter\u00e7a-feira, 28 de abril, uma nova vistoria de inspe\u00e7\u00e3o especial (detalhada) foi [\u2026]","og_url":"https:\/\/verdadeon.com.br\/portal\/2026\/04\/29\/nova-vistoria-e-realizada-na-ponte-da-divisa-entre-rifaina-sp-e-sacramento-mg\/","og_site_name":"VerdadeOn","article_published_time":"2026-04-29T15:43:11+00:00","og_image":[{"width":1280,"height":960,"url":"https:\/\/verdadeon.com.br\/portal\/wp-content\/uploads\/2026\/04\/WhatsApp-Image-2026-04-28-at-19.30.46.jpeg","type":"image\/jpeg"}],"author":"Redacao VerdadeOn","twitter_card":"summary_large_image","twitter_misc":{"Escrito por":"Redacao VerdadeOn","Est. tempo de leitura":"4 minutos"},"schema":{"@context":"https:\/\/schema.org","@graph":[{"@type":"WebPage","@id":"https:\/\/verdadeon.com.br\/portal\/2026\/04\/29\/nova-vistoria-e-realizada-na-ponte-da-divisa-entre-rifaina-sp-e-sacramento-mg\/","url":"https:\/\/verdadeon.com.br\/portal\/2026\/04\/29\/nova-vistoria-e-realizada-na-ponte-da-divisa-entre-rifaina-sp-e-sacramento-mg\/","name":"Nova vistoria \u00e9 realizada na Ponte da Divisa, entre Rifaina-SP e Sacramento-MG - VerdadeOn","isPartOf":{"@id":"https:\/\/verdadeon.com.br\/portal\/#website"},"primaryImageOfPage":{"@id":"https:\/\/verdadeon.com.br\/portal\/2026\/04\/29\/nova-vistoria-e-realizada-na-ponte-da-divisa-entre-rifaina-sp-e-sacramento-mg\/#primaryimage"},"image":{"@id":"https:\/\/verdadeon.com.br\/portal\/2026\/04\/29\/nova-vistoria-e-realizada-na-ponte-da-divisa-entre-rifaina-sp-e-sacramento-mg\/#primaryimage"},"thumbnailUrl":"https:\/\/i0.wp.com\/verdadeon.com.br\/portal\/wp-content\/uploads\/2026\/04\/WhatsApp-Image-2026-04-28-at-19.30.46.jpeg?fit=1280%2C960&ssl=1","datePublished":"2026-04-29T15:43:11+00:00","author":{"@id":"https:\/\/verdadeon.com.br\/portal\/#\/schema\/person\/a5060ad1e9ea3df545188fc93ce43d2f"},"breadcrumb":{"@id":"https:\/\/verdadeon.com.br\/portal\/2026\/04\/29\/nova-vistoria-e-realizada-na-ponte-da-divisa-entre-rifaina-sp-e-sacramento-mg\/#breadcrumb"},"inLanguage":"pt-BR","potentialAction":[{"@type":"ReadAction","target":["https:\/\/verdadeon.com.br\/portal\/2026\/04\/29\/nova-vistoria-e-realizada-na-ponte-da-divisa-entre-rifaina-sp-e-sacramento-mg\/"]}]},{"@type":"ImageObject","inLanguage":"pt-BR","@id":"https:\/\/verdadeon.com.br\/portal\/2026\/04\/29\/nova-vistoria-e-realizada-na-ponte-da-divisa-entre-rifaina-sp-e-sacramento-mg\/#primaryimage","url":"https:\/\/i0.wp.com\/verdadeon.com.br\/portal\/wp-content\/uploads\/2026\/04\/WhatsApp-Image-2026-04-28-at-19.30.46.jpeg?fit=1280%2C960&ssl=1","contentUrl":"https:\/\/i0.wp.com\/verdadeon.com.br\/portal\/wp-content\/uploads\/2026\/04\/WhatsApp-Image-2026-04-28-at-19.30.46.jpeg?fit=1280%2C960&ssl=1","width":1280,"height":960,"caption":"Ponte de Divisa - sobre o Rio Grande - que divide os Estados de S\u00e3o Paulo e Minas Gerais atrav\u00e9s de Rifaina e Sacramento, respectivamente (\u00a9Divulga\u00e7\u00e3o)"},{"@type":"BreadcrumbList","@id":"https:\/\/verdadeon.com.br\/portal\/2026\/04\/29\/nova-vistoria-e-realizada-na-ponte-da-divisa-entre-rifaina-sp-e-sacramento-mg\/#breadcrumb","itemListElement":[{"@type":"ListItem","position":1,"name":"In\u00edcio","item":"https:\/\/verdadeon.com.br\/portal\/"},{"@type":"ListItem","position":2,"name":"Nova vistoria \u00e9 realizada na Ponte da Divisa, entre Rifaina-SP e Sacramento-MG"}]},{"@type":"WebSite","@id":"https:\/\/verdadeon.com.br\/portal\/#website","url":"https:\/\/verdadeon.com.br\/portal\/","name":"VerdadeOn","description":"Not\u00edcias di\u00e1rias sobre Franca, Regi\u00e3o, Esporte, Cultura, Cotidiano, Colunas. Cobertura nos principais eventos da cidade \u00e9 aqui - Verdadeon Franca","potentialAction":[{"@type":"SearchAction","target":{"@type":"EntryPoint","urlTemplate":"https:\/\/verdadeon.com.br\/portal\/?s={search_term_string}"},"query-input":{"@type":"PropertyValueSpecification","valueRequired":true,"valueName":"search_term_string"}}],"inLanguage":"pt-BR"},{"@type":"Person","@id":"https:\/\/verdadeon.com.br\/portal\/#\/schema\/person\/a5060ad1e9ea3df545188fc93ce43d2f","name":"Redacao VerdadeOn","image":{"@type":"ImageObject","inLanguage":"pt-BR","@id":"https:\/\/verdadeon.com.br\/portal\/#\/schema\/person\/image\/","url":"https:\/\/secure.gravatar.com\/avatar\/459a9613caaaf07f582c3d0841eea68bdd66f533e465e6ba8b9cb45619572cf4?s=96&d=mm&r=g","contentUrl":"https:\/\/secure.gravatar.com\/avatar\/459a9613caaaf07f582c3d0841eea68bdd66f533e465e6ba8b9cb45619572cf4?s=96&d=mm&r=g","caption":"Redacao VerdadeOn"},"url":"https:\/\/verdadeon.com.br\/portal\/author\/redacao\/"}]}},"jetpack_publicize_connections":[],"jetpack_featured_media_url":"https:\/\/i0.wp.com\/verdadeon.com.br\/portal\/wp-content\/uploads\/2026\/04\/WhatsApp-Image-2026-04-28-at-19.30.46.jpeg?fit=1280%2C960&ssl=1","jetpack_sharing_enabled":true,"_links":{"self":[{"href":"https:\/\/verdadeon.com.br\/portal\/wp-json\/wp\/v2\/posts\/66509","targetHints":{"allow":["GET"]}}],"collection":[{"href":"https:\/\/verdadeon.com.br\/portal\/wp-json\/wp\/v2\/posts"}],"about":[{"href":"https:\/\/verdadeon.com.br\/portal\/wp-json\/wp\/v2\/types\/post"}],"author":[{"embeddable":true,"href":"https:\/\/verdadeon.com.br\/portal\/wp-json\/wp\/v2\/users\/10"}],"replies":[{"embeddable":true,"href":"https:\/\/verdadeon.com.br\/portal\/wp-json\/wp\/v2\/comments?post=66509"}],"version-history":[{"count":1,"href":"https:\/\/verdadeon.com.br\/portal\/wp-json\/wp\/v2\/posts\/66509\/revisions"}],"predecessor-version":[{"id":66516,"href":"https:\/\/verdadeon.com.br\/portal\/wp-json\/wp\/v2\/posts\/66509\/revisions\/66516"}],"wp:featuredmedia":[{"embeddable":true,"href":"https:\/\/verdadeon.com.br\/portal\/wp-json\/wp\/v2\/media\/66510"}],"wp:attachment":[{"href":"https:\/\/verdadeon.com.br\/portal\/wp-json\/wp\/v2\/media?parent=66509"}],"wp:term":[{"taxonomy":"category","embeddable":true,"href":"https:\/\/verdadeon.com.br\/portal\/wp-json\/wp\/v2\/categories?post=66509"},{"taxonomy":"post_tag","embeddable":true,"href":"https:\/\/verdadeon.com.br\/portal\/wp-json\/wp\/v2\/tags?post=66509"}],"curies":[{"name":"wp","href":"https:\/\/api.w.org\/{rel}","templated":true}]}}