{"id":66484,"date":"2026-04-28T15:19:46","date_gmt":"2026-04-28T18:19:46","guid":{"rendered":"https:\/\/verdadeon.com.br\/portal\/?p=66484"},"modified":"2026-04-28T15:19:46","modified_gmt":"2026-04-28T18:19:46","slug":"gasolina-e-alimentos-pressionam-e-previa-da-inflacao-sobe-para-089","status":"publish","type":"post","link":"https:\/\/verdadeon.com.br\/portal\/2026\/04\/28\/gasolina-e-alimentos-pressionam-e-previa-da-inflacao-sobe-para-089\/","title":{"rendered":"Gasolina e alimentos pressionam, e pr\u00e9via da infla\u00e7\u00e3o sobe para 0,89%"},"content":{"rendered":"<div class=\"header-noticia full-width\">\n<h2 class=\"linha-fina-noticia\">Guerra contribui para aumento no pre\u00e7o dos combust\u00edveis em abril<\/h2>\n<\/div>\n<div class=\"subheader\">\n<div class=\"container-autoria\">\n<p>O pre\u00e7o dos alimentos e dos combust\u00edveis pressionaram o bolso do brasileiro em abril e fizeram a pr\u00e9via da infla\u00e7\u00e3o do m\u00eas fechar em 0,89%. O resultado fica acima do apurado em abril (0,44%) e \u00e9 o maior desde fevereiro (1,23%).<img data-recalc-dims=\"1\" decoding=\"async\" src=\"https:\/\/i0.wp.com\/agenciabrasil.ebc.com.br\/ebc.png?w=1220&#038;ssl=1\" \/><img data-recalc-dims=\"1\" decoding=\"async\" src=\"https:\/\/i0.wp.com\/agenciabrasil.ebc.com.br\/ebc.gif?w=1220&#038;ssl=1\" \/><\/p>\n<p><strong>Em 12 meses, o \u00cdndice Nacional de Pre\u00e7os ao Consumidor Amplo 15 (IPCA-15), conhecido como pr\u00e9via da infla\u00e7\u00e3o oficial, acumula 4,37%. Nos 12 meses terminados em mar\u00e7o, o IPCA-15 estava em 3,9%.<\/strong><\/p>\n<p>Os dados foram divulgados nesta ter\u00e7a-feira (28) pelo\u00a0<a href=\"https:\/\/agenciabrasil.ebc.com.br\/tags\/ibge\" target=\"_blank\" rel=\"noopener\">Instituto Brasileiro de Geografia e Estat\u00edstica<\/a>\u00a0(IBGE).<\/p>\n<p><strong>Para chegar \u00e0 pr\u00e9via da infla\u00e7\u00e3o do m\u00eas, o IBGE pesquisa o pre\u00e7o de nove grupos de produtos e servi\u00e7os. Confira a evolu\u00e7\u00e3o e o impacto em pontos percentuais (p.p.):<\/strong><\/p>\n<p>&#8211; Alimenta\u00e7\u00e3o e bebidas: 1,46% (0,31 p.p.)<\/p>\n<p>&#8211; Transportes: 1,34% (0,27 p.p.)<\/p>\n<p>-Sa\u00fade e cuidados pessoais: 0,93% (0,13 p.p.)<\/p>\n<p>&#8211; Habita\u00e7\u00e3o: 0,42% (0,07 p.p.)<\/p>\n<p>&#8211; Vestu\u00e1rio: 0,76% (0,04 p.p.)<\/p>\n<p>&#8211; Despesas pessoais: 0,32% (0,03 p.p.)<\/p>\n<p>&#8211; Artigos de resid\u00eancia: 0,48% (0,02 p.p.)<\/p>\n<p>&#8211; Comunica\u00e7\u00e3o: 0,48% (0,02 p.p.)<\/p>\n<p>&#8211; Educa\u00e7\u00e3o: 0,05% (0,00 p.p.)<\/p>\n<p><strong>Dentro do grupo alimenta\u00e7\u00e3o e bebida, o resultado foi influenciado, principalmente, pela alta na alimenta\u00e7\u00e3o no domic\u00edlio, que acelerou de 1,10% em mar\u00e7o para 1,77% em abril. Os produtos que mais contribu\u00edram para essa alta foram<\/strong>:<\/p>\n<p>&#8211; Cenoura (25,43%)<\/p>\n<p>&#8211; Cebola (16,54%)<\/p>\n<p>&#8211; Leite longa vida (16,33%)<\/p>\n<p>&#8211; Tomate (13,76%)<\/p>\n<p>&#8211; Carnes (1,14%)<\/p>\n<p><strong>A alimenta\u00e7\u00e3o fora do domic\u00edlio subiu 0,70%\u00a0(o dobro do m\u00eas de mar\u00e7o (0,35%).<\/strong><\/p>\n<p>O economista-chefe da Associa\u00e7\u00e3o Paulista de Supermercados (Apas), Felipe Queiroz, diz\u00a0que um dos motivos para a alta nos alimentos \u00e9 o processo de entressafra.<\/p>\n<blockquote><p>\u201cA menor produ\u00e7\u00e3o de alguns itens, inclusive leite, tem pressionado o indicador\u201d, afirma.<\/p><\/blockquote>\n<h2>Combust\u00edveis<\/h2>\n<p><strong>A alta\u00a0do grupo transportes \u00e9 explicada pelos combust\u00edveis, que subiram 6,06% no m\u00eas.\u00a0<\/strong>De todos os 377 subitens (produtos e servi\u00e7os) pesquisados pelo IBGE, a gasolina foi o que mais pressionou o IPCA-15, com alta de 6,23%, o que representa impacto de 0,32 p.p. O \u00f3leo diesel subiu 16% no m\u00eas, com impacto de 0,04%.<\/p>\n<h2>Guerra no Ir\u00e3<\/h2>\n<p><strong>Abril tem sido mais um m\u00eas de guerra dos Estados Unidos e de Israel contra o Ir\u00e3. O conflito no Oriente M\u00e9dio tem causado reflexos negativos na ind\u00fastria do petr\u00f3leo.<\/strong>\u00a0Um dos motivos \u00e9 a situa\u00e7\u00e3o delicada no Estreito de Ormuz, ao sul do Ir\u00e3, que tem vivenciado seguidos bloqueios. Pela via mar\u00edtima, costumava passar &#8211; antes da guerra \u2013 cerca de 20% da produ\u00e7\u00e3o mundial de petr\u00f3leo e g\u00e1s.<\/p>\n<p>A instabilidade na cadeia de produ\u00e7\u00e3o resulta em menos oferta do produto e consequente eleva\u00e7\u00e3o de pre\u00e7os. O petr\u00f3leo e seus derivados, como a gasolina e o \u00f3leo diesel, s\u00e3o commodities, isto \u00e9, mercadorias negociadas a pre\u00e7os internacionais. Isso explica por que os pre\u00e7os sobem at\u00e9 mesmo em pa\u00edses produtores, como o Brasil.<\/p>\n<p><strong>O governo brasileiro tem tomado medidas para\u00a0<a href=\"https:\/\/agenciabrasil.ebc.com.br\/economia\/noticia\/2026-04\/governo-quer-converter-receitas-extras-com-petroleo-em-desoneracoes\" target=\"_blank\" rel=\"noopener\">conter a escalada<\/a>\u00a0dos derivados de petr\u00f3leo, com medidas como a isen\u00e7\u00e3o de cobran\u00e7a de impostos e subs\u00eddio a produtores e importadores.\u00a0<\/strong><\/p>\n<p>Para Queiroz, da Apas, \u201cum conjunto de a\u00e7\u00f5es adotadas para atenuar os efeitos da guerra sobre a economia dom\u00e9stica t\u00eam apresentado ainda efeito diminuto, mas importante\u201d.<\/p>\n<h2>Pr\u00e9via x m\u00eas fechado<\/h2>\n<p>O IPCA-15 tem basicamente a mesma metodologia da infla\u00e7\u00e3o oficial (IPCA), que serve de base para a pol\u00edtica de meta de infla\u00e7\u00e3o do governo: 3% no acumulado em 12 meses, com margem de toler\u00e2ncia de 1,5 p.p. para mais ou para menos. Os dados de abril mostram o pa\u00eds dentro do limite de toler\u00e2ncia.<\/p>\n<p>A diferen\u00e7a est\u00e1 no per\u00edodo de coleta de pre\u00e7os e na abrang\u00eancia geogr\u00e1fica. Na pr\u00e9via, a pesquisa \u00e9\u00a0feita e divulgada antes mesmo de acabar o m\u00eas de refer\u00eancia. Em rela\u00e7\u00e3o \u00e0 divulga\u00e7\u00e3o desta ter\u00e7a-feira, o per\u00edodo de coleta foi de 18 de mar\u00e7o a 15 de abril.<\/p>\n<p>Ambos os \u00edndices levam em considera\u00e7\u00e3o uma cesta de produtos e servi\u00e7os para fam\u00edlias com rendimentos entre um e 40 sal\u00e1rios m\u00ednimos. Atualmente o valor do m\u00ednimo \u00e9 R$ 1.621.<\/p>\n<p><strong>O IPCA-15 coleta pre\u00e7os em 11 localidades do pa\u00eds (as regi\u00f5es metropolitanas do Rio de Janeiro, Porto Alegre, Belo Horizonte, Recife, S\u00e3o Paulo, Bel\u00e9m, Fortaleza, Salvador e Curitiba, al\u00e9m de Bras\u00edlia e Goi\u00e2nia.); e o IPCA, 16 localidades (inclui Vit\u00f3ria, Campo Grande, Rio Branco, S\u00e3o Lu\u00eds e Aracaju). O IPCA cheio de abril ser\u00e1 divulgado em 12 de maio.<\/strong><\/p>\n<p>Fonte: Ag\u00eancia Brasil<\/p>\n<\/div>\n<\/div>\n","protected":false},"excerpt":{"rendered":"<p>Guerra contribui para aumento no pre\u00e7o dos combust\u00edveis em abril O pre\u00e7o dos alimentos e dos combust\u00edveis pressionaram o bolso do brasileiro em abril e fizeram<span class=\"excerpt-hellip\"> [\u2026]<\/span><\/p>\n","protected":false},"author":10,"featured_media":66485,"comment_status":"open","ping_status":"open","sticky":false,"template":"","format":"standard","meta":{"_jetpack_memberships_contains_paid_content":false,"footnotes":"","jetpack_publicize_message":"","jetpack_publicize_feature_enabled":true,"jetpack_social_post_already_shared":true,"jetpack_social_options":{"image_generator_settings":{"template":"highway","default_image_id":0,"enabled":false},"version":2}},"categories":[28,44],"tags":[],"class_list":["post-66484","post","type-post","status-publish","format-standard","has-post-thumbnail","hentry","category-cotidiano","category-noticias"],"yoast_head":"<!-- This site is optimized with the Yoast SEO plugin v25.6 - https:\/\/yoast.com\/wordpress\/plugins\/seo\/ -->\n<title>Gasolina e alimentos pressionam, e pr\u00e9via da infla\u00e7\u00e3o sobe para 0,89% - VerdadeOn<\/title>\n<meta name=\"robots\" content=\"index, follow, max-snippet:-1, max-image-preview:large, max-video-preview:-1\" \/>\n<link rel=\"canonical\" href=\"https:\/\/verdadeon.com.br\/portal\/2026\/04\/28\/gasolina-e-alimentos-pressionam-e-previa-da-inflacao-sobe-para-089\/\" \/>\n<meta property=\"og:locale\" content=\"pt_BR\" \/>\n<meta property=\"og:type\" content=\"article\" \/>\n<meta property=\"og:title\" content=\"Gasolina e alimentos pressionam, e pr\u00e9via da infla\u00e7\u00e3o sobe para 0,89% - VerdadeOn\" \/>\n<meta property=\"og:description\" content=\"Guerra contribui para aumento no pre\u00e7o dos combust\u00edveis em abril O pre\u00e7o dos alimentos e dos combust\u00edveis pressionaram o bolso do brasileiro em abril e fizeram [\u2026]\" \/>\n<meta property=\"og:url\" content=\"https:\/\/verdadeon.com.br\/portal\/2026\/04\/28\/gasolina-e-alimentos-pressionam-e-previa-da-inflacao-sobe-para-089\/\" \/>\n<meta property=\"og:site_name\" content=\"VerdadeOn\" \/>\n<meta property=\"article:published_time\" content=\"2026-04-28T18:19:46+00:00\" \/>\n<meta property=\"og:image\" content=\"https:\/\/verdadeon.com.br\/portal\/wp-content\/uploads\/2026\/04\/sp_transito_1.webp\" \/>\n\t<meta property=\"og:image:width\" content=\"1170\" \/>\n\t<meta property=\"og:image:height\" content=\"700\" \/>\n\t<meta property=\"og:image:type\" content=\"image\/webp\" \/>\n<meta name=\"author\" content=\"Redacao VerdadeOn\" \/>\n<meta name=\"twitter:card\" content=\"summary_large_image\" \/>\n<meta name=\"twitter:label1\" content=\"Escrito por\" \/>\n\t<meta name=\"twitter:data1\" content=\"Redacao VerdadeOn\" \/>\n\t<meta name=\"twitter:label2\" content=\"Est. tempo de leitura\" \/>\n\t<meta name=\"twitter:data2\" content=\"5 minutos\" \/>\n<script type=\"application\/ld+json\" class=\"yoast-schema-graph\">{\"@context\":\"https:\/\/schema.org\",\"@graph\":[{\"@type\":\"WebPage\",\"@id\":\"https:\/\/verdadeon.com.br\/portal\/2026\/04\/28\/gasolina-e-alimentos-pressionam-e-previa-da-inflacao-sobe-para-089\/\",\"url\":\"https:\/\/verdadeon.com.br\/portal\/2026\/04\/28\/gasolina-e-alimentos-pressionam-e-previa-da-inflacao-sobe-para-089\/\",\"name\":\"Gasolina e alimentos pressionam, e pr\u00e9via da infla\u00e7\u00e3o sobe para 0,89% - VerdadeOn\",\"isPartOf\":{\"@id\":\"https:\/\/verdadeon.com.br\/portal\/#website\"},\"primaryImageOfPage\":{\"@id\":\"https:\/\/verdadeon.com.br\/portal\/2026\/04\/28\/gasolina-e-alimentos-pressionam-e-previa-da-inflacao-sobe-para-089\/#primaryimage\"},\"image\":{\"@id\":\"https:\/\/verdadeon.com.br\/portal\/2026\/04\/28\/gasolina-e-alimentos-pressionam-e-previa-da-inflacao-sobe-para-089\/#primaryimage\"},\"thumbnailUrl\":\"https:\/\/i0.wp.com\/verdadeon.com.br\/portal\/wp-content\/uploads\/2026\/04\/sp_transito_1.webp?fit=1170%2C700&ssl=1\",\"datePublished\":\"2026-04-28T18:19:46+00:00\",\"author\":{\"@id\":\"https:\/\/verdadeon.com.br\/portal\/#\/schema\/person\/a5060ad1e9ea3df545188fc93ce43d2f\"},\"breadcrumb\":{\"@id\":\"https:\/\/verdadeon.com.br\/portal\/2026\/04\/28\/gasolina-e-alimentos-pressionam-e-previa-da-inflacao-sobe-para-089\/#breadcrumb\"},\"inLanguage\":\"pt-BR\",\"potentialAction\":[{\"@type\":\"ReadAction\",\"target\":[\"https:\/\/verdadeon.com.br\/portal\/2026\/04\/28\/gasolina-e-alimentos-pressionam-e-previa-da-inflacao-sobe-para-089\/\"]}]},{\"@type\":\"ImageObject\",\"inLanguage\":\"pt-BR\",\"@id\":\"https:\/\/verdadeon.com.br\/portal\/2026\/04\/28\/gasolina-e-alimentos-pressionam-e-previa-da-inflacao-sobe-para-089\/#primaryimage\",\"url\":\"https:\/\/i0.wp.com\/verdadeon.com.br\/portal\/wp-content\/uploads\/2026\/04\/sp_transito_1.webp?fit=1170%2C700&ssl=1\",\"contentUrl\":\"https:\/\/i0.wp.com\/verdadeon.com.br\/portal\/wp-content\/uploads\/2026\/04\/sp_transito_1.webp?fit=1170%2C700&ssl=1\",\"width\":1170,\"height\":700,\"caption\":\"(\u00a9arquivo\/ag\u00eanca brasil)\"},{\"@type\":\"BreadcrumbList\",\"@id\":\"https:\/\/verdadeon.com.br\/portal\/2026\/04\/28\/gasolina-e-alimentos-pressionam-e-previa-da-inflacao-sobe-para-089\/#breadcrumb\",\"itemListElement\":[{\"@type\":\"ListItem\",\"position\":1,\"name\":\"In\u00edcio\",\"item\":\"https:\/\/verdadeon.com.br\/portal\/\"},{\"@type\":\"ListItem\",\"position\":2,\"name\":\"Gasolina e alimentos pressionam, e pr\u00e9via da infla\u00e7\u00e3o sobe para 0,89%\"}]},{\"@type\":\"WebSite\",\"@id\":\"https:\/\/verdadeon.com.br\/portal\/#website\",\"url\":\"https:\/\/verdadeon.com.br\/portal\/\",\"name\":\"VerdadeOn\",\"description\":\"Not\u00edcias di\u00e1rias sobre Franca, Regi\u00e3o, Esporte, Cultura, Cotidiano, Colunas. Cobertura nos principais eventos da cidade \u00e9 aqui - Verdadeon Franca\",\"potentialAction\":[{\"@type\":\"SearchAction\",\"target\":{\"@type\":\"EntryPoint\",\"urlTemplate\":\"https:\/\/verdadeon.com.br\/portal\/?s={search_term_string}\"},\"query-input\":{\"@type\":\"PropertyValueSpecification\",\"valueRequired\":true,\"valueName\":\"search_term_string\"}}],\"inLanguage\":\"pt-BR\"},{\"@type\":\"Person\",\"@id\":\"https:\/\/verdadeon.com.br\/portal\/#\/schema\/person\/a5060ad1e9ea3df545188fc93ce43d2f\",\"name\":\"Redacao VerdadeOn\",\"image\":{\"@type\":\"ImageObject\",\"inLanguage\":\"pt-BR\",\"@id\":\"https:\/\/verdadeon.com.br\/portal\/#\/schema\/person\/image\/\",\"url\":\"https:\/\/secure.gravatar.com\/avatar\/459a9613caaaf07f582c3d0841eea68bdd66f533e465e6ba8b9cb45619572cf4?s=96&d=mm&r=g\",\"contentUrl\":\"https:\/\/secure.gravatar.com\/avatar\/459a9613caaaf07f582c3d0841eea68bdd66f533e465e6ba8b9cb45619572cf4?s=96&d=mm&r=g\",\"caption\":\"Redacao VerdadeOn\"},\"url\":\"https:\/\/verdadeon.com.br\/portal\/author\/redacao\/\"}]}<\/script>\n<!-- \/ Yoast SEO plugin. -->","yoast_head_json":{"title":"Gasolina e alimentos pressionam, e pr\u00e9via da infla\u00e7\u00e3o sobe para 0,89% - VerdadeOn","robots":{"index":"index","follow":"follow","max-snippet":"max-snippet:-1","max-image-preview":"max-image-preview:large","max-video-preview":"max-video-preview:-1"},"canonical":"https:\/\/verdadeon.com.br\/portal\/2026\/04\/28\/gasolina-e-alimentos-pressionam-e-previa-da-inflacao-sobe-para-089\/","og_locale":"pt_BR","og_type":"article","og_title":"Gasolina e alimentos pressionam, e pr\u00e9via da infla\u00e7\u00e3o sobe para 0,89% - VerdadeOn","og_description":"Guerra contribui para aumento no pre\u00e7o dos combust\u00edveis em abril O pre\u00e7o dos alimentos e dos combust\u00edveis pressionaram o bolso do brasileiro em abril e fizeram [\u2026]","og_url":"https:\/\/verdadeon.com.br\/portal\/2026\/04\/28\/gasolina-e-alimentos-pressionam-e-previa-da-inflacao-sobe-para-089\/","og_site_name":"VerdadeOn","article_published_time":"2026-04-28T18:19:46+00:00","og_image":[{"width":1170,"height":700,"url":"https:\/\/verdadeon.com.br\/portal\/wp-content\/uploads\/2026\/04\/sp_transito_1.webp","type":"image\/webp"}],"author":"Redacao VerdadeOn","twitter_card":"summary_large_image","twitter_misc":{"Escrito por":"Redacao VerdadeOn","Est. tempo de leitura":"5 minutos"},"schema":{"@context":"https:\/\/schema.org","@graph":[{"@type":"WebPage","@id":"https:\/\/verdadeon.com.br\/portal\/2026\/04\/28\/gasolina-e-alimentos-pressionam-e-previa-da-inflacao-sobe-para-089\/","url":"https:\/\/verdadeon.com.br\/portal\/2026\/04\/28\/gasolina-e-alimentos-pressionam-e-previa-da-inflacao-sobe-para-089\/","name":"Gasolina e alimentos pressionam, e pr\u00e9via da infla\u00e7\u00e3o sobe para 0,89% - VerdadeOn","isPartOf":{"@id":"https:\/\/verdadeon.com.br\/portal\/#website"},"primaryImageOfPage":{"@id":"https:\/\/verdadeon.com.br\/portal\/2026\/04\/28\/gasolina-e-alimentos-pressionam-e-previa-da-inflacao-sobe-para-089\/#primaryimage"},"image":{"@id":"https:\/\/verdadeon.com.br\/portal\/2026\/04\/28\/gasolina-e-alimentos-pressionam-e-previa-da-inflacao-sobe-para-089\/#primaryimage"},"thumbnailUrl":"https:\/\/i0.wp.com\/verdadeon.com.br\/portal\/wp-content\/uploads\/2026\/04\/sp_transito_1.webp?fit=1170%2C700&ssl=1","datePublished":"2026-04-28T18:19:46+00:00","author":{"@id":"https:\/\/verdadeon.com.br\/portal\/#\/schema\/person\/a5060ad1e9ea3df545188fc93ce43d2f"},"breadcrumb":{"@id":"https:\/\/verdadeon.com.br\/portal\/2026\/04\/28\/gasolina-e-alimentos-pressionam-e-previa-da-inflacao-sobe-para-089\/#breadcrumb"},"inLanguage":"pt-BR","potentialAction":[{"@type":"ReadAction","target":["https:\/\/verdadeon.com.br\/portal\/2026\/04\/28\/gasolina-e-alimentos-pressionam-e-previa-da-inflacao-sobe-para-089\/"]}]},{"@type":"ImageObject","inLanguage":"pt-BR","@id":"https:\/\/verdadeon.com.br\/portal\/2026\/04\/28\/gasolina-e-alimentos-pressionam-e-previa-da-inflacao-sobe-para-089\/#primaryimage","url":"https:\/\/i0.wp.com\/verdadeon.com.br\/portal\/wp-content\/uploads\/2026\/04\/sp_transito_1.webp?fit=1170%2C700&ssl=1","contentUrl":"https:\/\/i0.wp.com\/verdadeon.com.br\/portal\/wp-content\/uploads\/2026\/04\/sp_transito_1.webp?fit=1170%2C700&ssl=1","width":1170,"height":700,"caption":"(\u00a9arquivo\/ag\u00eanca brasil)"},{"@type":"BreadcrumbList","@id":"https:\/\/verdadeon.com.br\/portal\/2026\/04\/28\/gasolina-e-alimentos-pressionam-e-previa-da-inflacao-sobe-para-089\/#breadcrumb","itemListElement":[{"@type":"ListItem","position":1,"name":"In\u00edcio","item":"https:\/\/verdadeon.com.br\/portal\/"},{"@type":"ListItem","position":2,"name":"Gasolina e alimentos pressionam, e pr\u00e9via da infla\u00e7\u00e3o sobe para 0,89%"}]},{"@type":"WebSite","@id":"https:\/\/verdadeon.com.br\/portal\/#website","url":"https:\/\/verdadeon.com.br\/portal\/","name":"VerdadeOn","description":"Not\u00edcias di\u00e1rias sobre Franca, Regi\u00e3o, Esporte, Cultura, Cotidiano, Colunas. Cobertura nos principais eventos da cidade \u00e9 aqui - Verdadeon Franca","potentialAction":[{"@type":"SearchAction","target":{"@type":"EntryPoint","urlTemplate":"https:\/\/verdadeon.com.br\/portal\/?s={search_term_string}"},"query-input":{"@type":"PropertyValueSpecification","valueRequired":true,"valueName":"search_term_string"}}],"inLanguage":"pt-BR"},{"@type":"Person","@id":"https:\/\/verdadeon.com.br\/portal\/#\/schema\/person\/a5060ad1e9ea3df545188fc93ce43d2f","name":"Redacao VerdadeOn","image":{"@type":"ImageObject","inLanguage":"pt-BR","@id":"https:\/\/verdadeon.com.br\/portal\/#\/schema\/person\/image\/","url":"https:\/\/secure.gravatar.com\/avatar\/459a9613caaaf07f582c3d0841eea68bdd66f533e465e6ba8b9cb45619572cf4?s=96&d=mm&r=g","contentUrl":"https:\/\/secure.gravatar.com\/avatar\/459a9613caaaf07f582c3d0841eea68bdd66f533e465e6ba8b9cb45619572cf4?s=96&d=mm&r=g","caption":"Redacao VerdadeOn"},"url":"https:\/\/verdadeon.com.br\/portal\/author\/redacao\/"}]}},"jetpack_publicize_connections":[],"jetpack_featured_media_url":"https:\/\/i0.wp.com\/verdadeon.com.br\/portal\/wp-content\/uploads\/2026\/04\/sp_transito_1.webp?fit=1170%2C700&ssl=1","jetpack_sharing_enabled":true,"_links":{"self":[{"href":"https:\/\/verdadeon.com.br\/portal\/wp-json\/wp\/v2\/posts\/66484","targetHints":{"allow":["GET"]}}],"collection":[{"href":"https:\/\/verdadeon.com.br\/portal\/wp-json\/wp\/v2\/posts"}],"about":[{"href":"https:\/\/verdadeon.com.br\/portal\/wp-json\/wp\/v2\/types\/post"}],"author":[{"embeddable":true,"href":"https:\/\/verdadeon.com.br\/portal\/wp-json\/wp\/v2\/users\/10"}],"replies":[{"embeddable":true,"href":"https:\/\/verdadeon.com.br\/portal\/wp-json\/wp\/v2\/comments?post=66484"}],"version-history":[{"count":1,"href":"https:\/\/verdadeon.com.br\/portal\/wp-json\/wp\/v2\/posts\/66484\/revisions"}],"predecessor-version":[{"id":66486,"href":"https:\/\/verdadeon.com.br\/portal\/wp-json\/wp\/v2\/posts\/66484\/revisions\/66486"}],"wp:featuredmedia":[{"embeddable":true,"href":"https:\/\/verdadeon.com.br\/portal\/wp-json\/wp\/v2\/media\/66485"}],"wp:attachment":[{"href":"https:\/\/verdadeon.com.br\/portal\/wp-json\/wp\/v2\/media?parent=66484"}],"wp:term":[{"taxonomy":"category","embeddable":true,"href":"https:\/\/verdadeon.com.br\/portal\/wp-json\/wp\/v2\/categories?post=66484"},{"taxonomy":"post_tag","embeddable":true,"href":"https:\/\/verdadeon.com.br\/portal\/wp-json\/wp\/v2\/tags?post=66484"}],"curies":[{"name":"wp","href":"https:\/\/api.w.org\/{rel}","templated":true}]}}