{"id":66482,"date":"2026-04-28T15:13:43","date_gmt":"2026-04-28T18:13:43","guid":{"rendered":"https:\/\/verdadeon.com.br\/portal\/?p=66482"},"modified":"2026-04-28T15:13:43","modified_gmt":"2026-04-28T18:13:43","slug":"instituto-climatempo-semana-de-tempo-firme-marca-temperaturas-em-franca","status":"publish","type":"post","link":"https:\/\/verdadeon.com.br\/portal\/2026\/04\/28\/instituto-climatempo-semana-de-tempo-firme-marca-temperaturas-em-franca\/","title":{"rendered":"Instituto Climatempo: semana de tempo firme marca temperaturas em Franca"},"content":{"rendered":"<h2>M\u00e1ximas se mant\u00eam pr\u00f3ximas aos 30\u00b0C<\/h2>\n<p style=\"text-align: right;\"><strong><em>Por Pedro Maia<\/em><\/strong><br \/>\n<strong><em>Editor-chefe<\/em><\/strong><\/p>\n<p>A cidade de Franca acompanha uma semana de tempo est\u00e1vel e seco, segundo dados do Instituto <span class=\"hover:entity-accent entity-underline inline cursor-pointer align-baseline\"><span class=\"whitespace-normal\">Climatempo<\/span><\/span>. A previs\u00e3o meteorol\u00f3gica indica predomin\u00e2ncia de sol, com varia\u00e7\u00e3o de nuvens ao longo dos dias e aus\u00eancia de chuvas. A URA (Umidade Relativa do Ar) fica entre 70 e 80% pelas manh\u00e3s, caindo para a faixa dos 40% \u00e0 tarde e voltando a subindo gradualmente \u00e0 noite.<\/p>\n<p>Nesta quarta-feira, 29, sol e muitas nuvens \u00e0 tarde. \u00c0 noite, o c\u00e9u ainda fica com muita nebulosidade, mas n\u00e3o chove. M\u00ednimas de 17\u00b0C e m\u00e1ximas de 31\u00b0C. Na quinta-feira, 30, o clima permanece o mesmo, com varia\u00e7\u00e3o de apenas um grau: As m\u00ednimas caem para 16\u00b0C e, as m\u00e1ximas, para 30\u00b0C.<\/p>\n<p>Na sexta-feira, 1\u00b0 de maio, sem mudan\u00e7as significativas. M\u00e1ximas recuam aos 29\u00b0C.<\/p>\n<p>No s\u00e1bado, as m\u00ednimas descem para 15\u00b0C; m\u00e1ximas se mant\u00eam. O dia ser\u00e1 de sol, com muitas nuvens \u00e0 tarde. \u00c0 noite, a nebulosidade diminui.<\/p>\n<p>Para a pr\u00f3xima semana, s\u00e3o esperadas mudan\u00e7as bruscas na m\u00e9dia da URA.<\/p>\n","protected":false},"excerpt":{"rendered":"<p>M\u00e1ximas se mant\u00eam pr\u00f3ximas aos 30\u00b0C Por Pedro Maia Editor-chefe A cidade de Franca acompanha uma semana de tempo est\u00e1vel e seco, segundo dados do Instituto<span class=\"excerpt-hellip\"> [\u2026]<\/span><\/p>\n","protected":false},"author":10,"featured_media":47720,"comment_status":"open","ping_status":"open","sticky":false,"template":"","format":"standard","meta":{"_jetpack_memberships_contains_paid_content":false,"footnotes":"","jetpack_publicize_message":"","jetpack_publicize_feature_enabled":true,"jetpack_social_post_already_shared":true,"jetpack_social_options":{"image_generator_settings":{"template":"highway","default_image_id":0,"enabled":false},"version":2}},"categories":[28,44],"tags":[],"class_list":["post-66482","post","type-post","status-publish","format-standard","has-post-thumbnail","hentry","category-cotidiano","category-noticias"],"yoast_head":"<!-- This site is optimized with the Yoast SEO plugin v25.6 - https:\/\/yoast.com\/wordpress\/plugins\/seo\/ -->\n<title>Instituto Climatempo: semana de tempo firme marca temperaturas em Franca - VerdadeOn<\/title>\n<meta name=\"robots\" content=\"index, follow, max-snippet:-1, max-image-preview:large, max-video-preview:-1\" \/>\n<link rel=\"canonical\" href=\"https:\/\/verdadeon.com.br\/portal\/2026\/04\/28\/instituto-climatempo-semana-de-tempo-firme-marca-temperaturas-em-franca\/\" \/>\n<meta property=\"og:locale\" content=\"pt_BR\" \/>\n<meta property=\"og:type\" content=\"article\" \/>\n<meta property=\"og:title\" content=\"Instituto Climatempo: semana de tempo firme marca temperaturas em Franca - VerdadeOn\" \/>\n<meta property=\"og:description\" content=\"M\u00e1ximas se mant\u00eam pr\u00f3ximas aos 30\u00b0C Por Pedro Maia Editor-chefe A cidade de Franca acompanha uma semana de tempo est\u00e1vel e seco, segundo dados do Instituto [\u2026]\" \/>\n<meta property=\"og:url\" content=\"https:\/\/verdadeon.com.br\/portal\/2026\/04\/28\/instituto-climatempo-semana-de-tempo-firme-marca-temperaturas-em-franca\/\" \/>\n<meta property=\"og:site_name\" content=\"VerdadeOn\" \/>\n<meta property=\"article:published_time\" content=\"2026-04-28T18:13:43+00:00\" \/>\n<meta property=\"og:image\" content=\"https:\/\/verdadeon.com.br\/portal\/wp-content\/uploads\/2024\/07\/WhatsApp-Image-2024-06-21-at-09.34.46.webp\" \/>\n\t<meta property=\"og:image:width\" content=\"689\" \/>\n\t<meta property=\"og:image:height\" content=\"461\" \/>\n\t<meta property=\"og:image:type\" content=\"image\/webp\" \/>\n<meta name=\"author\" content=\"Redacao VerdadeOn\" \/>\n<meta name=\"twitter:card\" content=\"summary_large_image\" \/>\n<meta name=\"twitter:label1\" content=\"Escrito por\" \/>\n\t<meta name=\"twitter:data1\" content=\"Redacao VerdadeOn\" \/>\n\t<meta name=\"twitter:label2\" content=\"Est. tempo de leitura\" \/>\n\t<meta name=\"twitter:data2\" content=\"2 minutos\" \/>\n<script type=\"application\/ld+json\" class=\"yoast-schema-graph\">{\"@context\":\"https:\/\/schema.org\",\"@graph\":[{\"@type\":\"WebPage\",\"@id\":\"https:\/\/verdadeon.com.br\/portal\/2026\/04\/28\/instituto-climatempo-semana-de-tempo-firme-marca-temperaturas-em-franca\/\",\"url\":\"https:\/\/verdadeon.com.br\/portal\/2026\/04\/28\/instituto-climatempo-semana-de-tempo-firme-marca-temperaturas-em-franca\/\",\"name\":\"Instituto Climatempo: semana de tempo firme marca temperaturas em Franca - VerdadeOn\",\"isPartOf\":{\"@id\":\"https:\/\/verdadeon.com.br\/portal\/#website\"},\"primaryImageOfPage\":{\"@id\":\"https:\/\/verdadeon.com.br\/portal\/2026\/04\/28\/instituto-climatempo-semana-de-tempo-firme-marca-temperaturas-em-franca\/#primaryimage\"},\"image\":{\"@id\":\"https:\/\/verdadeon.com.br\/portal\/2026\/04\/28\/instituto-climatempo-semana-de-tempo-firme-marca-temperaturas-em-franca\/#primaryimage\"},\"thumbnailUrl\":\"https:\/\/i0.wp.com\/verdadeon.com.br\/portal\/wp-content\/uploads\/2024\/07\/WhatsApp-Image-2024-06-21-at-09.34.46.webp?fit=689%2C461&ssl=1\",\"datePublished\":\"2026-04-28T18:13:43+00:00\",\"author\":{\"@id\":\"https:\/\/verdadeon.com.br\/portal\/#\/schema\/person\/a5060ad1e9ea3df545188fc93ce43d2f\"},\"breadcrumb\":{\"@id\":\"https:\/\/verdadeon.com.br\/portal\/2026\/04\/28\/instituto-climatempo-semana-de-tempo-firme-marca-temperaturas-em-franca\/#breadcrumb\"},\"inLanguage\":\"pt-BR\",\"potentialAction\":[{\"@type\":\"ReadAction\",\"target\":[\"https:\/\/verdadeon.com.br\/portal\/2026\/04\/28\/instituto-climatempo-semana-de-tempo-firme-marca-temperaturas-em-franca\/\"]}]},{\"@type\":\"ImageObject\",\"inLanguage\":\"pt-BR\",\"@id\":\"https:\/\/verdadeon.com.br\/portal\/2026\/04\/28\/instituto-climatempo-semana-de-tempo-firme-marca-temperaturas-em-franca\/#primaryimage\",\"url\":\"https:\/\/i0.wp.com\/verdadeon.com.br\/portal\/wp-content\/uploads\/2024\/07\/WhatsApp-Image-2024-06-21-at-09.34.46.webp?fit=689%2C461&ssl=1\",\"contentUrl\":\"https:\/\/i0.wp.com\/verdadeon.com.br\/portal\/wp-content\/uploads\/2024\/07\/WhatsApp-Image-2024-06-21-at-09.34.46.webp?fit=689%2C461&ssl=1\",\"width\":689,\"height\":461,\"caption\":\"Previs\u00e3o do Instituto Climatempo mostra tempo seco em Franca e m\u00e1ximas pr\u00f3ximas aos 30\u00b0C (\u00a9Jornal Verdade)\"},{\"@type\":\"BreadcrumbList\",\"@id\":\"https:\/\/verdadeon.com.br\/portal\/2026\/04\/28\/instituto-climatempo-semana-de-tempo-firme-marca-temperaturas-em-franca\/#breadcrumb\",\"itemListElement\":[{\"@type\":\"ListItem\",\"position\":1,\"name\":\"In\u00edcio\",\"item\":\"https:\/\/verdadeon.com.br\/portal\/\"},{\"@type\":\"ListItem\",\"position\":2,\"name\":\"Instituto Climatempo: semana de tempo firme marca temperaturas em Franca\"}]},{\"@type\":\"WebSite\",\"@id\":\"https:\/\/verdadeon.com.br\/portal\/#website\",\"url\":\"https:\/\/verdadeon.com.br\/portal\/\",\"name\":\"VerdadeOn\",\"description\":\"Not\u00edcias di\u00e1rias sobre Franca, Regi\u00e3o, Esporte, Cultura, Cotidiano, Colunas. Cobertura nos principais eventos da cidade \u00e9 aqui - Verdadeon Franca\",\"potentialAction\":[{\"@type\":\"SearchAction\",\"target\":{\"@type\":\"EntryPoint\",\"urlTemplate\":\"https:\/\/verdadeon.com.br\/portal\/?s={search_term_string}\"},\"query-input\":{\"@type\":\"PropertyValueSpecification\",\"valueRequired\":true,\"valueName\":\"search_term_string\"}}],\"inLanguage\":\"pt-BR\"},{\"@type\":\"Person\",\"@id\":\"https:\/\/verdadeon.com.br\/portal\/#\/schema\/person\/a5060ad1e9ea3df545188fc93ce43d2f\",\"name\":\"Redacao VerdadeOn\",\"image\":{\"@type\":\"ImageObject\",\"inLanguage\":\"pt-BR\",\"@id\":\"https:\/\/verdadeon.com.br\/portal\/#\/schema\/person\/image\/\",\"url\":\"https:\/\/secure.gravatar.com\/avatar\/459a9613caaaf07f582c3d0841eea68bdd66f533e465e6ba8b9cb45619572cf4?s=96&d=mm&r=g\",\"contentUrl\":\"https:\/\/secure.gravatar.com\/avatar\/459a9613caaaf07f582c3d0841eea68bdd66f533e465e6ba8b9cb45619572cf4?s=96&d=mm&r=g\",\"caption\":\"Redacao VerdadeOn\"},\"url\":\"https:\/\/verdadeon.com.br\/portal\/author\/redacao\/\"}]}<\/script>\n<!-- \/ Yoast SEO plugin. -->","yoast_head_json":{"title":"Instituto Climatempo: semana de tempo firme marca temperaturas em Franca - VerdadeOn","robots":{"index":"index","follow":"follow","max-snippet":"max-snippet:-1","max-image-preview":"max-image-preview:large","max-video-preview":"max-video-preview:-1"},"canonical":"https:\/\/verdadeon.com.br\/portal\/2026\/04\/28\/instituto-climatempo-semana-de-tempo-firme-marca-temperaturas-em-franca\/","og_locale":"pt_BR","og_type":"article","og_title":"Instituto Climatempo: semana de tempo firme marca temperaturas em Franca - VerdadeOn","og_description":"M\u00e1ximas se mant\u00eam pr\u00f3ximas aos 30\u00b0C Por Pedro Maia Editor-chefe A cidade de Franca acompanha uma semana de tempo est\u00e1vel e seco, segundo dados do Instituto [\u2026]","og_url":"https:\/\/verdadeon.com.br\/portal\/2026\/04\/28\/instituto-climatempo-semana-de-tempo-firme-marca-temperaturas-em-franca\/","og_site_name":"VerdadeOn","article_published_time":"2026-04-28T18:13:43+00:00","og_image":[{"width":689,"height":461,"url":"https:\/\/verdadeon.com.br\/portal\/wp-content\/uploads\/2024\/07\/WhatsApp-Image-2024-06-21-at-09.34.46.webp","type":"image\/webp"}],"author":"Redacao VerdadeOn","twitter_card":"summary_large_image","twitter_misc":{"Escrito por":"Redacao VerdadeOn","Est. tempo de leitura":"2 minutos"},"schema":{"@context":"https:\/\/schema.org","@graph":[{"@type":"WebPage","@id":"https:\/\/verdadeon.com.br\/portal\/2026\/04\/28\/instituto-climatempo-semana-de-tempo-firme-marca-temperaturas-em-franca\/","url":"https:\/\/verdadeon.com.br\/portal\/2026\/04\/28\/instituto-climatempo-semana-de-tempo-firme-marca-temperaturas-em-franca\/","name":"Instituto Climatempo: semana de tempo firme marca temperaturas em Franca - VerdadeOn","isPartOf":{"@id":"https:\/\/verdadeon.com.br\/portal\/#website"},"primaryImageOfPage":{"@id":"https:\/\/verdadeon.com.br\/portal\/2026\/04\/28\/instituto-climatempo-semana-de-tempo-firme-marca-temperaturas-em-franca\/#primaryimage"},"image":{"@id":"https:\/\/verdadeon.com.br\/portal\/2026\/04\/28\/instituto-climatempo-semana-de-tempo-firme-marca-temperaturas-em-franca\/#primaryimage"},"thumbnailUrl":"https:\/\/i0.wp.com\/verdadeon.com.br\/portal\/wp-content\/uploads\/2024\/07\/WhatsApp-Image-2024-06-21-at-09.34.46.webp?fit=689%2C461&ssl=1","datePublished":"2026-04-28T18:13:43+00:00","author":{"@id":"https:\/\/verdadeon.com.br\/portal\/#\/schema\/person\/a5060ad1e9ea3df545188fc93ce43d2f"},"breadcrumb":{"@id":"https:\/\/verdadeon.com.br\/portal\/2026\/04\/28\/instituto-climatempo-semana-de-tempo-firme-marca-temperaturas-em-franca\/#breadcrumb"},"inLanguage":"pt-BR","potentialAction":[{"@type":"ReadAction","target":["https:\/\/verdadeon.com.br\/portal\/2026\/04\/28\/instituto-climatempo-semana-de-tempo-firme-marca-temperaturas-em-franca\/"]}]},{"@type":"ImageObject","inLanguage":"pt-BR","@id":"https:\/\/verdadeon.com.br\/portal\/2026\/04\/28\/instituto-climatempo-semana-de-tempo-firme-marca-temperaturas-em-franca\/#primaryimage","url":"https:\/\/i0.wp.com\/verdadeon.com.br\/portal\/wp-content\/uploads\/2024\/07\/WhatsApp-Image-2024-06-21-at-09.34.46.webp?fit=689%2C461&ssl=1","contentUrl":"https:\/\/i0.wp.com\/verdadeon.com.br\/portal\/wp-content\/uploads\/2024\/07\/WhatsApp-Image-2024-06-21-at-09.34.46.webp?fit=689%2C461&ssl=1","width":689,"height":461,"caption":"Previs\u00e3o do Instituto Climatempo mostra tempo seco em Franca e m\u00e1ximas pr\u00f3ximas aos 30\u00b0C (\u00a9Jornal Verdade)"},{"@type":"BreadcrumbList","@id":"https:\/\/verdadeon.com.br\/portal\/2026\/04\/28\/instituto-climatempo-semana-de-tempo-firme-marca-temperaturas-em-franca\/#breadcrumb","itemListElement":[{"@type":"ListItem","position":1,"name":"In\u00edcio","item":"https:\/\/verdadeon.com.br\/portal\/"},{"@type":"ListItem","position":2,"name":"Instituto Climatempo: semana de tempo firme marca temperaturas em Franca"}]},{"@type":"WebSite","@id":"https:\/\/verdadeon.com.br\/portal\/#website","url":"https:\/\/verdadeon.com.br\/portal\/","name":"VerdadeOn","description":"Not\u00edcias di\u00e1rias sobre Franca, Regi\u00e3o, Esporte, Cultura, Cotidiano, Colunas. Cobertura nos principais eventos da cidade \u00e9 aqui - Verdadeon Franca","potentialAction":[{"@type":"SearchAction","target":{"@type":"EntryPoint","urlTemplate":"https:\/\/verdadeon.com.br\/portal\/?s={search_term_string}"},"query-input":{"@type":"PropertyValueSpecification","valueRequired":true,"valueName":"search_term_string"}}],"inLanguage":"pt-BR"},{"@type":"Person","@id":"https:\/\/verdadeon.com.br\/portal\/#\/schema\/person\/a5060ad1e9ea3df545188fc93ce43d2f","name":"Redacao VerdadeOn","image":{"@type":"ImageObject","inLanguage":"pt-BR","@id":"https:\/\/verdadeon.com.br\/portal\/#\/schema\/person\/image\/","url":"https:\/\/secure.gravatar.com\/avatar\/459a9613caaaf07f582c3d0841eea68bdd66f533e465e6ba8b9cb45619572cf4?s=96&d=mm&r=g","contentUrl":"https:\/\/secure.gravatar.com\/avatar\/459a9613caaaf07f582c3d0841eea68bdd66f533e465e6ba8b9cb45619572cf4?s=96&d=mm&r=g","caption":"Redacao VerdadeOn"},"url":"https:\/\/verdadeon.com.br\/portal\/author\/redacao\/"}]}},"jetpack_publicize_connections":[],"jetpack_featured_media_url":"https:\/\/i0.wp.com\/verdadeon.com.br\/portal\/wp-content\/uploads\/2024\/07\/WhatsApp-Image-2024-06-21-at-09.34.46.webp?fit=689%2C461&ssl=1","jetpack_sharing_enabled":true,"_links":{"self":[{"href":"https:\/\/verdadeon.com.br\/portal\/wp-json\/wp\/v2\/posts\/66482","targetHints":{"allow":["GET"]}}],"collection":[{"href":"https:\/\/verdadeon.com.br\/portal\/wp-json\/wp\/v2\/posts"}],"about":[{"href":"https:\/\/verdadeon.com.br\/portal\/wp-json\/wp\/v2\/types\/post"}],"author":[{"embeddable":true,"href":"https:\/\/verdadeon.com.br\/portal\/wp-json\/wp\/v2\/users\/10"}],"replies":[{"embeddable":true,"href":"https:\/\/verdadeon.com.br\/portal\/wp-json\/wp\/v2\/comments?post=66482"}],"version-history":[{"count":1,"href":"https:\/\/verdadeon.com.br\/portal\/wp-json\/wp\/v2\/posts\/66482\/revisions"}],"predecessor-version":[{"id":66483,"href":"https:\/\/verdadeon.com.br\/portal\/wp-json\/wp\/v2\/posts\/66482\/revisions\/66483"}],"wp:featuredmedia":[{"embeddable":true,"href":"https:\/\/verdadeon.com.br\/portal\/wp-json\/wp\/v2\/media\/47720"}],"wp:attachment":[{"href":"https:\/\/verdadeon.com.br\/portal\/wp-json\/wp\/v2\/media?parent=66482"}],"wp:term":[{"taxonomy":"category","embeddable":true,"href":"https:\/\/verdadeon.com.br\/portal\/wp-json\/wp\/v2\/categories?post=66482"},{"taxonomy":"post_tag","embeddable":true,"href":"https:\/\/verdadeon.com.br\/portal\/wp-json\/wp\/v2\/tags?post=66482"}],"curies":[{"name":"wp","href":"https:\/\/api.w.org\/{rel}","templated":true}]}}