{"id":66473,"date":"2026-04-28T13:31:54","date_gmt":"2026-04-28T16:31:54","guid":{"rendered":"https:\/\/verdadeon.com.br\/portal\/?p=66473"},"modified":"2026-04-28T13:35:52","modified_gmt":"2026-04-28T16:35:52","slug":"sesi-franca-varre-botafogo-e-encara-mogi-nas-quartas-de-final-do-nbb","status":"publish","type":"post","link":"https:\/\/verdadeon.com.br\/portal\/2026\/04\/28\/sesi-franca-varre-botafogo-e-encara-mogi-nas-quartas-de-final-do-nbb\/","title":{"rendered":"Sesi Franca varre Botafogo e encara Mogi nas quartas de final do NBB"},"content":{"rendered":"<h2>Francanos derrotaram botafoguenses por 82 a 78 no terceiro jogo da s\u00e9rie<\/h2>\n<p style=\"text-align: right;\"><em><strong>Por Pedro Maia<\/strong><\/em><br \/>\n<em><strong>Editor-chefe<\/strong><\/em><\/p>\n<p>O Sesi Franca Basquete varreu o Botafogo na noite desta segunda-feira, 27 de abril, vencendo o Jogo 3 das oitavas de final do NBB (Novo Basquete Brasil) 2025\/2026 por um placar de 82 a 78. Com isso, foram tr\u00eas vit\u00f3rias consecutivas dos francanos sobre os botafoguenses nos playoffs, sendo as duas \u00faltimas no Gin\u00e1sio Oscar Zelaya, no Rio de Janeiro.<\/p>\n<p>O cestinha da partida foi o atleta Matheusinho, da &#8216;Estrela Solit\u00e1ria&#8217;, com 23 pontos. Pelo &#8216;Touro&#8217;, o principal pontuador foi David Jackson, que anotou 21 pontos e atingiu a marca de 7.005 pontos na hist\u00f3ria do NBB. Destes, 3758 foram s\u00f3 pelo Franca. O ala do Sesi Franca Basquete segue consolidado como o 5\u00ba maior cestinha da hist\u00f3ria da liga.<\/p>\n<p>Sobre o desenvolvimento do Sesi Franca nas Oitavas de Final, o t\u00e9cnico Helinho Garcia declarou: &#8220;foi um playoff bastante duro, onde sa\u00edmos melhores do que entramos. Um playoff onde a equipe do Botafogo teve m\u00e9ritos e fizeram duas grandes partidas aqui no Rio de Janeiro. N\u00f3s sabemos como superar adversidades importantes e por isso mesmo eu falo que \u00e9 um playoff que nos preparou muito para o que a gente vai ter pela frente, nessas quartas de final contra o Mogi&#8221;.<\/p>\n<div id=\"attachment_66475\" style=\"width: 2057px\" class=\"wp-caption alignnone\"><img data-recalc-dims=\"1\" loading=\"lazy\" decoding=\"async\" aria-describedby=\"caption-attachment-66475\" class=\"size-full wp-image-66475\" src=\"https:\/\/i0.wp.com\/verdadeon.com.br\/portal\/wp-content\/uploads\/2026\/04\/55234383897_bbaf7ca0b5_k.jpg?resize=1220%2C814&#038;ssl=1\" alt=\"\" width=\"1220\" height=\"814\" srcset=\"https:\/\/i0.wp.com\/verdadeon.com.br\/portal\/wp-content\/uploads\/2026\/04\/55234383897_bbaf7ca0b5_k.jpg?w=2047&amp;ssl=1 2047w, https:\/\/i0.wp.com\/verdadeon.com.br\/portal\/wp-content\/uploads\/2026\/04\/55234383897_bbaf7ca0b5_k.jpg?resize=300%2C200&amp;ssl=1 300w, https:\/\/i0.wp.com\/verdadeon.com.br\/portal\/wp-content\/uploads\/2026\/04\/55234383897_bbaf7ca0b5_k.jpg?resize=1024%2C683&amp;ssl=1 1024w, https:\/\/i0.wp.com\/verdadeon.com.br\/portal\/wp-content\/uploads\/2026\/04\/55234383897_bbaf7ca0b5_k.jpg?resize=768%2C512&amp;ssl=1 768w, https:\/\/i0.wp.com\/verdadeon.com.br\/portal\/wp-content\/uploads\/2026\/04\/55234383897_bbaf7ca0b5_k.jpg?resize=1536%2C1024&amp;ssl=1 1536w, https:\/\/i0.wp.com\/verdadeon.com.br\/portal\/wp-content\/uploads\/2026\/04\/55234383897_bbaf7ca0b5_k.jpg?resize=219%2C146&amp;ssl=1 219w, https:\/\/i0.wp.com\/verdadeon.com.br\/portal\/wp-content\/uploads\/2026\/04\/55234383897_bbaf7ca0b5_k.jpg?resize=50%2C33&amp;ssl=1 50w, https:\/\/i0.wp.com\/verdadeon.com.br\/portal\/wp-content\/uploads\/2026\/04\/55234383897_bbaf7ca0b5_k.jpg?resize=112%2C75&amp;ssl=1 112w\" sizes=\"auto, (max-width: 1220px) 100vw, 1220px\" \/><p id=\"caption-attachment-66475\" class=\"wp-caption-text\">(\u00a9Marcos Limonti\/Relance\/SFB)<\/p><\/div>\n<p>Os jogos e hor\u00e1rios das quartas de final contra o Mogi das Cruzes Basquete, que varreu o Mr. Moo S\u00e3o Jos\u00e9 tamb\u00e9m nesta segunda-feira, 27, ainda ser\u00e3o definidos.<\/p>\n<p>&#8220;A vit\u00f3ria por 3 a 0 \u00e9 importante, n\u00e3o s\u00f3 para a gente poder descansar um tempo, mas tamb\u00e9m para nos prepararmos da melhor forma, estudando o advers\u00e1rio, passando para os atletas, melhorando coisas que t\u00eam que ser treinadas e corrigindo alguns detalhes que v\u00e3o ser muito importantes para que a gente possa vencer as quartas de final&#8221;, concluiu o treinador Helinho Garcia.<\/p>\n","protected":false},"excerpt":{"rendered":"<p>Francanos derrotaram botafoguenses por 82 a 78 no terceiro jogo da s\u00e9rie Por Pedro Maia Editor-chefe O Sesi Franca Basquete varreu o Botafogo na noite desta<span class=\"excerpt-hellip\"> [\u2026]<\/span><\/p>\n","protected":false},"author":10,"featured_media":66474,"comment_status":"open","ping_status":"open","sticky":false,"template":"","format":"standard","meta":{"_jetpack_memberships_contains_paid_content":false,"footnotes":"","jetpack_publicize_message":"","jetpack_publicize_feature_enabled":true,"jetpack_social_post_already_shared":true,"jetpack_social_options":{"image_generator_settings":{"template":"highway","default_image_id":0,"enabled":false},"version":2}},"categories":[28,81],"tags":[],"class_list":["post-66473","post","type-post","status-publish","format-standard","has-post-thumbnail","hentry","category-cotidiano","category-manchete"],"yoast_head":"<!-- This site is optimized with the Yoast SEO plugin v25.6 - https:\/\/yoast.com\/wordpress\/plugins\/seo\/ -->\n<title>Sesi Franca varre Botafogo e encara Mogi nas quartas de final do NBB - VerdadeOn<\/title>\n<meta name=\"robots\" content=\"index, follow, max-snippet:-1, max-image-preview:large, max-video-preview:-1\" \/>\n<link rel=\"canonical\" href=\"https:\/\/verdadeon.com.br\/portal\/2026\/04\/28\/sesi-franca-varre-botafogo-e-encara-mogi-nas-quartas-de-final-do-nbb\/\" \/>\n<meta property=\"og:locale\" content=\"pt_BR\" \/>\n<meta property=\"og:type\" content=\"article\" \/>\n<meta property=\"og:title\" content=\"Sesi Franca varre Botafogo e encara Mogi nas quartas de final do NBB - VerdadeOn\" \/>\n<meta property=\"og:description\" content=\"Francanos derrotaram botafoguenses por 82 a 78 no terceiro jogo da s\u00e9rie Por Pedro Maia Editor-chefe O Sesi Franca Basquete varreu o Botafogo na noite desta [\u2026]\" \/>\n<meta property=\"og:url\" content=\"https:\/\/verdadeon.com.br\/portal\/2026\/04\/28\/sesi-franca-varre-botafogo-e-encara-mogi-nas-quartas-de-final-do-nbb\/\" \/>\n<meta property=\"og:site_name\" content=\"VerdadeOn\" \/>\n<meta property=\"article:published_time\" content=\"2026-04-28T16:31:54+00:00\" \/>\n<meta property=\"article:modified_time\" content=\"2026-04-28T16:35:52+00:00\" \/>\n<meta property=\"og:image\" content=\"https:\/\/verdadeon.com.br\/portal\/wp-content\/uploads\/2026\/04\/55235563290_529b833b8b_k.jpg\" \/>\n\t<meta property=\"og:image:width\" content=\"2047\" \/>\n\t<meta property=\"og:image:height\" content=\"1365\" \/>\n\t<meta property=\"og:image:type\" content=\"image\/jpeg\" \/>\n<meta name=\"author\" content=\"Redacao VerdadeOn\" \/>\n<meta name=\"twitter:card\" content=\"summary_large_image\" \/>\n<meta name=\"twitter:label1\" content=\"Escrito por\" \/>\n\t<meta name=\"twitter:data1\" content=\"Redacao VerdadeOn\" \/>\n\t<meta name=\"twitter:label2\" content=\"Est. tempo de leitura\" \/>\n\t<meta name=\"twitter:data2\" content=\"3 minutos\" \/>\n<script type=\"application\/ld+json\" class=\"yoast-schema-graph\">{\"@context\":\"https:\/\/schema.org\",\"@graph\":[{\"@type\":\"WebPage\",\"@id\":\"https:\/\/verdadeon.com.br\/portal\/2026\/04\/28\/sesi-franca-varre-botafogo-e-encara-mogi-nas-quartas-de-final-do-nbb\/\",\"url\":\"https:\/\/verdadeon.com.br\/portal\/2026\/04\/28\/sesi-franca-varre-botafogo-e-encara-mogi-nas-quartas-de-final-do-nbb\/\",\"name\":\"Sesi Franca varre Botafogo e encara Mogi nas quartas de final do NBB - VerdadeOn\",\"isPartOf\":{\"@id\":\"https:\/\/verdadeon.com.br\/portal\/#website\"},\"primaryImageOfPage\":{\"@id\":\"https:\/\/verdadeon.com.br\/portal\/2026\/04\/28\/sesi-franca-varre-botafogo-e-encara-mogi-nas-quartas-de-final-do-nbb\/#primaryimage\"},\"image\":{\"@id\":\"https:\/\/verdadeon.com.br\/portal\/2026\/04\/28\/sesi-franca-varre-botafogo-e-encara-mogi-nas-quartas-de-final-do-nbb\/#primaryimage\"},\"thumbnailUrl\":\"https:\/\/i0.wp.com\/verdadeon.com.br\/portal\/wp-content\/uploads\/2026\/04\/55235563290_529b833b8b_k.jpg?fit=2047%2C1365&ssl=1\",\"datePublished\":\"2026-04-28T16:31:54+00:00\",\"dateModified\":\"2026-04-28T16:35:52+00:00\",\"author\":{\"@id\":\"https:\/\/verdadeon.com.br\/portal\/#\/schema\/person\/a5060ad1e9ea3df545188fc93ce43d2f\"},\"breadcrumb\":{\"@id\":\"https:\/\/verdadeon.com.br\/portal\/2026\/04\/28\/sesi-franca-varre-botafogo-e-encara-mogi-nas-quartas-de-final-do-nbb\/#breadcrumb\"},\"inLanguage\":\"pt-BR\",\"potentialAction\":[{\"@type\":\"ReadAction\",\"target\":[\"https:\/\/verdadeon.com.br\/portal\/2026\/04\/28\/sesi-franca-varre-botafogo-e-encara-mogi-nas-quartas-de-final-do-nbb\/\"]}]},{\"@type\":\"ImageObject\",\"inLanguage\":\"pt-BR\",\"@id\":\"https:\/\/verdadeon.com.br\/portal\/2026\/04\/28\/sesi-franca-varre-botafogo-e-encara-mogi-nas-quartas-de-final-do-nbb\/#primaryimage\",\"url\":\"https:\/\/i0.wp.com\/verdadeon.com.br\/portal\/wp-content\/uploads\/2026\/04\/55235563290_529b833b8b_k.jpg?fit=2047%2C1365&ssl=1\",\"contentUrl\":\"https:\/\/i0.wp.com\/verdadeon.com.br\/portal\/wp-content\/uploads\/2026\/04\/55235563290_529b833b8b_k.jpg?fit=2047%2C1365&ssl=1\",\"width\":2047,\"height\":1365,\"caption\":\"O ala David Jackson, do Sesi Franca, que ultrapassou a marca dos 7 mil pontos registrados na hist\u00f3ria do NBB (\u00a9Marcos Limonti\/Relance\/SFB)\"},{\"@type\":\"BreadcrumbList\",\"@id\":\"https:\/\/verdadeon.com.br\/portal\/2026\/04\/28\/sesi-franca-varre-botafogo-e-encara-mogi-nas-quartas-de-final-do-nbb\/#breadcrumb\",\"itemListElement\":[{\"@type\":\"ListItem\",\"position\":1,\"name\":\"In\u00edcio\",\"item\":\"https:\/\/verdadeon.com.br\/portal\/\"},{\"@type\":\"ListItem\",\"position\":2,\"name\":\"Sesi Franca varre Botafogo e encara Mogi nas quartas de final do NBB\"}]},{\"@type\":\"WebSite\",\"@id\":\"https:\/\/verdadeon.com.br\/portal\/#website\",\"url\":\"https:\/\/verdadeon.com.br\/portal\/\",\"name\":\"VerdadeOn\",\"description\":\"Not\u00edcias di\u00e1rias sobre Franca, Regi\u00e3o, Esporte, Cultura, Cotidiano, Colunas. Cobertura nos principais eventos da cidade \u00e9 aqui - Verdadeon Franca\",\"potentialAction\":[{\"@type\":\"SearchAction\",\"target\":{\"@type\":\"EntryPoint\",\"urlTemplate\":\"https:\/\/verdadeon.com.br\/portal\/?s={search_term_string}\"},\"query-input\":{\"@type\":\"PropertyValueSpecification\",\"valueRequired\":true,\"valueName\":\"search_term_string\"}}],\"inLanguage\":\"pt-BR\"},{\"@type\":\"Person\",\"@id\":\"https:\/\/verdadeon.com.br\/portal\/#\/schema\/person\/a5060ad1e9ea3df545188fc93ce43d2f\",\"name\":\"Redacao VerdadeOn\",\"image\":{\"@type\":\"ImageObject\",\"inLanguage\":\"pt-BR\",\"@id\":\"https:\/\/verdadeon.com.br\/portal\/#\/schema\/person\/image\/\",\"url\":\"https:\/\/secure.gravatar.com\/avatar\/459a9613caaaf07f582c3d0841eea68bdd66f533e465e6ba8b9cb45619572cf4?s=96&d=mm&r=g\",\"contentUrl\":\"https:\/\/secure.gravatar.com\/avatar\/459a9613caaaf07f582c3d0841eea68bdd66f533e465e6ba8b9cb45619572cf4?s=96&d=mm&r=g\",\"caption\":\"Redacao VerdadeOn\"},\"url\":\"https:\/\/verdadeon.com.br\/portal\/author\/redacao\/\"}]}<\/script>\n<!-- \/ Yoast SEO plugin. -->","yoast_head_json":{"title":"Sesi Franca varre Botafogo e encara Mogi nas quartas de final do NBB - VerdadeOn","robots":{"index":"index","follow":"follow","max-snippet":"max-snippet:-1","max-image-preview":"max-image-preview:large","max-video-preview":"max-video-preview:-1"},"canonical":"https:\/\/verdadeon.com.br\/portal\/2026\/04\/28\/sesi-franca-varre-botafogo-e-encara-mogi-nas-quartas-de-final-do-nbb\/","og_locale":"pt_BR","og_type":"article","og_title":"Sesi Franca varre Botafogo e encara Mogi nas quartas de final do NBB - VerdadeOn","og_description":"Francanos derrotaram botafoguenses por 82 a 78 no terceiro jogo da s\u00e9rie Por Pedro Maia Editor-chefe O Sesi Franca Basquete varreu o Botafogo na noite desta [\u2026]","og_url":"https:\/\/verdadeon.com.br\/portal\/2026\/04\/28\/sesi-franca-varre-botafogo-e-encara-mogi-nas-quartas-de-final-do-nbb\/","og_site_name":"VerdadeOn","article_published_time":"2026-04-28T16:31:54+00:00","article_modified_time":"2026-04-28T16:35:52+00:00","og_image":[{"width":2047,"height":1365,"url":"https:\/\/verdadeon.com.br\/portal\/wp-content\/uploads\/2026\/04\/55235563290_529b833b8b_k.jpg","type":"image\/jpeg"}],"author":"Redacao VerdadeOn","twitter_card":"summary_large_image","twitter_misc":{"Escrito por":"Redacao VerdadeOn","Est. tempo de leitura":"3 minutos"},"schema":{"@context":"https:\/\/schema.org","@graph":[{"@type":"WebPage","@id":"https:\/\/verdadeon.com.br\/portal\/2026\/04\/28\/sesi-franca-varre-botafogo-e-encara-mogi-nas-quartas-de-final-do-nbb\/","url":"https:\/\/verdadeon.com.br\/portal\/2026\/04\/28\/sesi-franca-varre-botafogo-e-encara-mogi-nas-quartas-de-final-do-nbb\/","name":"Sesi Franca varre Botafogo e encara Mogi nas quartas de final do NBB - VerdadeOn","isPartOf":{"@id":"https:\/\/verdadeon.com.br\/portal\/#website"},"primaryImageOfPage":{"@id":"https:\/\/verdadeon.com.br\/portal\/2026\/04\/28\/sesi-franca-varre-botafogo-e-encara-mogi-nas-quartas-de-final-do-nbb\/#primaryimage"},"image":{"@id":"https:\/\/verdadeon.com.br\/portal\/2026\/04\/28\/sesi-franca-varre-botafogo-e-encara-mogi-nas-quartas-de-final-do-nbb\/#primaryimage"},"thumbnailUrl":"https:\/\/i0.wp.com\/verdadeon.com.br\/portal\/wp-content\/uploads\/2026\/04\/55235563290_529b833b8b_k.jpg?fit=2047%2C1365&ssl=1","datePublished":"2026-04-28T16:31:54+00:00","dateModified":"2026-04-28T16:35:52+00:00","author":{"@id":"https:\/\/verdadeon.com.br\/portal\/#\/schema\/person\/a5060ad1e9ea3df545188fc93ce43d2f"},"breadcrumb":{"@id":"https:\/\/verdadeon.com.br\/portal\/2026\/04\/28\/sesi-franca-varre-botafogo-e-encara-mogi-nas-quartas-de-final-do-nbb\/#breadcrumb"},"inLanguage":"pt-BR","potentialAction":[{"@type":"ReadAction","target":["https:\/\/verdadeon.com.br\/portal\/2026\/04\/28\/sesi-franca-varre-botafogo-e-encara-mogi-nas-quartas-de-final-do-nbb\/"]}]},{"@type":"ImageObject","inLanguage":"pt-BR","@id":"https:\/\/verdadeon.com.br\/portal\/2026\/04\/28\/sesi-franca-varre-botafogo-e-encara-mogi-nas-quartas-de-final-do-nbb\/#primaryimage","url":"https:\/\/i0.wp.com\/verdadeon.com.br\/portal\/wp-content\/uploads\/2026\/04\/55235563290_529b833b8b_k.jpg?fit=2047%2C1365&ssl=1","contentUrl":"https:\/\/i0.wp.com\/verdadeon.com.br\/portal\/wp-content\/uploads\/2026\/04\/55235563290_529b833b8b_k.jpg?fit=2047%2C1365&ssl=1","width":2047,"height":1365,"caption":"O ala David Jackson, do Sesi Franca, que ultrapassou a marca dos 7 mil pontos registrados na hist\u00f3ria do NBB (\u00a9Marcos Limonti\/Relance\/SFB)"},{"@type":"BreadcrumbList","@id":"https:\/\/verdadeon.com.br\/portal\/2026\/04\/28\/sesi-franca-varre-botafogo-e-encara-mogi-nas-quartas-de-final-do-nbb\/#breadcrumb","itemListElement":[{"@type":"ListItem","position":1,"name":"In\u00edcio","item":"https:\/\/verdadeon.com.br\/portal\/"},{"@type":"ListItem","position":2,"name":"Sesi Franca varre Botafogo e encara Mogi nas quartas de final do NBB"}]},{"@type":"WebSite","@id":"https:\/\/verdadeon.com.br\/portal\/#website","url":"https:\/\/verdadeon.com.br\/portal\/","name":"VerdadeOn","description":"Not\u00edcias di\u00e1rias sobre Franca, Regi\u00e3o, Esporte, Cultura, Cotidiano, Colunas. Cobertura nos principais eventos da cidade \u00e9 aqui - Verdadeon Franca","potentialAction":[{"@type":"SearchAction","target":{"@type":"EntryPoint","urlTemplate":"https:\/\/verdadeon.com.br\/portal\/?s={search_term_string}"},"query-input":{"@type":"PropertyValueSpecification","valueRequired":true,"valueName":"search_term_string"}}],"inLanguage":"pt-BR"},{"@type":"Person","@id":"https:\/\/verdadeon.com.br\/portal\/#\/schema\/person\/a5060ad1e9ea3df545188fc93ce43d2f","name":"Redacao VerdadeOn","image":{"@type":"ImageObject","inLanguage":"pt-BR","@id":"https:\/\/verdadeon.com.br\/portal\/#\/schema\/person\/image\/","url":"https:\/\/secure.gravatar.com\/avatar\/459a9613caaaf07f582c3d0841eea68bdd66f533e465e6ba8b9cb45619572cf4?s=96&d=mm&r=g","contentUrl":"https:\/\/secure.gravatar.com\/avatar\/459a9613caaaf07f582c3d0841eea68bdd66f533e465e6ba8b9cb45619572cf4?s=96&d=mm&r=g","caption":"Redacao VerdadeOn"},"url":"https:\/\/verdadeon.com.br\/portal\/author\/redacao\/"}]}},"jetpack_publicize_connections":[],"jetpack_featured_media_url":"https:\/\/i0.wp.com\/verdadeon.com.br\/portal\/wp-content\/uploads\/2026\/04\/55235563290_529b833b8b_k.jpg?fit=2047%2C1365&ssl=1","jetpack_sharing_enabled":true,"_links":{"self":[{"href":"https:\/\/verdadeon.com.br\/portal\/wp-json\/wp\/v2\/posts\/66473","targetHints":{"allow":["GET"]}}],"collection":[{"href":"https:\/\/verdadeon.com.br\/portal\/wp-json\/wp\/v2\/posts"}],"about":[{"href":"https:\/\/verdadeon.com.br\/portal\/wp-json\/wp\/v2\/types\/post"}],"author":[{"embeddable":true,"href":"https:\/\/verdadeon.com.br\/portal\/wp-json\/wp\/v2\/users\/10"}],"replies":[{"embeddable":true,"href":"https:\/\/verdadeon.com.br\/portal\/wp-json\/wp\/v2\/comments?post=66473"}],"version-history":[{"count":3,"href":"https:\/\/verdadeon.com.br\/portal\/wp-json\/wp\/v2\/posts\/66473\/revisions"}],"predecessor-version":[{"id":66478,"href":"https:\/\/verdadeon.com.br\/portal\/wp-json\/wp\/v2\/posts\/66473\/revisions\/66478"}],"wp:featuredmedia":[{"embeddable":true,"href":"https:\/\/verdadeon.com.br\/portal\/wp-json\/wp\/v2\/media\/66474"}],"wp:attachment":[{"href":"https:\/\/verdadeon.com.br\/portal\/wp-json\/wp\/v2\/media?parent=66473"}],"wp:term":[{"taxonomy":"category","embeddable":true,"href":"https:\/\/verdadeon.com.br\/portal\/wp-json\/wp\/v2\/categories?post=66473"},{"taxonomy":"post_tag","embeddable":true,"href":"https:\/\/verdadeon.com.br\/portal\/wp-json\/wp\/v2\/tags?post=66473"}],"curies":[{"name":"wp","href":"https:\/\/api.w.org\/{rel}","templated":true}]}}