{"id":66470,"date":"2026-05-02T08:00:09","date_gmt":"2026-05-02T11:00:09","guid":{"rendered":"https:\/\/verdadeon.com.br\/portal\/?p=66470"},"modified":"2026-04-28T11:37:27","modified_gmt":"2026-04-28T14:37:27","slug":"mercado-imobiliario-de-franca-e-regiao-dispara-em-marco-e-revela-nova-dinamica-de-consumo-habitacional","status":"publish","type":"post","link":"https:\/\/verdadeon.com.br\/portal\/2026\/05\/02\/mercado-imobiliario-de-franca-e-regiao-dispara-em-marco-e-revela-nova-dinamica-de-consumo-habitacional\/","title":{"rendered":"Mercado imobili\u00e1rio de Franca e regi\u00e3o dispara em mar\u00e7o e revela nova din\u00e2mica de consumo habitacional"},"content":{"rendered":"<h2>A forte eleva\u00e7\u00e3o nas transa\u00e7\u00f5es reflete um conjunto de fatores econ\u00f4micos e sociais<\/h2>\n<p>O mercado imobili\u00e1rio de Franca e munic\u00edpios do entorno registrou, em mar\u00e7o de 2026, um movimento expressivo de recupera\u00e7\u00e3o, com crescimento de 116,95% nas vendas e 101,58% nas loca\u00e7\u00f5es de im\u00f3veis residenciais usados, revertendo o cen\u00e1rio de retra\u00e7\u00e3o observado no in\u00edcio do ano. Os dados s\u00e3o da pesquisa do Conselho Regional de Corretores de Im\u00f3veis do Estado de S\u00e3o Paulo, realizada junto a 70 imobili\u00e1rias da regi\u00e3o.<\/p>\n<p>A forte eleva\u00e7\u00e3o nas transa\u00e7\u00f5es reflete um conjunto de fatores econ\u00f4micos e sociais. A amplia\u00e7\u00e3o do acesso ao cr\u00e9dito imobili\u00e1rio, especialmente via financiamento habitacional, somada \u00e0 necessidade de reorganiza\u00e7\u00e3o financeira das fam\u00edlias ap\u00f3s per\u00edodos de instabilidade econ\u00f4mica, contribuiu diretamente para o aumento da atividade. Outro vetor relevante \u00e9 a busca por melhor qualidade de vida, com maior valoriza\u00e7\u00e3o de im\u00f3veis com mais espa\u00e7o, sobretudo casas, tend\u00eancia consolidada em cidades m\u00e9dias do interior paulista. O dado de que 100% das mudan\u00e7as em loca\u00e7\u00e3o ocorreram para im\u00f3veis mais baratos refor\u00e7a um comportamento de ajuste or\u00e7ament\u00e1rio das fam\u00edlias.<\/p>\n<p>O levantamento evidencia a predomin\u00e2ncia das casas, respons\u00e1veis por 63% das vendas, enquanto apartamentos representaram 37%. A prefer\u00eancia recai sobre im\u00f3veis de dois dormit\u00f3rios (45,5%) e tr\u00eas dormit\u00f3rios (36,4%), com \u00e1reas entre 51 m\u00b2 e 100 m\u00b2, indicando um padr\u00e3o de consumo voltado a fam\u00edlias m\u00e9dias.<\/p>\n<p>No aspecto financeiro, observa-se concentra\u00e7\u00e3o relevante em im\u00f3veis acima de R$ 500 mil, com destaque tamb\u00e9m para faixas intermedi\u00e1rias entre R$ 151 mil e R$ 400 mil, demonstrando um mercado diversificado, mas com tend\u00eancia de valoriza\u00e7\u00e3o. A maior parte das transa\u00e7\u00f5es ocorreu pelo valor anunciado (54,3%), com descontos moderados predominando at\u00e9 5%.<\/p>\n<p>As vendas se distribu\u00edram de forma equilibrada entre regi\u00f5es centrais (39,4%), bairros nobres (24,2%) e demais regi\u00f5es urbanas (36,4%). Esse comportamento evidencia um mercado que busca equil\u00edbrio entre localiza\u00e7\u00e3o, pre\u00e7o e qualidade de vida, com crescente interesse por \u00e1reas fora do eixo tradicional central.<\/p>\n<p>O financiamento imobili\u00e1rio segue como principal motor das vendas. A Caixa Econ\u00f4mica Federal lidera com 50% dos contratos, seguida pelo financiamento direto com propriet\u00e1rios (25%). O dado refor\u00e7a a depend\u00eancia estrutural do cr\u00e9dito para sustenta\u00e7\u00e3o do mercado imobili\u00e1rio regional, especialmente em cidades de m\u00e9dio porte.<\/p>\n<p><strong>Loca\u00e7\u00f5es em alta e perfil mais popular<\/strong><\/p>\n<p>O mercado de loca\u00e7\u00e3o apresentou crescimento ainda mais acentuado, com aumento de 101,58%. As casas tamb\u00e9m lideram esse segmento, com 65% dos contratos, e h\u00e1 forte concentra\u00e7\u00e3o nas regi\u00f5es perif\u00e9ricas, respons\u00e1veis por 89% das loca\u00e7\u00f5es, evidenciando o car\u00e1ter mais acess\u00edvel desse mercado.<\/p>\n<p>Os valores de aluguel indicam predomin\u00e2ncia de contratos entre R$ 1.000 e R$ 1.500 mensais, representando cerca de 40% das loca\u00e7\u00f5es. H\u00e1 tamb\u00e9m participa\u00e7\u00e3o relevante de faixas entre R$ 751 e R$ 1.000, demonstrando foco em fam\u00edlias de renda m\u00e9dia e m\u00e9dia-baixa.<\/p>\n<p>Entre as garantias locat\u00edcias, o seguro fian\u00e7a lidera com ampla vantagem, representando 63,4% dos contratos, seguido pelo fiador com 29,3%. Outras modalidades, como t\u00edtulo de capitaliza\u00e7\u00e3o, t\u00eam participa\u00e7\u00e3o residual. O dado revela uma mudan\u00e7a estrutural no mercado, com maior profissionaliza\u00e7\u00e3o e redu\u00e7\u00e3o da depend\u00eancia de garantias tradicionais.<\/p>\n<p><strong>O papel essencial do corretor de im\u00f3veis<\/strong><\/p>\n<p>Diante de um mercado mais din\u00e2mico e, ao mesmo tempo, mais complexo, a atua\u00e7\u00e3o do corretor de im\u00f3veis torna-se elemento central para a seguran\u00e7a das transa\u00e7\u00f5es. Seja na an\u00e1lise documental, na intermedia\u00e7\u00e3o de negocia\u00e7\u00f5es, na avalia\u00e7\u00e3o de pre\u00e7os ou na orienta\u00e7\u00e3o sobre cr\u00e9dito e garantias locat\u00edcias, o profissional habilitado assegura conformidade legal e reduz riscos para compradores, vendedores e locat\u00e1rios.<\/p>\n<p>A intermedia\u00e7\u00e3o profissional tamb\u00e9m contribui para maior transpar\u00eancia nas opera\u00e7\u00f5es, equil\u00edbrio nas negocia\u00e7\u00f5es e prote\u00e7\u00e3o do consumidor, especialmente em um cen\u00e1rio de expans\u00e3o acelerada como o observado em mar\u00e7o.<\/p>\n<p><strong>Cen\u00e1rio geral: consolida\u00e7\u00e3o de um nove ciclo<\/strong><\/p>\n<p>O desempenho expressivo de mar\u00e7o posiciona Franca e regi\u00e3o em um novo ciclo de crescimento imobili\u00e1rio, sustentado por cr\u00e9dito, ajustes econ\u00f4micos das fam\u00edlias e mudan\u00e7as no padr\u00e3o de moradia. O acumulado de 2026 j\u00e1 aponta alta de 83,65% nas vendas e 124,84% nas loca\u00e7\u00f5es, enquanto o desempenho em 12 meses alcan\u00e7a eleva\u00e7\u00f5es ainda mais robustas, consolidando a retomada do setor.<\/p>\n<p>O cen\u00e1rio indica um mercado mais ativo, mais seletivo e cada vez mais dependente de orienta\u00e7\u00e3o t\u00e9cnica qualificada, refor\u00e7ando o papel estrat\u00e9gico do corretor de im\u00f3veis na organiza\u00e7\u00e3o e desenvolvimento sustent\u00e1vel do setor.<\/p>\n<p><strong>Acumulado 12 meses:<\/strong><\/p>\n<p><strong>Vendas: + 167,08<\/strong><\/p>\n<p><strong>Loca\u00e7\u00f5es: + 294,68%<\/strong><\/p>\n","protected":false},"excerpt":{"rendered":"<p>A forte eleva\u00e7\u00e3o nas transa\u00e7\u00f5es reflete um conjunto de fatores econ\u00f4micos e sociais O mercado imobili\u00e1rio de Franca e munic\u00edpios do entorno registrou, em mar\u00e7o de<span class=\"excerpt-hellip\"> [\u2026]<\/span><\/p>\n","protected":false},"author":10,"featured_media":0,"comment_status":"open","ping_status":"open","sticky":false,"template":"","format":"standard","meta":{"_jetpack_memberships_contains_paid_content":false,"footnotes":"","jetpack_publicize_message":"","jetpack_publicize_feature_enabled":true,"jetpack_social_post_already_shared":true,"jetpack_social_options":{"image_generator_settings":{"template":"highway","default_image_id":0,"enabled":false},"version":2}},"categories":[28,81],"tags":[],"class_list":["post-66470","post","type-post","status-publish","format-standard","hentry","category-cotidiano","category-manchete"],"yoast_head":"<!-- This site is optimized with the Yoast SEO plugin v25.6 - https:\/\/yoast.com\/wordpress\/plugins\/seo\/ -->\n<title>Mercado imobili\u00e1rio de Franca e regi\u00e3o dispara em mar\u00e7o e revela nova din\u00e2mica de consumo habitacional - VerdadeOn<\/title>\n<meta name=\"robots\" content=\"index, follow, max-snippet:-1, max-image-preview:large, max-video-preview:-1\" \/>\n<link rel=\"canonical\" href=\"https:\/\/verdadeon.com.br\/portal\/2026\/05\/02\/mercado-imobiliario-de-franca-e-regiao-dispara-em-marco-e-revela-nova-dinamica-de-consumo-habitacional\/\" \/>\n<meta property=\"og:locale\" content=\"pt_BR\" \/>\n<meta property=\"og:type\" content=\"article\" \/>\n<meta property=\"og:title\" content=\"Mercado imobili\u00e1rio de Franca e regi\u00e3o dispara em mar\u00e7o e revela nova din\u00e2mica de consumo habitacional - VerdadeOn\" \/>\n<meta property=\"og:description\" content=\"A forte eleva\u00e7\u00e3o nas transa\u00e7\u00f5es reflete um conjunto de fatores econ\u00f4micos e sociais O mercado imobili\u00e1rio de Franca e munic\u00edpios do entorno registrou, em mar\u00e7o de [\u2026]\" \/>\n<meta property=\"og:url\" content=\"https:\/\/verdadeon.com.br\/portal\/2026\/05\/02\/mercado-imobiliario-de-franca-e-regiao-dispara-em-marco-e-revela-nova-dinamica-de-consumo-habitacional\/\" \/>\n<meta property=\"og:site_name\" content=\"VerdadeOn\" \/>\n<meta property=\"article:published_time\" content=\"2026-05-02T11:00:09+00:00\" \/>\n<meta name=\"author\" content=\"Redacao VerdadeOn\" \/>\n<meta name=\"twitter:card\" content=\"summary_large_image\" \/>\n<meta name=\"twitter:label1\" content=\"Escrito por\" \/>\n\t<meta name=\"twitter:data1\" content=\"Redacao VerdadeOn\" \/>\n\t<meta name=\"twitter:label2\" content=\"Est. tempo de leitura\" \/>\n\t<meta name=\"twitter:data2\" content=\"4 minutos\" \/>\n<script type=\"application\/ld+json\" class=\"yoast-schema-graph\">{\"@context\":\"https:\/\/schema.org\",\"@graph\":[{\"@type\":\"WebPage\",\"@id\":\"https:\/\/verdadeon.com.br\/portal\/2026\/05\/02\/mercado-imobiliario-de-franca-e-regiao-dispara-em-marco-e-revela-nova-dinamica-de-consumo-habitacional\/\",\"url\":\"https:\/\/verdadeon.com.br\/portal\/2026\/05\/02\/mercado-imobiliario-de-franca-e-regiao-dispara-em-marco-e-revela-nova-dinamica-de-consumo-habitacional\/\",\"name\":\"Mercado imobili\u00e1rio de Franca e regi\u00e3o dispara em mar\u00e7o e revela nova din\u00e2mica de consumo habitacional - VerdadeOn\",\"isPartOf\":{\"@id\":\"https:\/\/verdadeon.com.br\/portal\/#website\"},\"datePublished\":\"2026-05-02T11:00:09+00:00\",\"author\":{\"@id\":\"https:\/\/verdadeon.com.br\/portal\/#\/schema\/person\/a5060ad1e9ea3df545188fc93ce43d2f\"},\"breadcrumb\":{\"@id\":\"https:\/\/verdadeon.com.br\/portal\/2026\/05\/02\/mercado-imobiliario-de-franca-e-regiao-dispara-em-marco-e-revela-nova-dinamica-de-consumo-habitacional\/#breadcrumb\"},\"inLanguage\":\"pt-BR\",\"potentialAction\":[{\"@type\":\"ReadAction\",\"target\":[\"https:\/\/verdadeon.com.br\/portal\/2026\/05\/02\/mercado-imobiliario-de-franca-e-regiao-dispara-em-marco-e-revela-nova-dinamica-de-consumo-habitacional\/\"]}]},{\"@type\":\"BreadcrumbList\",\"@id\":\"https:\/\/verdadeon.com.br\/portal\/2026\/05\/02\/mercado-imobiliario-de-franca-e-regiao-dispara-em-marco-e-revela-nova-dinamica-de-consumo-habitacional\/#breadcrumb\",\"itemListElement\":[{\"@type\":\"ListItem\",\"position\":1,\"name\":\"In\u00edcio\",\"item\":\"https:\/\/verdadeon.com.br\/portal\/\"},{\"@type\":\"ListItem\",\"position\":2,\"name\":\"Mercado imobili\u00e1rio de Franca e regi\u00e3o dispara em mar\u00e7o e revela nova din\u00e2mica de consumo habitacional\"}]},{\"@type\":\"WebSite\",\"@id\":\"https:\/\/verdadeon.com.br\/portal\/#website\",\"url\":\"https:\/\/verdadeon.com.br\/portal\/\",\"name\":\"VerdadeOn\",\"description\":\"Not\u00edcias di\u00e1rias sobre Franca, Regi\u00e3o, Esporte, Cultura, Cotidiano, Colunas. Cobertura nos principais eventos da cidade \u00e9 aqui - Verdadeon Franca\",\"potentialAction\":[{\"@type\":\"SearchAction\",\"target\":{\"@type\":\"EntryPoint\",\"urlTemplate\":\"https:\/\/verdadeon.com.br\/portal\/?s={search_term_string}\"},\"query-input\":{\"@type\":\"PropertyValueSpecification\",\"valueRequired\":true,\"valueName\":\"search_term_string\"}}],\"inLanguage\":\"pt-BR\"},{\"@type\":\"Person\",\"@id\":\"https:\/\/verdadeon.com.br\/portal\/#\/schema\/person\/a5060ad1e9ea3df545188fc93ce43d2f\",\"name\":\"Redacao VerdadeOn\",\"image\":{\"@type\":\"ImageObject\",\"inLanguage\":\"pt-BR\",\"@id\":\"https:\/\/verdadeon.com.br\/portal\/#\/schema\/person\/image\/\",\"url\":\"https:\/\/secure.gravatar.com\/avatar\/459a9613caaaf07f582c3d0841eea68bdd66f533e465e6ba8b9cb45619572cf4?s=96&d=mm&r=g\",\"contentUrl\":\"https:\/\/secure.gravatar.com\/avatar\/459a9613caaaf07f582c3d0841eea68bdd66f533e465e6ba8b9cb45619572cf4?s=96&d=mm&r=g\",\"caption\":\"Redacao VerdadeOn\"},\"url\":\"https:\/\/verdadeon.com.br\/portal\/author\/redacao\/\"}]}<\/script>\n<!-- \/ Yoast SEO plugin. -->","yoast_head_json":{"title":"Mercado imobili\u00e1rio de Franca e regi\u00e3o dispara em mar\u00e7o e revela nova din\u00e2mica de consumo habitacional - VerdadeOn","robots":{"index":"index","follow":"follow","max-snippet":"max-snippet:-1","max-image-preview":"max-image-preview:large","max-video-preview":"max-video-preview:-1"},"canonical":"https:\/\/verdadeon.com.br\/portal\/2026\/05\/02\/mercado-imobiliario-de-franca-e-regiao-dispara-em-marco-e-revela-nova-dinamica-de-consumo-habitacional\/","og_locale":"pt_BR","og_type":"article","og_title":"Mercado imobili\u00e1rio de Franca e regi\u00e3o dispara em mar\u00e7o e revela nova din\u00e2mica de consumo habitacional - VerdadeOn","og_description":"A forte eleva\u00e7\u00e3o nas transa\u00e7\u00f5es reflete um conjunto de fatores econ\u00f4micos e sociais O mercado imobili\u00e1rio de Franca e munic\u00edpios do entorno registrou, em mar\u00e7o de [\u2026]","og_url":"https:\/\/verdadeon.com.br\/portal\/2026\/05\/02\/mercado-imobiliario-de-franca-e-regiao-dispara-em-marco-e-revela-nova-dinamica-de-consumo-habitacional\/","og_site_name":"VerdadeOn","article_published_time":"2026-05-02T11:00:09+00:00","author":"Redacao VerdadeOn","twitter_card":"summary_large_image","twitter_misc":{"Escrito por":"Redacao VerdadeOn","Est. tempo de leitura":"4 minutos"},"schema":{"@context":"https:\/\/schema.org","@graph":[{"@type":"WebPage","@id":"https:\/\/verdadeon.com.br\/portal\/2026\/05\/02\/mercado-imobiliario-de-franca-e-regiao-dispara-em-marco-e-revela-nova-dinamica-de-consumo-habitacional\/","url":"https:\/\/verdadeon.com.br\/portal\/2026\/05\/02\/mercado-imobiliario-de-franca-e-regiao-dispara-em-marco-e-revela-nova-dinamica-de-consumo-habitacional\/","name":"Mercado imobili\u00e1rio de Franca e regi\u00e3o dispara em mar\u00e7o e revela nova din\u00e2mica de consumo habitacional - VerdadeOn","isPartOf":{"@id":"https:\/\/verdadeon.com.br\/portal\/#website"},"datePublished":"2026-05-02T11:00:09+00:00","author":{"@id":"https:\/\/verdadeon.com.br\/portal\/#\/schema\/person\/a5060ad1e9ea3df545188fc93ce43d2f"},"breadcrumb":{"@id":"https:\/\/verdadeon.com.br\/portal\/2026\/05\/02\/mercado-imobiliario-de-franca-e-regiao-dispara-em-marco-e-revela-nova-dinamica-de-consumo-habitacional\/#breadcrumb"},"inLanguage":"pt-BR","potentialAction":[{"@type":"ReadAction","target":["https:\/\/verdadeon.com.br\/portal\/2026\/05\/02\/mercado-imobiliario-de-franca-e-regiao-dispara-em-marco-e-revela-nova-dinamica-de-consumo-habitacional\/"]}]},{"@type":"BreadcrumbList","@id":"https:\/\/verdadeon.com.br\/portal\/2026\/05\/02\/mercado-imobiliario-de-franca-e-regiao-dispara-em-marco-e-revela-nova-dinamica-de-consumo-habitacional\/#breadcrumb","itemListElement":[{"@type":"ListItem","position":1,"name":"In\u00edcio","item":"https:\/\/verdadeon.com.br\/portal\/"},{"@type":"ListItem","position":2,"name":"Mercado imobili\u00e1rio de Franca e regi\u00e3o dispara em mar\u00e7o e revela nova din\u00e2mica de consumo habitacional"}]},{"@type":"WebSite","@id":"https:\/\/verdadeon.com.br\/portal\/#website","url":"https:\/\/verdadeon.com.br\/portal\/","name":"VerdadeOn","description":"Not\u00edcias di\u00e1rias sobre Franca, Regi\u00e3o, Esporte, Cultura, Cotidiano, Colunas. Cobertura nos principais eventos da cidade \u00e9 aqui - Verdadeon Franca","potentialAction":[{"@type":"SearchAction","target":{"@type":"EntryPoint","urlTemplate":"https:\/\/verdadeon.com.br\/portal\/?s={search_term_string}"},"query-input":{"@type":"PropertyValueSpecification","valueRequired":true,"valueName":"search_term_string"}}],"inLanguage":"pt-BR"},{"@type":"Person","@id":"https:\/\/verdadeon.com.br\/portal\/#\/schema\/person\/a5060ad1e9ea3df545188fc93ce43d2f","name":"Redacao VerdadeOn","image":{"@type":"ImageObject","inLanguage":"pt-BR","@id":"https:\/\/verdadeon.com.br\/portal\/#\/schema\/person\/image\/","url":"https:\/\/secure.gravatar.com\/avatar\/459a9613caaaf07f582c3d0841eea68bdd66f533e465e6ba8b9cb45619572cf4?s=96&d=mm&r=g","contentUrl":"https:\/\/secure.gravatar.com\/avatar\/459a9613caaaf07f582c3d0841eea68bdd66f533e465e6ba8b9cb45619572cf4?s=96&d=mm&r=g","caption":"Redacao VerdadeOn"},"url":"https:\/\/verdadeon.com.br\/portal\/author\/redacao\/"}]}},"jetpack_publicize_connections":[],"jetpack_featured_media_url":"","jetpack_sharing_enabled":true,"_links":{"self":[{"href":"https:\/\/verdadeon.com.br\/portal\/wp-json\/wp\/v2\/posts\/66470","targetHints":{"allow":["GET"]}}],"collection":[{"href":"https:\/\/verdadeon.com.br\/portal\/wp-json\/wp\/v2\/posts"}],"about":[{"href":"https:\/\/verdadeon.com.br\/portal\/wp-json\/wp\/v2\/types\/post"}],"author":[{"embeddable":true,"href":"https:\/\/verdadeon.com.br\/portal\/wp-json\/wp\/v2\/users\/10"}],"replies":[{"embeddable":true,"href":"https:\/\/verdadeon.com.br\/portal\/wp-json\/wp\/v2\/comments?post=66470"}],"version-history":[{"count":1,"href":"https:\/\/verdadeon.com.br\/portal\/wp-json\/wp\/v2\/posts\/66470\/revisions"}],"predecessor-version":[{"id":66471,"href":"https:\/\/verdadeon.com.br\/portal\/wp-json\/wp\/v2\/posts\/66470\/revisions\/66471"}],"wp:attachment":[{"href":"https:\/\/verdadeon.com.br\/portal\/wp-json\/wp\/v2\/media?parent=66470"}],"wp:term":[{"taxonomy":"category","embeddable":true,"href":"https:\/\/verdadeon.com.br\/portal\/wp-json\/wp\/v2\/categories?post=66470"},{"taxonomy":"post_tag","embeddable":true,"href":"https:\/\/verdadeon.com.br\/portal\/wp-json\/wp\/v2\/tags?post=66470"}],"curies":[{"name":"wp","href":"https:\/\/api.w.org\/{rel}","templated":true}]}}