{"id":66443,"date":"2026-04-29T10:00:40","date_gmt":"2026-04-29T13:00:40","guid":{"rendered":"https:\/\/verdadeon.com.br\/portal\/?p=66443"},"modified":"2026-04-28T12:04:25","modified_gmt":"2026-04-28T15:04:25","slug":"sindserv-emite-nota-de-repudio-contra-leandro-o-patriota-pl-vereador-se-defende","status":"publish","type":"post","link":"https:\/\/verdadeon.com.br\/portal\/2026\/04\/29\/sindserv-emite-nota-de-repudio-contra-leandro-o-patriota-pl-vereador-se-defende\/","title":{"rendered":"Sindserv emite nota de rep\u00fadio contra Leandro O Patriota (PL); vereador se defende"},"content":{"rendered":"<h2>Alega\u00e7\u00e3o \u00e9 de que vereador teria desrespeitado funcion\u00e1rios ao tentar acessar \u00e1rea restrita do Pronto Socorro Municipal<\/h2>\n<p style=\"text-align: right;\"><em><strong>Por Pedro Maia<\/strong><\/em><br \/>\n<em><strong>Editor-chefe<\/strong><\/em><\/p>\n<p>O Sindicato dos Servidores e Empregados P\u00fablicos Municipais de Franca e Regi\u00e3o (Sindserv), atrav\u00e9s de seu presidente, Samuel Gomide, emitiu uma nota de rep\u00fadio ao comportamento adotado pelo vereador Leandro O Patriota (PL) no \u00faltimo s\u00e1bado, 25, em visita ao Pronto Socorro Municipal \u00c1lvaro Azzuz, em Franca.<\/p>\n<p>Repercutiu nas redes sociais um v\u00eddeo em que o parlamentar do Partido Liberal, durante visita \u00e0 unidade de sa\u00fade, teria agido com desrespeito a funcion\u00e1rios ao tentar acessar \u00e1reas restritas, ferindo o protocolo hospitalar e provocando tumulto no ambiente. Segundo o Sindserv, a atitude do vereador comprometeu o atendimento por aproximadamente 3 horas.<\/p>\n<p>&#8220;Isso n\u00e3o \u00e9 fiscaliza\u00e7\u00e3o. Isso \u00e9 abuso de autoridade. Este n\u00e3o \u00e9 um epis\u00f3dio isolado. O vereador possui hist\u00f3rico documentado de ataques a servidores p\u00fablicos, refletindo uma tend\u00eancia preocupante que se expande pelo Brasil: o ataque sistem\u00e1tico a trabalhadores p\u00fablicos. Quando um servidor \u00e9 intimidado, toda a comunidade sofre&#8221;, diz trecho da nota.<\/p>\n<p>Segundo Samuel Gomide, o Sindicato tem tomado algumas a\u00e7\u00f5es:<\/p>\n<ul>\n<li>Den\u00fancia formal junto ao Minist\u00e9rio P\u00fablico Estadual, C\u00e2mara Municipal, Pol\u00edcia Civil e autoridades competentes;<\/li>\n<li>Apoio integral aos servidores afetados com assist\u00eancia jur\u00eddica e psicol\u00f3gica;<\/li>\n<li>Solicita\u00e7\u00e3o de investiga\u00e7\u00e3o formal sobre o hist\u00f3rico de agress\u00f5es do vereador;<\/li>\n<li>Continuidade a den\u00fancias de condutas que violem direitos dos trabalhadores p\u00fablicos;<\/li>\n<li>Mobiliza\u00e7\u00e3o da sociedade civil contra essa pr\u00e1tica inaceit\u00e1vel;<\/li>\n<li>Exig\u00eancia de posicionamento p\u00fablico da C\u00e2mara Municipal.<\/li>\n<\/ul>\n<p>&#8220;N\u00e3o toleraremos impunidade. A \u00e9tica e o respeito s\u00e3o inegoci\u00e1veis para quem exerce mandato p\u00fablico. Convocamos a sociedade, imprensa, entidades sindicais e \u00f3rg\u00e3os de controle a se posicionarem contra essa pr\u00e1tica.\u00a0Pela dignidade dos trabalhadores p\u00fablicos. Pela defesa dos direitos de todos&#8221;, encerra a nota.<\/p>\n<p><strong>Leandro O Patriota<\/strong><\/p>\n<p>A reportagem do Jornal Verdade entrou em contato com o vereador Leandro O Patriota (PL) solicitando um posicionamento acerca do apontado na mat\u00e9ria. Segundo o parlamentar, ele foi acionado por uma mun\u00edcipe, cuja m\u00e3e aguardava h\u00e1 6 dias por uma vaga em raz\u00e3o de problemas respirat\u00f3rios.<\/p>\n<p class=\"vLAZ4d\" data-type=\"Segment\" data-start=\"3.64\" data-segment-label=\"00:03\" data-rt-id=\"bI9AZ3\" data-rt-kind=\"1\" data-rt-type=\"Paragraph\">&#8220;Fui solicitado no \u00c1lvaro Azzuz por uma mun\u00edcipe, que a m\u00e3e dela estava aguardando vaga h\u00e1 6 dias e com um problema respirat\u00f3rio. Estive l\u00e1 no local, fiz um v\u00eddeo l\u00e1 na porta falando que eu tinha ido l\u00e1 para atender essa senhora, s\u00f3 que infelizmente, depois de esperar mais de 30 minutos para receber uma resposta, se eu poderia adentrar \u00e0 ala de interna\u00e7\u00e3o, eles n\u00e3o me deram resposta. Demorou muito e eu tinha outras demandas&#8221;, declarou Leandro. &#8220;Uma servidora que estava l\u00e1, acho que ela ficou um pouco nervosa, falou pra eu sair de dentro l\u00e1 da triagem, que eu estava atrapalhando, mas eu n\u00e3o estava l\u00e1 dentro. Eu estava l\u00e1 fora! S\u00f3 entrei l\u00e1 dentro para poder perguntar se ia demorar muito tempo, ent\u00e3o ela se incomodou&#8221;, continuou.<\/p>\n<p data-type=\"Segment\" data-start=\"3.64\" data-segment-label=\"00:03\" data-rt-id=\"bI9AZ3\" data-rt-kind=\"1\" data-rt-type=\"Paragraph\">De acordo com o relato do parlamentar \u00e0 reportagem, n\u00e3o houve nenhum tipo de ofensa contra nenhum dos servidores. &#8220;Em momento algum ela apresentou os v\u00eddeos que ela gravou, eu ofendendo ela. Se eu estou ofendendo uma pessoa, a pessoa n\u00e3o pode pegar o celular ali e por para gravar? Ent\u00e3o, cad\u00ea essa grava\u00e7\u00e3o?\u00a0Eu n\u00e3o lembro de ter ofendido ela, nem ningu\u00e9m. N\u00e3o mandei calar a boca, nada disso. Minha inten\u00e7\u00e3o era ajudar essa fam\u00edlia, mas infelizmente eu fui impedido por uma decis\u00e3o do STJ (Superior Tribunal de Justi\u00e7a) que decidiu que vereadores agora n\u00e3o podem entrar nas alas de interna\u00e7\u00e3o, que \u00e9 considerado de risco. E assim, parou o meu trabalho, o trabalho que eu gosto de fazer&#8221;, explicou Patriota.<\/p>\n<p data-type=\"Segment\" data-start=\"3.64\" data-segment-label=\"00:03\" data-rt-id=\"bI9AZ3\" data-rt-kind=\"1\" data-rt-type=\"Paragraph\">O vereador destacou que foi acusado pela servidora de oferecer leito e cuidador. Ele nega as acusa\u00e7\u00f5es. &#8220;Isso \u00e9 mentira, eu nunca fiz isso. Sempre quando vou no leito conversar, tem um servidor junto comigo e eu vou pedir para eles serem ouvidos tamb\u00e9m, porque eles v\u00e3o poder comprovar que em momento algum eu ofere\u00e7o leito para as pessoas. Que eu ofere\u00e7o cuidador, essas coisas todas n\u00e3o procedem, isso \u00e9 falso&#8221;, ponderou Leandro, enfatizando que as pessoas que l\u00e1 estavam tamb\u00e9m s\u00e3o testemunhas disso.<\/p>\n<p data-type=\"Segment\" data-start=\"3.64\" data-segment-label=\"00:03\" data-rt-id=\"bI9AZ3\" data-rt-kind=\"1\" data-rt-type=\"Paragraph\">&#8220;Existe a vers\u00e3o dela, existe a minha vers\u00e3o e a verdade! Que os fatos sejam apurados e, no final das contas, a popula\u00e7\u00e3o vai ver que a minha inten\u00e7\u00e3o, o meu trabalho \u00e9 servir o meu povo, \u00e9 ajudar a minha popula\u00e7\u00e3o e fazer o papel de vereador, que \u00e9 fiscalizar, legislar e ajudar o povo&#8221;, concluiu Leandro.<\/p>\n","protected":false},"excerpt":{"rendered":"<p>Alega\u00e7\u00e3o \u00e9 de que vereador teria desrespeitado funcion\u00e1rios ao tentar acessar \u00e1rea restrita do Pronto Socorro Municipal Por Pedro Maia Editor-chefe O Sindicato dos Servidores e<span class=\"excerpt-hellip\"> [\u2026]<\/span><\/p>\n","protected":false},"author":10,"featured_media":66444,"comment_status":"open","ping_status":"open","sticky":false,"template":"","format":"standard","meta":{"_jetpack_memberships_contains_paid_content":false,"footnotes":"","jetpack_publicize_message":"","jetpack_publicize_feature_enabled":true,"jetpack_social_post_already_shared":true,"jetpack_social_options":{"image_generator_settings":{"template":"highway","default_image_id":0,"enabled":false},"version":2}},"categories":[28,81],"tags":[],"class_list":["post-66443","post","type-post","status-publish","format-standard","has-post-thumbnail","hentry","category-cotidiano","category-manchete"],"yoast_head":"<!-- This site is optimized with the Yoast SEO plugin v25.6 - https:\/\/yoast.com\/wordpress\/plugins\/seo\/ -->\n<title>Sindserv emite nota de rep\u00fadio contra Leandro O Patriota (PL); vereador se defende - VerdadeOn<\/title>\n<meta name=\"robots\" content=\"index, follow, max-snippet:-1, max-image-preview:large, max-video-preview:-1\" \/>\n<link rel=\"canonical\" href=\"https:\/\/verdadeon.com.br\/portal\/2026\/04\/29\/sindserv-emite-nota-de-repudio-contra-leandro-o-patriota-pl-vereador-se-defende\/\" \/>\n<meta property=\"og:locale\" content=\"pt_BR\" \/>\n<meta property=\"og:type\" content=\"article\" \/>\n<meta property=\"og:title\" content=\"Sindserv emite nota de rep\u00fadio contra Leandro O Patriota (PL); vereador se defende - VerdadeOn\" \/>\n<meta property=\"og:description\" content=\"Alega\u00e7\u00e3o \u00e9 de que vereador teria desrespeitado funcion\u00e1rios ao tentar acessar \u00e1rea restrita do Pronto Socorro Municipal Por Pedro Maia Editor-chefe O Sindicato dos Servidores e [\u2026]\" \/>\n<meta property=\"og:url\" content=\"https:\/\/verdadeon.com.br\/portal\/2026\/04\/29\/sindserv-emite-nota-de-repudio-contra-leandro-o-patriota-pl-vereador-se-defende\/\" \/>\n<meta property=\"og:site_name\" content=\"VerdadeOn\" \/>\n<meta property=\"article:published_time\" content=\"2026-04-29T13:00:40+00:00\" \/>\n<meta property=\"og:image\" content=\"https:\/\/i0.wp.com\/verdadeon.com.br\/portal\/wp-content\/uploads\/2026\/04\/Documento-a4-placa-empurre-puxe-para-abrir-verde-98.jpg?fit=2000%2C1414&ssl=1\" \/>\n\t<meta property=\"og:image:width\" content=\"2000\" \/>\n\t<meta property=\"og:image:height\" content=\"1414\" \/>\n\t<meta property=\"og:image:type\" content=\"image\/jpeg\" \/>\n<meta name=\"author\" content=\"Redacao VerdadeOn\" \/>\n<meta name=\"twitter:card\" content=\"summary_large_image\" \/>\n<meta name=\"twitter:label1\" content=\"Escrito por\" \/>\n\t<meta name=\"twitter:data1\" content=\"Redacao VerdadeOn\" \/>\n\t<meta name=\"twitter:label2\" content=\"Est. tempo de leitura\" \/>\n\t<meta name=\"twitter:data2\" content=\"5 minutos\" \/>\n<script type=\"application\/ld+json\" class=\"yoast-schema-graph\">{\"@context\":\"https:\/\/schema.org\",\"@graph\":[{\"@type\":\"WebPage\",\"@id\":\"https:\/\/verdadeon.com.br\/portal\/2026\/04\/29\/sindserv-emite-nota-de-repudio-contra-leandro-o-patriota-pl-vereador-se-defende\/\",\"url\":\"https:\/\/verdadeon.com.br\/portal\/2026\/04\/29\/sindserv-emite-nota-de-repudio-contra-leandro-o-patriota-pl-vereador-se-defende\/\",\"name\":\"Sindserv emite nota de rep\u00fadio contra Leandro O Patriota (PL); vereador se defende - VerdadeOn\",\"isPartOf\":{\"@id\":\"https:\/\/verdadeon.com.br\/portal\/#website\"},\"primaryImageOfPage\":{\"@id\":\"https:\/\/verdadeon.com.br\/portal\/2026\/04\/29\/sindserv-emite-nota-de-repudio-contra-leandro-o-patriota-pl-vereador-se-defende\/#primaryimage\"},\"image\":{\"@id\":\"https:\/\/verdadeon.com.br\/portal\/2026\/04\/29\/sindserv-emite-nota-de-repudio-contra-leandro-o-patriota-pl-vereador-se-defende\/#primaryimage\"},\"thumbnailUrl\":\"https:\/\/i0.wp.com\/verdadeon.com.br\/portal\/wp-content\/uploads\/2026\/04\/Documento-a4-placa-empurre-puxe-para-abrir-verde-98.jpg?fit=2000%2C1414&ssl=1\",\"datePublished\":\"2026-04-29T13:00:40+00:00\",\"author\":{\"@id\":\"https:\/\/verdadeon.com.br\/portal\/#\/schema\/person\/a5060ad1e9ea3df545188fc93ce43d2f\"},\"breadcrumb\":{\"@id\":\"https:\/\/verdadeon.com.br\/portal\/2026\/04\/29\/sindserv-emite-nota-de-repudio-contra-leandro-o-patriota-pl-vereador-se-defende\/#breadcrumb\"},\"inLanguage\":\"pt-BR\",\"potentialAction\":[{\"@type\":\"ReadAction\",\"target\":[\"https:\/\/verdadeon.com.br\/portal\/2026\/04\/29\/sindserv-emite-nota-de-repudio-contra-leandro-o-patriota-pl-vereador-se-defende\/\"]}]},{\"@type\":\"ImageObject\",\"inLanguage\":\"pt-BR\",\"@id\":\"https:\/\/verdadeon.com.br\/portal\/2026\/04\/29\/sindserv-emite-nota-de-repudio-contra-leandro-o-patriota-pl-vereador-se-defende\/#primaryimage\",\"url\":\"https:\/\/i0.wp.com\/verdadeon.com.br\/portal\/wp-content\/uploads\/2026\/04\/Documento-a4-placa-empurre-puxe-para-abrir-verde-98.jpg?fit=2000%2C1414&ssl=1\",\"contentUrl\":\"https:\/\/i0.wp.com\/verdadeon.com.br\/portal\/wp-content\/uploads\/2026\/04\/Documento-a4-placa-empurre-puxe-para-abrir-verde-98.jpg?fit=2000%2C1414&ssl=1\",\"width\":2000,\"height\":1414,\"caption\":\"\u00c0 esquerda, o presidente do Sindserv, Samuel Gomide; \u00e0 direita, o vereador de Franca, Leandro O Patriota (PL)(\u00a9Reprodu\u00e7\u00e3o\/CMF)\"},{\"@type\":\"BreadcrumbList\",\"@id\":\"https:\/\/verdadeon.com.br\/portal\/2026\/04\/29\/sindserv-emite-nota-de-repudio-contra-leandro-o-patriota-pl-vereador-se-defende\/#breadcrumb\",\"itemListElement\":[{\"@type\":\"ListItem\",\"position\":1,\"name\":\"In\u00edcio\",\"item\":\"https:\/\/verdadeon.com.br\/portal\/\"},{\"@type\":\"ListItem\",\"position\":2,\"name\":\"Sindserv emite nota de rep\u00fadio contra Leandro O Patriota (PL); vereador se defende\"}]},{\"@type\":\"WebSite\",\"@id\":\"https:\/\/verdadeon.com.br\/portal\/#website\",\"url\":\"https:\/\/verdadeon.com.br\/portal\/\",\"name\":\"VerdadeOn\",\"description\":\"Not\u00edcias di\u00e1rias sobre Franca, Regi\u00e3o, Esporte, Cultura, Cotidiano, Colunas. Cobertura nos principais eventos da cidade \u00e9 aqui - Verdadeon Franca\",\"potentialAction\":[{\"@type\":\"SearchAction\",\"target\":{\"@type\":\"EntryPoint\",\"urlTemplate\":\"https:\/\/verdadeon.com.br\/portal\/?s={search_term_string}\"},\"query-input\":{\"@type\":\"PropertyValueSpecification\",\"valueRequired\":true,\"valueName\":\"search_term_string\"}}],\"inLanguage\":\"pt-BR\"},{\"@type\":\"Person\",\"@id\":\"https:\/\/verdadeon.com.br\/portal\/#\/schema\/person\/a5060ad1e9ea3df545188fc93ce43d2f\",\"name\":\"Redacao VerdadeOn\",\"image\":{\"@type\":\"ImageObject\",\"inLanguage\":\"pt-BR\",\"@id\":\"https:\/\/verdadeon.com.br\/portal\/#\/schema\/person\/image\/\",\"url\":\"https:\/\/secure.gravatar.com\/avatar\/459a9613caaaf07f582c3d0841eea68bdd66f533e465e6ba8b9cb45619572cf4?s=96&d=mm&r=g\",\"contentUrl\":\"https:\/\/secure.gravatar.com\/avatar\/459a9613caaaf07f582c3d0841eea68bdd66f533e465e6ba8b9cb45619572cf4?s=96&d=mm&r=g\",\"caption\":\"Redacao VerdadeOn\"},\"url\":\"https:\/\/verdadeon.com.br\/portal\/author\/redacao\/\"}]}<\/script>\n<!-- \/ Yoast SEO plugin. -->","yoast_head_json":{"title":"Sindserv emite nota de rep\u00fadio contra Leandro O Patriota (PL); vereador se defende - VerdadeOn","robots":{"index":"index","follow":"follow","max-snippet":"max-snippet:-1","max-image-preview":"max-image-preview:large","max-video-preview":"max-video-preview:-1"},"canonical":"https:\/\/verdadeon.com.br\/portal\/2026\/04\/29\/sindserv-emite-nota-de-repudio-contra-leandro-o-patriota-pl-vereador-se-defende\/","og_locale":"pt_BR","og_type":"article","og_title":"Sindserv emite nota de rep\u00fadio contra Leandro O Patriota (PL); vereador se defende - VerdadeOn","og_description":"Alega\u00e7\u00e3o \u00e9 de que vereador teria desrespeitado funcion\u00e1rios ao tentar acessar \u00e1rea restrita do Pronto Socorro Municipal Por Pedro Maia Editor-chefe O Sindicato dos Servidores e [\u2026]","og_url":"https:\/\/verdadeon.com.br\/portal\/2026\/04\/29\/sindserv-emite-nota-de-repudio-contra-leandro-o-patriota-pl-vereador-se-defende\/","og_site_name":"VerdadeOn","article_published_time":"2026-04-29T13:00:40+00:00","og_image":[{"width":2000,"height":1414,"url":"https:\/\/i0.wp.com\/verdadeon.com.br\/portal\/wp-content\/uploads\/2026\/04\/Documento-a4-placa-empurre-puxe-para-abrir-verde-98.jpg?fit=2000%2C1414&ssl=1","type":"image\/jpeg"}],"author":"Redacao VerdadeOn","twitter_card":"summary_large_image","twitter_misc":{"Escrito por":"Redacao VerdadeOn","Est. tempo de leitura":"5 minutos"},"schema":{"@context":"https:\/\/schema.org","@graph":[{"@type":"WebPage","@id":"https:\/\/verdadeon.com.br\/portal\/2026\/04\/29\/sindserv-emite-nota-de-repudio-contra-leandro-o-patriota-pl-vereador-se-defende\/","url":"https:\/\/verdadeon.com.br\/portal\/2026\/04\/29\/sindserv-emite-nota-de-repudio-contra-leandro-o-patriota-pl-vereador-se-defende\/","name":"Sindserv emite nota de rep\u00fadio contra Leandro O Patriota (PL); vereador se defende - VerdadeOn","isPartOf":{"@id":"https:\/\/verdadeon.com.br\/portal\/#website"},"primaryImageOfPage":{"@id":"https:\/\/verdadeon.com.br\/portal\/2026\/04\/29\/sindserv-emite-nota-de-repudio-contra-leandro-o-patriota-pl-vereador-se-defende\/#primaryimage"},"image":{"@id":"https:\/\/verdadeon.com.br\/portal\/2026\/04\/29\/sindserv-emite-nota-de-repudio-contra-leandro-o-patriota-pl-vereador-se-defende\/#primaryimage"},"thumbnailUrl":"https:\/\/i0.wp.com\/verdadeon.com.br\/portal\/wp-content\/uploads\/2026\/04\/Documento-a4-placa-empurre-puxe-para-abrir-verde-98.jpg?fit=2000%2C1414&ssl=1","datePublished":"2026-04-29T13:00:40+00:00","author":{"@id":"https:\/\/verdadeon.com.br\/portal\/#\/schema\/person\/a5060ad1e9ea3df545188fc93ce43d2f"},"breadcrumb":{"@id":"https:\/\/verdadeon.com.br\/portal\/2026\/04\/29\/sindserv-emite-nota-de-repudio-contra-leandro-o-patriota-pl-vereador-se-defende\/#breadcrumb"},"inLanguage":"pt-BR","potentialAction":[{"@type":"ReadAction","target":["https:\/\/verdadeon.com.br\/portal\/2026\/04\/29\/sindserv-emite-nota-de-repudio-contra-leandro-o-patriota-pl-vereador-se-defende\/"]}]},{"@type":"ImageObject","inLanguage":"pt-BR","@id":"https:\/\/verdadeon.com.br\/portal\/2026\/04\/29\/sindserv-emite-nota-de-repudio-contra-leandro-o-patriota-pl-vereador-se-defende\/#primaryimage","url":"https:\/\/i0.wp.com\/verdadeon.com.br\/portal\/wp-content\/uploads\/2026\/04\/Documento-a4-placa-empurre-puxe-para-abrir-verde-98.jpg?fit=2000%2C1414&ssl=1","contentUrl":"https:\/\/i0.wp.com\/verdadeon.com.br\/portal\/wp-content\/uploads\/2026\/04\/Documento-a4-placa-empurre-puxe-para-abrir-verde-98.jpg?fit=2000%2C1414&ssl=1","width":2000,"height":1414,"caption":"\u00c0 esquerda, o presidente do Sindserv, Samuel Gomide; \u00e0 direita, o vereador de Franca, Leandro O Patriota (PL)(\u00a9Reprodu\u00e7\u00e3o\/CMF)"},{"@type":"BreadcrumbList","@id":"https:\/\/verdadeon.com.br\/portal\/2026\/04\/29\/sindserv-emite-nota-de-repudio-contra-leandro-o-patriota-pl-vereador-se-defende\/#breadcrumb","itemListElement":[{"@type":"ListItem","position":1,"name":"In\u00edcio","item":"https:\/\/verdadeon.com.br\/portal\/"},{"@type":"ListItem","position":2,"name":"Sindserv emite nota de rep\u00fadio contra Leandro O Patriota (PL); vereador se defende"}]},{"@type":"WebSite","@id":"https:\/\/verdadeon.com.br\/portal\/#website","url":"https:\/\/verdadeon.com.br\/portal\/","name":"VerdadeOn","description":"Not\u00edcias di\u00e1rias sobre Franca, Regi\u00e3o, Esporte, Cultura, Cotidiano, Colunas. Cobertura nos principais eventos da cidade \u00e9 aqui - Verdadeon Franca","potentialAction":[{"@type":"SearchAction","target":{"@type":"EntryPoint","urlTemplate":"https:\/\/verdadeon.com.br\/portal\/?s={search_term_string}"},"query-input":{"@type":"PropertyValueSpecification","valueRequired":true,"valueName":"search_term_string"}}],"inLanguage":"pt-BR"},{"@type":"Person","@id":"https:\/\/verdadeon.com.br\/portal\/#\/schema\/person\/a5060ad1e9ea3df545188fc93ce43d2f","name":"Redacao VerdadeOn","image":{"@type":"ImageObject","inLanguage":"pt-BR","@id":"https:\/\/verdadeon.com.br\/portal\/#\/schema\/person\/image\/","url":"https:\/\/secure.gravatar.com\/avatar\/459a9613caaaf07f582c3d0841eea68bdd66f533e465e6ba8b9cb45619572cf4?s=96&d=mm&r=g","contentUrl":"https:\/\/secure.gravatar.com\/avatar\/459a9613caaaf07f582c3d0841eea68bdd66f533e465e6ba8b9cb45619572cf4?s=96&d=mm&r=g","caption":"Redacao VerdadeOn"},"url":"https:\/\/verdadeon.com.br\/portal\/author\/redacao\/"}]}},"jetpack_publicize_connections":[],"jetpack_featured_media_url":"https:\/\/i0.wp.com\/verdadeon.com.br\/portal\/wp-content\/uploads\/2026\/04\/Documento-a4-placa-empurre-puxe-para-abrir-verde-98.jpg?fit=2000%2C1414&ssl=1","jetpack_sharing_enabled":true,"_links":{"self":[{"href":"https:\/\/verdadeon.com.br\/portal\/wp-json\/wp\/v2\/posts\/66443","targetHints":{"allow":["GET"]}}],"collection":[{"href":"https:\/\/verdadeon.com.br\/portal\/wp-json\/wp\/v2\/posts"}],"about":[{"href":"https:\/\/verdadeon.com.br\/portal\/wp-json\/wp\/v2\/types\/post"}],"author":[{"embeddable":true,"href":"https:\/\/verdadeon.com.br\/portal\/wp-json\/wp\/v2\/users\/10"}],"replies":[{"embeddable":true,"href":"https:\/\/verdadeon.com.br\/portal\/wp-json\/wp\/v2\/comments?post=66443"}],"version-history":[{"count":2,"href":"https:\/\/verdadeon.com.br\/portal\/wp-json\/wp\/v2\/posts\/66443\/revisions"}],"predecessor-version":[{"id":66472,"href":"https:\/\/verdadeon.com.br\/portal\/wp-json\/wp\/v2\/posts\/66443\/revisions\/66472"}],"wp:featuredmedia":[{"embeddable":true,"href":"https:\/\/verdadeon.com.br\/portal\/wp-json\/wp\/v2\/media\/66444"}],"wp:attachment":[{"href":"https:\/\/verdadeon.com.br\/portal\/wp-json\/wp\/v2\/media?parent=66443"}],"wp:term":[{"taxonomy":"category","embeddable":true,"href":"https:\/\/verdadeon.com.br\/portal\/wp-json\/wp\/v2\/categories?post=66443"},{"taxonomy":"post_tag","embeddable":true,"href":"https:\/\/verdadeon.com.br\/portal\/wp-json\/wp\/v2\/tags?post=66443"}],"curies":[{"name":"wp","href":"https:\/\/api.w.org\/{rel}","templated":true}]}}