{"id":66428,"date":"2026-04-27T12:43:47","date_gmt":"2026-04-27T15:43:47","guid":{"rendered":"https:\/\/verdadeon.com.br\/portal\/?p=66428"},"modified":"2026-04-27T12:43:47","modified_gmt":"2026-04-27T15:43:47","slug":"motorista-e-retirado-com-vida-apos-ficar-prensado-na-cabine-de-caminhao-em-sacramento-mg","status":"publish","type":"post","link":"https:\/\/verdadeon.com.br\/portal\/2026\/04\/27\/motorista-e-retirado-com-vida-apos-ficar-prensado-na-cabine-de-caminhao-em-sacramento-mg\/","title":{"rendered":"Motorista \u00e9 retirado com vida ap\u00f3s ficar prensado na cabine de caminh\u00e3o em Sacramento-MG"},"content":{"rendered":"<h2>Equipes de Rifaina colaboraram com o resgate<\/h2>\n<p style=\"text-align: right;\"><em><strong>Por Pedro Maia<\/strong><\/em><br \/>\n<em><strong>Editor-chefe<\/strong><\/em><\/p>\n<p>Um grave acidente foi registrado na tarde deste domingo, por volta das 15h15, na rodovia MG-428, a cerca de 18 quil\u00f4metros do munic\u00edpio de Sacramento-MG.<\/p>\n<p>Um caminh\u00e3o bitrem, carregado de soja, tombou al\u00e9m do acostamento, e o motorista ficou prensado pela cabine. Foi necess\u00e1rio uma opera\u00e7\u00e3o de resgate que contou com a Pol\u00edcia Militar, Corpo de bombeiros e SAMU (Servi\u00e7o de Atendimento M\u00f3vel de Urg\u00eancia) da cidade mineira. Participaram tamb\u00e9m a GCM (Guarda Civil Municipal), Defesa Civil, ambul\u00e2ncia e caminh\u00e3o-pipa de Rifaina, al\u00e9m de um caminh\u00e3o guindaste particular, do mesmo munic\u00edpio.<\/p>\n<p>Ap\u00f3s horas de trabalho intenso, o motorista foi retirado com vida e socorrido at\u00e9 o hospital de Sacramento. As causas do acidente ser\u00e3o investigadas.<\/p>\n<p><img data-recalc-dims=\"1\" loading=\"lazy\" decoding=\"async\" class=\"alignnone size-full wp-image-66431\" src=\"https:\/\/i0.wp.com\/verdadeon.com.br\/portal\/wp-content\/uploads\/2026\/04\/WhatsApp-Image-2026-04-27-at-12.37.04-2.jpeg?resize=1200%2C707&#038;ssl=1\" alt=\"\" width=\"1200\" height=\"707\" srcset=\"https:\/\/i0.wp.com\/verdadeon.com.br\/portal\/wp-content\/uploads\/2026\/04\/WhatsApp-Image-2026-04-27-at-12.37.04-2.jpeg?w=1200&amp;ssl=1 1200w, https:\/\/i0.wp.com\/verdadeon.com.br\/portal\/wp-content\/uploads\/2026\/04\/WhatsApp-Image-2026-04-27-at-12.37.04-2.jpeg?resize=300%2C177&amp;ssl=1 300w, https:\/\/i0.wp.com\/verdadeon.com.br\/portal\/wp-content\/uploads\/2026\/04\/WhatsApp-Image-2026-04-27-at-12.37.04-2.jpeg?resize=1024%2C603&amp;ssl=1 1024w, https:\/\/i0.wp.com\/verdadeon.com.br\/portal\/wp-content\/uploads\/2026\/04\/WhatsApp-Image-2026-04-27-at-12.37.04-2.jpeg?resize=768%2C452&amp;ssl=1 768w, https:\/\/i0.wp.com\/verdadeon.com.br\/portal\/wp-content\/uploads\/2026\/04\/WhatsApp-Image-2026-04-27-at-12.37.04-2.jpeg?resize=248%2C146&amp;ssl=1 248w, https:\/\/i0.wp.com\/verdadeon.com.br\/portal\/wp-content\/uploads\/2026\/04\/WhatsApp-Image-2026-04-27-at-12.37.04-2.jpeg?resize=50%2C29&amp;ssl=1 50w, https:\/\/i0.wp.com\/verdadeon.com.br\/portal\/wp-content\/uploads\/2026\/04\/WhatsApp-Image-2026-04-27-at-12.37.04-2.jpeg?resize=127%2C75&amp;ssl=1 127w\" sizes=\"auto, (max-width: 1200px) 100vw, 1200px\" \/> <img data-recalc-dims=\"1\" loading=\"lazy\" decoding=\"async\" class=\"alignnone size-full wp-image-66432\" src=\"https:\/\/i0.wp.com\/verdadeon.com.br\/portal\/wp-content\/uploads\/2026\/04\/WhatsApp-Image-2026-04-27-at-12.37.04-1.jpeg?resize=1010%2C684&#038;ssl=1\" alt=\"\" width=\"1010\" height=\"684\" srcset=\"https:\/\/i0.wp.com\/verdadeon.com.br\/portal\/wp-content\/uploads\/2026\/04\/WhatsApp-Image-2026-04-27-at-12.37.04-1.jpeg?w=1010&amp;ssl=1 1010w, https:\/\/i0.wp.com\/verdadeon.com.br\/portal\/wp-content\/uploads\/2026\/04\/WhatsApp-Image-2026-04-27-at-12.37.04-1.jpeg?resize=300%2C203&amp;ssl=1 300w, https:\/\/i0.wp.com\/verdadeon.com.br\/portal\/wp-content\/uploads\/2026\/04\/WhatsApp-Image-2026-04-27-at-12.37.04-1.jpeg?resize=768%2C520&amp;ssl=1 768w, https:\/\/i0.wp.com\/verdadeon.com.br\/portal\/wp-content\/uploads\/2026\/04\/WhatsApp-Image-2026-04-27-at-12.37.04-1.jpeg?resize=216%2C146&amp;ssl=1 216w, https:\/\/i0.wp.com\/verdadeon.com.br\/portal\/wp-content\/uploads\/2026\/04\/WhatsApp-Image-2026-04-27-at-12.37.04-1.jpeg?resize=50%2C34&amp;ssl=1 50w, https:\/\/i0.wp.com\/verdadeon.com.br\/portal\/wp-content\/uploads\/2026\/04\/WhatsApp-Image-2026-04-27-at-12.37.04-1.jpeg?resize=111%2C75&amp;ssl=1 111w\" sizes=\"auto, (max-width: 1010px) 100vw, 1010px\" \/> <img data-recalc-dims=\"1\" loading=\"lazy\" decoding=\"async\" class=\"alignnone size-full wp-image-66433\" src=\"https:\/\/i0.wp.com\/verdadeon.com.br\/portal\/wp-content\/uploads\/2026\/04\/WhatsApp-Image-2026-04-27-at-12.37.06.jpeg?resize=956%2C704&#038;ssl=1\" alt=\"\" width=\"956\" height=\"704\" srcset=\"https:\/\/i0.wp.com\/verdadeon.com.br\/portal\/wp-content\/uploads\/2026\/04\/WhatsApp-Image-2026-04-27-at-12.37.06.jpeg?w=956&amp;ssl=1 956w, https:\/\/i0.wp.com\/verdadeon.com.br\/portal\/wp-content\/uploads\/2026\/04\/WhatsApp-Image-2026-04-27-at-12.37.06.jpeg?resize=300%2C221&amp;ssl=1 300w, https:\/\/i0.wp.com\/verdadeon.com.br\/portal\/wp-content\/uploads\/2026\/04\/WhatsApp-Image-2026-04-27-at-12.37.06.jpeg?resize=768%2C566&amp;ssl=1 768w, https:\/\/i0.wp.com\/verdadeon.com.br\/portal\/wp-content\/uploads\/2026\/04\/WhatsApp-Image-2026-04-27-at-12.37.06.jpeg?resize=198%2C146&amp;ssl=1 198w, https:\/\/i0.wp.com\/verdadeon.com.br\/portal\/wp-content\/uploads\/2026\/04\/WhatsApp-Image-2026-04-27-at-12.37.06.jpeg?resize=50%2C37&amp;ssl=1 50w, https:\/\/i0.wp.com\/verdadeon.com.br\/portal\/wp-content\/uploads\/2026\/04\/WhatsApp-Image-2026-04-27-at-12.37.06.jpeg?resize=102%2C75&amp;ssl=1 102w\" sizes=\"auto, (max-width: 956px) 100vw, 956px\" \/> <img data-recalc-dims=\"1\" loading=\"lazy\" decoding=\"async\" class=\"alignnone size-full wp-image-66434\" src=\"https:\/\/i0.wp.com\/verdadeon.com.br\/portal\/wp-content\/uploads\/2026\/04\/WhatsApp-Image-2026-04-27-at-12.37.05-2.jpeg?resize=968%2C702&#038;ssl=1\" alt=\"\" width=\"968\" height=\"702\" srcset=\"https:\/\/i0.wp.com\/verdadeon.com.br\/portal\/wp-content\/uploads\/2026\/04\/WhatsApp-Image-2026-04-27-at-12.37.05-2.jpeg?w=968&amp;ssl=1 968w, https:\/\/i0.wp.com\/verdadeon.com.br\/portal\/wp-content\/uploads\/2026\/04\/WhatsApp-Image-2026-04-27-at-12.37.05-2.jpeg?resize=300%2C218&amp;ssl=1 300w, https:\/\/i0.wp.com\/verdadeon.com.br\/portal\/wp-content\/uploads\/2026\/04\/WhatsApp-Image-2026-04-27-at-12.37.05-2.jpeg?resize=768%2C557&amp;ssl=1 768w, https:\/\/i0.wp.com\/verdadeon.com.br\/portal\/wp-content\/uploads\/2026\/04\/WhatsApp-Image-2026-04-27-at-12.37.05-2.jpeg?resize=201%2C146&amp;ssl=1 201w, https:\/\/i0.wp.com\/verdadeon.com.br\/portal\/wp-content\/uploads\/2026\/04\/WhatsApp-Image-2026-04-27-at-12.37.05-2.jpeg?resize=50%2C36&amp;ssl=1 50w, https:\/\/i0.wp.com\/verdadeon.com.br\/portal\/wp-content\/uploads\/2026\/04\/WhatsApp-Image-2026-04-27-at-12.37.05-2.jpeg?resize=103%2C75&amp;ssl=1 103w\" sizes=\"auto, (max-width: 968px) 100vw, 968px\" \/> <img data-recalc-dims=\"1\" loading=\"lazy\" decoding=\"async\" class=\"alignnone size-full wp-image-66435\" src=\"https:\/\/i0.wp.com\/verdadeon.com.br\/portal\/wp-content\/uploads\/2026\/04\/WhatsApp-Image-2026-04-27-at-12.37.05-1.jpeg?resize=988%2C700&#038;ssl=1\" alt=\"\" width=\"988\" height=\"700\" srcset=\"https:\/\/i0.wp.com\/verdadeon.com.br\/portal\/wp-content\/uploads\/2026\/04\/WhatsApp-Image-2026-04-27-at-12.37.05-1.jpeg?w=988&amp;ssl=1 988w, https:\/\/i0.wp.com\/verdadeon.com.br\/portal\/wp-content\/uploads\/2026\/04\/WhatsApp-Image-2026-04-27-at-12.37.05-1.jpeg?resize=300%2C213&amp;ssl=1 300w, https:\/\/i0.wp.com\/verdadeon.com.br\/portal\/wp-content\/uploads\/2026\/04\/WhatsApp-Image-2026-04-27-at-12.37.05-1.jpeg?resize=768%2C544&amp;ssl=1 768w, https:\/\/i0.wp.com\/verdadeon.com.br\/portal\/wp-content\/uploads\/2026\/04\/WhatsApp-Image-2026-04-27-at-12.37.05-1.jpeg?resize=206%2C146&amp;ssl=1 206w, https:\/\/i0.wp.com\/verdadeon.com.br\/portal\/wp-content\/uploads\/2026\/04\/WhatsApp-Image-2026-04-27-at-12.37.05-1.jpeg?resize=50%2C35&amp;ssl=1 50w, https:\/\/i0.wp.com\/verdadeon.com.br\/portal\/wp-content\/uploads\/2026\/04\/WhatsApp-Image-2026-04-27-at-12.37.05-1.jpeg?resize=106%2C75&amp;ssl=1 106w\" sizes=\"auto, (max-width: 988px) 100vw, 988px\" \/> <img data-recalc-dims=\"1\" loading=\"lazy\" decoding=\"async\" class=\"alignnone size-full wp-image-66436\" src=\"https:\/\/i0.wp.com\/verdadeon.com.br\/portal\/wp-content\/uploads\/2026\/04\/WhatsApp-Image-2026-04-27-at-12.37.05.jpeg?resize=985%2C711&#038;ssl=1\" alt=\"\" width=\"985\" height=\"711\" srcset=\"https:\/\/i0.wp.com\/verdadeon.com.br\/portal\/wp-content\/uploads\/2026\/04\/WhatsApp-Image-2026-04-27-at-12.37.05.jpeg?w=985&amp;ssl=1 985w, https:\/\/i0.wp.com\/verdadeon.com.br\/portal\/wp-content\/uploads\/2026\/04\/WhatsApp-Image-2026-04-27-at-12.37.05.jpeg?resize=300%2C217&amp;ssl=1 300w, https:\/\/i0.wp.com\/verdadeon.com.br\/portal\/wp-content\/uploads\/2026\/04\/WhatsApp-Image-2026-04-27-at-12.37.05.jpeg?resize=768%2C554&amp;ssl=1 768w, https:\/\/i0.wp.com\/verdadeon.com.br\/portal\/wp-content\/uploads\/2026\/04\/WhatsApp-Image-2026-04-27-at-12.37.05.jpeg?resize=202%2C146&amp;ssl=1 202w, https:\/\/i0.wp.com\/verdadeon.com.br\/portal\/wp-content\/uploads\/2026\/04\/WhatsApp-Image-2026-04-27-at-12.37.05.jpeg?resize=50%2C36&amp;ssl=1 50w, https:\/\/i0.wp.com\/verdadeon.com.br\/portal\/wp-content\/uploads\/2026\/04\/WhatsApp-Image-2026-04-27-at-12.37.05.jpeg?resize=104%2C75&amp;ssl=1 104w\" sizes=\"auto, (max-width: 985px) 100vw, 985px\" \/> <img data-recalc-dims=\"1\" loading=\"lazy\" decoding=\"async\" class=\"alignnone size-full wp-image-66437\" src=\"https:\/\/i0.wp.com\/verdadeon.com.br\/portal\/wp-content\/uploads\/2026\/04\/WhatsApp-Image-2026-04-27-at-12.37.04.jpeg?resize=1024%2C685&#038;ssl=1\" alt=\"\" width=\"1024\" height=\"685\" srcset=\"https:\/\/i0.wp.com\/verdadeon.com.br\/portal\/wp-content\/uploads\/2026\/04\/WhatsApp-Image-2026-04-27-at-12.37.04.jpeg?w=1024&amp;ssl=1 1024w, https:\/\/i0.wp.com\/verdadeon.com.br\/portal\/wp-content\/uploads\/2026\/04\/WhatsApp-Image-2026-04-27-at-12.37.04.jpeg?resize=300%2C201&amp;ssl=1 300w, https:\/\/i0.wp.com\/verdadeon.com.br\/portal\/wp-content\/uploads\/2026\/04\/WhatsApp-Image-2026-04-27-at-12.37.04.jpeg?resize=768%2C514&amp;ssl=1 768w, https:\/\/i0.wp.com\/verdadeon.com.br\/portal\/wp-content\/uploads\/2026\/04\/WhatsApp-Image-2026-04-27-at-12.37.04.jpeg?resize=218%2C146&amp;ssl=1 218w, https:\/\/i0.wp.com\/verdadeon.com.br\/portal\/wp-content\/uploads\/2026\/04\/WhatsApp-Image-2026-04-27-at-12.37.04.jpeg?resize=50%2C33&amp;ssl=1 50w, https:\/\/i0.wp.com\/verdadeon.com.br\/portal\/wp-content\/uploads\/2026\/04\/WhatsApp-Image-2026-04-27-at-12.37.04.jpeg?resize=112%2C75&amp;ssl=1 112w, https:\/\/i0.wp.com\/verdadeon.com.br\/portal\/wp-content\/uploads\/2026\/04\/WhatsApp-Image-2026-04-27-at-12.37.04.jpeg?resize=1000%2C670&amp;ssl=1 1000w\" sizes=\"auto, (max-width: 1024px) 100vw, 1024px\" \/><\/p>\n","protected":false},"excerpt":{"rendered":"<p>Equipes de Rifaina colaboraram com o resgate Por Pedro Maia Editor-chefe Um grave acidente foi registrado na tarde deste domingo, por volta das 15h15, na rodovia<span class=\"excerpt-hellip\"> [\u2026]<\/span><\/p>\n","protected":false},"author":10,"featured_media":66430,"comment_status":"open","ping_status":"open","sticky":false,"template":"","format":"standard","meta":{"_jetpack_memberships_contains_paid_content":false,"footnotes":"","jetpack_publicize_message":"","jetpack_publicize_feature_enabled":true,"jetpack_social_post_already_shared":true,"jetpack_social_options":{"image_generator_settings":{"template":"highway","default_image_id":0,"enabled":false},"version":2}},"categories":[28,81],"tags":[],"class_list":["post-66428","post","type-post","status-publish","format-standard","has-post-thumbnail","hentry","category-cotidiano","category-manchete"],"yoast_head":"<!-- This site is optimized with the Yoast SEO plugin v25.6 - https:\/\/yoast.com\/wordpress\/plugins\/seo\/ -->\n<title>Motorista \u00e9 retirado com vida ap\u00f3s ficar prensado na cabine de caminh\u00e3o em Sacramento-MG - VerdadeOn<\/title>\n<meta name=\"robots\" content=\"index, follow, max-snippet:-1, max-image-preview:large, max-video-preview:-1\" \/>\n<link rel=\"canonical\" href=\"https:\/\/verdadeon.com.br\/portal\/2026\/04\/27\/motorista-e-retirado-com-vida-apos-ficar-prensado-na-cabine-de-caminhao-em-sacramento-mg\/\" \/>\n<meta property=\"og:locale\" content=\"pt_BR\" \/>\n<meta property=\"og:type\" content=\"article\" \/>\n<meta property=\"og:title\" content=\"Motorista \u00e9 retirado com vida ap\u00f3s ficar prensado na cabine de caminh\u00e3o em Sacramento-MG - VerdadeOn\" \/>\n<meta property=\"og:description\" content=\"Equipes de Rifaina colaboraram com o resgate Por Pedro Maia Editor-chefe Um grave acidente foi registrado na tarde deste domingo, por volta das 15h15, na rodovia [\u2026]\" \/>\n<meta property=\"og:url\" content=\"https:\/\/verdadeon.com.br\/portal\/2026\/04\/27\/motorista-e-retirado-com-vida-apos-ficar-prensado-na-cabine-de-caminhao-em-sacramento-mg\/\" \/>\n<meta property=\"og:site_name\" content=\"VerdadeOn\" \/>\n<meta property=\"article:published_time\" content=\"2026-04-27T15:43:47+00:00\" \/>\n<meta property=\"og:image\" content=\"https:\/\/verdadeon.com.br\/portal\/wp-content\/uploads\/2026\/04\/WhatsApp-Image-2026-04-27-at-12.37.05-3.jpeg\" \/>\n\t<meta property=\"og:image:width\" content=\"1005\" \/>\n\t<meta property=\"og:image:height\" content=\"710\" \/>\n\t<meta property=\"og:image:type\" content=\"image\/jpeg\" \/>\n<meta name=\"author\" content=\"Redacao VerdadeOn\" \/>\n<meta name=\"twitter:card\" content=\"summary_large_image\" \/>\n<meta name=\"twitter:label1\" content=\"Escrito por\" \/>\n\t<meta name=\"twitter:data1\" content=\"Redacao VerdadeOn\" \/>\n\t<meta name=\"twitter:label2\" content=\"Est. tempo de leitura\" \/>\n\t<meta name=\"twitter:data2\" content=\"3 minutos\" \/>\n<script type=\"application\/ld+json\" class=\"yoast-schema-graph\">{\"@context\":\"https:\/\/schema.org\",\"@graph\":[{\"@type\":\"WebPage\",\"@id\":\"https:\/\/verdadeon.com.br\/portal\/2026\/04\/27\/motorista-e-retirado-com-vida-apos-ficar-prensado-na-cabine-de-caminhao-em-sacramento-mg\/\",\"url\":\"https:\/\/verdadeon.com.br\/portal\/2026\/04\/27\/motorista-e-retirado-com-vida-apos-ficar-prensado-na-cabine-de-caminhao-em-sacramento-mg\/\",\"name\":\"Motorista \u00e9 retirado com vida ap\u00f3s ficar prensado na cabine de caminh\u00e3o em Sacramento-MG - VerdadeOn\",\"isPartOf\":{\"@id\":\"https:\/\/verdadeon.com.br\/portal\/#website\"},\"primaryImageOfPage\":{\"@id\":\"https:\/\/verdadeon.com.br\/portal\/2026\/04\/27\/motorista-e-retirado-com-vida-apos-ficar-prensado-na-cabine-de-caminhao-em-sacramento-mg\/#primaryimage\"},\"image\":{\"@id\":\"https:\/\/verdadeon.com.br\/portal\/2026\/04\/27\/motorista-e-retirado-com-vida-apos-ficar-prensado-na-cabine-de-caminhao-em-sacramento-mg\/#primaryimage\"},\"thumbnailUrl\":\"https:\/\/i0.wp.com\/verdadeon.com.br\/portal\/wp-content\/uploads\/2026\/04\/WhatsApp-Image-2026-04-27-at-12.37.05-3.jpeg?fit=1005%2C710&ssl=1\",\"datePublished\":\"2026-04-27T15:43:47+00:00\",\"author\":{\"@id\":\"https:\/\/verdadeon.com.br\/portal\/#\/schema\/person\/a5060ad1e9ea3df545188fc93ce43d2f\"},\"breadcrumb\":{\"@id\":\"https:\/\/verdadeon.com.br\/portal\/2026\/04\/27\/motorista-e-retirado-com-vida-apos-ficar-prensado-na-cabine-de-caminhao-em-sacramento-mg\/#breadcrumb\"},\"inLanguage\":\"pt-BR\",\"potentialAction\":[{\"@type\":\"ReadAction\",\"target\":[\"https:\/\/verdadeon.com.br\/portal\/2026\/04\/27\/motorista-e-retirado-com-vida-apos-ficar-prensado-na-cabine-de-caminhao-em-sacramento-mg\/\"]}]},{\"@type\":\"ImageObject\",\"inLanguage\":\"pt-BR\",\"@id\":\"https:\/\/verdadeon.com.br\/portal\/2026\/04\/27\/motorista-e-retirado-com-vida-apos-ficar-prensado-na-cabine-de-caminhao-em-sacramento-mg\/#primaryimage\",\"url\":\"https:\/\/i0.wp.com\/verdadeon.com.br\/portal\/wp-content\/uploads\/2026\/04\/WhatsApp-Image-2026-04-27-at-12.37.05-3.jpeg?fit=1005%2C710&ssl=1\",\"contentUrl\":\"https:\/\/i0.wp.com\/verdadeon.com.br\/portal\/wp-content\/uploads\/2026\/04\/WhatsApp-Image-2026-04-27-at-12.37.05-3.jpeg?fit=1005%2C710&ssl=1\",\"width\":1005,\"height\":710,\"caption\":\"Equipes do SAMU, Corpo de Bombeiros, Pol\u00edcia Militar, entre outros, auxiliaram na retirada do motorista (\u00a9Divulga\u00e7\u00e3o\/GCM Rifaina)\"},{\"@type\":\"BreadcrumbList\",\"@id\":\"https:\/\/verdadeon.com.br\/portal\/2026\/04\/27\/motorista-e-retirado-com-vida-apos-ficar-prensado-na-cabine-de-caminhao-em-sacramento-mg\/#breadcrumb\",\"itemListElement\":[{\"@type\":\"ListItem\",\"position\":1,\"name\":\"In\u00edcio\",\"item\":\"https:\/\/verdadeon.com.br\/portal\/\"},{\"@type\":\"ListItem\",\"position\":2,\"name\":\"Motorista \u00e9 retirado com vida ap\u00f3s ficar prensado na cabine de caminh\u00e3o em Sacramento-MG\"}]},{\"@type\":\"WebSite\",\"@id\":\"https:\/\/verdadeon.com.br\/portal\/#website\",\"url\":\"https:\/\/verdadeon.com.br\/portal\/\",\"name\":\"VerdadeOn\",\"description\":\"Not\u00edcias di\u00e1rias sobre Franca, Regi\u00e3o, Esporte, Cultura, Cotidiano, Colunas. Cobertura nos principais eventos da cidade \u00e9 aqui - Verdadeon Franca\",\"potentialAction\":[{\"@type\":\"SearchAction\",\"target\":{\"@type\":\"EntryPoint\",\"urlTemplate\":\"https:\/\/verdadeon.com.br\/portal\/?s={search_term_string}\"},\"query-input\":{\"@type\":\"PropertyValueSpecification\",\"valueRequired\":true,\"valueName\":\"search_term_string\"}}],\"inLanguage\":\"pt-BR\"},{\"@type\":\"Person\",\"@id\":\"https:\/\/verdadeon.com.br\/portal\/#\/schema\/person\/a5060ad1e9ea3df545188fc93ce43d2f\",\"name\":\"Redacao VerdadeOn\",\"image\":{\"@type\":\"ImageObject\",\"inLanguage\":\"pt-BR\",\"@id\":\"https:\/\/verdadeon.com.br\/portal\/#\/schema\/person\/image\/\",\"url\":\"https:\/\/secure.gravatar.com\/avatar\/459a9613caaaf07f582c3d0841eea68bdd66f533e465e6ba8b9cb45619572cf4?s=96&d=mm&r=g\",\"contentUrl\":\"https:\/\/secure.gravatar.com\/avatar\/459a9613caaaf07f582c3d0841eea68bdd66f533e465e6ba8b9cb45619572cf4?s=96&d=mm&r=g\",\"caption\":\"Redacao VerdadeOn\"},\"url\":\"https:\/\/verdadeon.com.br\/portal\/author\/redacao\/\"}]}<\/script>\n<!-- \/ Yoast SEO plugin. -->","yoast_head_json":{"title":"Motorista \u00e9 retirado com vida ap\u00f3s ficar prensado na cabine de caminh\u00e3o em Sacramento-MG - VerdadeOn","robots":{"index":"index","follow":"follow","max-snippet":"max-snippet:-1","max-image-preview":"max-image-preview:large","max-video-preview":"max-video-preview:-1"},"canonical":"https:\/\/verdadeon.com.br\/portal\/2026\/04\/27\/motorista-e-retirado-com-vida-apos-ficar-prensado-na-cabine-de-caminhao-em-sacramento-mg\/","og_locale":"pt_BR","og_type":"article","og_title":"Motorista \u00e9 retirado com vida ap\u00f3s ficar prensado na cabine de caminh\u00e3o em Sacramento-MG - VerdadeOn","og_description":"Equipes de Rifaina colaboraram com o resgate Por Pedro Maia Editor-chefe Um grave acidente foi registrado na tarde deste domingo, por volta das 15h15, na rodovia [\u2026]","og_url":"https:\/\/verdadeon.com.br\/portal\/2026\/04\/27\/motorista-e-retirado-com-vida-apos-ficar-prensado-na-cabine-de-caminhao-em-sacramento-mg\/","og_site_name":"VerdadeOn","article_published_time":"2026-04-27T15:43:47+00:00","og_image":[{"width":1005,"height":710,"url":"https:\/\/verdadeon.com.br\/portal\/wp-content\/uploads\/2026\/04\/WhatsApp-Image-2026-04-27-at-12.37.05-3.jpeg","type":"image\/jpeg"}],"author":"Redacao VerdadeOn","twitter_card":"summary_large_image","twitter_misc":{"Escrito por":"Redacao VerdadeOn","Est. tempo de leitura":"3 minutos"},"schema":{"@context":"https:\/\/schema.org","@graph":[{"@type":"WebPage","@id":"https:\/\/verdadeon.com.br\/portal\/2026\/04\/27\/motorista-e-retirado-com-vida-apos-ficar-prensado-na-cabine-de-caminhao-em-sacramento-mg\/","url":"https:\/\/verdadeon.com.br\/portal\/2026\/04\/27\/motorista-e-retirado-com-vida-apos-ficar-prensado-na-cabine-de-caminhao-em-sacramento-mg\/","name":"Motorista \u00e9 retirado com vida ap\u00f3s ficar prensado na cabine de caminh\u00e3o em Sacramento-MG - VerdadeOn","isPartOf":{"@id":"https:\/\/verdadeon.com.br\/portal\/#website"},"primaryImageOfPage":{"@id":"https:\/\/verdadeon.com.br\/portal\/2026\/04\/27\/motorista-e-retirado-com-vida-apos-ficar-prensado-na-cabine-de-caminhao-em-sacramento-mg\/#primaryimage"},"image":{"@id":"https:\/\/verdadeon.com.br\/portal\/2026\/04\/27\/motorista-e-retirado-com-vida-apos-ficar-prensado-na-cabine-de-caminhao-em-sacramento-mg\/#primaryimage"},"thumbnailUrl":"https:\/\/i0.wp.com\/verdadeon.com.br\/portal\/wp-content\/uploads\/2026\/04\/WhatsApp-Image-2026-04-27-at-12.37.05-3.jpeg?fit=1005%2C710&ssl=1","datePublished":"2026-04-27T15:43:47+00:00","author":{"@id":"https:\/\/verdadeon.com.br\/portal\/#\/schema\/person\/a5060ad1e9ea3df545188fc93ce43d2f"},"breadcrumb":{"@id":"https:\/\/verdadeon.com.br\/portal\/2026\/04\/27\/motorista-e-retirado-com-vida-apos-ficar-prensado-na-cabine-de-caminhao-em-sacramento-mg\/#breadcrumb"},"inLanguage":"pt-BR","potentialAction":[{"@type":"ReadAction","target":["https:\/\/verdadeon.com.br\/portal\/2026\/04\/27\/motorista-e-retirado-com-vida-apos-ficar-prensado-na-cabine-de-caminhao-em-sacramento-mg\/"]}]},{"@type":"ImageObject","inLanguage":"pt-BR","@id":"https:\/\/verdadeon.com.br\/portal\/2026\/04\/27\/motorista-e-retirado-com-vida-apos-ficar-prensado-na-cabine-de-caminhao-em-sacramento-mg\/#primaryimage","url":"https:\/\/i0.wp.com\/verdadeon.com.br\/portal\/wp-content\/uploads\/2026\/04\/WhatsApp-Image-2026-04-27-at-12.37.05-3.jpeg?fit=1005%2C710&ssl=1","contentUrl":"https:\/\/i0.wp.com\/verdadeon.com.br\/portal\/wp-content\/uploads\/2026\/04\/WhatsApp-Image-2026-04-27-at-12.37.05-3.jpeg?fit=1005%2C710&ssl=1","width":1005,"height":710,"caption":"Equipes do SAMU, Corpo de Bombeiros, Pol\u00edcia Militar, entre outros, auxiliaram na retirada do motorista (\u00a9Divulga\u00e7\u00e3o\/GCM Rifaina)"},{"@type":"BreadcrumbList","@id":"https:\/\/verdadeon.com.br\/portal\/2026\/04\/27\/motorista-e-retirado-com-vida-apos-ficar-prensado-na-cabine-de-caminhao-em-sacramento-mg\/#breadcrumb","itemListElement":[{"@type":"ListItem","position":1,"name":"In\u00edcio","item":"https:\/\/verdadeon.com.br\/portal\/"},{"@type":"ListItem","position":2,"name":"Motorista \u00e9 retirado com vida ap\u00f3s ficar prensado na cabine de caminh\u00e3o em Sacramento-MG"}]},{"@type":"WebSite","@id":"https:\/\/verdadeon.com.br\/portal\/#website","url":"https:\/\/verdadeon.com.br\/portal\/","name":"VerdadeOn","description":"Not\u00edcias di\u00e1rias sobre Franca, Regi\u00e3o, Esporte, Cultura, Cotidiano, Colunas. Cobertura nos principais eventos da cidade \u00e9 aqui - Verdadeon Franca","potentialAction":[{"@type":"SearchAction","target":{"@type":"EntryPoint","urlTemplate":"https:\/\/verdadeon.com.br\/portal\/?s={search_term_string}"},"query-input":{"@type":"PropertyValueSpecification","valueRequired":true,"valueName":"search_term_string"}}],"inLanguage":"pt-BR"},{"@type":"Person","@id":"https:\/\/verdadeon.com.br\/portal\/#\/schema\/person\/a5060ad1e9ea3df545188fc93ce43d2f","name":"Redacao VerdadeOn","image":{"@type":"ImageObject","inLanguage":"pt-BR","@id":"https:\/\/verdadeon.com.br\/portal\/#\/schema\/person\/image\/","url":"https:\/\/secure.gravatar.com\/avatar\/459a9613caaaf07f582c3d0841eea68bdd66f533e465e6ba8b9cb45619572cf4?s=96&d=mm&r=g","contentUrl":"https:\/\/secure.gravatar.com\/avatar\/459a9613caaaf07f582c3d0841eea68bdd66f533e465e6ba8b9cb45619572cf4?s=96&d=mm&r=g","caption":"Redacao VerdadeOn"},"url":"https:\/\/verdadeon.com.br\/portal\/author\/redacao\/"}]}},"jetpack_publicize_connections":[],"jetpack_featured_media_url":"https:\/\/i0.wp.com\/verdadeon.com.br\/portal\/wp-content\/uploads\/2026\/04\/WhatsApp-Image-2026-04-27-at-12.37.05-3.jpeg?fit=1005%2C710&ssl=1","jetpack_sharing_enabled":true,"_links":{"self":[{"href":"https:\/\/verdadeon.com.br\/portal\/wp-json\/wp\/v2\/posts\/66428","targetHints":{"allow":["GET"]}}],"collection":[{"href":"https:\/\/verdadeon.com.br\/portal\/wp-json\/wp\/v2\/posts"}],"about":[{"href":"https:\/\/verdadeon.com.br\/portal\/wp-json\/wp\/v2\/types\/post"}],"author":[{"embeddable":true,"href":"https:\/\/verdadeon.com.br\/portal\/wp-json\/wp\/v2\/users\/10"}],"replies":[{"embeddable":true,"href":"https:\/\/verdadeon.com.br\/portal\/wp-json\/wp\/v2\/comments?post=66428"}],"version-history":[{"count":1,"href":"https:\/\/verdadeon.com.br\/portal\/wp-json\/wp\/v2\/posts\/66428\/revisions"}],"predecessor-version":[{"id":66438,"href":"https:\/\/verdadeon.com.br\/portal\/wp-json\/wp\/v2\/posts\/66428\/revisions\/66438"}],"wp:featuredmedia":[{"embeddable":true,"href":"https:\/\/verdadeon.com.br\/portal\/wp-json\/wp\/v2\/media\/66430"}],"wp:attachment":[{"href":"https:\/\/verdadeon.com.br\/portal\/wp-json\/wp\/v2\/media?parent=66428"}],"wp:term":[{"taxonomy":"category","embeddable":true,"href":"https:\/\/verdadeon.com.br\/portal\/wp-json\/wp\/v2\/categories?post=66428"},{"taxonomy":"post_tag","embeddable":true,"href":"https:\/\/verdadeon.com.br\/portal\/wp-json\/wp\/v2\/tags?post=66428"}],"curies":[{"name":"wp","href":"https:\/\/api.w.org\/{rel}","templated":true}]}}