{"id":66422,"date":"2026-04-27T12:01:10","date_gmt":"2026-04-27T15:01:10","guid":{"rendered":"https:\/\/verdadeon.com.br\/portal\/?p=66422"},"modified":"2026-04-27T12:01:10","modified_gmt":"2026-04-27T15:01:10","slug":"van-com-trabalhadores-de-franca-capota-em-rodovia-de-ribeirao-preto-quatro-ficam-feridos","status":"publish","type":"post","link":"https:\/\/verdadeon.com.br\/portal\/2026\/04\/27\/van-com-trabalhadores-de-franca-capota-em-rodovia-de-ribeirao-preto-quatro-ficam-feridos\/","title":{"rendered":"Van com trabalhadores de Franca capota em rodovia de Ribeir\u00e3o Preto; quatro ficam feridos"},"content":{"rendered":"<h2>Ve\u00edculo colidiu na traseira de um outro autom\u00f3vel, chocando-se contra um talude<\/h2>\n<p style=\"text-align: right;\"><em><strong>Por Pedro Maia<\/strong><\/em><br \/>\n<em><strong>Editor-chefe<\/strong><\/em><\/p>\n<p>Uma van com trabalhadores de Franca capotou no km 320 da Rodovia Prefeito Ant\u00f4nio Duarte (SP-322), em Ribeir\u00e3o Preto, quando retornavam da Agrishow &#8211; feira de tecnologia agr\u00edcola realizada no munic\u00edpio. O caso aconteceu na tarde deste domingo, 26.<\/p>\n<div>\n<p class=\"text-gray-900 mt-1\">Segundo relatos coletados no local e divulgados pelo CCM (Centro de Controle Multimodal) da Artesp (Ag\u00eancia Reguladora de Transporte do Estado de S\u00e3o Paulo), a Van Master trafegava pelo sentido Oeste da rodovia quando, no km citado, altura da al\u00e7a de acelera\u00e7\u00e3o do dispositivo de retorno, veio a colidir na traseira de um corsa, derivando-se para a esquerda e chocando-se no talude, vindo a capotar. Na sequ\u00eancia, ap\u00f3s o impacto, o corsa rodou na pista, derivou-se para a direita, chocou-se no talude e tamb\u00e9m capotou.<\/p>\n<div id=\"attachment_66423\" style=\"width: 1610px\" class=\"wp-caption alignnone\"><img data-recalc-dims=\"1\" loading=\"lazy\" decoding=\"async\" aria-describedby=\"caption-attachment-66423\" class=\"size-full wp-image-66423\" src=\"https:\/\/i0.wp.com\/verdadeon.com.br\/portal\/wp-content\/uploads\/2026\/04\/94231915-91cb-41fc-8356-eb9331d56d6c.jpg?resize=1220%2C686&#038;ssl=1\" alt=\"\" width=\"1220\" height=\"686\" srcset=\"https:\/\/i0.wp.com\/verdadeon.com.br\/portal\/wp-content\/uploads\/2026\/04\/94231915-91cb-41fc-8356-eb9331d56d6c.jpg?w=1600&amp;ssl=1 1600w, https:\/\/i0.wp.com\/verdadeon.com.br\/portal\/wp-content\/uploads\/2026\/04\/94231915-91cb-41fc-8356-eb9331d56d6c.jpg?resize=300%2C169&amp;ssl=1 300w, https:\/\/i0.wp.com\/verdadeon.com.br\/portal\/wp-content\/uploads\/2026\/04\/94231915-91cb-41fc-8356-eb9331d56d6c.jpg?resize=1024%2C576&amp;ssl=1 1024w, https:\/\/i0.wp.com\/verdadeon.com.br\/portal\/wp-content\/uploads\/2026\/04\/94231915-91cb-41fc-8356-eb9331d56d6c.jpg?resize=768%2C432&amp;ssl=1 768w, https:\/\/i0.wp.com\/verdadeon.com.br\/portal\/wp-content\/uploads\/2026\/04\/94231915-91cb-41fc-8356-eb9331d56d6c.jpg?resize=1536%2C864&amp;ssl=1 1536w, https:\/\/i0.wp.com\/verdadeon.com.br\/portal\/wp-content\/uploads\/2026\/04\/94231915-91cb-41fc-8356-eb9331d56d6c.jpg?resize=260%2C146&amp;ssl=1 260w, https:\/\/i0.wp.com\/verdadeon.com.br\/portal\/wp-content\/uploads\/2026\/04\/94231915-91cb-41fc-8356-eb9331d56d6c.jpg?resize=50%2C28&amp;ssl=1 50w, https:\/\/i0.wp.com\/verdadeon.com.br\/portal\/wp-content\/uploads\/2026\/04\/94231915-91cb-41fc-8356-eb9331d56d6c.jpg?resize=133%2C75&amp;ssl=1 133w\" sizes=\"auto, (max-width: 1220px) 100vw, 1220px\" \/><p id=\"caption-attachment-66423\" class=\"wp-caption-text\">(\u00a9Portal CCM \u2013 ARTESP (ccm.artesp.sp.gov.br))<\/p><\/div>\n<p>Ainda de acordo com o CCM, no autom\u00f3vel, estava apenas o motorista, que n\u00e3o se feriu. Na van, estavam 10 pessoas, colaboradoras do ramo de limpeza de uma empresa que presta servi\u00e7os terceirizados para a Agrishow. Parte do grupo era de Franca. Seis v\u00edtimas sa\u00edram ilesas ao acidente; quatro ficaram levemente feridas.<\/p>\n<p>A Entrevias, concession\u00e1ria que administra o trecho, esteve no local para fazer o registro. Na chegada da equipe, as vitimas estavam sendo atendidas pelo SAMU (Servi\u00e7o de Atendimento M\u00f3vel de Urg\u00eancia) e Corpo de Bombeiros. Os ve\u00edculos permaneceram no canteiro lateral, onde seus respectivos seguros foram acionados.<\/p>\n<div class=\"p-6\">\n<div class=\"flex items-center text-xs text-gray-500 mb-2\">\n<div class=\"grid grid-cols-1 lg:grid-cols-2 gap-6 mb-6\">\n<div class=\"bg-white rounded-xl shadow-sm border border-gray-100 overflow-hidden\">\n<div class=\"px-6 py-4 border-b border-gray-100 bg-red-50\/30\">As causas do acidente devem ser investigadas pelas autoridades competentes.<\/div>\n<\/div>\n<\/div>\n<\/div>\n<\/div>\n<\/div>\n","protected":false},"excerpt":{"rendered":"<p>Ve\u00edculo colidiu na traseira de um outro autom\u00f3vel, chocando-se contra um talude Por Pedro Maia Editor-chefe Uma van com trabalhadores de Franca capotou no km 320<span class=\"excerpt-hellip\"> [\u2026]<\/span><\/p>\n","protected":false},"author":10,"featured_media":66424,"comment_status":"open","ping_status":"open","sticky":false,"template":"","format":"standard","meta":{"_jetpack_memberships_contains_paid_content":false,"footnotes":"","jetpack_publicize_message":"","jetpack_publicize_feature_enabled":true,"jetpack_social_post_already_shared":true,"jetpack_social_options":{"image_generator_settings":{"template":"highway","default_image_id":0,"enabled":false},"version":2}},"categories":[28,81],"tags":[],"class_list":["post-66422","post","type-post","status-publish","format-standard","has-post-thumbnail","hentry","category-cotidiano","category-manchete"],"yoast_head":"<!-- This site is optimized with the Yoast SEO plugin v25.6 - https:\/\/yoast.com\/wordpress\/plugins\/seo\/ -->\n<title>Van com trabalhadores de Franca capota em rodovia de Ribeir\u00e3o Preto; quatro ficam feridos - VerdadeOn<\/title>\n<meta name=\"robots\" content=\"index, follow, max-snippet:-1, max-image-preview:large, max-video-preview:-1\" \/>\n<link rel=\"canonical\" href=\"https:\/\/verdadeon.com.br\/portal\/2026\/04\/27\/van-com-trabalhadores-de-franca-capota-em-rodovia-de-ribeirao-preto-quatro-ficam-feridos\/\" \/>\n<meta property=\"og:locale\" content=\"pt_BR\" \/>\n<meta property=\"og:type\" content=\"article\" \/>\n<meta property=\"og:title\" content=\"Van com trabalhadores de Franca capota em rodovia de Ribeir\u00e3o Preto; quatro ficam feridos - VerdadeOn\" \/>\n<meta property=\"og:description\" content=\"Ve\u00edculo colidiu na traseira de um outro autom\u00f3vel, chocando-se contra um talude Por Pedro Maia Editor-chefe Uma van com trabalhadores de Franca capotou no km 320 [\u2026]\" \/>\n<meta property=\"og:url\" content=\"https:\/\/verdadeon.com.br\/portal\/2026\/04\/27\/van-com-trabalhadores-de-franca-capota-em-rodovia-de-ribeirao-preto-quatro-ficam-feridos\/\" \/>\n<meta property=\"og:site_name\" content=\"VerdadeOn\" \/>\n<meta property=\"article:published_time\" content=\"2026-04-27T15:01:10+00:00\" \/>\n<meta property=\"og:image\" content=\"https:\/\/verdadeon.com.br\/portal\/wp-content\/uploads\/2026\/04\/5df32d15-3a6a-4a80-bb84-7ec81df17d0c.jpg\" \/>\n\t<meta property=\"og:image:width\" content=\"1330\" \/>\n\t<meta property=\"og:image:height\" content=\"900\" \/>\n\t<meta property=\"og:image:type\" content=\"image\/jpeg\" \/>\n<meta name=\"author\" content=\"Redacao VerdadeOn\" \/>\n<meta name=\"twitter:card\" content=\"summary_large_image\" \/>\n<meta name=\"twitter:label1\" content=\"Escrito por\" \/>\n\t<meta name=\"twitter:data1\" content=\"Redacao VerdadeOn\" \/>\n\t<meta name=\"twitter:label2\" content=\"Est. tempo de leitura\" \/>\n\t<meta name=\"twitter:data2\" content=\"2 minutos\" \/>\n<script type=\"application\/ld+json\" class=\"yoast-schema-graph\">{\"@context\":\"https:\/\/schema.org\",\"@graph\":[{\"@type\":\"WebPage\",\"@id\":\"https:\/\/verdadeon.com.br\/portal\/2026\/04\/27\/van-com-trabalhadores-de-franca-capota-em-rodovia-de-ribeirao-preto-quatro-ficam-feridos\/\",\"url\":\"https:\/\/verdadeon.com.br\/portal\/2026\/04\/27\/van-com-trabalhadores-de-franca-capota-em-rodovia-de-ribeirao-preto-quatro-ficam-feridos\/\",\"name\":\"Van com trabalhadores de Franca capota em rodovia de Ribeir\u00e3o Preto; quatro ficam feridos - VerdadeOn\",\"isPartOf\":{\"@id\":\"https:\/\/verdadeon.com.br\/portal\/#website\"},\"primaryImageOfPage\":{\"@id\":\"https:\/\/verdadeon.com.br\/portal\/2026\/04\/27\/van-com-trabalhadores-de-franca-capota-em-rodovia-de-ribeirao-preto-quatro-ficam-feridos\/#primaryimage\"},\"image\":{\"@id\":\"https:\/\/verdadeon.com.br\/portal\/2026\/04\/27\/van-com-trabalhadores-de-franca-capota-em-rodovia-de-ribeirao-preto-quatro-ficam-feridos\/#primaryimage\"},\"thumbnailUrl\":\"https:\/\/i0.wp.com\/verdadeon.com.br\/portal\/wp-content\/uploads\/2026\/04\/5df32d15-3a6a-4a80-bb84-7ec81df17d0c.jpg?fit=1330%2C900&ssl=1\",\"datePublished\":\"2026-04-27T15:01:10+00:00\",\"author\":{\"@id\":\"https:\/\/verdadeon.com.br\/portal\/#\/schema\/person\/a5060ad1e9ea3df545188fc93ce43d2f\"},\"breadcrumb\":{\"@id\":\"https:\/\/verdadeon.com.br\/portal\/2026\/04\/27\/van-com-trabalhadores-de-franca-capota-em-rodovia-de-ribeirao-preto-quatro-ficam-feridos\/#breadcrumb\"},\"inLanguage\":\"pt-BR\",\"potentialAction\":[{\"@type\":\"ReadAction\",\"target\":[\"https:\/\/verdadeon.com.br\/portal\/2026\/04\/27\/van-com-trabalhadores-de-franca-capota-em-rodovia-de-ribeirao-preto-quatro-ficam-feridos\/\"]}]},{\"@type\":\"ImageObject\",\"inLanguage\":\"pt-BR\",\"@id\":\"https:\/\/verdadeon.com.br\/portal\/2026\/04\/27\/van-com-trabalhadores-de-franca-capota-em-rodovia-de-ribeirao-preto-quatro-ficam-feridos\/#primaryimage\",\"url\":\"https:\/\/i0.wp.com\/verdadeon.com.br\/portal\/wp-content\/uploads\/2026\/04\/5df32d15-3a6a-4a80-bb84-7ec81df17d0c.jpg?fit=1330%2C900&ssl=1\",\"contentUrl\":\"https:\/\/i0.wp.com\/verdadeon.com.br\/portal\/wp-content\/uploads\/2026\/04\/5df32d15-3a6a-4a80-bb84-7ec81df17d0c.jpg?fit=1330%2C900&ssl=1\",\"width\":1330,\"height\":900,\"caption\":\"(\u00a9Portal CCM \u2013 ARTESP (ccm.artesp.sp.gov.br))\"},{\"@type\":\"BreadcrumbList\",\"@id\":\"https:\/\/verdadeon.com.br\/portal\/2026\/04\/27\/van-com-trabalhadores-de-franca-capota-em-rodovia-de-ribeirao-preto-quatro-ficam-feridos\/#breadcrumb\",\"itemListElement\":[{\"@type\":\"ListItem\",\"position\":1,\"name\":\"In\u00edcio\",\"item\":\"https:\/\/verdadeon.com.br\/portal\/\"},{\"@type\":\"ListItem\",\"position\":2,\"name\":\"Van com trabalhadores de Franca capota em rodovia de Ribeir\u00e3o Preto; quatro ficam feridos\"}]},{\"@type\":\"WebSite\",\"@id\":\"https:\/\/verdadeon.com.br\/portal\/#website\",\"url\":\"https:\/\/verdadeon.com.br\/portal\/\",\"name\":\"VerdadeOn\",\"description\":\"Not\u00edcias di\u00e1rias sobre Franca, Regi\u00e3o, Esporte, Cultura, Cotidiano, Colunas. Cobertura nos principais eventos da cidade \u00e9 aqui - Verdadeon Franca\",\"potentialAction\":[{\"@type\":\"SearchAction\",\"target\":{\"@type\":\"EntryPoint\",\"urlTemplate\":\"https:\/\/verdadeon.com.br\/portal\/?s={search_term_string}\"},\"query-input\":{\"@type\":\"PropertyValueSpecification\",\"valueRequired\":true,\"valueName\":\"search_term_string\"}}],\"inLanguage\":\"pt-BR\"},{\"@type\":\"Person\",\"@id\":\"https:\/\/verdadeon.com.br\/portal\/#\/schema\/person\/a5060ad1e9ea3df545188fc93ce43d2f\",\"name\":\"Redacao VerdadeOn\",\"image\":{\"@type\":\"ImageObject\",\"inLanguage\":\"pt-BR\",\"@id\":\"https:\/\/verdadeon.com.br\/portal\/#\/schema\/person\/image\/\",\"url\":\"https:\/\/secure.gravatar.com\/avatar\/459a9613caaaf07f582c3d0841eea68bdd66f533e465e6ba8b9cb45619572cf4?s=96&d=mm&r=g\",\"contentUrl\":\"https:\/\/secure.gravatar.com\/avatar\/459a9613caaaf07f582c3d0841eea68bdd66f533e465e6ba8b9cb45619572cf4?s=96&d=mm&r=g\",\"caption\":\"Redacao VerdadeOn\"},\"url\":\"https:\/\/verdadeon.com.br\/portal\/author\/redacao\/\"}]}<\/script>\n<!-- \/ Yoast SEO plugin. -->","yoast_head_json":{"title":"Van com trabalhadores de Franca capota em rodovia de Ribeir\u00e3o Preto; quatro ficam feridos - VerdadeOn","robots":{"index":"index","follow":"follow","max-snippet":"max-snippet:-1","max-image-preview":"max-image-preview:large","max-video-preview":"max-video-preview:-1"},"canonical":"https:\/\/verdadeon.com.br\/portal\/2026\/04\/27\/van-com-trabalhadores-de-franca-capota-em-rodovia-de-ribeirao-preto-quatro-ficam-feridos\/","og_locale":"pt_BR","og_type":"article","og_title":"Van com trabalhadores de Franca capota em rodovia de Ribeir\u00e3o Preto; quatro ficam feridos - VerdadeOn","og_description":"Ve\u00edculo colidiu na traseira de um outro autom\u00f3vel, chocando-se contra um talude Por Pedro Maia Editor-chefe Uma van com trabalhadores de Franca capotou no km 320 [\u2026]","og_url":"https:\/\/verdadeon.com.br\/portal\/2026\/04\/27\/van-com-trabalhadores-de-franca-capota-em-rodovia-de-ribeirao-preto-quatro-ficam-feridos\/","og_site_name":"VerdadeOn","article_published_time":"2026-04-27T15:01:10+00:00","og_image":[{"width":1330,"height":900,"url":"https:\/\/verdadeon.com.br\/portal\/wp-content\/uploads\/2026\/04\/5df32d15-3a6a-4a80-bb84-7ec81df17d0c.jpg","type":"image\/jpeg"}],"author":"Redacao VerdadeOn","twitter_card":"summary_large_image","twitter_misc":{"Escrito por":"Redacao VerdadeOn","Est. tempo de leitura":"2 minutos"},"schema":{"@context":"https:\/\/schema.org","@graph":[{"@type":"WebPage","@id":"https:\/\/verdadeon.com.br\/portal\/2026\/04\/27\/van-com-trabalhadores-de-franca-capota-em-rodovia-de-ribeirao-preto-quatro-ficam-feridos\/","url":"https:\/\/verdadeon.com.br\/portal\/2026\/04\/27\/van-com-trabalhadores-de-franca-capota-em-rodovia-de-ribeirao-preto-quatro-ficam-feridos\/","name":"Van com trabalhadores de Franca capota em rodovia de Ribeir\u00e3o Preto; quatro ficam feridos - VerdadeOn","isPartOf":{"@id":"https:\/\/verdadeon.com.br\/portal\/#website"},"primaryImageOfPage":{"@id":"https:\/\/verdadeon.com.br\/portal\/2026\/04\/27\/van-com-trabalhadores-de-franca-capota-em-rodovia-de-ribeirao-preto-quatro-ficam-feridos\/#primaryimage"},"image":{"@id":"https:\/\/verdadeon.com.br\/portal\/2026\/04\/27\/van-com-trabalhadores-de-franca-capota-em-rodovia-de-ribeirao-preto-quatro-ficam-feridos\/#primaryimage"},"thumbnailUrl":"https:\/\/i0.wp.com\/verdadeon.com.br\/portal\/wp-content\/uploads\/2026\/04\/5df32d15-3a6a-4a80-bb84-7ec81df17d0c.jpg?fit=1330%2C900&ssl=1","datePublished":"2026-04-27T15:01:10+00:00","author":{"@id":"https:\/\/verdadeon.com.br\/portal\/#\/schema\/person\/a5060ad1e9ea3df545188fc93ce43d2f"},"breadcrumb":{"@id":"https:\/\/verdadeon.com.br\/portal\/2026\/04\/27\/van-com-trabalhadores-de-franca-capota-em-rodovia-de-ribeirao-preto-quatro-ficam-feridos\/#breadcrumb"},"inLanguage":"pt-BR","potentialAction":[{"@type":"ReadAction","target":["https:\/\/verdadeon.com.br\/portal\/2026\/04\/27\/van-com-trabalhadores-de-franca-capota-em-rodovia-de-ribeirao-preto-quatro-ficam-feridos\/"]}]},{"@type":"ImageObject","inLanguage":"pt-BR","@id":"https:\/\/verdadeon.com.br\/portal\/2026\/04\/27\/van-com-trabalhadores-de-franca-capota-em-rodovia-de-ribeirao-preto-quatro-ficam-feridos\/#primaryimage","url":"https:\/\/i0.wp.com\/verdadeon.com.br\/portal\/wp-content\/uploads\/2026\/04\/5df32d15-3a6a-4a80-bb84-7ec81df17d0c.jpg?fit=1330%2C900&ssl=1","contentUrl":"https:\/\/i0.wp.com\/verdadeon.com.br\/portal\/wp-content\/uploads\/2026\/04\/5df32d15-3a6a-4a80-bb84-7ec81df17d0c.jpg?fit=1330%2C900&ssl=1","width":1330,"height":900,"caption":"(\u00a9Portal CCM \u2013 ARTESP (ccm.artesp.sp.gov.br))"},{"@type":"BreadcrumbList","@id":"https:\/\/verdadeon.com.br\/portal\/2026\/04\/27\/van-com-trabalhadores-de-franca-capota-em-rodovia-de-ribeirao-preto-quatro-ficam-feridos\/#breadcrumb","itemListElement":[{"@type":"ListItem","position":1,"name":"In\u00edcio","item":"https:\/\/verdadeon.com.br\/portal\/"},{"@type":"ListItem","position":2,"name":"Van com trabalhadores de Franca capota em rodovia de Ribeir\u00e3o Preto; quatro ficam feridos"}]},{"@type":"WebSite","@id":"https:\/\/verdadeon.com.br\/portal\/#website","url":"https:\/\/verdadeon.com.br\/portal\/","name":"VerdadeOn","description":"Not\u00edcias di\u00e1rias sobre Franca, Regi\u00e3o, Esporte, Cultura, Cotidiano, Colunas. Cobertura nos principais eventos da cidade \u00e9 aqui - Verdadeon Franca","potentialAction":[{"@type":"SearchAction","target":{"@type":"EntryPoint","urlTemplate":"https:\/\/verdadeon.com.br\/portal\/?s={search_term_string}"},"query-input":{"@type":"PropertyValueSpecification","valueRequired":true,"valueName":"search_term_string"}}],"inLanguage":"pt-BR"},{"@type":"Person","@id":"https:\/\/verdadeon.com.br\/portal\/#\/schema\/person\/a5060ad1e9ea3df545188fc93ce43d2f","name":"Redacao VerdadeOn","image":{"@type":"ImageObject","inLanguage":"pt-BR","@id":"https:\/\/verdadeon.com.br\/portal\/#\/schema\/person\/image\/","url":"https:\/\/secure.gravatar.com\/avatar\/459a9613caaaf07f582c3d0841eea68bdd66f533e465e6ba8b9cb45619572cf4?s=96&d=mm&r=g","contentUrl":"https:\/\/secure.gravatar.com\/avatar\/459a9613caaaf07f582c3d0841eea68bdd66f533e465e6ba8b9cb45619572cf4?s=96&d=mm&r=g","caption":"Redacao VerdadeOn"},"url":"https:\/\/verdadeon.com.br\/portal\/author\/redacao\/"}]}},"jetpack_publicize_connections":[],"jetpack_featured_media_url":"https:\/\/i0.wp.com\/verdadeon.com.br\/portal\/wp-content\/uploads\/2026\/04\/5df32d15-3a6a-4a80-bb84-7ec81df17d0c.jpg?fit=1330%2C900&ssl=1","jetpack_sharing_enabled":true,"_links":{"self":[{"href":"https:\/\/verdadeon.com.br\/portal\/wp-json\/wp\/v2\/posts\/66422","targetHints":{"allow":["GET"]}}],"collection":[{"href":"https:\/\/verdadeon.com.br\/portal\/wp-json\/wp\/v2\/posts"}],"about":[{"href":"https:\/\/verdadeon.com.br\/portal\/wp-json\/wp\/v2\/types\/post"}],"author":[{"embeddable":true,"href":"https:\/\/verdadeon.com.br\/portal\/wp-json\/wp\/v2\/users\/10"}],"replies":[{"embeddable":true,"href":"https:\/\/verdadeon.com.br\/portal\/wp-json\/wp\/v2\/comments?post=66422"}],"version-history":[{"count":1,"href":"https:\/\/verdadeon.com.br\/portal\/wp-json\/wp\/v2\/posts\/66422\/revisions"}],"predecessor-version":[{"id":66425,"href":"https:\/\/verdadeon.com.br\/portal\/wp-json\/wp\/v2\/posts\/66422\/revisions\/66425"}],"wp:featuredmedia":[{"embeddable":true,"href":"https:\/\/verdadeon.com.br\/portal\/wp-json\/wp\/v2\/media\/66424"}],"wp:attachment":[{"href":"https:\/\/verdadeon.com.br\/portal\/wp-json\/wp\/v2\/media?parent=66422"}],"wp:term":[{"taxonomy":"category","embeddable":true,"href":"https:\/\/verdadeon.com.br\/portal\/wp-json\/wp\/v2\/categories?post=66422"},{"taxonomy":"post_tag","embeddable":true,"href":"https:\/\/verdadeon.com.br\/portal\/wp-json\/wp\/v2\/tags?post=66422"}],"curies":[{"name":"wp","href":"https:\/\/api.w.org\/{rel}","templated":true}]}}