{"id":66419,"date":"2026-04-27T11:35:38","date_gmt":"2026-04-27T14:35:38","guid":{"rendered":"https:\/\/verdadeon.com.br\/portal\/?p=66419"},"modified":"2026-04-27T11:35:38","modified_gmt":"2026-04-27T14:35:38","slug":"estado-investe-cerca-de-r-680-mil-mensais-em-escolas-da-regiao-de-franca","status":"publish","type":"post","link":"https:\/\/verdadeon.com.br\/portal\/2026\/04\/27\/estado-investe-cerca-de-r-680-mil-mensais-em-escolas-da-regiao-de-franca\/","title":{"rendered":"Estado investe cerca de R$ 680 mil mensais em escolas da Regi\u00e3o de Franca"},"content":{"rendered":"<div class=\"elementor-element elementor-element-4784657 elementor-widget__width-initial elementor-widget elementor-widget-theme-post-excerpt\" data-id=\"4784657\" data-element_type=\"widget\" data-widget_type=\"theme-post-excerpt.default\">\n<h2 class=\"elementor-widget-container\">Aporte considerando redes estadual e municipais \u00e9 de R$ 151 milh\u00f5es desde janeiro de 2023<\/h2>\n<\/div>\n<div class=\"elementor-element elementor-element-2133f16 compartilhe e-con-full e-flex e-con e-child\" data-id=\"2133f16\" data-element_type=\"container\" data-settings=\"{&quot;_ha_eqh_enable&quot;:false}\">\n<div class=\"elementor-element elementor-element-a8be681 e-con-full e-flex e-con e-child\" data-id=\"a8be681\" data-element_type=\"container\" data-settings=\"{&quot;_ha_eqh_enable&quot;:false}\">\n<div class=\"elementor-element elementor-element-4b063fb elementor-widget elementor-widget-image\" data-id=\"4b063fb\" data-element_type=\"widget\" data-widget_type=\"image.default\">\n<p>O Governo do Estado de S\u00e3o Paulo investiu, em 39 meses de gest\u00e3o, R$ 26,5 milh\u00f5es em reformas e constru\u00e7\u00f5es de unidades das redes municipais de ensino da regi\u00e3o de Franca. Isso significa que, entre janeiro de 2023 e mar\u00e7o de 2026, a Secretaria da Educa\u00e7\u00e3o do Estado de S\u00e3o Paulo (Seduc-SP) destinou uma m\u00e9dia mensal de R$ 680 mil para a infraestrutura das redes p\u00fablicas das prefeituras da regi\u00e3o.<\/p>\n<p>Na regi\u00e3o de Franca, foram feitas 10 reformas para amplia\u00e7\u00e3o de salas, adequa\u00e7\u00e3o e instala\u00e7\u00e3o de ar-condicionado e acessibilidade, al\u00e9m da constru\u00e7\u00e3o de seis creches e uma escola. O investimento foi destinado para as cidades de Cristais Paulista, Franca, Guar\u00e1, Jeriquara, Nuporanga, Orl\u00e2ndia, Patroc\u00ednio Paulista, Pedregulho e Ribeir\u00e3o Corrente.<\/p>\n<p>Refor\u00e7ando o compromisso com a educa\u00e7\u00e3o das crian\u00e7as paulistas, no \u00faltimo m\u00eas o Governo de S\u00e3o Paulo anunciou o pagamento de R$ 32,5 milh\u00f5es para as prefeituras que atingiram as metas do Programa Alfabetiza Juntos SP. A partir do programa, a Seduc-SP tem como meta 90% dos estudantes concluindo o 2\u00ba ano do Ensino Fundamental neste ano sabendo ler.<\/p>\n<p>O aporte da Seduc-SP na infraestrutura da rede municipal integra os R$ 151 milh\u00f5es empregados pelo Estado na execu\u00e7\u00e3o de 207 obras de infraestrutura escolar na regi\u00e3o de Franca. Ao todo, 84 pr\u00e9dios escolares, distribu\u00eddos em 18 munic\u00edpios, foram contemplados com interven\u00e7\u00f5es.<\/p>\n<h2 class=\"wp-block-heading\"><strong>Creches na conta<\/strong><\/h2>\n<p>Em Franca, a entrega de seis unidades do Programa Creche Escola resultou na abertura de 820 vagas nos munic\u00edpios de Nuporanga, Orl\u00e2ndia (3), Patroc\u00ednio Paulista e Pedregulho.<\/p>\n<p>Dileia Filtre, superintendente municipal de educa\u00e7\u00e3o de Orl\u00e2ndia, destaca que, em 2024, o munic\u00edpio foi contemplado com duas creches, al\u00e9m de uma nova para ser inaugurada. E ressalta a import\u00e2ncia, para as fam\u00edlias, da oferta de vagas em tempo integral. \u201cAssim os pais podem trabalhar tranquilos, sabendo que seus filhos est\u00e3o em seguran\u00e7a e sendo bem cuidados nas nossas escolas.\u201d<\/p>\n<p>A analista de controles internos Aldren Cristina Brito Lima \u00e9 m\u00e3e de Saul, de 1 ano e 8 meses, que frequenta a Escola Municipal de Educa\u00e7\u00e3o B\u00e1sica (EMEB) Professora \u00cdris Aparecida de Vasconcelos Garbin. Aldren conta que a creche tem um papel fundamental no meu dia a dia, principalmente na organiza\u00e7\u00e3o da rotina, uma vez que ela trabalha em outra cidade. \u201cCom meu filho em um ambiente seguro e adequado, consigo trabalhar com mais foco e produtividade, sabendo que ele est\u00e1 sendo bem cuidado e estimulado de forma correta\u201d. E acrescenta: \u201cOutro ponto positivo \u00e9 o desenvolvimento dele, que convive com outras crian\u00e7as, aprende a socializar, desenvolve habilidades e segue uma rotina educativa. Isso contribui n\u00e3o s\u00f3 para o bem-estar dele, mas tamb\u00e9m traz mais seguran\u00e7a e tranquilidade para mim no dia a dia\u201d.<\/p>\n<h2 class=\"wp-block-heading\"><strong>Investimento em infraestrutura da rede<\/strong><\/h2>\n<p>Em todo o Estado, foram conclu\u00eddas 6.914 interven\u00e7\u00f5es com investimento de R$ 3,2 bilh\u00f5es. Em 39 meses, 3.503 pr\u00e9dios escolares foram revitalizados em 572 munic\u00edpios paulistas. Os servi\u00e7os incluem reformas de quadras esportivas, cozinhas, refeit\u00f3rios e salas de aula que atendem estudantes do Ensino Fundamental e do Ensino M\u00e9dio, al\u00e9m da recupera\u00e7\u00e3o de fachadas e telhados, melhorias de acessibilidade e implanta\u00e7\u00e3o de climatiza\u00e7\u00e3o nas unidades.<\/p>\n<p>Para a primeira inf\u00e2ncia, foram conclu\u00eddas 89 unidades do Programa Creche Escola, a\u00e7\u00e3o que gerou mais de 11 mil vagas nas unidades de ensino que atendem crian\u00e7as de 0 a 5 anos de idade. Essas escolas municipais de educa\u00e7\u00e3o infantil est\u00e3o localizadas em 87 munic\u00edpios paulistas. O aporte nesses pr\u00e9dios chega a R$ 250,5 milh\u00f5es.<\/p>\n<p>Fabricio Moura Moreira, presidente da Funda\u00e7\u00e3o para o Desenvolvimento da Educa\u00e7\u00e3o (FDE) \u2014 \u00f3rg\u00e3o respons\u00e1vel pelo acompanhamento de obras da Seduc-SP\u2014, destaca que investir na forma\u00e7\u00e3o integral das crian\u00e7as \u00e9 prioridade do governo do estado.<\/p>\n<p>\u201cDesde o in\u00edcio da gest\u00e3o do governador Tarc\u00edsio de Freitas conclu\u00edmos 89 creches em 87 munic\u00edpios paulistas. A orienta\u00e7\u00e3o do governador \u00e9 que a gente possa cada vez mais investir na primeira inf\u00e2ncia e zerar a fila de creches em todo o estado de S\u00e3o Paulo. E o trabalho continua. Neste momento n\u00f3s temos mais de 50 creches em constru\u00e7\u00e3o.\u201d<\/p>\n<p>Fonte: Ag\u00eancia SP<\/p>\n<\/div>\n<\/div>\n<\/div>\n","protected":false},"excerpt":{"rendered":"<p>Aporte considerando redes estadual e municipais \u00e9 de R$ 151 milh\u00f5es desde janeiro de 2023 O Governo do Estado de S\u00e3o Paulo investiu, em 39 meses<span class=\"excerpt-hellip\"> [\u2026]<\/span><\/p>\n","protected":false},"author":10,"featured_media":66420,"comment_status":"open","ping_status":"open","sticky":false,"template":"","format":"standard","meta":{"_jetpack_memberships_contains_paid_content":false,"footnotes":"","jetpack_publicize_message":"","jetpack_publicize_feature_enabled":true,"jetpack_social_post_already_shared":true,"jetpack_social_options":{"image_generator_settings":{"template":"highway","default_image_id":0,"enabled":false},"version":2}},"categories":[28,44],"tags":[],"class_list":["post-66419","post","type-post","status-publish","format-standard","has-post-thumbnail","hentry","category-cotidiano","category-noticias"],"yoast_head":"<!-- This site is optimized with the Yoast SEO plugin v25.6 - https:\/\/yoast.com\/wordpress\/plugins\/seo\/ -->\n<title>Estado investe cerca de R$ 680 mil mensais em escolas da Regi\u00e3o de Franca - VerdadeOn<\/title>\n<meta name=\"robots\" content=\"index, follow, max-snippet:-1, max-image-preview:large, max-video-preview:-1\" \/>\n<link rel=\"canonical\" href=\"https:\/\/verdadeon.com.br\/portal\/2026\/04\/27\/estado-investe-cerca-de-r-680-mil-mensais-em-escolas-da-regiao-de-franca\/\" \/>\n<meta property=\"og:locale\" content=\"pt_BR\" \/>\n<meta property=\"og:type\" content=\"article\" \/>\n<meta property=\"og:title\" content=\"Estado investe cerca de R$ 680 mil mensais em escolas da Regi\u00e3o de Franca - VerdadeOn\" \/>\n<meta property=\"og:description\" content=\"Aporte considerando redes estadual e municipais \u00e9 de R$ 151 milh\u00f5es desde janeiro de 2023 O Governo do Estado de S\u00e3o Paulo investiu, em 39 meses [\u2026]\" \/>\n<meta property=\"og:url\" content=\"https:\/\/verdadeon.com.br\/portal\/2026\/04\/27\/estado-investe-cerca-de-r-680-mil-mensais-em-escolas-da-regiao-de-franca\/\" \/>\n<meta property=\"og:site_name\" content=\"VerdadeOn\" \/>\n<meta property=\"article:published_time\" content=\"2026-04-27T14:35:38+00:00\" \/>\n<meta property=\"og:image\" content=\"https:\/\/verdadeon.com.br\/portal\/wp-content\/uploads\/2026\/04\/55181739603_13cc3f6a2a_b-e1775079006102-768x569-1.jpg\" \/>\n\t<meta property=\"og:image:width\" content=\"768\" \/>\n\t<meta property=\"og:image:height\" content=\"569\" \/>\n\t<meta property=\"og:image:type\" content=\"image\/jpeg\" \/>\n<meta name=\"author\" content=\"Redacao VerdadeOn\" \/>\n<meta name=\"twitter:card\" content=\"summary_large_image\" \/>\n<meta name=\"twitter:label1\" content=\"Escrito por\" \/>\n\t<meta name=\"twitter:data1\" content=\"Redacao VerdadeOn\" \/>\n\t<meta name=\"twitter:label2\" content=\"Est. tempo de leitura\" \/>\n\t<meta name=\"twitter:data2\" content=\"4 minutos\" \/>\n<script type=\"application\/ld+json\" class=\"yoast-schema-graph\">{\"@context\":\"https:\/\/schema.org\",\"@graph\":[{\"@type\":\"WebPage\",\"@id\":\"https:\/\/verdadeon.com.br\/portal\/2026\/04\/27\/estado-investe-cerca-de-r-680-mil-mensais-em-escolas-da-regiao-de-franca\/\",\"url\":\"https:\/\/verdadeon.com.br\/portal\/2026\/04\/27\/estado-investe-cerca-de-r-680-mil-mensais-em-escolas-da-regiao-de-franca\/\",\"name\":\"Estado investe cerca de R$ 680 mil mensais em escolas da Regi\u00e3o de Franca - VerdadeOn\",\"isPartOf\":{\"@id\":\"https:\/\/verdadeon.com.br\/portal\/#website\"},\"primaryImageOfPage\":{\"@id\":\"https:\/\/verdadeon.com.br\/portal\/2026\/04\/27\/estado-investe-cerca-de-r-680-mil-mensais-em-escolas-da-regiao-de-franca\/#primaryimage\"},\"image\":{\"@id\":\"https:\/\/verdadeon.com.br\/portal\/2026\/04\/27\/estado-investe-cerca-de-r-680-mil-mensais-em-escolas-da-regiao-de-franca\/#primaryimage\"},\"thumbnailUrl\":\"https:\/\/i0.wp.com\/verdadeon.com.br\/portal\/wp-content\/uploads\/2026\/04\/55181739603_13cc3f6a2a_b-e1775079006102-768x569-1.jpg?fit=768%2C569&ssl=1\",\"datePublished\":\"2026-04-27T14:35:38+00:00\",\"author\":{\"@id\":\"https:\/\/verdadeon.com.br\/portal\/#\/schema\/person\/a5060ad1e9ea3df545188fc93ce43d2f\"},\"breadcrumb\":{\"@id\":\"https:\/\/verdadeon.com.br\/portal\/2026\/04\/27\/estado-investe-cerca-de-r-680-mil-mensais-em-escolas-da-regiao-de-franca\/#breadcrumb\"},\"inLanguage\":\"pt-BR\",\"potentialAction\":[{\"@type\":\"ReadAction\",\"target\":[\"https:\/\/verdadeon.com.br\/portal\/2026\/04\/27\/estado-investe-cerca-de-r-680-mil-mensais-em-escolas-da-regiao-de-franca\/\"]}]},{\"@type\":\"ImageObject\",\"inLanguage\":\"pt-BR\",\"@id\":\"https:\/\/verdadeon.com.br\/portal\/2026\/04\/27\/estado-investe-cerca-de-r-680-mil-mensais-em-escolas-da-regiao-de-franca\/#primaryimage\",\"url\":\"https:\/\/i0.wp.com\/verdadeon.com.br\/portal\/wp-content\/uploads\/2026\/04\/55181739603_13cc3f6a2a_b-e1775079006102-768x569-1.jpg?fit=768%2C569&ssl=1\",\"contentUrl\":\"https:\/\/i0.wp.com\/verdadeon.com.br\/portal\/wp-content\/uploads\/2026\/04\/55181739603_13cc3f6a2a_b-e1775079006102-768x569-1.jpg?fit=768%2C569&ssl=1\",\"width\":768,\"height\":569,\"caption\":\"(\u00a9Divulga\u00e7\u00e3o\/GovernodeSP)\"},{\"@type\":\"BreadcrumbList\",\"@id\":\"https:\/\/verdadeon.com.br\/portal\/2026\/04\/27\/estado-investe-cerca-de-r-680-mil-mensais-em-escolas-da-regiao-de-franca\/#breadcrumb\",\"itemListElement\":[{\"@type\":\"ListItem\",\"position\":1,\"name\":\"In\u00edcio\",\"item\":\"https:\/\/verdadeon.com.br\/portal\/\"},{\"@type\":\"ListItem\",\"position\":2,\"name\":\"Estado investe cerca de R$ 680 mil mensais em escolas da Regi\u00e3o de Franca\"}]},{\"@type\":\"WebSite\",\"@id\":\"https:\/\/verdadeon.com.br\/portal\/#website\",\"url\":\"https:\/\/verdadeon.com.br\/portal\/\",\"name\":\"VerdadeOn\",\"description\":\"Not\u00edcias di\u00e1rias sobre Franca, Regi\u00e3o, Esporte, Cultura, Cotidiano, Colunas. Cobertura nos principais eventos da cidade \u00e9 aqui - Verdadeon Franca\",\"potentialAction\":[{\"@type\":\"SearchAction\",\"target\":{\"@type\":\"EntryPoint\",\"urlTemplate\":\"https:\/\/verdadeon.com.br\/portal\/?s={search_term_string}\"},\"query-input\":{\"@type\":\"PropertyValueSpecification\",\"valueRequired\":true,\"valueName\":\"search_term_string\"}}],\"inLanguage\":\"pt-BR\"},{\"@type\":\"Person\",\"@id\":\"https:\/\/verdadeon.com.br\/portal\/#\/schema\/person\/a5060ad1e9ea3df545188fc93ce43d2f\",\"name\":\"Redacao VerdadeOn\",\"image\":{\"@type\":\"ImageObject\",\"inLanguage\":\"pt-BR\",\"@id\":\"https:\/\/verdadeon.com.br\/portal\/#\/schema\/person\/image\/\",\"url\":\"https:\/\/secure.gravatar.com\/avatar\/459a9613caaaf07f582c3d0841eea68bdd66f533e465e6ba8b9cb45619572cf4?s=96&d=mm&r=g\",\"contentUrl\":\"https:\/\/secure.gravatar.com\/avatar\/459a9613caaaf07f582c3d0841eea68bdd66f533e465e6ba8b9cb45619572cf4?s=96&d=mm&r=g\",\"caption\":\"Redacao VerdadeOn\"},\"url\":\"https:\/\/verdadeon.com.br\/portal\/author\/redacao\/\"}]}<\/script>\n<!-- \/ Yoast SEO plugin. -->","yoast_head_json":{"title":"Estado investe cerca de R$ 680 mil mensais em escolas da Regi\u00e3o de Franca - VerdadeOn","robots":{"index":"index","follow":"follow","max-snippet":"max-snippet:-1","max-image-preview":"max-image-preview:large","max-video-preview":"max-video-preview:-1"},"canonical":"https:\/\/verdadeon.com.br\/portal\/2026\/04\/27\/estado-investe-cerca-de-r-680-mil-mensais-em-escolas-da-regiao-de-franca\/","og_locale":"pt_BR","og_type":"article","og_title":"Estado investe cerca de R$ 680 mil mensais em escolas da Regi\u00e3o de Franca - VerdadeOn","og_description":"Aporte considerando redes estadual e municipais \u00e9 de R$ 151 milh\u00f5es desde janeiro de 2023 O Governo do Estado de S\u00e3o Paulo investiu, em 39 meses [\u2026]","og_url":"https:\/\/verdadeon.com.br\/portal\/2026\/04\/27\/estado-investe-cerca-de-r-680-mil-mensais-em-escolas-da-regiao-de-franca\/","og_site_name":"VerdadeOn","article_published_time":"2026-04-27T14:35:38+00:00","og_image":[{"width":768,"height":569,"url":"https:\/\/verdadeon.com.br\/portal\/wp-content\/uploads\/2026\/04\/55181739603_13cc3f6a2a_b-e1775079006102-768x569-1.jpg","type":"image\/jpeg"}],"author":"Redacao VerdadeOn","twitter_card":"summary_large_image","twitter_misc":{"Escrito por":"Redacao VerdadeOn","Est. tempo de leitura":"4 minutos"},"schema":{"@context":"https:\/\/schema.org","@graph":[{"@type":"WebPage","@id":"https:\/\/verdadeon.com.br\/portal\/2026\/04\/27\/estado-investe-cerca-de-r-680-mil-mensais-em-escolas-da-regiao-de-franca\/","url":"https:\/\/verdadeon.com.br\/portal\/2026\/04\/27\/estado-investe-cerca-de-r-680-mil-mensais-em-escolas-da-regiao-de-franca\/","name":"Estado investe cerca de R$ 680 mil mensais em escolas da Regi\u00e3o de Franca - VerdadeOn","isPartOf":{"@id":"https:\/\/verdadeon.com.br\/portal\/#website"},"primaryImageOfPage":{"@id":"https:\/\/verdadeon.com.br\/portal\/2026\/04\/27\/estado-investe-cerca-de-r-680-mil-mensais-em-escolas-da-regiao-de-franca\/#primaryimage"},"image":{"@id":"https:\/\/verdadeon.com.br\/portal\/2026\/04\/27\/estado-investe-cerca-de-r-680-mil-mensais-em-escolas-da-regiao-de-franca\/#primaryimage"},"thumbnailUrl":"https:\/\/i0.wp.com\/verdadeon.com.br\/portal\/wp-content\/uploads\/2026\/04\/55181739603_13cc3f6a2a_b-e1775079006102-768x569-1.jpg?fit=768%2C569&ssl=1","datePublished":"2026-04-27T14:35:38+00:00","author":{"@id":"https:\/\/verdadeon.com.br\/portal\/#\/schema\/person\/a5060ad1e9ea3df545188fc93ce43d2f"},"breadcrumb":{"@id":"https:\/\/verdadeon.com.br\/portal\/2026\/04\/27\/estado-investe-cerca-de-r-680-mil-mensais-em-escolas-da-regiao-de-franca\/#breadcrumb"},"inLanguage":"pt-BR","potentialAction":[{"@type":"ReadAction","target":["https:\/\/verdadeon.com.br\/portal\/2026\/04\/27\/estado-investe-cerca-de-r-680-mil-mensais-em-escolas-da-regiao-de-franca\/"]}]},{"@type":"ImageObject","inLanguage":"pt-BR","@id":"https:\/\/verdadeon.com.br\/portal\/2026\/04\/27\/estado-investe-cerca-de-r-680-mil-mensais-em-escolas-da-regiao-de-franca\/#primaryimage","url":"https:\/\/i0.wp.com\/verdadeon.com.br\/portal\/wp-content\/uploads\/2026\/04\/55181739603_13cc3f6a2a_b-e1775079006102-768x569-1.jpg?fit=768%2C569&ssl=1","contentUrl":"https:\/\/i0.wp.com\/verdadeon.com.br\/portal\/wp-content\/uploads\/2026\/04\/55181739603_13cc3f6a2a_b-e1775079006102-768x569-1.jpg?fit=768%2C569&ssl=1","width":768,"height":569,"caption":"(\u00a9Divulga\u00e7\u00e3o\/GovernodeSP)"},{"@type":"BreadcrumbList","@id":"https:\/\/verdadeon.com.br\/portal\/2026\/04\/27\/estado-investe-cerca-de-r-680-mil-mensais-em-escolas-da-regiao-de-franca\/#breadcrumb","itemListElement":[{"@type":"ListItem","position":1,"name":"In\u00edcio","item":"https:\/\/verdadeon.com.br\/portal\/"},{"@type":"ListItem","position":2,"name":"Estado investe cerca de R$ 680 mil mensais em escolas da Regi\u00e3o de Franca"}]},{"@type":"WebSite","@id":"https:\/\/verdadeon.com.br\/portal\/#website","url":"https:\/\/verdadeon.com.br\/portal\/","name":"VerdadeOn","description":"Not\u00edcias di\u00e1rias sobre Franca, Regi\u00e3o, Esporte, Cultura, Cotidiano, Colunas. Cobertura nos principais eventos da cidade \u00e9 aqui - Verdadeon Franca","potentialAction":[{"@type":"SearchAction","target":{"@type":"EntryPoint","urlTemplate":"https:\/\/verdadeon.com.br\/portal\/?s={search_term_string}"},"query-input":{"@type":"PropertyValueSpecification","valueRequired":true,"valueName":"search_term_string"}}],"inLanguage":"pt-BR"},{"@type":"Person","@id":"https:\/\/verdadeon.com.br\/portal\/#\/schema\/person\/a5060ad1e9ea3df545188fc93ce43d2f","name":"Redacao VerdadeOn","image":{"@type":"ImageObject","inLanguage":"pt-BR","@id":"https:\/\/verdadeon.com.br\/portal\/#\/schema\/person\/image\/","url":"https:\/\/secure.gravatar.com\/avatar\/459a9613caaaf07f582c3d0841eea68bdd66f533e465e6ba8b9cb45619572cf4?s=96&d=mm&r=g","contentUrl":"https:\/\/secure.gravatar.com\/avatar\/459a9613caaaf07f582c3d0841eea68bdd66f533e465e6ba8b9cb45619572cf4?s=96&d=mm&r=g","caption":"Redacao VerdadeOn"},"url":"https:\/\/verdadeon.com.br\/portal\/author\/redacao\/"}]}},"jetpack_publicize_connections":[],"jetpack_featured_media_url":"https:\/\/i0.wp.com\/verdadeon.com.br\/portal\/wp-content\/uploads\/2026\/04\/55181739603_13cc3f6a2a_b-e1775079006102-768x569-1.jpg?fit=768%2C569&ssl=1","jetpack_sharing_enabled":true,"_links":{"self":[{"href":"https:\/\/verdadeon.com.br\/portal\/wp-json\/wp\/v2\/posts\/66419","targetHints":{"allow":["GET"]}}],"collection":[{"href":"https:\/\/verdadeon.com.br\/portal\/wp-json\/wp\/v2\/posts"}],"about":[{"href":"https:\/\/verdadeon.com.br\/portal\/wp-json\/wp\/v2\/types\/post"}],"author":[{"embeddable":true,"href":"https:\/\/verdadeon.com.br\/portal\/wp-json\/wp\/v2\/users\/10"}],"replies":[{"embeddable":true,"href":"https:\/\/verdadeon.com.br\/portal\/wp-json\/wp\/v2\/comments?post=66419"}],"version-history":[{"count":1,"href":"https:\/\/verdadeon.com.br\/portal\/wp-json\/wp\/v2\/posts\/66419\/revisions"}],"predecessor-version":[{"id":66421,"href":"https:\/\/verdadeon.com.br\/portal\/wp-json\/wp\/v2\/posts\/66419\/revisions\/66421"}],"wp:featuredmedia":[{"embeddable":true,"href":"https:\/\/verdadeon.com.br\/portal\/wp-json\/wp\/v2\/media\/66420"}],"wp:attachment":[{"href":"https:\/\/verdadeon.com.br\/portal\/wp-json\/wp\/v2\/media?parent=66419"}],"wp:term":[{"taxonomy":"category","embeddable":true,"href":"https:\/\/verdadeon.com.br\/portal\/wp-json\/wp\/v2\/categories?post=66419"},{"taxonomy":"post_tag","embeddable":true,"href":"https:\/\/verdadeon.com.br\/portal\/wp-json\/wp\/v2\/tags?post=66419"}],"curies":[{"name":"wp","href":"https:\/\/api.w.org\/{rel}","templated":true}]}}