{"id":66416,"date":"2026-04-28T10:00:05","date_gmt":"2026-04-28T13:00:05","guid":{"rendered":"https:\/\/verdadeon.com.br\/portal\/?p=66416"},"modified":"2026-04-27T11:30:24","modified_gmt":"2026-04-27T14:30:24","slug":"ensino-tecnico-em-alta-em-franca-alternativa-de-entrada-no-mercado-de-trabalho-ou-complemento-para-o-enem","status":"publish","type":"post","link":"https:\/\/verdadeon.com.br\/portal\/2026\/04\/28\/ensino-tecnico-em-alta-em-franca-alternativa-de-entrada-no-mercado-de-trabalho-ou-complemento-para-o-enem\/","title":{"rendered":"Ensino t\u00e9cnico em alta em Franca: alternativa de entrada no mercado de trabalho ou complemento para o Enem?"},"content":{"rendered":"<h2>Crescimento de matr\u00edculas em cursos de ensino t\u00e9cnico na cidade acompanha tend\u00eancia nacional e refor\u00e7a modalidade no Brasil<\/h2>\n<p>O ingresso em cursos de ensino t\u00e9cnico est\u00e1 subindo no Brasil e, especialmente, no munic\u00edpio de Franca. O aumento ocorre em paralelo \u00e0 prepara\u00e7\u00e3o de estudantes para o Exame Nacional do Ensino M\u00e9dio, o Enem, que segue como principal porta de entrada para o ensino superior.<\/p>\n<p>Dados divulgados pela Secretaria da Educa\u00e7\u00e3o do Estado de S\u00e3o Paulo (Seduc-SP), em an\u00fancio realizado em novembro de 2025, indicam avan\u00e7o acelerado da modalidade no estado e no interior: a previs\u00e3o \u00e9 de que em 2026 o n\u00famero de matriculados em cursos t\u00e9cnicos em S\u00e3o Paulo deve chegar a 231 mil, frente aos 124 mil estudantes matriculados ainda em 2025.<\/p>\n<p>J\u00e1 especificamente na regi\u00e3o administrativa de Franca, o n\u00famero de alunos da rede estadual matriculados no ensino t\u00e9cnico deve crescer 133,9% entre 2025 e 2026, passando de 1.202 para 2.812 estudantes, segundo a mesma divulga\u00e7\u00e3o da Seduc-SP.<\/p>\n<p>No per\u00edodo, o n\u00famero de escolas com oferta da modalidade de cursos profissionalizantes e t\u00e9cnicos deve subir de 20 para 31. Mas, na realidade, o que esse aumento pode significar?<\/p>\n<h2><strong>Franca e regi\u00e3o: expans\u00e3o de cursos t\u00e9cnicos acompanha pol\u00edtica estadual<\/strong><\/h2>\n<p>O movimento regional de Franca acompanha uma expans\u00e3o prevista para todo o estado de S\u00e3o Paulo. Considerando tamb\u00e9m os estudantes das Escolas T\u00e9cnicas Estaduais (Etecs), o total de estudantes em cursos t\u00e9cnicos deve ultrapassar 320 mil matr\u00edculas em 2026, ainda de acordo com o levantamento da Seduc-SP, o equivalente a cerca de 40% dos alunos das 2\u00aa e 3\u00aa s\u00e9ries do ensino m\u00e9dio de S\u00e3o Paulo.<\/p>\n<p>A amplia\u00e7\u00e3o indica uma mudan\u00e7a no pr\u00f3prio desenho do ensino m\u00e9dio, com maior presen\u00e7a da chamada dupla forma\u00e7\u00e3o, que combina a forma\u00e7\u00e3o geral com a qualifica\u00e7\u00e3o profissional, e maior diversifica\u00e7\u00e3o de cursos, em \u00e1reas como tecnologia, sa\u00fade, vestu\u00e1rio e gest\u00e3o. Ou seja, ao mesmo passo que cumprem o curr\u00edculo do ensino m\u00e9dio, os estudantes tamb\u00e9m se profissionalizam em uma \u00e1rea desejada.<\/p>\n<p>Na regi\u00e3o de Franca, 328 estudantes j\u00e1 foram beneficiados por iniciativas de est\u00e1gio vinculadas diretamente ao ensino t\u00e9cnico, e a proje\u00e7\u00e3o \u00e9 ampliar esse n\u00famero nos pr\u00f3ximos anos, acompanhando a expans\u00e3o das matr\u00edculas.<\/p>\n<h2><strong>Censo Escolar: crescimento nacional consistente em todo o ensino profissionalizante <\/strong><\/h2>\n<p>O avan\u00e7o observado em Franca acompanha uma tend\u00eancia nacional. Dados do Censo Escolar 2023, divulgados pelo Minist\u00e9rio da Educa\u00e7\u00e3o (MEC) e pelo Instituto Nacional de Estudos e Pesquisas Educacionais An\u00edsio Teixeira (Inep), em fevereiro de 2024, mostram que a educa\u00e7\u00e3o profissional e tecnol\u00f3gica foi a modalidade que mais cresceu na educa\u00e7\u00e3o b\u00e1sica naquele ano. Em todo o Brasil, as matr\u00edculas passaram de 2,1 milh\u00f5es em 2022 para 2,4 milh\u00f5es em 2023, um aumento de 12,1%.<\/p>\n<p>J\u00e1 os dados do Censo Escolar 2025, divulgados pelo Inep, em fevereiro de 2026, indicam a continuidade da expans\u00e3o, com crescimento de cerca de 208 mil matr\u00edculas entre 2024 e 2025. Trata-se de um total aproximado de 3,18 milh\u00f5es de estudantes na educa\u00e7\u00e3o profissional.<\/p>\n<p>Mesmo com a redu\u00e7\u00e3o de cerca de 1 milh\u00e3o de matr\u00edculas na educa\u00e7\u00e3o b\u00e1sica no per\u00edodo, o ensino t\u00e9cnico seguiu em alta. Durante a apresenta\u00e7\u00e3o dos dados, o ministro da Educa\u00e7\u00e3o Camilo Santana afirmou que \u201co MEC tem discutido esse tema com as redes. N\u00f3s vamos apresentar, nas pr\u00f3ximas semanas, uma pol\u00edtica de indu\u00e7\u00e3o \u00e0 matr\u00edcula no ensino t\u00e9cnico e profissionalizante\u201d. Segundo ele, a iniciativa \u201c\u00e9 um atrativo para o jovem, que j\u00e1 sai do ensino m\u00e9dio com uma profiss\u00e3o\u201d.<\/p>\n<p>Esse avan\u00e7o tamb\u00e9m est\u00e1 relacionado a mudan\u00e7as recentes na estrutura do ensino m\u00e9dio. Com a implementa\u00e7\u00e3o do Novo Ensino M\u00e9dio, a partir de 2022, parte da carga hor\u00e1ria passou a ser organizada em itiner\u00e1rios formativos, permitindo que os estudantes escolham percursos mais alinhados aos seus interesses.<\/p>\n<p>Entre essas possibilidades, est\u00e1 a forma\u00e7\u00e3o t\u00e9cnica e profissional, que passou a ser integrada ao curr\u00edculo regular. De forma geral, isso ampliou a oferta da modalidade nas redes p\u00fablicas e contribuiu para o aumento das matr\u00edculas observado nos dados mais recentes.<\/p>\n<h2><strong>Ensino t\u00e9cnico no ensino m\u00e9dio atrapalha estudos para o Enem ou se torna complemento formativo?<\/strong><\/h2>\n<p>O crescimento das matr\u00edculas tamb\u00e9m reflete uma mudan\u00e7a na forma como o ensino t\u00e9cnico \u00e9 percebido. Em parte dos casos, ele pode aparecer como complemento \u00e0 forma\u00e7\u00e3o tradicional. Estudantes conciliam o ensino m\u00e9dio t\u00e9cnico com a prepara\u00e7\u00e3o para o Enem, por exemplo, mantendo a possibilidade de ingresso no ensino superior.<\/p>\n<p>Em outros casos, de acordo com diferentes percep\u00e7\u00f5es populares, a escolha est\u00e1 associada \u00e0 inser\u00e7\u00e3o mais r\u00e1pida no mercado de trabalho. A forma\u00e7\u00e3o t\u00e9cnica permite ao estudante concluir o ensino m\u00e9dio com uma qualifica\u00e7\u00e3o profissional, o que amplia as possibilidades de emprego e renda ainda na juventude.<\/p>\n<p>Na pr\u00e1tica, o ensino t\u00e9cnico pode ser ofertado de diferentes formas: integrado ao ensino m\u00e9dio, quando o aluno cursa a forma\u00e7\u00e3o geral e a t\u00e9cnica na mesma escola; concomitante, quando faz os dois cursos ao mesmo tempo em institui\u00e7\u00f5es diferentes; ou subsequente, voltado a quem j\u00e1 concluiu o ensino m\u00e9dio. Em todos os casos, a proposta combina disciplinas da base comum com conte\u00fados espec\u00edficos da \u00e1rea escolhida.<\/p>\n<p>No entanto, mesmo que cursos t\u00e9cnicos apresentem uma forma\u00e7\u00e3o diferente no ensino m\u00e9dio, a grade oferecida n\u00e3o \u00e9 um impeditivo para que o estudante continue se preparando para os vestibulares e, inclusive, para o Enem.<\/p>\n<p>Pelo contr\u00e1rio, em muitos pontos, ambas as forma\u00e7\u00f5es se conectam em diferentes \u00e1reas do saber, trazendo repert\u00f3rios cient\u00edficos, tecnol\u00f3gicos e formativos que tamb\u00e9m preparam os jovens para a entrada nas universidades.<\/p>\n<h2><strong>Perspectivas futuras para o ensino t\u00e9cnico brasileiro <\/strong><\/h2>\n<p>Apesar do crescimento recente, o ensino t\u00e9cnico ainda est\u00e1 distante das metas nacionais. O Plano Nacional de Educa\u00e7\u00e3o (PNE 2014-2024), sancionado em 2014, estabeleceu como meta 11 triplicar o n\u00famero de matr\u00edculas na educa\u00e7\u00e3o profissional t\u00e9cnica de n\u00edvel m\u00e9dio, com pelo menos 50% de expans\u00e3o na rede p\u00fablica.<\/p>\n<p>No entanto, dados de monitoramento do pr\u00f3prio plano indicam que, entre 2013 e 2021, o crescimento foi de cerca de 15,5%, muito abaixo do necess\u00e1rio para atingir a meta, que exigiria um aumento pr\u00f3ximo de 200% at\u00e9 2024.<\/p>\n<p>Isso mostra que, embora o avan\u00e7o seja consistente e mais acelerado nos \u00faltimos anos, como indicam os dados do Censo Escolar, o ritmo ainda n\u00e3o acompanha o que foi previsto nas pol\u00edticas p\u00fablicas.<\/p>\n<p>Esse cen\u00e1rio tamb\u00e9m reflete quest\u00f5es sociais. Para parte dos estudantes, especialmente em contextos de maior vulnerabilidade, o ensino superior ainda \u00e9 visto como distante, enquanto o ensino t\u00e9cnico aparece como alternativa mais r\u00e1pida de inser\u00e7\u00e3o no mercado e gera\u00e7\u00e3o de renda.<\/p>\n<p>Ao mesmo tempo, a expans\u00e3o recente indica uma mudan\u00e7a de percep\u00e7\u00e3o. Agora, cada vez mais, o ensino t\u00e9cnico passa a ser combinado com a prepara\u00e7\u00e3o para o <a href=\"https:\/\/www.orientacarreira.com.br\/enem\/\"><strong>Enem<\/strong><\/a>, deixando de ser apenas uma alternativa e se consolidando como complemento na trajet\u00f3ria educacional dos estudantes brasileiros.<\/p>\n","protected":false},"excerpt":{"rendered":"<p>Crescimento de matr\u00edculas em cursos de ensino t\u00e9cnico na cidade acompanha tend\u00eancia nacional e refor\u00e7a modalidade no Brasil O ingresso em cursos de ensino t\u00e9cnico est\u00e1<span class=\"excerpt-hellip\"> [\u2026]<\/span><\/p>\n","protected":false},"author":10,"featured_media":66417,"comment_status":"open","ping_status":"open","sticky":false,"template":"","format":"standard","meta":{"_jetpack_memberships_contains_paid_content":false,"footnotes":"","jetpack_publicize_message":"","jetpack_publicize_feature_enabled":true,"jetpack_social_post_already_shared":true,"jetpack_social_options":{"image_generator_settings":{"template":"highway","default_image_id":0,"enabled":false},"version":2}},"categories":[28,81],"tags":[],"class_list":["post-66416","post","type-post","status-publish","format-standard","has-post-thumbnail","hentry","category-cotidiano","category-manchete"],"yoast_head":"<!-- This site is optimized with the Yoast SEO plugin v25.6 - https:\/\/yoast.com\/wordpress\/plugins\/seo\/ -->\n<title>Ensino t\u00e9cnico em alta em Franca: alternativa de entrada no mercado de trabalho ou complemento para o Enem? - VerdadeOn<\/title>\n<meta name=\"robots\" content=\"index, follow, max-snippet:-1, max-image-preview:large, max-video-preview:-1\" \/>\n<link rel=\"canonical\" href=\"https:\/\/verdadeon.com.br\/portal\/2026\/04\/28\/ensino-tecnico-em-alta-em-franca-alternativa-de-entrada-no-mercado-de-trabalho-ou-complemento-para-o-enem\/\" \/>\n<meta property=\"og:locale\" content=\"pt_BR\" \/>\n<meta property=\"og:type\" content=\"article\" \/>\n<meta property=\"og:title\" content=\"Ensino t\u00e9cnico em alta em Franca: alternativa de entrada no mercado de trabalho ou complemento para o Enem? - VerdadeOn\" \/>\n<meta property=\"og:description\" content=\"Crescimento de matr\u00edculas em cursos de ensino t\u00e9cnico na cidade acompanha tend\u00eancia nacional e refor\u00e7a modalidade no Brasil O ingresso em cursos de ensino t\u00e9cnico est\u00e1 [\u2026]\" \/>\n<meta property=\"og:url\" content=\"https:\/\/verdadeon.com.br\/portal\/2026\/04\/28\/ensino-tecnico-em-alta-em-franca-alternativa-de-entrada-no-mercado-de-trabalho-ou-complemento-para-o-enem\/\" \/>\n<meta property=\"og:site_name\" content=\"VerdadeOn\" \/>\n<meta property=\"article:published_time\" content=\"2026-04-28T13:00:05+00:00\" \/>\n<meta property=\"og:image\" content=\"https:\/\/i0.wp.com\/verdadeon.com.br\/portal\/wp-content\/uploads\/2026\/04\/iStock-664599098.jpg.jpeg?fit=1260%2C833&ssl=1\" \/>\n\t<meta property=\"og:image:width\" content=\"1260\" \/>\n\t<meta property=\"og:image:height\" content=\"833\" \/>\n\t<meta property=\"og:image:type\" content=\"image\/jpeg\" \/>\n<meta name=\"author\" content=\"Redacao VerdadeOn\" \/>\n<meta name=\"twitter:card\" content=\"summary_large_image\" \/>\n<meta name=\"twitter:label1\" content=\"Escrito por\" \/>\n\t<meta name=\"twitter:data1\" content=\"Redacao VerdadeOn\" \/>\n\t<meta name=\"twitter:label2\" content=\"Est. tempo de leitura\" \/>\n\t<meta name=\"twitter:data2\" content=\"7 minutos\" \/>\n<script type=\"application\/ld+json\" class=\"yoast-schema-graph\">{\"@context\":\"https:\/\/schema.org\",\"@graph\":[{\"@type\":\"WebPage\",\"@id\":\"https:\/\/verdadeon.com.br\/portal\/2026\/04\/28\/ensino-tecnico-em-alta-em-franca-alternativa-de-entrada-no-mercado-de-trabalho-ou-complemento-para-o-enem\/\",\"url\":\"https:\/\/verdadeon.com.br\/portal\/2026\/04\/28\/ensino-tecnico-em-alta-em-franca-alternativa-de-entrada-no-mercado-de-trabalho-ou-complemento-para-o-enem\/\",\"name\":\"Ensino t\u00e9cnico em alta em Franca: alternativa de entrada no mercado de trabalho ou complemento para o Enem? - VerdadeOn\",\"isPartOf\":{\"@id\":\"https:\/\/verdadeon.com.br\/portal\/#website\"},\"primaryImageOfPage\":{\"@id\":\"https:\/\/verdadeon.com.br\/portal\/2026\/04\/28\/ensino-tecnico-em-alta-em-franca-alternativa-de-entrada-no-mercado-de-trabalho-ou-complemento-para-o-enem\/#primaryimage\"},\"image\":{\"@id\":\"https:\/\/verdadeon.com.br\/portal\/2026\/04\/28\/ensino-tecnico-em-alta-em-franca-alternativa-de-entrada-no-mercado-de-trabalho-ou-complemento-para-o-enem\/#primaryimage\"},\"thumbnailUrl\":\"https:\/\/i0.wp.com\/verdadeon.com.br\/portal\/wp-content\/uploads\/2026\/04\/iStock-664599098.jpg.jpeg?fit=1260%2C833&ssl=1\",\"datePublished\":\"2026-04-28T13:00:05+00:00\",\"author\":{\"@id\":\"https:\/\/verdadeon.com.br\/portal\/#\/schema\/person\/a5060ad1e9ea3df545188fc93ce43d2f\"},\"breadcrumb\":{\"@id\":\"https:\/\/verdadeon.com.br\/portal\/2026\/04\/28\/ensino-tecnico-em-alta-em-franca-alternativa-de-entrada-no-mercado-de-trabalho-ou-complemento-para-o-enem\/#breadcrumb\"},\"inLanguage\":\"pt-BR\",\"potentialAction\":[{\"@type\":\"ReadAction\",\"target\":[\"https:\/\/verdadeon.com.br\/portal\/2026\/04\/28\/ensino-tecnico-em-alta-em-franca-alternativa-de-entrada-no-mercado-de-trabalho-ou-complemento-para-o-enem\/\"]}]},{\"@type\":\"ImageObject\",\"inLanguage\":\"pt-BR\",\"@id\":\"https:\/\/verdadeon.com.br\/portal\/2026\/04\/28\/ensino-tecnico-em-alta-em-franca-alternativa-de-entrada-no-mercado-de-trabalho-ou-complemento-para-o-enem\/#primaryimage\",\"url\":\"https:\/\/i0.wp.com\/verdadeon.com.br\/portal\/wp-content\/uploads\/2026\/04\/iStock-664599098.jpg.jpeg?fit=1260%2C833&ssl=1\",\"contentUrl\":\"https:\/\/i0.wp.com\/verdadeon.com.br\/portal\/wp-content\/uploads\/2026\/04\/iStock-664599098.jpg.jpeg?fit=1260%2C833&ssl=1\",\"width\":1260,\"height\":833,\"caption\":\"(\u00a9HAKINMHAN \/ iStock)\"},{\"@type\":\"BreadcrumbList\",\"@id\":\"https:\/\/verdadeon.com.br\/portal\/2026\/04\/28\/ensino-tecnico-em-alta-em-franca-alternativa-de-entrada-no-mercado-de-trabalho-ou-complemento-para-o-enem\/#breadcrumb\",\"itemListElement\":[{\"@type\":\"ListItem\",\"position\":1,\"name\":\"In\u00edcio\",\"item\":\"https:\/\/verdadeon.com.br\/portal\/\"},{\"@type\":\"ListItem\",\"position\":2,\"name\":\"Ensino t\u00e9cnico em alta em Franca: alternativa de entrada no mercado de trabalho ou complemento para o Enem?\"}]},{\"@type\":\"WebSite\",\"@id\":\"https:\/\/verdadeon.com.br\/portal\/#website\",\"url\":\"https:\/\/verdadeon.com.br\/portal\/\",\"name\":\"VerdadeOn\",\"description\":\"Not\u00edcias di\u00e1rias sobre Franca, Regi\u00e3o, Esporte, Cultura, Cotidiano, Colunas. Cobertura nos principais eventos da cidade \u00e9 aqui - Verdadeon Franca\",\"potentialAction\":[{\"@type\":\"SearchAction\",\"target\":{\"@type\":\"EntryPoint\",\"urlTemplate\":\"https:\/\/verdadeon.com.br\/portal\/?s={search_term_string}\"},\"query-input\":{\"@type\":\"PropertyValueSpecification\",\"valueRequired\":true,\"valueName\":\"search_term_string\"}}],\"inLanguage\":\"pt-BR\"},{\"@type\":\"Person\",\"@id\":\"https:\/\/verdadeon.com.br\/portal\/#\/schema\/person\/a5060ad1e9ea3df545188fc93ce43d2f\",\"name\":\"Redacao VerdadeOn\",\"image\":{\"@type\":\"ImageObject\",\"inLanguage\":\"pt-BR\",\"@id\":\"https:\/\/verdadeon.com.br\/portal\/#\/schema\/person\/image\/\",\"url\":\"https:\/\/secure.gravatar.com\/avatar\/459a9613caaaf07f582c3d0841eea68bdd66f533e465e6ba8b9cb45619572cf4?s=96&d=mm&r=g\",\"contentUrl\":\"https:\/\/secure.gravatar.com\/avatar\/459a9613caaaf07f582c3d0841eea68bdd66f533e465e6ba8b9cb45619572cf4?s=96&d=mm&r=g\",\"caption\":\"Redacao VerdadeOn\"},\"url\":\"https:\/\/verdadeon.com.br\/portal\/author\/redacao\/\"}]}<\/script>\n<!-- \/ Yoast SEO plugin. -->","yoast_head_json":{"title":"Ensino t\u00e9cnico em alta em Franca: alternativa de entrada no mercado de trabalho ou complemento para o Enem? - VerdadeOn","robots":{"index":"index","follow":"follow","max-snippet":"max-snippet:-1","max-image-preview":"max-image-preview:large","max-video-preview":"max-video-preview:-1"},"canonical":"https:\/\/verdadeon.com.br\/portal\/2026\/04\/28\/ensino-tecnico-em-alta-em-franca-alternativa-de-entrada-no-mercado-de-trabalho-ou-complemento-para-o-enem\/","og_locale":"pt_BR","og_type":"article","og_title":"Ensino t\u00e9cnico em alta em Franca: alternativa de entrada no mercado de trabalho ou complemento para o Enem? - VerdadeOn","og_description":"Crescimento de matr\u00edculas em cursos de ensino t\u00e9cnico na cidade acompanha tend\u00eancia nacional e refor\u00e7a modalidade no Brasil O ingresso em cursos de ensino t\u00e9cnico est\u00e1 [\u2026]","og_url":"https:\/\/verdadeon.com.br\/portal\/2026\/04\/28\/ensino-tecnico-em-alta-em-franca-alternativa-de-entrada-no-mercado-de-trabalho-ou-complemento-para-o-enem\/","og_site_name":"VerdadeOn","article_published_time":"2026-04-28T13:00:05+00:00","og_image":[{"width":1260,"height":833,"url":"https:\/\/i0.wp.com\/verdadeon.com.br\/portal\/wp-content\/uploads\/2026\/04\/iStock-664599098.jpg.jpeg?fit=1260%2C833&ssl=1","type":"image\/jpeg"}],"author":"Redacao VerdadeOn","twitter_card":"summary_large_image","twitter_misc":{"Escrito por":"Redacao VerdadeOn","Est. tempo de leitura":"7 minutos"},"schema":{"@context":"https:\/\/schema.org","@graph":[{"@type":"WebPage","@id":"https:\/\/verdadeon.com.br\/portal\/2026\/04\/28\/ensino-tecnico-em-alta-em-franca-alternativa-de-entrada-no-mercado-de-trabalho-ou-complemento-para-o-enem\/","url":"https:\/\/verdadeon.com.br\/portal\/2026\/04\/28\/ensino-tecnico-em-alta-em-franca-alternativa-de-entrada-no-mercado-de-trabalho-ou-complemento-para-o-enem\/","name":"Ensino t\u00e9cnico em alta em Franca: alternativa de entrada no mercado de trabalho ou complemento para o Enem? - VerdadeOn","isPartOf":{"@id":"https:\/\/verdadeon.com.br\/portal\/#website"},"primaryImageOfPage":{"@id":"https:\/\/verdadeon.com.br\/portal\/2026\/04\/28\/ensino-tecnico-em-alta-em-franca-alternativa-de-entrada-no-mercado-de-trabalho-ou-complemento-para-o-enem\/#primaryimage"},"image":{"@id":"https:\/\/verdadeon.com.br\/portal\/2026\/04\/28\/ensino-tecnico-em-alta-em-franca-alternativa-de-entrada-no-mercado-de-trabalho-ou-complemento-para-o-enem\/#primaryimage"},"thumbnailUrl":"https:\/\/i0.wp.com\/verdadeon.com.br\/portal\/wp-content\/uploads\/2026\/04\/iStock-664599098.jpg.jpeg?fit=1260%2C833&ssl=1","datePublished":"2026-04-28T13:00:05+00:00","author":{"@id":"https:\/\/verdadeon.com.br\/portal\/#\/schema\/person\/a5060ad1e9ea3df545188fc93ce43d2f"},"breadcrumb":{"@id":"https:\/\/verdadeon.com.br\/portal\/2026\/04\/28\/ensino-tecnico-em-alta-em-franca-alternativa-de-entrada-no-mercado-de-trabalho-ou-complemento-para-o-enem\/#breadcrumb"},"inLanguage":"pt-BR","potentialAction":[{"@type":"ReadAction","target":["https:\/\/verdadeon.com.br\/portal\/2026\/04\/28\/ensino-tecnico-em-alta-em-franca-alternativa-de-entrada-no-mercado-de-trabalho-ou-complemento-para-o-enem\/"]}]},{"@type":"ImageObject","inLanguage":"pt-BR","@id":"https:\/\/verdadeon.com.br\/portal\/2026\/04\/28\/ensino-tecnico-em-alta-em-franca-alternativa-de-entrada-no-mercado-de-trabalho-ou-complemento-para-o-enem\/#primaryimage","url":"https:\/\/i0.wp.com\/verdadeon.com.br\/portal\/wp-content\/uploads\/2026\/04\/iStock-664599098.jpg.jpeg?fit=1260%2C833&ssl=1","contentUrl":"https:\/\/i0.wp.com\/verdadeon.com.br\/portal\/wp-content\/uploads\/2026\/04\/iStock-664599098.jpg.jpeg?fit=1260%2C833&ssl=1","width":1260,"height":833,"caption":"(\u00a9HAKINMHAN \/ iStock)"},{"@type":"BreadcrumbList","@id":"https:\/\/verdadeon.com.br\/portal\/2026\/04\/28\/ensino-tecnico-em-alta-em-franca-alternativa-de-entrada-no-mercado-de-trabalho-ou-complemento-para-o-enem\/#breadcrumb","itemListElement":[{"@type":"ListItem","position":1,"name":"In\u00edcio","item":"https:\/\/verdadeon.com.br\/portal\/"},{"@type":"ListItem","position":2,"name":"Ensino t\u00e9cnico em alta em Franca: alternativa de entrada no mercado de trabalho ou complemento para o Enem?"}]},{"@type":"WebSite","@id":"https:\/\/verdadeon.com.br\/portal\/#website","url":"https:\/\/verdadeon.com.br\/portal\/","name":"VerdadeOn","description":"Not\u00edcias di\u00e1rias sobre Franca, Regi\u00e3o, Esporte, Cultura, Cotidiano, Colunas. Cobertura nos principais eventos da cidade \u00e9 aqui - Verdadeon Franca","potentialAction":[{"@type":"SearchAction","target":{"@type":"EntryPoint","urlTemplate":"https:\/\/verdadeon.com.br\/portal\/?s={search_term_string}"},"query-input":{"@type":"PropertyValueSpecification","valueRequired":true,"valueName":"search_term_string"}}],"inLanguage":"pt-BR"},{"@type":"Person","@id":"https:\/\/verdadeon.com.br\/portal\/#\/schema\/person\/a5060ad1e9ea3df545188fc93ce43d2f","name":"Redacao VerdadeOn","image":{"@type":"ImageObject","inLanguage":"pt-BR","@id":"https:\/\/verdadeon.com.br\/portal\/#\/schema\/person\/image\/","url":"https:\/\/secure.gravatar.com\/avatar\/459a9613caaaf07f582c3d0841eea68bdd66f533e465e6ba8b9cb45619572cf4?s=96&d=mm&r=g","contentUrl":"https:\/\/secure.gravatar.com\/avatar\/459a9613caaaf07f582c3d0841eea68bdd66f533e465e6ba8b9cb45619572cf4?s=96&d=mm&r=g","caption":"Redacao VerdadeOn"},"url":"https:\/\/verdadeon.com.br\/portal\/author\/redacao\/"}]}},"jetpack_publicize_connections":[],"jetpack_featured_media_url":"https:\/\/i0.wp.com\/verdadeon.com.br\/portal\/wp-content\/uploads\/2026\/04\/iStock-664599098.jpg.jpeg?fit=1260%2C833&ssl=1","jetpack_sharing_enabled":true,"_links":{"self":[{"href":"https:\/\/verdadeon.com.br\/portal\/wp-json\/wp\/v2\/posts\/66416","targetHints":{"allow":["GET"]}}],"collection":[{"href":"https:\/\/verdadeon.com.br\/portal\/wp-json\/wp\/v2\/posts"}],"about":[{"href":"https:\/\/verdadeon.com.br\/portal\/wp-json\/wp\/v2\/types\/post"}],"author":[{"embeddable":true,"href":"https:\/\/verdadeon.com.br\/portal\/wp-json\/wp\/v2\/users\/10"}],"replies":[{"embeddable":true,"href":"https:\/\/verdadeon.com.br\/portal\/wp-json\/wp\/v2\/comments?post=66416"}],"version-history":[{"count":1,"href":"https:\/\/verdadeon.com.br\/portal\/wp-json\/wp\/v2\/posts\/66416\/revisions"}],"predecessor-version":[{"id":66418,"href":"https:\/\/verdadeon.com.br\/portal\/wp-json\/wp\/v2\/posts\/66416\/revisions\/66418"}],"wp:featuredmedia":[{"embeddable":true,"href":"https:\/\/verdadeon.com.br\/portal\/wp-json\/wp\/v2\/media\/66417"}],"wp:attachment":[{"href":"https:\/\/verdadeon.com.br\/portal\/wp-json\/wp\/v2\/media?parent=66416"}],"wp:term":[{"taxonomy":"category","embeddable":true,"href":"https:\/\/verdadeon.com.br\/portal\/wp-json\/wp\/v2\/categories?post=66416"},{"taxonomy":"post_tag","embeddable":true,"href":"https:\/\/verdadeon.com.br\/portal\/wp-json\/wp\/v2\/tags?post=66416"}],"curies":[{"name":"wp","href":"https:\/\/api.w.org\/{rel}","templated":true}]}}