{"id":65949,"date":"2026-04-08T11:53:31","date_gmt":"2026-04-08T14:53:31","guid":{"rendered":"https:\/\/verdadeon.com.br\/portal\/?p=65949"},"modified":"2026-04-08T11:54:54","modified_gmt":"2026-04-08T14:54:54","slug":"conselho-de-etica-da-camara-de-franca-decide-por-advertencia-a-fransergio-garcia","status":"publish","type":"post","link":"https:\/\/verdadeon.com.br\/portal\/2026\/04\/08\/conselho-de-etica-da-camara-de-franca-decide-por-advertencia-a-fransergio-garcia\/","title":{"rendered":"Conselho de \u00c9tica da C\u00e2mara de Franca decide por advert\u00eancia a Frans\u00e9rgio Garcia"},"content":{"rendered":"<p>O Conselho de \u00c9tica e Decoro Parlamentar da C\u00e2mara Municipal de Franca concluiu pela proced\u00eancia de infra\u00e7\u00e3o \u00e9tica envolvendo o vereador Frans\u00e9rgio Garcia Braz (PL), recomendando a aplica\u00e7\u00e3o de advert\u00eancia p\u00fablica escrita. A decis\u00e3o consta no Parecer Final do Processo n\u00ba 1\/2026, assinado no dia 2 de abril de 2026. A leitura na \u00edntegra do documento aconteceu nesta ter\u00e7a-feira (7) durante a 10\u00aa Sess\u00e3o Ordin\u00e1ria.<\/p>\n<p>A apura\u00e7\u00e3o teve como foco espec\u00edfico a condu\u00e7\u00e3o de ve\u00edculo oficial pelo parlamentar em per\u00edodo no qual sua Carteira Nacional de Habilita\u00e7\u00e3o (CNH) estava formalmente cassada. Segundo o Conselho, a an\u00e1lise se restringiu a esse ponto, garantindo o contradit\u00f3rio e a ampla defesa ao longo de todo o processo.<\/p>\n<p>De acordo com o parecer, a conduta fere diretamente deveres fundamentais previstos na Resolu\u00e7\u00e3o n\u00ba 256\/2003, como o respeito \u00e0s leis, \u00e0 coisa p\u00fablica e \u00e0 dignidade do mandato. O documento destaca que dirigir ve\u00edculo oficial sem habilita\u00e7\u00e3o v\u00e1lida n\u00e3o configura apenas infra\u00e7\u00e3o de tr\u00e2nsito, mas tamb\u00e9m uma falha \u00e9tica que compromete a imagem do Poder Legislativo.<\/p>\n<p>O Conselho tamb\u00e9m rejeitou a justificativa apresentada de estado de necessidade. A alega\u00e7\u00e3o de que o vereador teria assumido a dire\u00e7\u00e3o do ve\u00edculo em raz\u00e3o de problemas de sa\u00fade do assessor n\u00e3o foi acolhida, sob o entendimento de que n\u00e3o houve comprova\u00e7\u00e3o de situa\u00e7\u00e3o emergencial. O relat\u00f3rio aponta que o uso do ve\u00edculo nessas condi\u00e7\u00f5es teria ocorrido de forma reiterada, sem caracterizar urg\u00eancia ou risco iminente.<\/p>\n<p>Ainda segundo o parecer, h\u00e1 elementos considerados consistentes para comprovar a materialidade e autoria da conduta, incluindo registros audiovisuais e o reconhecimento, por parte do pr\u00f3prio parlamentar, da utiliza\u00e7\u00e3o do ve\u00edculo.<\/p>\n<div id=\"attachment_65167\" style=\"width: 2058px\" class=\"wp-caption alignnone\"><img data-recalc-dims=\"1\" loading=\"lazy\" decoding=\"async\" aria-describedby=\"caption-attachment-65167\" class=\"size-full wp-image-65167\" src=\"https:\/\/i0.wp.com\/verdadeon.com.br\/portal\/wp-content\/uploads\/2026\/03\/55088855963_9ece328edd_k.jpg?resize=1220%2C813&#038;ssl=1\" alt=\"\" width=\"1220\" height=\"813\" srcset=\"https:\/\/i0.wp.com\/verdadeon.com.br\/portal\/wp-content\/uploads\/2026\/03\/55088855963_9ece328edd_k.jpg?w=2048&amp;ssl=1 2048w, https:\/\/i0.wp.com\/verdadeon.com.br\/portal\/wp-content\/uploads\/2026\/03\/55088855963_9ece328edd_k.jpg?resize=300%2C200&amp;ssl=1 300w, https:\/\/i0.wp.com\/verdadeon.com.br\/portal\/wp-content\/uploads\/2026\/03\/55088855963_9ece328edd_k.jpg?resize=1024%2C683&amp;ssl=1 1024w, https:\/\/i0.wp.com\/verdadeon.com.br\/portal\/wp-content\/uploads\/2026\/03\/55088855963_9ece328edd_k.jpg?resize=768%2C512&amp;ssl=1 768w, https:\/\/i0.wp.com\/verdadeon.com.br\/portal\/wp-content\/uploads\/2026\/03\/55088855963_9ece328edd_k.jpg?resize=1536%2C1024&amp;ssl=1 1536w, https:\/\/i0.wp.com\/verdadeon.com.br\/portal\/wp-content\/uploads\/2026\/03\/55088855963_9ece328edd_k.jpg?resize=219%2C146&amp;ssl=1 219w, https:\/\/i0.wp.com\/verdadeon.com.br\/portal\/wp-content\/uploads\/2026\/03\/55088855963_9ece328edd_k.jpg?resize=50%2C33&amp;ssl=1 50w, https:\/\/i0.wp.com\/verdadeon.com.br\/portal\/wp-content\/uploads\/2026\/03\/55088855963_9ece328edd_k.jpg?resize=113%2C75&amp;ssl=1 113w\" sizes=\"auto, (max-width: 1220px) 100vw, 1220px\" \/><p id=\"caption-attachment-65167\" class=\"wp-caption-text\">O vereador e presidente da C\u00e2mara Municipal de Franca, Fransergio Garcia (PL) (\u00a9Divulga\u00e7\u00e3o\/CMF)<\/p><\/div>\n<p>Apesar de considerar a infra\u00e7\u00e3o \u00e9tica, o Conselho optou por recomendar uma penalidade moderada. Foram levados em conta a aus\u00eancia de preju\u00edzo direto ao er\u00e1rio e o car\u00e1ter pedag\u00f3gico da san\u00e7\u00e3o. O documento \u00e9 assinado pelo presidente do Conselho, Gilson Pelizaro (PT) e pelo vice-presidente Daniel Bassi (PSD).<\/p>\n<p>J\u00e1 o relator do caso, o vereador Ant\u00f4nio Donizete Merc\u00fario (MDB), apresentou voto apartado seguindo o parecer Jur\u00eddico da Casa de Leis no qual sustentou que a investiga\u00e7\u00e3o teve origem em den\u00fancia formal de um cidad\u00e3o, somada a informa\u00e7\u00f5es divulgadas pela imprensa, que apontavam poss\u00edveis irregularidades relacionadas a procedimento de viagem e ao uso de ve\u00edculo oficial.<\/p>\n<p>No documento, Donizete enfatizou a experi\u00eancia do Departamento Jur\u00eddico da Casa de Leis e que tomou a decis\u00e3o embasado em parecer jur\u00eddico, que apontou que\u00a0os elementos reunidos n\u00e3o apresentam robustez suficiente para sustentar a acusa\u00e7\u00e3o. Segundo o voto, as supostas provas se baseiam em registros n\u00e3o oficiais, sem garantia de autenticidade ou integridade, o que compromete a cadeia de cust\u00f3dia e inviabiliza sua utiliza\u00e7\u00e3o para eventual aplica\u00e7\u00e3o de penalidades.<\/p>\n<p>Donizete tamb\u00e9m destacou que a configura\u00e7\u00e3o de quebra de decoro parlamentar exige a comprova\u00e7\u00e3o de conduta grave e incompat\u00edvel com o exerc\u00edcio da fun\u00e7\u00e3o p\u00fablica requisito que, segundo ele, n\u00e3o ficou demonstrado no caso analisado.<\/p>\n<p>Diante disso, com base nos princ\u00edpios da razoabilidade, proporcionalidade e legalidade, o relator concluiu pela improced\u00eancia da den\u00fancia, posicionando-se pela n\u00e3o aplica\u00e7\u00e3o de san\u00e7\u00f5es e pelo consequente arquivamento do processo \u00e9tico-disciplinar.<\/p>\n<p>O vereador Frans\u00e9rgio Garcia (PL) afirmou que recebeu a decis\u00e3o com tranquilidade e respeito ao Conselho de \u00c9tica. O parlamentar refor\u00e7ou compromisso na busca por recursos e projetos que beneficiem a cidade e a popula\u00e7\u00e3o.<\/p>\n","protected":false},"excerpt":{"rendered":"<p>O Conselho de \u00c9tica e Decoro Parlamentar da C\u00e2mara Municipal de Franca concluiu pela proced\u00eancia de infra\u00e7\u00e3o \u00e9tica envolvendo o vereador Frans\u00e9rgio Garcia Braz (PL), recomendando<span class=\"excerpt-hellip\"> [\u2026]<\/span><\/p>\n","protected":false},"author":10,"featured_media":65950,"comment_status":"open","ping_status":"open","sticky":false,"template":"","format":"standard","meta":{"_jetpack_memberships_contains_paid_content":false,"footnotes":"","jetpack_publicize_message":"","jetpack_publicize_feature_enabled":true,"jetpack_social_post_already_shared":true,"jetpack_social_options":{"image_generator_settings":{"template":"highway","default_image_id":0,"enabled":false},"version":2}},"categories":[28,81],"tags":[],"class_list":["post-65949","post","type-post","status-publish","format-standard","has-post-thumbnail","hentry","category-cotidiano","category-manchete"],"yoast_head":"<!-- This site is optimized with the Yoast SEO plugin v25.6 - https:\/\/yoast.com\/wordpress\/plugins\/seo\/ -->\n<title>Conselho de \u00c9tica da C\u00e2mara de Franca decide por advert\u00eancia a Frans\u00e9rgio Garcia - VerdadeOn<\/title>\n<meta name=\"robots\" content=\"index, follow, max-snippet:-1, max-image-preview:large, max-video-preview:-1\" \/>\n<link rel=\"canonical\" href=\"https:\/\/verdadeon.com.br\/portal\/2026\/04\/08\/conselho-de-etica-da-camara-de-franca-decide-por-advertencia-a-fransergio-garcia\/\" \/>\n<meta property=\"og:locale\" content=\"pt_BR\" \/>\n<meta property=\"og:type\" content=\"article\" \/>\n<meta property=\"og:title\" content=\"Conselho de \u00c9tica da C\u00e2mara de Franca decide por advert\u00eancia a Frans\u00e9rgio Garcia - VerdadeOn\" \/>\n<meta property=\"og:description\" content=\"O Conselho de \u00c9tica e Decoro Parlamentar da C\u00e2mara Municipal de Franca concluiu pela proced\u00eancia de infra\u00e7\u00e3o \u00e9tica envolvendo o vereador Frans\u00e9rgio Garcia Braz (PL), recomendando [\u2026]\" \/>\n<meta property=\"og:url\" content=\"https:\/\/verdadeon.com.br\/portal\/2026\/04\/08\/conselho-de-etica-da-camara-de-franca-decide-por-advertencia-a-fransergio-garcia\/\" \/>\n<meta property=\"og:site_name\" content=\"VerdadeOn\" \/>\n<meta property=\"article:published_time\" content=\"2026-04-08T14:53:31+00:00\" \/>\n<meta property=\"article:modified_time\" content=\"2026-04-08T14:54:54+00:00\" \/>\n<meta property=\"og:image\" content=\"https:\/\/verdadeon.com.br\/portal\/wp-content\/uploads\/2026\/04\/unnamed-66.jpg\" \/>\n\t<meta property=\"og:image:width\" content=\"799\" \/>\n\t<meta property=\"og:image:height\" content=\"460\" \/>\n\t<meta property=\"og:image:type\" content=\"image\/jpeg\" \/>\n<meta name=\"author\" content=\"Redacao VerdadeOn\" \/>\n<meta name=\"twitter:card\" content=\"summary_large_image\" \/>\n<meta name=\"twitter:label1\" content=\"Escrito por\" \/>\n\t<meta name=\"twitter:data1\" content=\"Redacao VerdadeOn\" \/>\n\t<meta name=\"twitter:label2\" content=\"Est. tempo de leitura\" \/>\n\t<meta name=\"twitter:data2\" content=\"4 minutos\" \/>\n<script type=\"application\/ld+json\" class=\"yoast-schema-graph\">{\"@context\":\"https:\/\/schema.org\",\"@graph\":[{\"@type\":\"WebPage\",\"@id\":\"https:\/\/verdadeon.com.br\/portal\/2026\/04\/08\/conselho-de-etica-da-camara-de-franca-decide-por-advertencia-a-fransergio-garcia\/\",\"url\":\"https:\/\/verdadeon.com.br\/portal\/2026\/04\/08\/conselho-de-etica-da-camara-de-franca-decide-por-advertencia-a-fransergio-garcia\/\",\"name\":\"Conselho de \u00c9tica da C\u00e2mara de Franca decide por advert\u00eancia a Frans\u00e9rgio Garcia - VerdadeOn\",\"isPartOf\":{\"@id\":\"https:\/\/verdadeon.com.br\/portal\/#website\"},\"primaryImageOfPage\":{\"@id\":\"https:\/\/verdadeon.com.br\/portal\/2026\/04\/08\/conselho-de-etica-da-camara-de-franca-decide-por-advertencia-a-fransergio-garcia\/#primaryimage\"},\"image\":{\"@id\":\"https:\/\/verdadeon.com.br\/portal\/2026\/04\/08\/conselho-de-etica-da-camara-de-franca-decide-por-advertencia-a-fransergio-garcia\/#primaryimage\"},\"thumbnailUrl\":\"https:\/\/i0.wp.com\/verdadeon.com.br\/portal\/wp-content\/uploads\/2026\/04\/unnamed-66.jpg?fit=799%2C460&ssl=1\",\"datePublished\":\"2026-04-08T14:53:31+00:00\",\"dateModified\":\"2026-04-08T14:54:54+00:00\",\"author\":{\"@id\":\"https:\/\/verdadeon.com.br\/portal\/#\/schema\/person\/a5060ad1e9ea3df545188fc93ce43d2f\"},\"breadcrumb\":{\"@id\":\"https:\/\/verdadeon.com.br\/portal\/2026\/04\/08\/conselho-de-etica-da-camara-de-franca-decide-por-advertencia-a-fransergio-garcia\/#breadcrumb\"},\"inLanguage\":\"pt-BR\",\"potentialAction\":[{\"@type\":\"ReadAction\",\"target\":[\"https:\/\/verdadeon.com.br\/portal\/2026\/04\/08\/conselho-de-etica-da-camara-de-franca-decide-por-advertencia-a-fransergio-garcia\/\"]}]},{\"@type\":\"ImageObject\",\"inLanguage\":\"pt-BR\",\"@id\":\"https:\/\/verdadeon.com.br\/portal\/2026\/04\/08\/conselho-de-etica-da-camara-de-franca-decide-por-advertencia-a-fransergio-garcia\/#primaryimage\",\"url\":\"https:\/\/i0.wp.com\/verdadeon.com.br\/portal\/wp-content\/uploads\/2026\/04\/unnamed-66.jpg?fit=799%2C460&ssl=1\",\"contentUrl\":\"https:\/\/i0.wp.com\/verdadeon.com.br\/portal\/wp-content\/uploads\/2026\/04\/unnamed-66.jpg?fit=799%2C460&ssl=1\",\"width\":799,\"height\":460,\"caption\":\"Conselho de \u00c9tica e Decoro Parlamentar da C\u00e2mara Municipal de Franca penaliza Frans\u00e9rgio Garcia (PL) ap\u00f3s dirigir ve\u00edculo oficial sem CNH (\u00a9Divulga\u00e7\u00e3o\/CMF)\"},{\"@type\":\"BreadcrumbList\",\"@id\":\"https:\/\/verdadeon.com.br\/portal\/2026\/04\/08\/conselho-de-etica-da-camara-de-franca-decide-por-advertencia-a-fransergio-garcia\/#breadcrumb\",\"itemListElement\":[{\"@type\":\"ListItem\",\"position\":1,\"name\":\"In\u00edcio\",\"item\":\"https:\/\/verdadeon.com.br\/portal\/\"},{\"@type\":\"ListItem\",\"position\":2,\"name\":\"Conselho de \u00c9tica da C\u00e2mara de Franca decide por advert\u00eancia a Frans\u00e9rgio Garcia\"}]},{\"@type\":\"WebSite\",\"@id\":\"https:\/\/verdadeon.com.br\/portal\/#website\",\"url\":\"https:\/\/verdadeon.com.br\/portal\/\",\"name\":\"VerdadeOn\",\"description\":\"Not\u00edcias di\u00e1rias sobre Franca, Regi\u00e3o, Esporte, Cultura, Cotidiano, Colunas. Cobertura nos principais eventos da cidade \u00e9 aqui - Verdadeon Franca\",\"potentialAction\":[{\"@type\":\"SearchAction\",\"target\":{\"@type\":\"EntryPoint\",\"urlTemplate\":\"https:\/\/verdadeon.com.br\/portal\/?s={search_term_string}\"},\"query-input\":{\"@type\":\"PropertyValueSpecification\",\"valueRequired\":true,\"valueName\":\"search_term_string\"}}],\"inLanguage\":\"pt-BR\"},{\"@type\":\"Person\",\"@id\":\"https:\/\/verdadeon.com.br\/portal\/#\/schema\/person\/a5060ad1e9ea3df545188fc93ce43d2f\",\"name\":\"Redacao VerdadeOn\",\"image\":{\"@type\":\"ImageObject\",\"inLanguage\":\"pt-BR\",\"@id\":\"https:\/\/verdadeon.com.br\/portal\/#\/schema\/person\/image\/\",\"url\":\"https:\/\/secure.gravatar.com\/avatar\/459a9613caaaf07f582c3d0841eea68bdd66f533e465e6ba8b9cb45619572cf4?s=96&d=mm&r=g\",\"contentUrl\":\"https:\/\/secure.gravatar.com\/avatar\/459a9613caaaf07f582c3d0841eea68bdd66f533e465e6ba8b9cb45619572cf4?s=96&d=mm&r=g\",\"caption\":\"Redacao VerdadeOn\"},\"url\":\"https:\/\/verdadeon.com.br\/portal\/author\/redacao\/\"}]}<\/script>\n<!-- \/ Yoast SEO plugin. -->","yoast_head_json":{"title":"Conselho de \u00c9tica da C\u00e2mara de Franca decide por advert\u00eancia a Frans\u00e9rgio Garcia - VerdadeOn","robots":{"index":"index","follow":"follow","max-snippet":"max-snippet:-1","max-image-preview":"max-image-preview:large","max-video-preview":"max-video-preview:-1"},"canonical":"https:\/\/verdadeon.com.br\/portal\/2026\/04\/08\/conselho-de-etica-da-camara-de-franca-decide-por-advertencia-a-fransergio-garcia\/","og_locale":"pt_BR","og_type":"article","og_title":"Conselho de \u00c9tica da C\u00e2mara de Franca decide por advert\u00eancia a Frans\u00e9rgio Garcia - VerdadeOn","og_description":"O Conselho de \u00c9tica e Decoro Parlamentar da C\u00e2mara Municipal de Franca concluiu pela proced\u00eancia de infra\u00e7\u00e3o \u00e9tica envolvendo o vereador Frans\u00e9rgio Garcia Braz (PL), recomendando [\u2026]","og_url":"https:\/\/verdadeon.com.br\/portal\/2026\/04\/08\/conselho-de-etica-da-camara-de-franca-decide-por-advertencia-a-fransergio-garcia\/","og_site_name":"VerdadeOn","article_published_time":"2026-04-08T14:53:31+00:00","article_modified_time":"2026-04-08T14:54:54+00:00","og_image":[{"width":799,"height":460,"url":"https:\/\/verdadeon.com.br\/portal\/wp-content\/uploads\/2026\/04\/unnamed-66.jpg","type":"image\/jpeg"}],"author":"Redacao VerdadeOn","twitter_card":"summary_large_image","twitter_misc":{"Escrito por":"Redacao VerdadeOn","Est. tempo de leitura":"4 minutos"},"schema":{"@context":"https:\/\/schema.org","@graph":[{"@type":"WebPage","@id":"https:\/\/verdadeon.com.br\/portal\/2026\/04\/08\/conselho-de-etica-da-camara-de-franca-decide-por-advertencia-a-fransergio-garcia\/","url":"https:\/\/verdadeon.com.br\/portal\/2026\/04\/08\/conselho-de-etica-da-camara-de-franca-decide-por-advertencia-a-fransergio-garcia\/","name":"Conselho de \u00c9tica da C\u00e2mara de Franca decide por advert\u00eancia a Frans\u00e9rgio Garcia - VerdadeOn","isPartOf":{"@id":"https:\/\/verdadeon.com.br\/portal\/#website"},"primaryImageOfPage":{"@id":"https:\/\/verdadeon.com.br\/portal\/2026\/04\/08\/conselho-de-etica-da-camara-de-franca-decide-por-advertencia-a-fransergio-garcia\/#primaryimage"},"image":{"@id":"https:\/\/verdadeon.com.br\/portal\/2026\/04\/08\/conselho-de-etica-da-camara-de-franca-decide-por-advertencia-a-fransergio-garcia\/#primaryimage"},"thumbnailUrl":"https:\/\/i0.wp.com\/verdadeon.com.br\/portal\/wp-content\/uploads\/2026\/04\/unnamed-66.jpg?fit=799%2C460&ssl=1","datePublished":"2026-04-08T14:53:31+00:00","dateModified":"2026-04-08T14:54:54+00:00","author":{"@id":"https:\/\/verdadeon.com.br\/portal\/#\/schema\/person\/a5060ad1e9ea3df545188fc93ce43d2f"},"breadcrumb":{"@id":"https:\/\/verdadeon.com.br\/portal\/2026\/04\/08\/conselho-de-etica-da-camara-de-franca-decide-por-advertencia-a-fransergio-garcia\/#breadcrumb"},"inLanguage":"pt-BR","potentialAction":[{"@type":"ReadAction","target":["https:\/\/verdadeon.com.br\/portal\/2026\/04\/08\/conselho-de-etica-da-camara-de-franca-decide-por-advertencia-a-fransergio-garcia\/"]}]},{"@type":"ImageObject","inLanguage":"pt-BR","@id":"https:\/\/verdadeon.com.br\/portal\/2026\/04\/08\/conselho-de-etica-da-camara-de-franca-decide-por-advertencia-a-fransergio-garcia\/#primaryimage","url":"https:\/\/i0.wp.com\/verdadeon.com.br\/portal\/wp-content\/uploads\/2026\/04\/unnamed-66.jpg?fit=799%2C460&ssl=1","contentUrl":"https:\/\/i0.wp.com\/verdadeon.com.br\/portal\/wp-content\/uploads\/2026\/04\/unnamed-66.jpg?fit=799%2C460&ssl=1","width":799,"height":460,"caption":"Conselho de \u00c9tica e Decoro Parlamentar da C\u00e2mara Municipal de Franca penaliza Frans\u00e9rgio Garcia (PL) ap\u00f3s dirigir ve\u00edculo oficial sem CNH (\u00a9Divulga\u00e7\u00e3o\/CMF)"},{"@type":"BreadcrumbList","@id":"https:\/\/verdadeon.com.br\/portal\/2026\/04\/08\/conselho-de-etica-da-camara-de-franca-decide-por-advertencia-a-fransergio-garcia\/#breadcrumb","itemListElement":[{"@type":"ListItem","position":1,"name":"In\u00edcio","item":"https:\/\/verdadeon.com.br\/portal\/"},{"@type":"ListItem","position":2,"name":"Conselho de \u00c9tica da C\u00e2mara de Franca decide por advert\u00eancia a Frans\u00e9rgio Garcia"}]},{"@type":"WebSite","@id":"https:\/\/verdadeon.com.br\/portal\/#website","url":"https:\/\/verdadeon.com.br\/portal\/","name":"VerdadeOn","description":"Not\u00edcias di\u00e1rias sobre Franca, Regi\u00e3o, Esporte, Cultura, Cotidiano, Colunas. Cobertura nos principais eventos da cidade \u00e9 aqui - Verdadeon Franca","potentialAction":[{"@type":"SearchAction","target":{"@type":"EntryPoint","urlTemplate":"https:\/\/verdadeon.com.br\/portal\/?s={search_term_string}"},"query-input":{"@type":"PropertyValueSpecification","valueRequired":true,"valueName":"search_term_string"}}],"inLanguage":"pt-BR"},{"@type":"Person","@id":"https:\/\/verdadeon.com.br\/portal\/#\/schema\/person\/a5060ad1e9ea3df545188fc93ce43d2f","name":"Redacao VerdadeOn","image":{"@type":"ImageObject","inLanguage":"pt-BR","@id":"https:\/\/verdadeon.com.br\/portal\/#\/schema\/person\/image\/","url":"https:\/\/secure.gravatar.com\/avatar\/459a9613caaaf07f582c3d0841eea68bdd66f533e465e6ba8b9cb45619572cf4?s=96&d=mm&r=g","contentUrl":"https:\/\/secure.gravatar.com\/avatar\/459a9613caaaf07f582c3d0841eea68bdd66f533e465e6ba8b9cb45619572cf4?s=96&d=mm&r=g","caption":"Redacao VerdadeOn"},"url":"https:\/\/verdadeon.com.br\/portal\/author\/redacao\/"}]}},"jetpack_publicize_connections":[],"jetpack_featured_media_url":"https:\/\/i0.wp.com\/verdadeon.com.br\/portal\/wp-content\/uploads\/2026\/04\/unnamed-66.jpg?fit=799%2C460&ssl=1","jetpack_sharing_enabled":true,"_links":{"self":[{"href":"https:\/\/verdadeon.com.br\/portal\/wp-json\/wp\/v2\/posts\/65949","targetHints":{"allow":["GET"]}}],"collection":[{"href":"https:\/\/verdadeon.com.br\/portal\/wp-json\/wp\/v2\/posts"}],"about":[{"href":"https:\/\/verdadeon.com.br\/portal\/wp-json\/wp\/v2\/types\/post"}],"author":[{"embeddable":true,"href":"https:\/\/verdadeon.com.br\/portal\/wp-json\/wp\/v2\/users\/10"}],"replies":[{"embeddable":true,"href":"https:\/\/verdadeon.com.br\/portal\/wp-json\/wp\/v2\/comments?post=65949"}],"version-history":[{"count":3,"href":"https:\/\/verdadeon.com.br\/portal\/wp-json\/wp\/v2\/posts\/65949\/revisions"}],"predecessor-version":[{"id":65953,"href":"https:\/\/verdadeon.com.br\/portal\/wp-json\/wp\/v2\/posts\/65949\/revisions\/65953"}],"wp:featuredmedia":[{"embeddable":true,"href":"https:\/\/verdadeon.com.br\/portal\/wp-json\/wp\/v2\/media\/65950"}],"wp:attachment":[{"href":"https:\/\/verdadeon.com.br\/portal\/wp-json\/wp\/v2\/media?parent=65949"}],"wp:term":[{"taxonomy":"category","embeddable":true,"href":"https:\/\/verdadeon.com.br\/portal\/wp-json\/wp\/v2\/categories?post=65949"},{"taxonomy":"post_tag","embeddable":true,"href":"https:\/\/verdadeon.com.br\/portal\/wp-json\/wp\/v2\/tags?post=65949"}],"curies":[{"name":"wp","href":"https:\/\/api.w.org\/{rel}","templated":true}]}}