{"id":65931,"date":"2026-04-07T16:35:52","date_gmt":"2026-04-07T19:35:52","guid":{"rendered":"https:\/\/verdadeon.com.br\/portal\/?p=65931"},"modified":"2026-04-07T17:00:56","modified_gmt":"2026-04-07T20:00:56","slug":"grupo-santa-casa-de-franca-conquista-ona-nivel-3-unica-santa-casa-da-regiao-com-certificacao-de-excelencia-assistencial","status":"publish","type":"post","link":"https:\/\/verdadeon.com.br\/portal\/2026\/04\/07\/grupo-santa-casa-de-franca-conquista-ona-nivel-3-unica-santa-casa-da-regiao-com-certificacao-de-excelencia-assistencial\/","title":{"rendered":"Grupo Santa Casa de Franca conquista ONA N\u00edvel 3; \u00fanica Santa Casa da regi\u00e3o com certifica\u00e7\u00e3o de excel\u00eancia assistencial"},"content":{"rendered":"<h2>Certifica\u00e7\u00e3o m\u00e1xima de qualidade hospitalar refor\u00e7a protocolos de seguran\u00e7a, efici\u00eancia e excel\u00eancia no atendimento a mais de 700 mil pessoas de Franca e de 21 munic\u00edpios da regi\u00e3o<\/h2>\n<p><strong>Reconhecimento e Certifica\u00e7\u00e3o de Excel\u00eancia<\/strong><\/p>\n<p>O <strong>Grupo Santa Casa de Franca<\/strong> conquistou a <strong>Acredita\u00e7\u00e3o com Excel\u00eancia \u2013 N\u00edvel 3<\/strong> da Organiza\u00e7\u00e3o Nacional de Acredita\u00e7\u00e3o (ONA), <strong>o mais alto n\u00edvel de certifica\u00e7\u00e3o de qualidade hospitalar do pa\u00eds<\/strong>. O reconhecimento posiciona a institui\u00e7\u00e3o <strong>entre os cerca de 3% de hospitais mais qualificados do Brasil e o \u00fanica Santa Casa da regi\u00e3o com esta credencial <\/strong>\u2014 e refor\u00e7a a ado\u00e7\u00e3o de protocolos rigorosos de seguran\u00e7a do paciente, efici\u00eancia assistencial e gest\u00e3o da qualidade \u2014 pr\u00e1ticas que impactam diretamente o atendimento prestado a <strong>mais de 700 mil moradores de Franca e de 21 munic\u00edpios da regi\u00e3o<\/strong>.<\/p>\n<p><img data-recalc-dims=\"1\" loading=\"lazy\" decoding=\"async\" class=\"alignnone size-full wp-image-65932\" src=\"https:\/\/i0.wp.com\/verdadeon.com.br\/portal\/wp-content\/uploads\/2026\/04\/ona-3-santa-casa-franca.jpg?resize=1080%2C1350&#038;ssl=1\" alt=\"\" width=\"1080\" height=\"1350\" srcset=\"https:\/\/i0.wp.com\/verdadeon.com.br\/portal\/wp-content\/uploads\/2026\/04\/ona-3-santa-casa-franca.jpg?w=1080&amp;ssl=1 1080w, https:\/\/i0.wp.com\/verdadeon.com.br\/portal\/wp-content\/uploads\/2026\/04\/ona-3-santa-casa-franca.jpg?resize=240%2C300&amp;ssl=1 240w, https:\/\/i0.wp.com\/verdadeon.com.br\/portal\/wp-content\/uploads\/2026\/04\/ona-3-santa-casa-franca.jpg?resize=819%2C1024&amp;ssl=1 819w, https:\/\/i0.wp.com\/verdadeon.com.br\/portal\/wp-content\/uploads\/2026\/04\/ona-3-santa-casa-franca.jpg?resize=768%2C960&amp;ssl=1 768w, https:\/\/i0.wp.com\/verdadeon.com.br\/portal\/wp-content\/uploads\/2026\/04\/ona-3-santa-casa-franca.jpg?resize=117%2C146&amp;ssl=1 117w, https:\/\/i0.wp.com\/verdadeon.com.br\/portal\/wp-content\/uploads\/2026\/04\/ona-3-santa-casa-franca.jpg?resize=40%2C50&amp;ssl=1 40w, https:\/\/i0.wp.com\/verdadeon.com.br\/portal\/wp-content\/uploads\/2026\/04\/ona-3-santa-casa-franca.jpg?resize=60%2C75&amp;ssl=1 60w\" sizes=\"auto, (max-width: 1080px) 100vw, 1080px\" \/>Mais do que um reconhecimento institucional, a certifica\u00e7\u00e3o representa <strong>avan\u00e7os concretos na assist\u00eancia \u00e0 popula\u00e7\u00e3o<\/strong>. O selo atesta que o hospital opera com processos estruturados de seguran\u00e7a do paciente, gest\u00e3o de riscos assistenciais, monitoramento de indicadores cl\u00ednicos e melhoria cont\u00ednua dos fluxos de atendimento.<\/p>\n<p>Na pr\u00e1tica, isso significa <strong>mais seguran\u00e7a nos procedimentos, maior efici\u00eancia no atendimento e maior qualidade nos resultados assistenciais<\/strong>, garantindo que pacientes do Sistema \u00danico de Sa\u00fade e demais usu\u00e1rios tenham acesso a cuidados de sa\u00fade alinhados \u00e0s melhores pr\u00e1ticas da medicina hospitalar.<\/p>\n<p>Com a certifica\u00e7\u00e3o, a institui\u00e7\u00e3o passa a integrar um grupo restrito de hospitais brasileiros que alcan\u00e7aram o mais alto padr\u00e3o nacional de qualidade. Entre as institui\u00e7\u00f5es filantr\u00f3picas do pa\u00eds, estima-se que <strong>cerca de 40 hospitais possuem essa acredita\u00e7\u00e3o<\/strong>, enquanto no <strong>Estado de S\u00e3o Paulo 9 hospitais filantr\u00f3picos atingiram esse n\u00edvel de excel\u00eancia<\/strong>.<\/p>\n<p><strong>Estrutura, Atua\u00e7\u00e3o Regional e Capacidade Assistencial<\/strong><\/p>\n<p>Com <strong>quase 130 anos de hist\u00f3ria e expertise em sa\u00fade p\u00fablica<\/strong>, a Santa Casa de Franca se consolidou como <strong>a principal refer\u00eancia hospitalar de alta complexidade da regi\u00e3o<\/strong>, atendendo <strong>22 munic\u00edpios e uma popula\u00e7\u00e3o estimada em cerca de 700 mil habitantes<\/strong> por meio do <strong>Sistema \u00danico de Sa\u00fade (SUS)<\/strong> \u2013 ao longo dos anos se expandindo para um grande complexo hospitalar com as unidades do Hospital do Cora\u00e7\u00e3o e Hospital do C\u00e2ncer, ambas refer\u00eancias em suas especialidades.<\/p>\n<p>A institui\u00e7\u00e3o conta atualmente com <strong>374 leitos destinados ao SUS<\/strong>, al\u00e9m de uma estrutura tecnol\u00f3gica e assistencial capaz de realizar procedimentos de m\u00e9dia e alta complexidade. Esse conjunto de recursos faz do hospital <strong>a principal retaguarda hospitalar do Departamento Regional de Sa\u00fade (DRS VIII)<\/strong> e um dos centros hospitalares mais estruturados do interior paulista.<\/p>\n<p><strong>Governan\u00e7a, Reconhecimentos e Compromisso Institucional<\/strong><\/p>\n<p>A conquista da acredita\u00e7\u00e3o \u00e9 resultado de um trabalho cont\u00ednuo de qualifica\u00e7\u00e3o assistencial, envolvendo equipes multiprofissionais, corpo cl\u00ednico, gestores e colaboradores de todas as \u00e1reas da institui\u00e7\u00e3o.<\/p>\n<p><img data-recalc-dims=\"1\" loading=\"lazy\" decoding=\"async\" class=\"alignnone size-full wp-image-61724\" src=\"https:\/\/i0.wp.com\/verdadeon.com.br\/portal\/wp-content\/uploads\/2025\/11\/Dr-Sidnei-oficial-agosto-2025-1.jpg?resize=1220%2C1012&#038;ssl=1\" alt=\"\" width=\"1220\" height=\"1012\" srcset=\"https:\/\/i0.wp.com\/verdadeon.com.br\/portal\/wp-content\/uploads\/2025\/11\/Dr-Sidnei-oficial-agosto-2025-1.jpg?w=2224&amp;ssl=1 2224w, https:\/\/i0.wp.com\/verdadeon.com.br\/portal\/wp-content\/uploads\/2025\/11\/Dr-Sidnei-oficial-agosto-2025-1.jpg?resize=300%2C249&amp;ssl=1 300w, https:\/\/i0.wp.com\/verdadeon.com.br\/portal\/wp-content\/uploads\/2025\/11\/Dr-Sidnei-oficial-agosto-2025-1.jpg?resize=1024%2C849&amp;ssl=1 1024w, https:\/\/i0.wp.com\/verdadeon.com.br\/portal\/wp-content\/uploads\/2025\/11\/Dr-Sidnei-oficial-agosto-2025-1.jpg?resize=768%2C637&amp;ssl=1 768w, https:\/\/i0.wp.com\/verdadeon.com.br\/portal\/wp-content\/uploads\/2025\/11\/Dr-Sidnei-oficial-agosto-2025-1.jpg?resize=1536%2C1274&amp;ssl=1 1536w, https:\/\/i0.wp.com\/verdadeon.com.br\/portal\/wp-content\/uploads\/2025\/11\/Dr-Sidnei-oficial-agosto-2025-1.jpg?resize=2048%2C1698&amp;ssl=1 2048w, https:\/\/i0.wp.com\/verdadeon.com.br\/portal\/wp-content\/uploads\/2025\/11\/Dr-Sidnei-oficial-agosto-2025-1.jpg?resize=176%2C146&amp;ssl=1 176w, https:\/\/i0.wp.com\/verdadeon.com.br\/portal\/wp-content\/uploads\/2025\/11\/Dr-Sidnei-oficial-agosto-2025-1.jpg?resize=50%2C41&amp;ssl=1 50w, https:\/\/i0.wp.com\/verdadeon.com.br\/portal\/wp-content\/uploads\/2025\/11\/Dr-Sidnei-oficial-agosto-2025-1.jpg?resize=90%2C75&amp;ssl=1 90w\" sizes=\"auto, (max-width: 1220px) 100vw, 1220px\" \/>Segundo o presidente do Grupo, <strong>Dr. Sidnei Martins de Oliveira<\/strong>, o reconhecimento refor\u00e7a o compromisso hist\u00f3rico da institui\u00e7\u00e3o com a qualidade da assist\u00eancia prestada \u00e0 popula\u00e7\u00e3o.<\/p>\n<p><strong>\u201cMais do que uma certifica\u00e7\u00e3o, a acredita\u00e7\u00e3o confirma que a popula\u00e7\u00e3o de Franca e de toda a regi\u00e3o \u00e9 atendida por um grupo hospitalar que opera com os mais altos padr\u00f5es de seguran\u00e7a, qualidade e efici\u00eancia da sa\u00fade brasileira -isso, gra\u00e7as a todos os nossos profissionais, sem exce\u00e7\u00e3o, que atuam na institui\u00e7\u00e3o.\u201d<\/strong><\/p>\n<p>A Santa Casa de Franca acumula ainda outros importantes reconhecimentos na \u00e1rea da sa\u00fade, entre eles o t\u00edtulo de <strong>Hospital Amigo da Crian\u00e7a<\/strong>, certifica\u00e7\u00f5es internacionais no tratamento do <strong>Acidente Vascular Cerebral (Angels Award Diamond)<\/strong> e o status de <strong>Hospital de Ensino<\/strong>, com programas de resid\u00eancia m\u00e9dica e forma\u00e7\u00e3o de profissionais da sa\u00fade.<\/p>\n<p>Para a institui\u00e7\u00e3o, a conquista representa n\u00e3o apenas um marco em sua trajet\u00f3ria, mas tamb\u00e9m <strong>um compromisso renovado com a popula\u00e7\u00e3o de Franca e de toda a regi\u00e3o<\/strong>, que h\u00e1 mais de um s\u00e9culo confia na qualidade e na tradi\u00e7\u00e3o do hospital.<\/p>\n<p>Mantendo sua voca\u00e7\u00e3o filantr\u00f3pica e o atendimento majorit\u00e1rio ao <strong>Sistema \u00danico de Sa\u00fade (SUS)<\/strong>, o Grupo Santa Casa reafirma sua miss\u00e3o de oferecer <strong>assist\u00eancia humanizada, segura e tecnicamente qualificada<\/strong>, contribuindo de forma decisiva para o fortalecimento da rede regional de sa\u00fade.<\/p>\n<p><strong>Santa Casa de Franca em dados<\/strong><\/p>\n<ul>\n<li><strong>127 anos de hist\u00f3ria e expertise em sa\u00fade p\u00fablica<\/strong><\/li>\n<li><strong>374 leitos destinados ao SUS \u2013 maior prestadora entre Santas Casas na Tabela SUS Paulista do interior do Estado de S\u00e3o Paulo<\/strong><\/li>\n<li><strong>Refer\u00eancia hospitalar para 22 munic\u00edpios<\/strong><\/li>\n<li><strong>Popula\u00e7\u00e3o regional atendida: cerca de 700 mil habitantes<\/strong><\/li>\n<li><strong>Hospital Estruturante terci\u00e1rio de alta complexidade<\/strong><\/li>\n<li><strong>Hospital de Ensino com programas de resid\u00eancia m\u00e9dica<\/strong><\/li>\n<li><strong>Organiza\u00e7\u00e3o Social de Sa\u00fade administradora dos AMEs em diversas regi\u00f5es, que reunidas atendem a um p\u00fablico estimado de aproximadamente 6 milh\u00f5es de pessoas <\/strong><\/li>\n<\/ul>\n","protected":false},"excerpt":{"rendered":"<p>Certifica\u00e7\u00e3o m\u00e1xima de qualidade hospitalar refor\u00e7a protocolos de seguran\u00e7a, efici\u00eancia e excel\u00eancia no atendimento a mais de 700 mil pessoas de Franca e de 21 munic\u00edpios<span class=\"excerpt-hellip\"> [\u2026]<\/span><\/p>\n","protected":false},"author":10,"featured_media":65933,"comment_status":"open","ping_status":"open","sticky":false,"template":"","format":"standard","meta":{"_jetpack_memberships_contains_paid_content":false,"footnotes":"","jetpack_publicize_message":"","jetpack_publicize_feature_enabled":true,"jetpack_social_post_already_shared":true,"jetpack_social_options":{"image_generator_settings":{"template":"highway","default_image_id":0,"enabled":false},"version":2}},"categories":[28,81],"tags":[],"class_list":["post-65931","post","type-post","status-publish","format-standard","has-post-thumbnail","hentry","category-cotidiano","category-manchete"],"yoast_head":"<!-- This site is optimized with the Yoast SEO plugin v25.6 - https:\/\/yoast.com\/wordpress\/plugins\/seo\/ -->\n<title>Grupo Santa Casa de Franca conquista ONA N\u00edvel 3; \u00fanica Santa Casa da regi\u00e3o com certifica\u00e7\u00e3o de excel\u00eancia assistencial - VerdadeOn<\/title>\n<meta name=\"robots\" content=\"index, follow, max-snippet:-1, max-image-preview:large, max-video-preview:-1\" \/>\n<link rel=\"canonical\" href=\"https:\/\/verdadeon.com.br\/portal\/2026\/04\/07\/grupo-santa-casa-de-franca-conquista-ona-nivel-3-unica-santa-casa-da-regiao-com-certificacao-de-excelencia-assistencial\/\" \/>\n<meta property=\"og:locale\" content=\"pt_BR\" \/>\n<meta property=\"og:type\" content=\"article\" \/>\n<meta property=\"og:title\" content=\"Grupo Santa Casa de Franca conquista ONA N\u00edvel 3; \u00fanica Santa Casa da regi\u00e3o com certifica\u00e7\u00e3o de excel\u00eancia assistencial - VerdadeOn\" \/>\n<meta property=\"og:description\" content=\"Certifica\u00e7\u00e3o m\u00e1xima de qualidade hospitalar refor\u00e7a protocolos de seguran\u00e7a, efici\u00eancia e excel\u00eancia no atendimento a mais de 700 mil pessoas de Franca e de 21 munic\u00edpios [\u2026]\" \/>\n<meta property=\"og:url\" content=\"https:\/\/verdadeon.com.br\/portal\/2026\/04\/07\/grupo-santa-casa-de-franca-conquista-ona-nivel-3-unica-santa-casa-da-regiao-com-certificacao-de-excelencia-assistencial\/\" \/>\n<meta property=\"og:site_name\" content=\"VerdadeOn\" \/>\n<meta property=\"article:published_time\" content=\"2026-04-07T19:35:52+00:00\" \/>\n<meta property=\"article:modified_time\" content=\"2026-04-07T20:00:56+00:00\" \/>\n<meta property=\"og:image\" content=\"https:\/\/verdadeon.com.br\/portal\/wp-content\/uploads\/2026\/04\/santaa.jpg\" \/>\n\t<meta property=\"og:image:width\" content=\"1494\" \/>\n\t<meta property=\"og:image:height\" content=\"798\" \/>\n\t<meta property=\"og:image:type\" content=\"image\/jpeg\" \/>\n<meta name=\"author\" content=\"Redacao VerdadeOn\" \/>\n<meta name=\"twitter:card\" content=\"summary_large_image\" \/>\n<meta name=\"twitter:label1\" content=\"Escrito por\" \/>\n\t<meta name=\"twitter:data1\" content=\"Redacao VerdadeOn\" \/>\n\t<meta name=\"twitter:label2\" content=\"Est. tempo de leitura\" \/>\n\t<meta name=\"twitter:data2\" content=\"5 minutos\" \/>\n<script type=\"application\/ld+json\" class=\"yoast-schema-graph\">{\"@context\":\"https:\/\/schema.org\",\"@graph\":[{\"@type\":\"WebPage\",\"@id\":\"https:\/\/verdadeon.com.br\/portal\/2026\/04\/07\/grupo-santa-casa-de-franca-conquista-ona-nivel-3-unica-santa-casa-da-regiao-com-certificacao-de-excelencia-assistencial\/\",\"url\":\"https:\/\/verdadeon.com.br\/portal\/2026\/04\/07\/grupo-santa-casa-de-franca-conquista-ona-nivel-3-unica-santa-casa-da-regiao-com-certificacao-de-excelencia-assistencial\/\",\"name\":\"Grupo Santa Casa de Franca conquista ONA N\u00edvel 3; \u00fanica Santa Casa da regi\u00e3o com certifica\u00e7\u00e3o de excel\u00eancia assistencial - VerdadeOn\",\"isPartOf\":{\"@id\":\"https:\/\/verdadeon.com.br\/portal\/#website\"},\"primaryImageOfPage\":{\"@id\":\"https:\/\/verdadeon.com.br\/portal\/2026\/04\/07\/grupo-santa-casa-de-franca-conquista-ona-nivel-3-unica-santa-casa-da-regiao-com-certificacao-de-excelencia-assistencial\/#primaryimage\"},\"image\":{\"@id\":\"https:\/\/verdadeon.com.br\/portal\/2026\/04\/07\/grupo-santa-casa-de-franca-conquista-ona-nivel-3-unica-santa-casa-da-regiao-com-certificacao-de-excelencia-assistencial\/#primaryimage\"},\"thumbnailUrl\":\"https:\/\/i0.wp.com\/verdadeon.com.br\/portal\/wp-content\/uploads\/2026\/04\/santaa.jpg?fit=1494%2C798&ssl=1\",\"datePublished\":\"2026-04-07T19:35:52+00:00\",\"dateModified\":\"2026-04-07T20:00:56+00:00\",\"author\":{\"@id\":\"https:\/\/verdadeon.com.br\/portal\/#\/schema\/person\/a5060ad1e9ea3df545188fc93ce43d2f\"},\"breadcrumb\":{\"@id\":\"https:\/\/verdadeon.com.br\/portal\/2026\/04\/07\/grupo-santa-casa-de-franca-conquista-ona-nivel-3-unica-santa-casa-da-regiao-com-certificacao-de-excelencia-assistencial\/#breadcrumb\"},\"inLanguage\":\"pt-BR\",\"potentialAction\":[{\"@type\":\"ReadAction\",\"target\":[\"https:\/\/verdadeon.com.br\/portal\/2026\/04\/07\/grupo-santa-casa-de-franca-conquista-ona-nivel-3-unica-santa-casa-da-regiao-com-certificacao-de-excelencia-assistencial\/\"]}]},{\"@type\":\"ImageObject\",\"inLanguage\":\"pt-BR\",\"@id\":\"https:\/\/verdadeon.com.br\/portal\/2026\/04\/07\/grupo-santa-casa-de-franca-conquista-ona-nivel-3-unica-santa-casa-da-regiao-com-certificacao-de-excelencia-assistencial\/#primaryimage\",\"url\":\"https:\/\/i0.wp.com\/verdadeon.com.br\/portal\/wp-content\/uploads\/2026\/04\/santaa.jpg?fit=1494%2C798&ssl=1\",\"contentUrl\":\"https:\/\/i0.wp.com\/verdadeon.com.br\/portal\/wp-content\/uploads\/2026\/04\/santaa.jpg?fit=1494%2C798&ssl=1\",\"width\":1494,\"height\":798,\"caption\":\"Grupo Santa Casa de Franca recebe certifica\u00e7\u00e3o nacional de qualidade hospitalar (Divulga\u00e7\u00e3o)\"},{\"@type\":\"BreadcrumbList\",\"@id\":\"https:\/\/verdadeon.com.br\/portal\/2026\/04\/07\/grupo-santa-casa-de-franca-conquista-ona-nivel-3-unica-santa-casa-da-regiao-com-certificacao-de-excelencia-assistencial\/#breadcrumb\",\"itemListElement\":[{\"@type\":\"ListItem\",\"position\":1,\"name\":\"In\u00edcio\",\"item\":\"https:\/\/verdadeon.com.br\/portal\/\"},{\"@type\":\"ListItem\",\"position\":2,\"name\":\"Grupo Santa Casa de Franca conquista ONA N\u00edvel 3; \u00fanica Santa Casa da regi\u00e3o com certifica\u00e7\u00e3o de excel\u00eancia assistencial\"}]},{\"@type\":\"WebSite\",\"@id\":\"https:\/\/verdadeon.com.br\/portal\/#website\",\"url\":\"https:\/\/verdadeon.com.br\/portal\/\",\"name\":\"VerdadeOn\",\"description\":\"Not\u00edcias di\u00e1rias sobre Franca, Regi\u00e3o, Esporte, Cultura, Cotidiano, Colunas. Cobertura nos principais eventos da cidade \u00e9 aqui - Verdadeon Franca\",\"potentialAction\":[{\"@type\":\"SearchAction\",\"target\":{\"@type\":\"EntryPoint\",\"urlTemplate\":\"https:\/\/verdadeon.com.br\/portal\/?s={search_term_string}\"},\"query-input\":{\"@type\":\"PropertyValueSpecification\",\"valueRequired\":true,\"valueName\":\"search_term_string\"}}],\"inLanguage\":\"pt-BR\"},{\"@type\":\"Person\",\"@id\":\"https:\/\/verdadeon.com.br\/portal\/#\/schema\/person\/a5060ad1e9ea3df545188fc93ce43d2f\",\"name\":\"Redacao VerdadeOn\",\"image\":{\"@type\":\"ImageObject\",\"inLanguage\":\"pt-BR\",\"@id\":\"https:\/\/verdadeon.com.br\/portal\/#\/schema\/person\/image\/\",\"url\":\"https:\/\/secure.gravatar.com\/avatar\/459a9613caaaf07f582c3d0841eea68bdd66f533e465e6ba8b9cb45619572cf4?s=96&d=mm&r=g\",\"contentUrl\":\"https:\/\/secure.gravatar.com\/avatar\/459a9613caaaf07f582c3d0841eea68bdd66f533e465e6ba8b9cb45619572cf4?s=96&d=mm&r=g\",\"caption\":\"Redacao VerdadeOn\"},\"url\":\"https:\/\/verdadeon.com.br\/portal\/author\/redacao\/\"}]}<\/script>\n<!-- \/ Yoast SEO plugin. -->","yoast_head_json":{"title":"Grupo Santa Casa de Franca conquista ONA N\u00edvel 3; \u00fanica Santa Casa da regi\u00e3o com certifica\u00e7\u00e3o de excel\u00eancia assistencial - VerdadeOn","robots":{"index":"index","follow":"follow","max-snippet":"max-snippet:-1","max-image-preview":"max-image-preview:large","max-video-preview":"max-video-preview:-1"},"canonical":"https:\/\/verdadeon.com.br\/portal\/2026\/04\/07\/grupo-santa-casa-de-franca-conquista-ona-nivel-3-unica-santa-casa-da-regiao-com-certificacao-de-excelencia-assistencial\/","og_locale":"pt_BR","og_type":"article","og_title":"Grupo Santa Casa de Franca conquista ONA N\u00edvel 3; \u00fanica Santa Casa da regi\u00e3o com certifica\u00e7\u00e3o de excel\u00eancia assistencial - VerdadeOn","og_description":"Certifica\u00e7\u00e3o m\u00e1xima de qualidade hospitalar refor\u00e7a protocolos de seguran\u00e7a, efici\u00eancia e excel\u00eancia no atendimento a mais de 700 mil pessoas de Franca e de 21 munic\u00edpios [\u2026]","og_url":"https:\/\/verdadeon.com.br\/portal\/2026\/04\/07\/grupo-santa-casa-de-franca-conquista-ona-nivel-3-unica-santa-casa-da-regiao-com-certificacao-de-excelencia-assistencial\/","og_site_name":"VerdadeOn","article_published_time":"2026-04-07T19:35:52+00:00","article_modified_time":"2026-04-07T20:00:56+00:00","og_image":[{"width":1494,"height":798,"url":"https:\/\/verdadeon.com.br\/portal\/wp-content\/uploads\/2026\/04\/santaa.jpg","type":"image\/jpeg"}],"author":"Redacao VerdadeOn","twitter_card":"summary_large_image","twitter_misc":{"Escrito por":"Redacao VerdadeOn","Est. tempo de leitura":"5 minutos"},"schema":{"@context":"https:\/\/schema.org","@graph":[{"@type":"WebPage","@id":"https:\/\/verdadeon.com.br\/portal\/2026\/04\/07\/grupo-santa-casa-de-franca-conquista-ona-nivel-3-unica-santa-casa-da-regiao-com-certificacao-de-excelencia-assistencial\/","url":"https:\/\/verdadeon.com.br\/portal\/2026\/04\/07\/grupo-santa-casa-de-franca-conquista-ona-nivel-3-unica-santa-casa-da-regiao-com-certificacao-de-excelencia-assistencial\/","name":"Grupo Santa Casa de Franca conquista ONA N\u00edvel 3; \u00fanica Santa Casa da regi\u00e3o com certifica\u00e7\u00e3o de excel\u00eancia assistencial - VerdadeOn","isPartOf":{"@id":"https:\/\/verdadeon.com.br\/portal\/#website"},"primaryImageOfPage":{"@id":"https:\/\/verdadeon.com.br\/portal\/2026\/04\/07\/grupo-santa-casa-de-franca-conquista-ona-nivel-3-unica-santa-casa-da-regiao-com-certificacao-de-excelencia-assistencial\/#primaryimage"},"image":{"@id":"https:\/\/verdadeon.com.br\/portal\/2026\/04\/07\/grupo-santa-casa-de-franca-conquista-ona-nivel-3-unica-santa-casa-da-regiao-com-certificacao-de-excelencia-assistencial\/#primaryimage"},"thumbnailUrl":"https:\/\/i0.wp.com\/verdadeon.com.br\/portal\/wp-content\/uploads\/2026\/04\/santaa.jpg?fit=1494%2C798&ssl=1","datePublished":"2026-04-07T19:35:52+00:00","dateModified":"2026-04-07T20:00:56+00:00","author":{"@id":"https:\/\/verdadeon.com.br\/portal\/#\/schema\/person\/a5060ad1e9ea3df545188fc93ce43d2f"},"breadcrumb":{"@id":"https:\/\/verdadeon.com.br\/portal\/2026\/04\/07\/grupo-santa-casa-de-franca-conquista-ona-nivel-3-unica-santa-casa-da-regiao-com-certificacao-de-excelencia-assistencial\/#breadcrumb"},"inLanguage":"pt-BR","potentialAction":[{"@type":"ReadAction","target":["https:\/\/verdadeon.com.br\/portal\/2026\/04\/07\/grupo-santa-casa-de-franca-conquista-ona-nivel-3-unica-santa-casa-da-regiao-com-certificacao-de-excelencia-assistencial\/"]}]},{"@type":"ImageObject","inLanguage":"pt-BR","@id":"https:\/\/verdadeon.com.br\/portal\/2026\/04\/07\/grupo-santa-casa-de-franca-conquista-ona-nivel-3-unica-santa-casa-da-regiao-com-certificacao-de-excelencia-assistencial\/#primaryimage","url":"https:\/\/i0.wp.com\/verdadeon.com.br\/portal\/wp-content\/uploads\/2026\/04\/santaa.jpg?fit=1494%2C798&ssl=1","contentUrl":"https:\/\/i0.wp.com\/verdadeon.com.br\/portal\/wp-content\/uploads\/2026\/04\/santaa.jpg?fit=1494%2C798&ssl=1","width":1494,"height":798,"caption":"Grupo Santa Casa de Franca recebe certifica\u00e7\u00e3o nacional de qualidade hospitalar (Divulga\u00e7\u00e3o)"},{"@type":"BreadcrumbList","@id":"https:\/\/verdadeon.com.br\/portal\/2026\/04\/07\/grupo-santa-casa-de-franca-conquista-ona-nivel-3-unica-santa-casa-da-regiao-com-certificacao-de-excelencia-assistencial\/#breadcrumb","itemListElement":[{"@type":"ListItem","position":1,"name":"In\u00edcio","item":"https:\/\/verdadeon.com.br\/portal\/"},{"@type":"ListItem","position":2,"name":"Grupo Santa Casa de Franca conquista ONA N\u00edvel 3; \u00fanica Santa Casa da regi\u00e3o com certifica\u00e7\u00e3o de excel\u00eancia assistencial"}]},{"@type":"WebSite","@id":"https:\/\/verdadeon.com.br\/portal\/#website","url":"https:\/\/verdadeon.com.br\/portal\/","name":"VerdadeOn","description":"Not\u00edcias di\u00e1rias sobre Franca, Regi\u00e3o, Esporte, Cultura, Cotidiano, Colunas. Cobertura nos principais eventos da cidade \u00e9 aqui - Verdadeon Franca","potentialAction":[{"@type":"SearchAction","target":{"@type":"EntryPoint","urlTemplate":"https:\/\/verdadeon.com.br\/portal\/?s={search_term_string}"},"query-input":{"@type":"PropertyValueSpecification","valueRequired":true,"valueName":"search_term_string"}}],"inLanguage":"pt-BR"},{"@type":"Person","@id":"https:\/\/verdadeon.com.br\/portal\/#\/schema\/person\/a5060ad1e9ea3df545188fc93ce43d2f","name":"Redacao VerdadeOn","image":{"@type":"ImageObject","inLanguage":"pt-BR","@id":"https:\/\/verdadeon.com.br\/portal\/#\/schema\/person\/image\/","url":"https:\/\/secure.gravatar.com\/avatar\/459a9613caaaf07f582c3d0841eea68bdd66f533e465e6ba8b9cb45619572cf4?s=96&d=mm&r=g","contentUrl":"https:\/\/secure.gravatar.com\/avatar\/459a9613caaaf07f582c3d0841eea68bdd66f533e465e6ba8b9cb45619572cf4?s=96&d=mm&r=g","caption":"Redacao VerdadeOn"},"url":"https:\/\/verdadeon.com.br\/portal\/author\/redacao\/"}]}},"jetpack_publicize_connections":[],"jetpack_featured_media_url":"https:\/\/i0.wp.com\/verdadeon.com.br\/portal\/wp-content\/uploads\/2026\/04\/santaa.jpg?fit=1494%2C798&ssl=1","jetpack_sharing_enabled":true,"_links":{"self":[{"href":"https:\/\/verdadeon.com.br\/portal\/wp-json\/wp\/v2\/posts\/65931","targetHints":{"allow":["GET"]}}],"collection":[{"href":"https:\/\/verdadeon.com.br\/portal\/wp-json\/wp\/v2\/posts"}],"about":[{"href":"https:\/\/verdadeon.com.br\/portal\/wp-json\/wp\/v2\/types\/post"}],"author":[{"embeddable":true,"href":"https:\/\/verdadeon.com.br\/portal\/wp-json\/wp\/v2\/users\/10"}],"replies":[{"embeddable":true,"href":"https:\/\/verdadeon.com.br\/portal\/wp-json\/wp\/v2\/comments?post=65931"}],"version-history":[{"count":1,"href":"https:\/\/verdadeon.com.br\/portal\/wp-json\/wp\/v2\/posts\/65931\/revisions"}],"predecessor-version":[{"id":65934,"href":"https:\/\/verdadeon.com.br\/portal\/wp-json\/wp\/v2\/posts\/65931\/revisions\/65934"}],"wp:featuredmedia":[{"embeddable":true,"href":"https:\/\/verdadeon.com.br\/portal\/wp-json\/wp\/v2\/media\/65933"}],"wp:attachment":[{"href":"https:\/\/verdadeon.com.br\/portal\/wp-json\/wp\/v2\/media?parent=65931"}],"wp:term":[{"taxonomy":"category","embeddable":true,"href":"https:\/\/verdadeon.com.br\/portal\/wp-json\/wp\/v2\/categories?post=65931"},{"taxonomy":"post_tag","embeddable":true,"href":"https:\/\/verdadeon.com.br\/portal\/wp-json\/wp\/v2\/tags?post=65931"}],"curies":[{"name":"wp","href":"https:\/\/api.w.org\/{rel}","templated":true}]}}