{"id":65928,"date":"2026-04-07T13:40:55","date_gmt":"2026-04-07T16:40:55","guid":{"rendered":"https:\/\/verdadeon.com.br\/portal\/?p=65928"},"modified":"2026-04-07T13:40:55","modified_gmt":"2026-04-07T16:40:55","slug":"arma-de-fogo-e-apreendida-pela-policia-militar-na-avenida-reinaldo-chioca-em-franca","status":"publish","type":"post","link":"https:\/\/verdadeon.com.br\/portal\/2026\/04\/07\/arma-de-fogo-e-apreendida-pela-policia-militar-na-avenida-reinaldo-chioca-em-franca\/","title":{"rendered":"Arma de fogo \u00e9 apreendida pela Pol\u00edcia Militar na Avenida Reinaldo Chioca, em Franca"},"content":{"rendered":"<h2>Adolescente de 16 anos foi abordado pela PM ap\u00f3s tentar disfar\u00e7ar objeto na cintura e se afastar do local<\/h2>\n<p style=\"text-align: right;\"><em><strong>Por Pedro Maia<\/strong><\/em><br \/>\n<em><strong>Editor-chefe<\/strong><\/em><\/p>\n<p>O 15\u00b0 Batalh\u00e3o de Pol\u00edcia Militar do Interior informou nesta segunda-feira, 6, que durante a madrugada do \u00faltimo s\u00e1bado, 4, por volta de 3h30, uma equipe de For\u00e7a T\u00e1tica realizava patrulhamento quando apreendeu uma arma de fogo na Avenida Reinaldo Chioca, no Parque Progresso, em Franca.<\/p>\n<p>Durante opera\u00e7\u00e3o voltada \u00e0 repress\u00e3o de pr\u00e1ticas delituosas nas adegas situadas nas proximidades da via mencionada, os policiais avistaram um adolescente em atitude suspeita que, ao perceber a presen\u00e7a da viatura, tentou disfar\u00e7ar um objeto na cintura e se afastar do local. Diante da fundada suspeita, foi realizada a abordagem, momento em que o jovem ainda tentou fugir, mas foi rapidamente contido pelos integrantes da equipe.<\/p>\n<p>Na busca pessoal, os policiais localizaram um rev\u00f3lver calibre .32, com muni\u00e7\u00f5es intactas e uma j\u00e1 deflagrada, al\u00e9m de outras muni\u00e7\u00f5es acondicionadas em um coldre. O adolescente, de 16 anos, morador do Jardim Esmeralda, alegou ter encontrado a arma. Diante dos fatos, foi realizada a apreens\u00e3o do menor por ato infracional an\u00e1logo ao porte ilegal de arma de fogo. O respons\u00e1vel legal foi acionado e acompanhou a ocorr\u00eancia.<\/p>\n<p>A arma e as muni\u00e7\u00f5es foram apresentadas e apreendidas na Central de Pol\u00edcia Judici\u00e1ria, onde o caso foi registrado para apura\u00e7\u00f5es. Ap\u00f3s as provid\u00eancias legais, o adolescente foi liberado ao respons\u00e1vel.<\/p>\n<p>Na cidade de Franca, a Pol\u00edcia Militar segue intensificando a\u00e7\u00f5es de policiamento na Avenida Reinaldo Chioca e imedia\u00e7\u00f5es com a finalidade de dissuadir a pr\u00e1tica de infra\u00e7\u00f5es penais de qualquer esp\u00e9cie, principalmente no tocante \u00e0 perturba\u00e7\u00e3o do sossego p\u00fablico, tr\u00e1fico e uso de entorpecentes, e enfatiza a import\u00e2ncia para que sejam feitas as comunica\u00e7\u00f5es de emerg\u00eancia atrav\u00e9s do telefone 190 ou den\u00fancias an\u00f4nimas pelo telefone 181.<\/p>\n","protected":false},"excerpt":{"rendered":"<p>Adolescente de 16 anos foi abordado pela PM ap\u00f3s tentar disfar\u00e7ar objeto na cintura e se afastar do local Por Pedro Maia Editor-chefe O 15\u00b0 Batalh\u00e3o<span class=\"excerpt-hellip\"> [\u2026]<\/span><\/p>\n","protected":false},"author":10,"featured_media":35757,"comment_status":"open","ping_status":"open","sticky":false,"template":"","format":"standard","meta":{"_jetpack_memberships_contains_paid_content":false,"footnotes":"","jetpack_publicize_message":"","jetpack_publicize_feature_enabled":true,"jetpack_social_post_already_shared":true,"jetpack_social_options":{"image_generator_settings":{"template":"highway","default_image_id":0,"enabled":false},"version":2}},"categories":[28,44],"tags":[],"class_list":["post-65928","post","type-post","status-publish","format-standard","has-post-thumbnail","hentry","category-cotidiano","category-noticias"],"yoast_head":"<!-- This site is optimized with the Yoast SEO plugin v25.6 - https:\/\/yoast.com\/wordpress\/plugins\/seo\/ -->\n<title>Arma de fogo \u00e9 apreendida pela Pol\u00edcia Militar na Avenida Reinaldo Chioca, em Franca - VerdadeOn<\/title>\n<meta name=\"robots\" content=\"index, follow, max-snippet:-1, max-image-preview:large, max-video-preview:-1\" \/>\n<link rel=\"canonical\" href=\"https:\/\/verdadeon.com.br\/portal\/2026\/04\/07\/arma-de-fogo-e-apreendida-pela-policia-militar-na-avenida-reinaldo-chioca-em-franca\/\" \/>\n<meta property=\"og:locale\" content=\"pt_BR\" \/>\n<meta property=\"og:type\" content=\"article\" \/>\n<meta property=\"og:title\" content=\"Arma de fogo \u00e9 apreendida pela Pol\u00edcia Militar na Avenida Reinaldo Chioca, em Franca - VerdadeOn\" \/>\n<meta property=\"og:description\" content=\"Adolescente de 16 anos foi abordado pela PM ap\u00f3s tentar disfar\u00e7ar objeto na cintura e se afastar do local Por Pedro Maia Editor-chefe O 15\u00b0 Batalh\u00e3o [\u2026]\" \/>\n<meta property=\"og:url\" content=\"https:\/\/verdadeon.com.br\/portal\/2026\/04\/07\/arma-de-fogo-e-apreendida-pela-policia-militar-na-avenida-reinaldo-chioca-em-franca\/\" \/>\n<meta property=\"og:site_name\" content=\"VerdadeOn\" \/>\n<meta property=\"article:published_time\" content=\"2026-04-07T16:40:55+00:00\" \/>\n<meta property=\"og:image\" content=\"https:\/\/verdadeon.com.br\/portal\/wp-content\/uploads\/2023\/07\/img_8901_0.jpg\" \/>\n\t<meta property=\"og:image:width\" content=\"1044\" \/>\n\t<meta property=\"og:image:height\" content=\"700\" \/>\n\t<meta property=\"og:image:type\" content=\"image\/jpeg\" \/>\n<meta name=\"author\" content=\"Redacao VerdadeOn\" \/>\n<meta name=\"twitter:card\" content=\"summary_large_image\" \/>\n<meta name=\"twitter:label1\" content=\"Escrito por\" \/>\n\t<meta name=\"twitter:data1\" content=\"Redacao VerdadeOn\" \/>\n\t<meta name=\"twitter:label2\" content=\"Est. tempo de leitura\" \/>\n\t<meta name=\"twitter:data2\" content=\"2 minutos\" \/>\n<script type=\"application\/ld+json\" class=\"yoast-schema-graph\">{\"@context\":\"https:\/\/schema.org\",\"@graph\":[{\"@type\":\"WebPage\",\"@id\":\"https:\/\/verdadeon.com.br\/portal\/2026\/04\/07\/arma-de-fogo-e-apreendida-pela-policia-militar-na-avenida-reinaldo-chioca-em-franca\/\",\"url\":\"https:\/\/verdadeon.com.br\/portal\/2026\/04\/07\/arma-de-fogo-e-apreendida-pela-policia-militar-na-avenida-reinaldo-chioca-em-franca\/\",\"name\":\"Arma de fogo \u00e9 apreendida pela Pol\u00edcia Militar na Avenida Reinaldo Chioca, em Franca - VerdadeOn\",\"isPartOf\":{\"@id\":\"https:\/\/verdadeon.com.br\/portal\/#website\"},\"primaryImageOfPage\":{\"@id\":\"https:\/\/verdadeon.com.br\/portal\/2026\/04\/07\/arma-de-fogo-e-apreendida-pela-policia-militar-na-avenida-reinaldo-chioca-em-franca\/#primaryimage\"},\"image\":{\"@id\":\"https:\/\/verdadeon.com.br\/portal\/2026\/04\/07\/arma-de-fogo-e-apreendida-pela-policia-militar-na-avenida-reinaldo-chioca-em-franca\/#primaryimage\"},\"thumbnailUrl\":\"https:\/\/i0.wp.com\/verdadeon.com.br\/portal\/wp-content\/uploads\/2023\/07\/img_8901_0.jpg?fit=1044%2C700&ssl=1\",\"datePublished\":\"2026-04-07T16:40:55+00:00\",\"author\":{\"@id\":\"https:\/\/verdadeon.com.br\/portal\/#\/schema\/person\/a5060ad1e9ea3df545188fc93ce43d2f\"},\"breadcrumb\":{\"@id\":\"https:\/\/verdadeon.com.br\/portal\/2026\/04\/07\/arma-de-fogo-e-apreendida-pela-policia-militar-na-avenida-reinaldo-chioca-em-franca\/#breadcrumb\"},\"inLanguage\":\"pt-BR\",\"potentialAction\":[{\"@type\":\"ReadAction\",\"target\":[\"https:\/\/verdadeon.com.br\/portal\/2026\/04\/07\/arma-de-fogo-e-apreendida-pela-policia-militar-na-avenida-reinaldo-chioca-em-franca\/\"]}]},{\"@type\":\"ImageObject\",\"inLanguage\":\"pt-BR\",\"@id\":\"https:\/\/verdadeon.com.br\/portal\/2026\/04\/07\/arma-de-fogo-e-apreendida-pela-policia-militar-na-avenida-reinaldo-chioca-em-franca\/#primaryimage\",\"url\":\"https:\/\/i0.wp.com\/verdadeon.com.br\/portal\/wp-content\/uploads\/2023\/07\/img_8901_0.jpg?fit=1044%2C700&ssl=1\",\"contentUrl\":\"https:\/\/i0.wp.com\/verdadeon.com.br\/portal\/wp-content\/uploads\/2023\/07\/img_8901_0.jpg?fit=1044%2C700&ssl=1\",\"width\":1044,\"height\":700,\"caption\":\"Pol\u00edcia Militar recupera carro furtado em Franca (\u00a9Rovena Rosa)\"},{\"@type\":\"BreadcrumbList\",\"@id\":\"https:\/\/verdadeon.com.br\/portal\/2026\/04\/07\/arma-de-fogo-e-apreendida-pela-policia-militar-na-avenida-reinaldo-chioca-em-franca\/#breadcrumb\",\"itemListElement\":[{\"@type\":\"ListItem\",\"position\":1,\"name\":\"In\u00edcio\",\"item\":\"https:\/\/verdadeon.com.br\/portal\/\"},{\"@type\":\"ListItem\",\"position\":2,\"name\":\"Arma de fogo \u00e9 apreendida pela Pol\u00edcia Militar na Avenida Reinaldo Chioca, em Franca\"}]},{\"@type\":\"WebSite\",\"@id\":\"https:\/\/verdadeon.com.br\/portal\/#website\",\"url\":\"https:\/\/verdadeon.com.br\/portal\/\",\"name\":\"VerdadeOn\",\"description\":\"Not\u00edcias di\u00e1rias sobre Franca, Regi\u00e3o, Esporte, Cultura, Cotidiano, Colunas. Cobertura nos principais eventos da cidade \u00e9 aqui - Verdadeon Franca\",\"potentialAction\":[{\"@type\":\"SearchAction\",\"target\":{\"@type\":\"EntryPoint\",\"urlTemplate\":\"https:\/\/verdadeon.com.br\/portal\/?s={search_term_string}\"},\"query-input\":{\"@type\":\"PropertyValueSpecification\",\"valueRequired\":true,\"valueName\":\"search_term_string\"}}],\"inLanguage\":\"pt-BR\"},{\"@type\":\"Person\",\"@id\":\"https:\/\/verdadeon.com.br\/portal\/#\/schema\/person\/a5060ad1e9ea3df545188fc93ce43d2f\",\"name\":\"Redacao VerdadeOn\",\"image\":{\"@type\":\"ImageObject\",\"inLanguage\":\"pt-BR\",\"@id\":\"https:\/\/verdadeon.com.br\/portal\/#\/schema\/person\/image\/\",\"url\":\"https:\/\/secure.gravatar.com\/avatar\/459a9613caaaf07f582c3d0841eea68bdd66f533e465e6ba8b9cb45619572cf4?s=96&d=mm&r=g\",\"contentUrl\":\"https:\/\/secure.gravatar.com\/avatar\/459a9613caaaf07f582c3d0841eea68bdd66f533e465e6ba8b9cb45619572cf4?s=96&d=mm&r=g\",\"caption\":\"Redacao VerdadeOn\"},\"url\":\"https:\/\/verdadeon.com.br\/portal\/author\/redacao\/\"}]}<\/script>\n<!-- \/ Yoast SEO plugin. -->","yoast_head_json":{"title":"Arma de fogo \u00e9 apreendida pela Pol\u00edcia Militar na Avenida Reinaldo Chioca, em Franca - VerdadeOn","robots":{"index":"index","follow":"follow","max-snippet":"max-snippet:-1","max-image-preview":"max-image-preview:large","max-video-preview":"max-video-preview:-1"},"canonical":"https:\/\/verdadeon.com.br\/portal\/2026\/04\/07\/arma-de-fogo-e-apreendida-pela-policia-militar-na-avenida-reinaldo-chioca-em-franca\/","og_locale":"pt_BR","og_type":"article","og_title":"Arma de fogo \u00e9 apreendida pela Pol\u00edcia Militar na Avenida Reinaldo Chioca, em Franca - VerdadeOn","og_description":"Adolescente de 16 anos foi abordado pela PM ap\u00f3s tentar disfar\u00e7ar objeto na cintura e se afastar do local Por Pedro Maia Editor-chefe O 15\u00b0 Batalh\u00e3o [\u2026]","og_url":"https:\/\/verdadeon.com.br\/portal\/2026\/04\/07\/arma-de-fogo-e-apreendida-pela-policia-militar-na-avenida-reinaldo-chioca-em-franca\/","og_site_name":"VerdadeOn","article_published_time":"2026-04-07T16:40:55+00:00","og_image":[{"width":1044,"height":700,"url":"https:\/\/verdadeon.com.br\/portal\/wp-content\/uploads\/2023\/07\/img_8901_0.jpg","type":"image\/jpeg"}],"author":"Redacao VerdadeOn","twitter_card":"summary_large_image","twitter_misc":{"Escrito por":"Redacao VerdadeOn","Est. tempo de leitura":"2 minutos"},"schema":{"@context":"https:\/\/schema.org","@graph":[{"@type":"WebPage","@id":"https:\/\/verdadeon.com.br\/portal\/2026\/04\/07\/arma-de-fogo-e-apreendida-pela-policia-militar-na-avenida-reinaldo-chioca-em-franca\/","url":"https:\/\/verdadeon.com.br\/portal\/2026\/04\/07\/arma-de-fogo-e-apreendida-pela-policia-militar-na-avenida-reinaldo-chioca-em-franca\/","name":"Arma de fogo \u00e9 apreendida pela Pol\u00edcia Militar na Avenida Reinaldo Chioca, em Franca - VerdadeOn","isPartOf":{"@id":"https:\/\/verdadeon.com.br\/portal\/#website"},"primaryImageOfPage":{"@id":"https:\/\/verdadeon.com.br\/portal\/2026\/04\/07\/arma-de-fogo-e-apreendida-pela-policia-militar-na-avenida-reinaldo-chioca-em-franca\/#primaryimage"},"image":{"@id":"https:\/\/verdadeon.com.br\/portal\/2026\/04\/07\/arma-de-fogo-e-apreendida-pela-policia-militar-na-avenida-reinaldo-chioca-em-franca\/#primaryimage"},"thumbnailUrl":"https:\/\/i0.wp.com\/verdadeon.com.br\/portal\/wp-content\/uploads\/2023\/07\/img_8901_0.jpg?fit=1044%2C700&ssl=1","datePublished":"2026-04-07T16:40:55+00:00","author":{"@id":"https:\/\/verdadeon.com.br\/portal\/#\/schema\/person\/a5060ad1e9ea3df545188fc93ce43d2f"},"breadcrumb":{"@id":"https:\/\/verdadeon.com.br\/portal\/2026\/04\/07\/arma-de-fogo-e-apreendida-pela-policia-militar-na-avenida-reinaldo-chioca-em-franca\/#breadcrumb"},"inLanguage":"pt-BR","potentialAction":[{"@type":"ReadAction","target":["https:\/\/verdadeon.com.br\/portal\/2026\/04\/07\/arma-de-fogo-e-apreendida-pela-policia-militar-na-avenida-reinaldo-chioca-em-franca\/"]}]},{"@type":"ImageObject","inLanguage":"pt-BR","@id":"https:\/\/verdadeon.com.br\/portal\/2026\/04\/07\/arma-de-fogo-e-apreendida-pela-policia-militar-na-avenida-reinaldo-chioca-em-franca\/#primaryimage","url":"https:\/\/i0.wp.com\/verdadeon.com.br\/portal\/wp-content\/uploads\/2023\/07\/img_8901_0.jpg?fit=1044%2C700&ssl=1","contentUrl":"https:\/\/i0.wp.com\/verdadeon.com.br\/portal\/wp-content\/uploads\/2023\/07\/img_8901_0.jpg?fit=1044%2C700&ssl=1","width":1044,"height":700,"caption":"Pol\u00edcia Militar recupera carro furtado em Franca (\u00a9Rovena Rosa)"},{"@type":"BreadcrumbList","@id":"https:\/\/verdadeon.com.br\/portal\/2026\/04\/07\/arma-de-fogo-e-apreendida-pela-policia-militar-na-avenida-reinaldo-chioca-em-franca\/#breadcrumb","itemListElement":[{"@type":"ListItem","position":1,"name":"In\u00edcio","item":"https:\/\/verdadeon.com.br\/portal\/"},{"@type":"ListItem","position":2,"name":"Arma de fogo \u00e9 apreendida pela Pol\u00edcia Militar na Avenida Reinaldo Chioca, em Franca"}]},{"@type":"WebSite","@id":"https:\/\/verdadeon.com.br\/portal\/#website","url":"https:\/\/verdadeon.com.br\/portal\/","name":"VerdadeOn","description":"Not\u00edcias di\u00e1rias sobre Franca, Regi\u00e3o, Esporte, Cultura, Cotidiano, Colunas. Cobertura nos principais eventos da cidade \u00e9 aqui - Verdadeon Franca","potentialAction":[{"@type":"SearchAction","target":{"@type":"EntryPoint","urlTemplate":"https:\/\/verdadeon.com.br\/portal\/?s={search_term_string}"},"query-input":{"@type":"PropertyValueSpecification","valueRequired":true,"valueName":"search_term_string"}}],"inLanguage":"pt-BR"},{"@type":"Person","@id":"https:\/\/verdadeon.com.br\/portal\/#\/schema\/person\/a5060ad1e9ea3df545188fc93ce43d2f","name":"Redacao VerdadeOn","image":{"@type":"ImageObject","inLanguage":"pt-BR","@id":"https:\/\/verdadeon.com.br\/portal\/#\/schema\/person\/image\/","url":"https:\/\/secure.gravatar.com\/avatar\/459a9613caaaf07f582c3d0841eea68bdd66f533e465e6ba8b9cb45619572cf4?s=96&d=mm&r=g","contentUrl":"https:\/\/secure.gravatar.com\/avatar\/459a9613caaaf07f582c3d0841eea68bdd66f533e465e6ba8b9cb45619572cf4?s=96&d=mm&r=g","caption":"Redacao VerdadeOn"},"url":"https:\/\/verdadeon.com.br\/portal\/author\/redacao\/"}]}},"jetpack_publicize_connections":[],"jetpack_featured_media_url":"https:\/\/i0.wp.com\/verdadeon.com.br\/portal\/wp-content\/uploads\/2023\/07\/img_8901_0.jpg?fit=1044%2C700&ssl=1","jetpack_sharing_enabled":true,"_links":{"self":[{"href":"https:\/\/verdadeon.com.br\/portal\/wp-json\/wp\/v2\/posts\/65928","targetHints":{"allow":["GET"]}}],"collection":[{"href":"https:\/\/verdadeon.com.br\/portal\/wp-json\/wp\/v2\/posts"}],"about":[{"href":"https:\/\/verdadeon.com.br\/portal\/wp-json\/wp\/v2\/types\/post"}],"author":[{"embeddable":true,"href":"https:\/\/verdadeon.com.br\/portal\/wp-json\/wp\/v2\/users\/10"}],"replies":[{"embeddable":true,"href":"https:\/\/verdadeon.com.br\/portal\/wp-json\/wp\/v2\/comments?post=65928"}],"version-history":[{"count":1,"href":"https:\/\/verdadeon.com.br\/portal\/wp-json\/wp\/v2\/posts\/65928\/revisions"}],"predecessor-version":[{"id":65929,"href":"https:\/\/verdadeon.com.br\/portal\/wp-json\/wp\/v2\/posts\/65928\/revisions\/65929"}],"wp:featuredmedia":[{"embeddable":true,"href":"https:\/\/verdadeon.com.br\/portal\/wp-json\/wp\/v2\/media\/35757"}],"wp:attachment":[{"href":"https:\/\/verdadeon.com.br\/portal\/wp-json\/wp\/v2\/media?parent=65928"}],"wp:term":[{"taxonomy":"category","embeddable":true,"href":"https:\/\/verdadeon.com.br\/portal\/wp-json\/wp\/v2\/categories?post=65928"},{"taxonomy":"post_tag","embeddable":true,"href":"https:\/\/verdadeon.com.br\/portal\/wp-json\/wp\/v2\/tags?post=65928"}],"curies":[{"name":"wp","href":"https:\/\/api.w.org\/{rel}","templated":true}]}}