{"id":65925,"date":"2026-04-07T13:10:19","date_gmt":"2026-04-07T16:10:19","guid":{"rendered":"https:\/\/verdadeon.com.br\/portal\/?p=65925"},"modified":"2026-04-07T13:10:19","modified_gmt":"2026-04-07T16:10:19","slug":"legitima-defesa-justica-libera-pai-que-matou-filho-no-parque-dos-lima-em-franca","status":"publish","type":"post","link":"https:\/\/verdadeon.com.br\/portal\/2026\/04\/07\/legitima-defesa-justica-libera-pai-que-matou-filho-no-parque-dos-lima-em-franca\/","title":{"rendered":"&#8220;Leg\u00edtima defesa&#8221;: Justi\u00e7a libera pai que matou filho no Parque dos Lima, em Franca"},"content":{"rendered":"<h2 data-start=\"235\" data-end=\"433\">Maur\u00edcio da Silva, de 65 anos, \u00e9 r\u00e9u prim\u00e1rio e n\u00e3o possu\u00eda antecedentes criminais<\/h2>\n<p data-start=\"235\" data-end=\"433\">Nesta ter\u00e7a-feira, 7 de abril, Maur\u00edcio da Silva, 65, preso por matar o filho Andromarcio da Silva, 45, durante uma briga no Parque dos Lima, em Franca, foi solto ap\u00f3s passar por audi\u00eancia de cust\u00f3dia. A Justi\u00e7a entendeu que Maur\u00edcio agiu em leg\u00edtima defesa de terceiros, como sua pr\u00f3pria mulher, que havia sido agredida por Andromarcio.<\/p>\n<p data-start=\"235\" data-end=\"433\">O aposentado, que \u00e9 r\u00e9u prim\u00e1rio e n\u00e3o possui antecedentes criminais, dever\u00e1 cumprir medidas cautelares. Com base em seu hist\u00f3rico, o juiz que analisou o caso considerou que Maur\u00edcio n\u00e3o oferece risco \u00e0 sociedade.<\/p>\n<p data-start=\"235\" data-end=\"433\"><strong>Morte<\/strong><\/p>\n<p data-start=\"235\" data-end=\"433\">A briga que resultou em morte fatal ocorreu na noite da \u00faltima segunda-feira, 6. Ap\u00f3s discuss\u00e3o que evoluiu para luta corporal, o idoso atingiu o homem com um golpe de punhal no peito. Segundo vizinhos, Maur\u00edcio morava em Capetinga-MG e veio passar a P\u00e1scoa com familiares. Relatos d\u00e3o conta de que ele e o filho teriam consumido bebida alco\u00f3lica ao longo do fim de semana.<\/p>\n<p data-start=\"235\" data-end=\"433\">O Corpo de Bombeiros foi acionado e realizou os procedimentos de praxe, entretanto, a v\u00edtima veio a \u00f3bito, sendo confirmado pelo SAMU (Servi\u00e7o de Atendimento M\u00f3vel de Urg\u00eancia) no local. Androm\u00e1rcio era dependente qu\u00edmico e tinha passagens pela pol\u00edcia por crime de furto.<\/p>\n","protected":false},"excerpt":{"rendered":"<p>Maur\u00edcio da Silva, de 65 anos, \u00e9 r\u00e9u prim\u00e1rio e n\u00e3o possu\u00eda antecedentes criminais Nesta ter\u00e7a-feira, 7 de abril, Maur\u00edcio da Silva, 65, preso por matar<span class=\"excerpt-hellip\"> [\u2026]<\/span><\/p>\n","protected":false},"author":10,"featured_media":26565,"comment_status":"open","ping_status":"open","sticky":false,"template":"","format":"standard","meta":{"_jetpack_memberships_contains_paid_content":false,"footnotes":"","jetpack_publicize_message":"","jetpack_publicize_feature_enabled":true,"jetpack_social_post_already_shared":true,"jetpack_social_options":{"image_generator_settings":{"template":"highway","default_image_id":0,"enabled":false},"version":2}},"categories":[28,81],"tags":[],"class_list":["post-65925","post","type-post","status-publish","format-standard","has-post-thumbnail","hentry","category-cotidiano","category-manchete"],"yoast_head":"<!-- This site is optimized with the Yoast SEO plugin v25.6 - https:\/\/yoast.com\/wordpress\/plugins\/seo\/ -->\n<title>&quot;Leg\u00edtima defesa&quot;: Justi\u00e7a libera pai que matou filho no Parque dos Lima, em Franca - VerdadeOn<\/title>\n<meta name=\"robots\" content=\"index, follow, max-snippet:-1, max-image-preview:large, max-video-preview:-1\" \/>\n<link rel=\"canonical\" href=\"https:\/\/verdadeon.com.br\/portal\/2026\/04\/07\/legitima-defesa-justica-libera-pai-que-matou-filho-no-parque-dos-lima-em-franca\/\" \/>\n<meta property=\"og:locale\" content=\"pt_BR\" \/>\n<meta property=\"og:type\" content=\"article\" \/>\n<meta property=\"og:title\" content=\"&quot;Leg\u00edtima defesa&quot;: Justi\u00e7a libera pai que matou filho no Parque dos Lima, em Franca - VerdadeOn\" \/>\n<meta property=\"og:description\" content=\"Maur\u00edcio da Silva, de 65 anos, \u00e9 r\u00e9u prim\u00e1rio e n\u00e3o possu\u00eda antecedentes criminais Nesta ter\u00e7a-feira, 7 de abril, Maur\u00edcio da Silva, 65, preso por matar [\u2026]\" \/>\n<meta property=\"og:url\" content=\"https:\/\/verdadeon.com.br\/portal\/2026\/04\/07\/legitima-defesa-justica-libera-pai-que-matou-filho-no-parque-dos-lima-em-franca\/\" \/>\n<meta property=\"og:site_name\" content=\"VerdadeOn\" \/>\n<meta property=\"article:published_time\" content=\"2026-04-07T16:10:19+00:00\" \/>\n<meta property=\"og:image\" content=\"https:\/\/verdadeon.com.br\/portal\/wp-content\/uploads\/2022\/07\/WhatsApp-Image-2022-07-16-at-13.47.46-e1662058169621.jpeg\" \/>\n\t<meta property=\"og:image:width\" content=\"1000\" \/>\n\t<meta property=\"og:image:height\" content=\"672\" \/>\n\t<meta property=\"og:image:type\" content=\"image\/jpeg\" \/>\n<meta name=\"author\" content=\"Redacao VerdadeOn\" \/>\n<meta name=\"twitter:card\" content=\"summary_large_image\" \/>\n<meta name=\"twitter:label1\" content=\"Escrito por\" \/>\n\t<meta name=\"twitter:data1\" content=\"Redacao VerdadeOn\" \/>\n\t<meta name=\"twitter:label2\" content=\"Est. tempo de leitura\" \/>\n\t<meta name=\"twitter:data2\" content=\"2 minutos\" \/>\n<script type=\"application\/ld+json\" class=\"yoast-schema-graph\">{\"@context\":\"https:\/\/schema.org\",\"@graph\":[{\"@type\":\"WebPage\",\"@id\":\"https:\/\/verdadeon.com.br\/portal\/2026\/04\/07\/legitima-defesa-justica-libera-pai-que-matou-filho-no-parque-dos-lima-em-franca\/\",\"url\":\"https:\/\/verdadeon.com.br\/portal\/2026\/04\/07\/legitima-defesa-justica-libera-pai-que-matou-filho-no-parque-dos-lima-em-franca\/\",\"name\":\"\\\"Leg\u00edtima defesa\\\": Justi\u00e7a libera pai que matou filho no Parque dos Lima, em Franca - VerdadeOn\",\"isPartOf\":{\"@id\":\"https:\/\/verdadeon.com.br\/portal\/#website\"},\"primaryImageOfPage\":{\"@id\":\"https:\/\/verdadeon.com.br\/portal\/2026\/04\/07\/legitima-defesa-justica-libera-pai-que-matou-filho-no-parque-dos-lima-em-franca\/#primaryimage\"},\"image\":{\"@id\":\"https:\/\/verdadeon.com.br\/portal\/2026\/04\/07\/legitima-defesa-justica-libera-pai-que-matou-filho-no-parque-dos-lima-em-franca\/#primaryimage\"},\"thumbnailUrl\":\"https:\/\/i0.wp.com\/verdadeon.com.br\/portal\/wp-content\/uploads\/2022\/07\/WhatsApp-Image-2022-07-16-at-13.47.46-e1662058169621.jpeg?fit=1000%2C672&ssl=1\",\"datePublished\":\"2026-04-07T16:10:19+00:00\",\"author\":{\"@id\":\"https:\/\/verdadeon.com.br\/portal\/#\/schema\/person\/a5060ad1e9ea3df545188fc93ce43d2f\"},\"breadcrumb\":{\"@id\":\"https:\/\/verdadeon.com.br\/portal\/2026\/04\/07\/legitima-defesa-justica-libera-pai-que-matou-filho-no-parque-dos-lima-em-franca\/#breadcrumb\"},\"inLanguage\":\"pt-BR\",\"potentialAction\":[{\"@type\":\"ReadAction\",\"target\":[\"https:\/\/verdadeon.com.br\/portal\/2026\/04\/07\/legitima-defesa-justica-libera-pai-que-matou-filho-no-parque-dos-lima-em-franca\/\"]}]},{\"@type\":\"ImageObject\",\"inLanguage\":\"pt-BR\",\"@id\":\"https:\/\/verdadeon.com.br\/portal\/2026\/04\/07\/legitima-defesa-justica-libera-pai-que-matou-filho-no-parque-dos-lima-em-franca\/#primaryimage\",\"url\":\"https:\/\/i0.wp.com\/verdadeon.com.br\/portal\/wp-content\/uploads\/2022\/07\/WhatsApp-Image-2022-07-16-at-13.47.46-e1662058169621.jpeg?fit=1000%2C672&ssl=1\",\"contentUrl\":\"https:\/\/i0.wp.com\/verdadeon.com.br\/portal\/wp-content\/uploads\/2022\/07\/WhatsApp-Image-2022-07-16-at-13.47.46-e1662058169621.jpeg?fit=1000%2C672&ssl=1\",\"width\":1000,\"height\":672,\"caption\":\"Central de Pol\u00edcia Judici\u00e1ria de Franca (\u00a9Fernando Lima)\"},{\"@type\":\"BreadcrumbList\",\"@id\":\"https:\/\/verdadeon.com.br\/portal\/2026\/04\/07\/legitima-defesa-justica-libera-pai-que-matou-filho-no-parque-dos-lima-em-franca\/#breadcrumb\",\"itemListElement\":[{\"@type\":\"ListItem\",\"position\":1,\"name\":\"In\u00edcio\",\"item\":\"https:\/\/verdadeon.com.br\/portal\/\"},{\"@type\":\"ListItem\",\"position\":2,\"name\":\"&#8220;Leg\u00edtima defesa&#8221;: Justi\u00e7a libera pai que matou filho no Parque dos Lima, em Franca\"}]},{\"@type\":\"WebSite\",\"@id\":\"https:\/\/verdadeon.com.br\/portal\/#website\",\"url\":\"https:\/\/verdadeon.com.br\/portal\/\",\"name\":\"VerdadeOn\",\"description\":\"Not\u00edcias di\u00e1rias sobre Franca, Regi\u00e3o, Esporte, Cultura, Cotidiano, Colunas. Cobertura nos principais eventos da cidade \u00e9 aqui - Verdadeon Franca\",\"potentialAction\":[{\"@type\":\"SearchAction\",\"target\":{\"@type\":\"EntryPoint\",\"urlTemplate\":\"https:\/\/verdadeon.com.br\/portal\/?s={search_term_string}\"},\"query-input\":{\"@type\":\"PropertyValueSpecification\",\"valueRequired\":true,\"valueName\":\"search_term_string\"}}],\"inLanguage\":\"pt-BR\"},{\"@type\":\"Person\",\"@id\":\"https:\/\/verdadeon.com.br\/portal\/#\/schema\/person\/a5060ad1e9ea3df545188fc93ce43d2f\",\"name\":\"Redacao VerdadeOn\",\"image\":{\"@type\":\"ImageObject\",\"inLanguage\":\"pt-BR\",\"@id\":\"https:\/\/verdadeon.com.br\/portal\/#\/schema\/person\/image\/\",\"url\":\"https:\/\/secure.gravatar.com\/avatar\/459a9613caaaf07f582c3d0841eea68bdd66f533e465e6ba8b9cb45619572cf4?s=96&d=mm&r=g\",\"contentUrl\":\"https:\/\/secure.gravatar.com\/avatar\/459a9613caaaf07f582c3d0841eea68bdd66f533e465e6ba8b9cb45619572cf4?s=96&d=mm&r=g\",\"caption\":\"Redacao VerdadeOn\"},\"url\":\"https:\/\/verdadeon.com.br\/portal\/author\/redacao\/\"}]}<\/script>\n<!-- \/ Yoast SEO plugin. -->","yoast_head_json":{"title":"\"Leg\u00edtima defesa\": Justi\u00e7a libera pai que matou filho no Parque dos Lima, em Franca - VerdadeOn","robots":{"index":"index","follow":"follow","max-snippet":"max-snippet:-1","max-image-preview":"max-image-preview:large","max-video-preview":"max-video-preview:-1"},"canonical":"https:\/\/verdadeon.com.br\/portal\/2026\/04\/07\/legitima-defesa-justica-libera-pai-que-matou-filho-no-parque-dos-lima-em-franca\/","og_locale":"pt_BR","og_type":"article","og_title":"\"Leg\u00edtima defesa\": Justi\u00e7a libera pai que matou filho no Parque dos Lima, em Franca - VerdadeOn","og_description":"Maur\u00edcio da Silva, de 65 anos, \u00e9 r\u00e9u prim\u00e1rio e n\u00e3o possu\u00eda antecedentes criminais Nesta ter\u00e7a-feira, 7 de abril, Maur\u00edcio da Silva, 65, preso por matar [\u2026]","og_url":"https:\/\/verdadeon.com.br\/portal\/2026\/04\/07\/legitima-defesa-justica-libera-pai-que-matou-filho-no-parque-dos-lima-em-franca\/","og_site_name":"VerdadeOn","article_published_time":"2026-04-07T16:10:19+00:00","og_image":[{"width":1000,"height":672,"url":"https:\/\/verdadeon.com.br\/portal\/wp-content\/uploads\/2022\/07\/WhatsApp-Image-2022-07-16-at-13.47.46-e1662058169621.jpeg","type":"image\/jpeg"}],"author":"Redacao VerdadeOn","twitter_card":"summary_large_image","twitter_misc":{"Escrito por":"Redacao VerdadeOn","Est. tempo de leitura":"2 minutos"},"schema":{"@context":"https:\/\/schema.org","@graph":[{"@type":"WebPage","@id":"https:\/\/verdadeon.com.br\/portal\/2026\/04\/07\/legitima-defesa-justica-libera-pai-que-matou-filho-no-parque-dos-lima-em-franca\/","url":"https:\/\/verdadeon.com.br\/portal\/2026\/04\/07\/legitima-defesa-justica-libera-pai-que-matou-filho-no-parque-dos-lima-em-franca\/","name":"\"Leg\u00edtima defesa\": Justi\u00e7a libera pai que matou filho no Parque dos Lima, em Franca - VerdadeOn","isPartOf":{"@id":"https:\/\/verdadeon.com.br\/portal\/#website"},"primaryImageOfPage":{"@id":"https:\/\/verdadeon.com.br\/portal\/2026\/04\/07\/legitima-defesa-justica-libera-pai-que-matou-filho-no-parque-dos-lima-em-franca\/#primaryimage"},"image":{"@id":"https:\/\/verdadeon.com.br\/portal\/2026\/04\/07\/legitima-defesa-justica-libera-pai-que-matou-filho-no-parque-dos-lima-em-franca\/#primaryimage"},"thumbnailUrl":"https:\/\/i0.wp.com\/verdadeon.com.br\/portal\/wp-content\/uploads\/2022\/07\/WhatsApp-Image-2022-07-16-at-13.47.46-e1662058169621.jpeg?fit=1000%2C672&ssl=1","datePublished":"2026-04-07T16:10:19+00:00","author":{"@id":"https:\/\/verdadeon.com.br\/portal\/#\/schema\/person\/a5060ad1e9ea3df545188fc93ce43d2f"},"breadcrumb":{"@id":"https:\/\/verdadeon.com.br\/portal\/2026\/04\/07\/legitima-defesa-justica-libera-pai-que-matou-filho-no-parque-dos-lima-em-franca\/#breadcrumb"},"inLanguage":"pt-BR","potentialAction":[{"@type":"ReadAction","target":["https:\/\/verdadeon.com.br\/portal\/2026\/04\/07\/legitima-defesa-justica-libera-pai-que-matou-filho-no-parque-dos-lima-em-franca\/"]}]},{"@type":"ImageObject","inLanguage":"pt-BR","@id":"https:\/\/verdadeon.com.br\/portal\/2026\/04\/07\/legitima-defesa-justica-libera-pai-que-matou-filho-no-parque-dos-lima-em-franca\/#primaryimage","url":"https:\/\/i0.wp.com\/verdadeon.com.br\/portal\/wp-content\/uploads\/2022\/07\/WhatsApp-Image-2022-07-16-at-13.47.46-e1662058169621.jpeg?fit=1000%2C672&ssl=1","contentUrl":"https:\/\/i0.wp.com\/verdadeon.com.br\/portal\/wp-content\/uploads\/2022\/07\/WhatsApp-Image-2022-07-16-at-13.47.46-e1662058169621.jpeg?fit=1000%2C672&ssl=1","width":1000,"height":672,"caption":"Central de Pol\u00edcia Judici\u00e1ria de Franca (\u00a9Fernando Lima)"},{"@type":"BreadcrumbList","@id":"https:\/\/verdadeon.com.br\/portal\/2026\/04\/07\/legitima-defesa-justica-libera-pai-que-matou-filho-no-parque-dos-lima-em-franca\/#breadcrumb","itemListElement":[{"@type":"ListItem","position":1,"name":"In\u00edcio","item":"https:\/\/verdadeon.com.br\/portal\/"},{"@type":"ListItem","position":2,"name":"&#8220;Leg\u00edtima defesa&#8221;: Justi\u00e7a libera pai que matou filho no Parque dos Lima, em Franca"}]},{"@type":"WebSite","@id":"https:\/\/verdadeon.com.br\/portal\/#website","url":"https:\/\/verdadeon.com.br\/portal\/","name":"VerdadeOn","description":"Not\u00edcias di\u00e1rias sobre Franca, Regi\u00e3o, Esporte, Cultura, Cotidiano, Colunas. Cobertura nos principais eventos da cidade \u00e9 aqui - Verdadeon Franca","potentialAction":[{"@type":"SearchAction","target":{"@type":"EntryPoint","urlTemplate":"https:\/\/verdadeon.com.br\/portal\/?s={search_term_string}"},"query-input":{"@type":"PropertyValueSpecification","valueRequired":true,"valueName":"search_term_string"}}],"inLanguage":"pt-BR"},{"@type":"Person","@id":"https:\/\/verdadeon.com.br\/portal\/#\/schema\/person\/a5060ad1e9ea3df545188fc93ce43d2f","name":"Redacao VerdadeOn","image":{"@type":"ImageObject","inLanguage":"pt-BR","@id":"https:\/\/verdadeon.com.br\/portal\/#\/schema\/person\/image\/","url":"https:\/\/secure.gravatar.com\/avatar\/459a9613caaaf07f582c3d0841eea68bdd66f533e465e6ba8b9cb45619572cf4?s=96&d=mm&r=g","contentUrl":"https:\/\/secure.gravatar.com\/avatar\/459a9613caaaf07f582c3d0841eea68bdd66f533e465e6ba8b9cb45619572cf4?s=96&d=mm&r=g","caption":"Redacao VerdadeOn"},"url":"https:\/\/verdadeon.com.br\/portal\/author\/redacao\/"}]}},"jetpack_publicize_connections":[],"jetpack_featured_media_url":"https:\/\/i0.wp.com\/verdadeon.com.br\/portal\/wp-content\/uploads\/2022\/07\/WhatsApp-Image-2022-07-16-at-13.47.46-e1662058169621.jpeg?fit=1000%2C672&ssl=1","jetpack_sharing_enabled":true,"_links":{"self":[{"href":"https:\/\/verdadeon.com.br\/portal\/wp-json\/wp\/v2\/posts\/65925","targetHints":{"allow":["GET"]}}],"collection":[{"href":"https:\/\/verdadeon.com.br\/portal\/wp-json\/wp\/v2\/posts"}],"about":[{"href":"https:\/\/verdadeon.com.br\/portal\/wp-json\/wp\/v2\/types\/post"}],"author":[{"embeddable":true,"href":"https:\/\/verdadeon.com.br\/portal\/wp-json\/wp\/v2\/users\/10"}],"replies":[{"embeddable":true,"href":"https:\/\/verdadeon.com.br\/portal\/wp-json\/wp\/v2\/comments?post=65925"}],"version-history":[{"count":1,"href":"https:\/\/verdadeon.com.br\/portal\/wp-json\/wp\/v2\/posts\/65925\/revisions"}],"predecessor-version":[{"id":65926,"href":"https:\/\/verdadeon.com.br\/portal\/wp-json\/wp\/v2\/posts\/65925\/revisions\/65926"}],"wp:featuredmedia":[{"embeddable":true,"href":"https:\/\/verdadeon.com.br\/portal\/wp-json\/wp\/v2\/media\/26565"}],"wp:attachment":[{"href":"https:\/\/verdadeon.com.br\/portal\/wp-json\/wp\/v2\/media?parent=65925"}],"wp:term":[{"taxonomy":"category","embeddable":true,"href":"https:\/\/verdadeon.com.br\/portal\/wp-json\/wp\/v2\/categories?post=65925"},{"taxonomy":"post_tag","embeddable":true,"href":"https:\/\/verdadeon.com.br\/portal\/wp-json\/wp\/v2\/tags?post=65925"}],"curies":[{"name":"wp","href":"https:\/\/api.w.org\/{rel}","templated":true}]}}