{"id":65917,"date":"2026-04-09T10:00:39","date_gmt":"2026-04-09T13:00:39","guid":{"rendered":"https:\/\/verdadeon.com.br\/portal\/?p=65917"},"modified":"2026-04-09T11:36:24","modified_gmt":"2026-04-09T14:36:24","slug":"previsao-do-tempo-ranking-aponta-quais-estados-mais-buscam-pelo-termo-no-google","status":"publish","type":"post","link":"https:\/\/verdadeon.com.br\/portal\/2026\/04\/09\/previsao-do-tempo-ranking-aponta-quais-estados-mais-buscam-pelo-termo-no-google\/","title":{"rendered":"\u201cPrevis\u00e3o do tempo\u201d: ranking aponta quais estados mais buscam pelo termo no Google"},"content":{"rendered":"<h2>Estados do Sul e Sudeste lideram as buscas, em meio a varia\u00e7\u00f5es clim\u00e1ticas registradas recentemente no pa\u00eds<\/h2>\n<p>A busca por \u201cprevis\u00e3o do tempo\u201d faz parte da rotina de milh\u00f5es de brasileiros. Seja para planejar atividades ao ar livre, organizar deslocamentos ou se preparar para mudan\u00e7as bruscas no clima, consultar informa\u00e7\u00f5es meteorol\u00f3gicas \u00e9 um h\u00e1bito frequente na internet.<\/p>\n<p>Nos \u00faltimos 24 meses, o interesse pelo termo permaneceu alto no pa\u00eds. Segundo dados do Google Brasil, a express\u00e3o \u201cprevis\u00e3o do tempo\u201d registrou m\u00e9dia de 29.626.946 buscas mensais.<\/p>\n<p><strong>Estados que mais buscam por \u201cprevis\u00e3o do tempo\u201d<\/strong><\/p>\n<p>De acordo com os dados, os estados que mais pesquisam pelo assunto a cada 100 mil habitantes s\u00e3o:<\/p>\n<ol>\n<li>Rio Grande do Sul: 47.897;<\/li>\n<li>Santa Catarina: 36.796;<\/li>\n<li>Paran\u00e1: 27.178;<\/li>\n<li>S\u00e3o Paulo: 21.241;<\/li>\n<li>Rio de Janeiro: 14.101.<\/li>\n<\/ol>\n<p>A presen\u00e7a das regi\u00f5es Sul e Sudeste no topo do levantamento coincide com \u00e1reas que registraram eventos clim\u00e1ticos marcantes recentemente, o que refor\u00e7a a import\u00e2ncia de acompanhar a previs\u00e3o do tempo no dia a dia.<\/p>\n<p><strong>Eventos clim\u00e1ticos em 2025 ajudam a explicar as buscas<\/strong><\/p>\n<p>O Brasil viveu em 2025 um dos anos mais extremos do ponto de vista clim\u00e1tico das \u00faltimas d\u00e9cadas. O dado aparece em relat\u00f3rio divulgado em fevereiro pelo Centro Nacional de Monitoramento e Alertas de Desastres Naturais (Cemaden), ligado ao Minist\u00e9rio da Ci\u00eancia, Tecnologia e Inova\u00e7\u00e3o.<\/p>\n<p>Ao longo do ano, o pa\u00eds registrou sete ondas de calor. Em fevereiro, por exemplo, uma cidade no Rio Grande do Sul atingiu 43,8\u00b0C, a maior temperatura registrada no pa\u00eds naquele per\u00edodo.<\/p>\n<p>Ademais, capitais presentes no ranking tamb\u00e9m enfrentaram calor intenso: o Rio de Janeiro registrou m\u00e1ximas entre 42\u00b0C e 44\u00b0C, enquanto S\u00e3o Paulo chegou a 37,2\u00b0C em dezembro.<\/p>\n<p>Por outro lado, o inverno tamb\u00e9m registrou extremos. O pa\u00eds teve sete ondas de frio, especialmente no Sul, com temperaturas de &#8211; 7,8\u00b0C no Paran\u00e1 e &#8211; 4,5\u00b0C no Rio Grande do Sul, al\u00e9m de neve em \u00e1reas de maior altitude.<\/p>\n<p>Eventos de chuva intensa tamb\u00e9m marcaram os estados do ranking. Teres\u00f3polis (RJ) acumulou 689,4 mm em abril, 548% acima da m\u00e9dia hist\u00f3rica, enquanto S\u00e3o Paulo registrou 125,4 mm em um \u00fanico dia. No Rio Grande do Sul, chuvas em junho afetaram mais de 120 munic\u00edpios, com alagamentos e transbordamentos de rios.<\/p>\n<p>Ao mesmo tempo, estados como Cear\u00e1, Goi\u00e1s, Minas Gerais, Piau\u00ed, Rio de Janeiro, S\u00e3o Paulo e Tocantins enfrentaram seca em 100% do territ\u00f3rio.<\/p>\n<p><strong>2026 deve manter cen\u00e1rio de irregularidade clim\u00e1tica<\/strong><\/p>\n<p>As proje\u00e7\u00f5es indicam que 2026 pode continuar apresentando varia\u00e7\u00f5es significativas no clima. Segundo boletim da Climatempo, o ano tende a ter atua\u00e7\u00e3o alternada de fen\u00f4menos oce\u00e2nicos e atmosf\u00e9ricos.<\/p>\n<p>Isso pode resultar em per\u00edodos de calor intenso fora de \u00e9poca, intercalados com entradas de ar frio mais rigorosas, especialmente no in\u00edcio do inverno.<\/p>\n<p>Al\u00e9m disso, a expectativa \u00e9 de intervalos secos alternados com pancadas de chuva mais concentradas, principalmente nos meses mais quentes.<\/p>\n<p><strong>Previs\u00e3o do tempo ajuda a se preparar para varia\u00e7\u00f5es clim\u00e1ticas<\/strong><\/p>\n<p>Diante de um cen\u00e1rio de maior variabilidade no clima, acompanhar a previs\u00e3o do tempo se torna uma ferramenta \u00fatil para organizar a rotina e reduzir imprevistos. Isso porque as informa\u00e7\u00f5es meteorol\u00f3gicas permitem antecipar mudan\u00e7as de temperatura, per\u00edodos de chuva ou ondas de calor ao longo da semana.<\/p>\n<p>Em per\u00edodos de calor intenso, por exemplo, muitas pessoas recorrem a itens que ajudam a tornar os ambientes mais confort\u00e1veis. Entre os mais comuns, est\u00e3o:<\/p>\n<ul>\n<li><a href=\"https:\/\/www.americanas.com.br\/climatizacao\/ventilador\"><strong>ventilador<\/strong><\/a>;<\/li>\n<li>climatizador;<\/li>\n<li>roupas leves.<\/li>\n<\/ul>\n<p>Por outro lado, em um cen\u00e1rio de instabilidade clim\u00e1tica, tamb\u00e9m pode ser necess\u00e1rio se preparar para momentos de frio ou chuva intensa. Nessas situa\u00e7\u00f5es, aquecedores, roupas mais quentes, guarda-chuvas e capas de chuva ajudam na rotina de preven\u00e7\u00e3o.<\/p>\n","protected":false},"excerpt":{"rendered":"<p>Estados do Sul e Sudeste lideram as buscas, em meio a varia\u00e7\u00f5es clim\u00e1ticas registradas recentemente no pa\u00eds A busca por \u201cprevis\u00e3o do tempo\u201d faz parte da<span class=\"excerpt-hellip\"> [\u2026]<\/span><\/p>\n","protected":false},"author":10,"featured_media":65918,"comment_status":"open","ping_status":"open","sticky":false,"template":"","format":"standard","meta":{"_jetpack_memberships_contains_paid_content":false,"footnotes":"","jetpack_publicize_message":"","jetpack_publicize_feature_enabled":true,"jetpack_social_post_already_shared":true,"jetpack_social_options":{"image_generator_settings":{"template":"highway","default_image_id":0,"enabled":false},"version":2}},"categories":[28,44],"tags":[],"class_list":["post-65917","post","type-post","status-publish","format-standard","has-post-thumbnail","hentry","category-cotidiano","category-noticias"],"yoast_head":"<!-- This site is optimized with the Yoast SEO plugin v25.6 - https:\/\/yoast.com\/wordpress\/plugins\/seo\/ -->\n<title>\u201cPrevis\u00e3o do tempo\u201d: ranking aponta quais estados mais buscam pelo termo no Google - VerdadeOn<\/title>\n<meta name=\"robots\" content=\"index, follow, max-snippet:-1, max-image-preview:large, max-video-preview:-1\" \/>\n<link rel=\"canonical\" href=\"https:\/\/verdadeon.com.br\/portal\/2026\/04\/09\/previsao-do-tempo-ranking-aponta-quais-estados-mais-buscam-pelo-termo-no-google\/\" \/>\n<meta property=\"og:locale\" content=\"pt_BR\" \/>\n<meta property=\"og:type\" content=\"article\" \/>\n<meta property=\"og:title\" content=\"\u201cPrevis\u00e3o do tempo\u201d: ranking aponta quais estados mais buscam pelo termo no Google - VerdadeOn\" \/>\n<meta property=\"og:description\" content=\"Estados do Sul e Sudeste lideram as buscas, em meio a varia\u00e7\u00f5es clim\u00e1ticas registradas recentemente no pa\u00eds A busca por \u201cprevis\u00e3o do tempo\u201d faz parte da [\u2026]\" \/>\n<meta property=\"og:url\" content=\"https:\/\/verdadeon.com.br\/portal\/2026\/04\/09\/previsao-do-tempo-ranking-aponta-quais-estados-mais-buscam-pelo-termo-no-google\/\" \/>\n<meta property=\"og:site_name\" content=\"VerdadeOn\" \/>\n<meta property=\"article:published_time\" content=\"2026-04-09T13:00:39+00:00\" \/>\n<meta property=\"article:modified_time\" content=\"2026-04-09T14:36:24+00:00\" \/>\n<meta property=\"og:image\" content=\"https:\/\/verdadeon.com.br\/portal\/wp-content\/uploads\/2026\/04\/iStock-2252678858.jpg.jpeg\" \/>\n\t<meta property=\"og:image:width\" content=\"1254\" \/>\n\t<meta property=\"og:image:height\" content=\"836\" \/>\n\t<meta property=\"og:image:type\" content=\"image\/jpeg\" \/>\n<meta name=\"author\" content=\"Redacao VerdadeOn\" \/>\n<meta name=\"twitter:card\" content=\"summary_large_image\" \/>\n<meta name=\"twitter:label1\" content=\"Escrito por\" \/>\n\t<meta name=\"twitter:data1\" content=\"Redacao VerdadeOn\" \/>\n\t<meta name=\"twitter:label2\" content=\"Est. tempo de leitura\" \/>\n\t<meta name=\"twitter:data2\" content=\"4 minutos\" \/>\n<script type=\"application\/ld+json\" class=\"yoast-schema-graph\">{\"@context\":\"https:\/\/schema.org\",\"@graph\":[{\"@type\":\"WebPage\",\"@id\":\"https:\/\/verdadeon.com.br\/portal\/2026\/04\/09\/previsao-do-tempo-ranking-aponta-quais-estados-mais-buscam-pelo-termo-no-google\/\",\"url\":\"https:\/\/verdadeon.com.br\/portal\/2026\/04\/09\/previsao-do-tempo-ranking-aponta-quais-estados-mais-buscam-pelo-termo-no-google\/\",\"name\":\"\u201cPrevis\u00e3o do tempo\u201d: ranking aponta quais estados mais buscam pelo termo no Google - VerdadeOn\",\"isPartOf\":{\"@id\":\"https:\/\/verdadeon.com.br\/portal\/#website\"},\"primaryImageOfPage\":{\"@id\":\"https:\/\/verdadeon.com.br\/portal\/2026\/04\/09\/previsao-do-tempo-ranking-aponta-quais-estados-mais-buscam-pelo-termo-no-google\/#primaryimage\"},\"image\":{\"@id\":\"https:\/\/verdadeon.com.br\/portal\/2026\/04\/09\/previsao-do-tempo-ranking-aponta-quais-estados-mais-buscam-pelo-termo-no-google\/#primaryimage\"},\"thumbnailUrl\":\"https:\/\/i0.wp.com\/verdadeon.com.br\/portal\/wp-content\/uploads\/2026\/04\/iStock-2252678858.jpg.jpeg?fit=1254%2C836&ssl=1\",\"datePublished\":\"2026-04-09T13:00:39+00:00\",\"dateModified\":\"2026-04-09T14:36:24+00:00\",\"author\":{\"@id\":\"https:\/\/verdadeon.com.br\/portal\/#\/schema\/person\/a5060ad1e9ea3df545188fc93ce43d2f\"},\"breadcrumb\":{\"@id\":\"https:\/\/verdadeon.com.br\/portal\/2026\/04\/09\/previsao-do-tempo-ranking-aponta-quais-estados-mais-buscam-pelo-termo-no-google\/#breadcrumb\"},\"inLanguage\":\"pt-BR\",\"potentialAction\":[{\"@type\":\"ReadAction\",\"target\":[\"https:\/\/verdadeon.com.br\/portal\/2026\/04\/09\/previsao-do-tempo-ranking-aponta-quais-estados-mais-buscam-pelo-termo-no-google\/\"]}]},{\"@type\":\"ImageObject\",\"inLanguage\":\"pt-BR\",\"@id\":\"https:\/\/verdadeon.com.br\/portal\/2026\/04\/09\/previsao-do-tempo-ranking-aponta-quais-estados-mais-buscam-pelo-termo-no-google\/#primaryimage\",\"url\":\"https:\/\/i0.wp.com\/verdadeon.com.br\/portal\/wp-content\/uploads\/2026\/04\/iStock-2252678858.jpg.jpeg?fit=1254%2C836&ssl=1\",\"contentUrl\":\"https:\/\/i0.wp.com\/verdadeon.com.br\/portal\/wp-content\/uploads\/2026\/04\/iStock-2252678858.jpg.jpeg?fit=1254%2C836&ssl=1\",\"width\":1254,\"height\":836,\"caption\":\"(\u00a9Fuse Img \/ iStock)\"},{\"@type\":\"BreadcrumbList\",\"@id\":\"https:\/\/verdadeon.com.br\/portal\/2026\/04\/09\/previsao-do-tempo-ranking-aponta-quais-estados-mais-buscam-pelo-termo-no-google\/#breadcrumb\",\"itemListElement\":[{\"@type\":\"ListItem\",\"position\":1,\"name\":\"In\u00edcio\",\"item\":\"https:\/\/verdadeon.com.br\/portal\/\"},{\"@type\":\"ListItem\",\"position\":2,\"name\":\"\u201cPrevis\u00e3o do tempo\u201d: ranking aponta quais estados mais buscam pelo termo no Google\"}]},{\"@type\":\"WebSite\",\"@id\":\"https:\/\/verdadeon.com.br\/portal\/#website\",\"url\":\"https:\/\/verdadeon.com.br\/portal\/\",\"name\":\"VerdadeOn\",\"description\":\"Not\u00edcias di\u00e1rias sobre Franca, Regi\u00e3o, Esporte, Cultura, Cotidiano, Colunas. Cobertura nos principais eventos da cidade \u00e9 aqui - Verdadeon Franca\",\"potentialAction\":[{\"@type\":\"SearchAction\",\"target\":{\"@type\":\"EntryPoint\",\"urlTemplate\":\"https:\/\/verdadeon.com.br\/portal\/?s={search_term_string}\"},\"query-input\":{\"@type\":\"PropertyValueSpecification\",\"valueRequired\":true,\"valueName\":\"search_term_string\"}}],\"inLanguage\":\"pt-BR\"},{\"@type\":\"Person\",\"@id\":\"https:\/\/verdadeon.com.br\/portal\/#\/schema\/person\/a5060ad1e9ea3df545188fc93ce43d2f\",\"name\":\"Redacao VerdadeOn\",\"image\":{\"@type\":\"ImageObject\",\"inLanguage\":\"pt-BR\",\"@id\":\"https:\/\/verdadeon.com.br\/portal\/#\/schema\/person\/image\/\",\"url\":\"https:\/\/secure.gravatar.com\/avatar\/459a9613caaaf07f582c3d0841eea68bdd66f533e465e6ba8b9cb45619572cf4?s=96&d=mm&r=g\",\"contentUrl\":\"https:\/\/secure.gravatar.com\/avatar\/459a9613caaaf07f582c3d0841eea68bdd66f533e465e6ba8b9cb45619572cf4?s=96&d=mm&r=g\",\"caption\":\"Redacao VerdadeOn\"},\"url\":\"https:\/\/verdadeon.com.br\/portal\/author\/redacao\/\"}]}<\/script>\n<!-- \/ Yoast SEO plugin. -->","yoast_head_json":{"title":"\u201cPrevis\u00e3o do tempo\u201d: ranking aponta quais estados mais buscam pelo termo no Google - VerdadeOn","robots":{"index":"index","follow":"follow","max-snippet":"max-snippet:-1","max-image-preview":"max-image-preview:large","max-video-preview":"max-video-preview:-1"},"canonical":"https:\/\/verdadeon.com.br\/portal\/2026\/04\/09\/previsao-do-tempo-ranking-aponta-quais-estados-mais-buscam-pelo-termo-no-google\/","og_locale":"pt_BR","og_type":"article","og_title":"\u201cPrevis\u00e3o do tempo\u201d: ranking aponta quais estados mais buscam pelo termo no Google - VerdadeOn","og_description":"Estados do Sul e Sudeste lideram as buscas, em meio a varia\u00e7\u00f5es clim\u00e1ticas registradas recentemente no pa\u00eds A busca por \u201cprevis\u00e3o do tempo\u201d faz parte da [\u2026]","og_url":"https:\/\/verdadeon.com.br\/portal\/2026\/04\/09\/previsao-do-tempo-ranking-aponta-quais-estados-mais-buscam-pelo-termo-no-google\/","og_site_name":"VerdadeOn","article_published_time":"2026-04-09T13:00:39+00:00","article_modified_time":"2026-04-09T14:36:24+00:00","og_image":[{"width":1254,"height":836,"url":"https:\/\/verdadeon.com.br\/portal\/wp-content\/uploads\/2026\/04\/iStock-2252678858.jpg.jpeg","type":"image\/jpeg"}],"author":"Redacao VerdadeOn","twitter_card":"summary_large_image","twitter_misc":{"Escrito por":"Redacao VerdadeOn","Est. tempo de leitura":"4 minutos"},"schema":{"@context":"https:\/\/schema.org","@graph":[{"@type":"WebPage","@id":"https:\/\/verdadeon.com.br\/portal\/2026\/04\/09\/previsao-do-tempo-ranking-aponta-quais-estados-mais-buscam-pelo-termo-no-google\/","url":"https:\/\/verdadeon.com.br\/portal\/2026\/04\/09\/previsao-do-tempo-ranking-aponta-quais-estados-mais-buscam-pelo-termo-no-google\/","name":"\u201cPrevis\u00e3o do tempo\u201d: ranking aponta quais estados mais buscam pelo termo no Google - VerdadeOn","isPartOf":{"@id":"https:\/\/verdadeon.com.br\/portal\/#website"},"primaryImageOfPage":{"@id":"https:\/\/verdadeon.com.br\/portal\/2026\/04\/09\/previsao-do-tempo-ranking-aponta-quais-estados-mais-buscam-pelo-termo-no-google\/#primaryimage"},"image":{"@id":"https:\/\/verdadeon.com.br\/portal\/2026\/04\/09\/previsao-do-tempo-ranking-aponta-quais-estados-mais-buscam-pelo-termo-no-google\/#primaryimage"},"thumbnailUrl":"https:\/\/i0.wp.com\/verdadeon.com.br\/portal\/wp-content\/uploads\/2026\/04\/iStock-2252678858.jpg.jpeg?fit=1254%2C836&ssl=1","datePublished":"2026-04-09T13:00:39+00:00","dateModified":"2026-04-09T14:36:24+00:00","author":{"@id":"https:\/\/verdadeon.com.br\/portal\/#\/schema\/person\/a5060ad1e9ea3df545188fc93ce43d2f"},"breadcrumb":{"@id":"https:\/\/verdadeon.com.br\/portal\/2026\/04\/09\/previsao-do-tempo-ranking-aponta-quais-estados-mais-buscam-pelo-termo-no-google\/#breadcrumb"},"inLanguage":"pt-BR","potentialAction":[{"@type":"ReadAction","target":["https:\/\/verdadeon.com.br\/portal\/2026\/04\/09\/previsao-do-tempo-ranking-aponta-quais-estados-mais-buscam-pelo-termo-no-google\/"]}]},{"@type":"ImageObject","inLanguage":"pt-BR","@id":"https:\/\/verdadeon.com.br\/portal\/2026\/04\/09\/previsao-do-tempo-ranking-aponta-quais-estados-mais-buscam-pelo-termo-no-google\/#primaryimage","url":"https:\/\/i0.wp.com\/verdadeon.com.br\/portal\/wp-content\/uploads\/2026\/04\/iStock-2252678858.jpg.jpeg?fit=1254%2C836&ssl=1","contentUrl":"https:\/\/i0.wp.com\/verdadeon.com.br\/portal\/wp-content\/uploads\/2026\/04\/iStock-2252678858.jpg.jpeg?fit=1254%2C836&ssl=1","width":1254,"height":836,"caption":"(\u00a9Fuse Img \/ iStock)"},{"@type":"BreadcrumbList","@id":"https:\/\/verdadeon.com.br\/portal\/2026\/04\/09\/previsao-do-tempo-ranking-aponta-quais-estados-mais-buscam-pelo-termo-no-google\/#breadcrumb","itemListElement":[{"@type":"ListItem","position":1,"name":"In\u00edcio","item":"https:\/\/verdadeon.com.br\/portal\/"},{"@type":"ListItem","position":2,"name":"\u201cPrevis\u00e3o do tempo\u201d: ranking aponta quais estados mais buscam pelo termo no Google"}]},{"@type":"WebSite","@id":"https:\/\/verdadeon.com.br\/portal\/#website","url":"https:\/\/verdadeon.com.br\/portal\/","name":"VerdadeOn","description":"Not\u00edcias di\u00e1rias sobre Franca, Regi\u00e3o, Esporte, Cultura, Cotidiano, Colunas. Cobertura nos principais eventos da cidade \u00e9 aqui - Verdadeon Franca","potentialAction":[{"@type":"SearchAction","target":{"@type":"EntryPoint","urlTemplate":"https:\/\/verdadeon.com.br\/portal\/?s={search_term_string}"},"query-input":{"@type":"PropertyValueSpecification","valueRequired":true,"valueName":"search_term_string"}}],"inLanguage":"pt-BR"},{"@type":"Person","@id":"https:\/\/verdadeon.com.br\/portal\/#\/schema\/person\/a5060ad1e9ea3df545188fc93ce43d2f","name":"Redacao VerdadeOn","image":{"@type":"ImageObject","inLanguage":"pt-BR","@id":"https:\/\/verdadeon.com.br\/portal\/#\/schema\/person\/image\/","url":"https:\/\/secure.gravatar.com\/avatar\/459a9613caaaf07f582c3d0841eea68bdd66f533e465e6ba8b9cb45619572cf4?s=96&d=mm&r=g","contentUrl":"https:\/\/secure.gravatar.com\/avatar\/459a9613caaaf07f582c3d0841eea68bdd66f533e465e6ba8b9cb45619572cf4?s=96&d=mm&r=g","caption":"Redacao VerdadeOn"},"url":"https:\/\/verdadeon.com.br\/portal\/author\/redacao\/"}]}},"jetpack_publicize_connections":[],"jetpack_featured_media_url":"https:\/\/i0.wp.com\/verdadeon.com.br\/portal\/wp-content\/uploads\/2026\/04\/iStock-2252678858.jpg.jpeg?fit=1254%2C836&ssl=1","jetpack_sharing_enabled":true,"_links":{"self":[{"href":"https:\/\/verdadeon.com.br\/portal\/wp-json\/wp\/v2\/posts\/65917","targetHints":{"allow":["GET"]}}],"collection":[{"href":"https:\/\/verdadeon.com.br\/portal\/wp-json\/wp\/v2\/posts"}],"about":[{"href":"https:\/\/verdadeon.com.br\/portal\/wp-json\/wp\/v2\/types\/post"}],"author":[{"embeddable":true,"href":"https:\/\/verdadeon.com.br\/portal\/wp-json\/wp\/v2\/users\/10"}],"replies":[{"embeddable":true,"href":"https:\/\/verdadeon.com.br\/portal\/wp-json\/wp\/v2\/comments?post=65917"}],"version-history":[{"count":1,"href":"https:\/\/verdadeon.com.br\/portal\/wp-json\/wp\/v2\/posts\/65917\/revisions"}],"predecessor-version":[{"id":65919,"href":"https:\/\/verdadeon.com.br\/portal\/wp-json\/wp\/v2\/posts\/65917\/revisions\/65919"}],"wp:featuredmedia":[{"embeddable":true,"href":"https:\/\/verdadeon.com.br\/portal\/wp-json\/wp\/v2\/media\/65918"}],"wp:attachment":[{"href":"https:\/\/verdadeon.com.br\/portal\/wp-json\/wp\/v2\/media?parent=65917"}],"wp:term":[{"taxonomy":"category","embeddable":true,"href":"https:\/\/verdadeon.com.br\/portal\/wp-json\/wp\/v2\/categories?post=65917"},{"taxonomy":"post_tag","embeddable":true,"href":"https:\/\/verdadeon.com.br\/portal\/wp-json\/wp\/v2\/tags?post=65917"}],"curies":[{"name":"wp","href":"https:\/\/api.w.org\/{rel}","templated":true}]}}