{"id":6588,"date":"2020-04-22T17:45:11","date_gmt":"2020-04-22T20:45:11","guid":{"rendered":"http:\/\/verdadeon.com.br\/portal\/?p=6588"},"modified":"2020-04-22T17:45:11","modified_gmt":"2020-04-22T20:45:11","slug":"camara-aprova-projeto-em-volta-de-sessoes","status":"publish","type":"post","link":"https:\/\/verdadeon.com.br\/portal\/2020\/04\/22\/camara-aprova-projeto-em-volta-de-sessoes\/","title":{"rendered":"C\u00e2mara aprova projeto em volta de sess\u00f5es"},"content":{"rendered":"<h2>Outra mat\u00e9ria foi adiada<\/h2>\n<p>A C\u00e2mara Municipal de Franca aprovou por unanimidade um projeto de lei e adiou outro na tarde de hoje, 22, durante a sua 8\u00aa Sess\u00e3o Ordin\u00e1ria. A propositura aprovada foi o Projeto de Lei n\u00ba 16\/2020, de autoria do prefeito Gilson de Souza (DEM), que autoriza o Poder Executivo a celebrar Termo de Fomento com a Pastoral do Menor e Fam\u00edlia da Diocese de Franca e altera o or\u00e7amento.<br \/>\nTrata-se de aporte financeiro \u00e0 entidade no valor total de R$ 765.255,73. O montante ser\u00e1 utilizado para executar projeto social, com previs\u00e3o de atendimento para 80 adolescentes de ambos os sexos, na faixa et\u00e1ria dos 14 aos 18 anos. Os vereadores tamb\u00e9m deram o sinal verde a dois Requerimentos.<br \/>\nJ\u00e1 o Projeto de Lei Complementar n\u00b0 22\/2019, de autoria dos vereadores Ad\u00e9rmis Marini (PSDB) e Carlinho Petr\u00f3polis Farm\u00e1cia (PL), foi adiado por 12 sess\u00f5es. O pedido partiu de Carlinho, o qual alegou que \u00e9 preciso focar agora no combate ao coronav\u00edrus. A proposta altera o Plano Diretor F\u00edsico do munic\u00edpio de Franca, determinando que as futuras bocas de lobo da cidade sejam instaladas com cesto coletor, o que poder\u00e1 evitar inunda\u00e7\u00f5es.<\/p>\n","protected":false},"excerpt":{"rendered":"<p>Outra mat\u00e9ria foi adiada A C\u00e2mara Municipal de Franca aprovou por unanimidade um projeto de lei e adiou outro na tarde de hoje, 22, durante a<span class=\"excerpt-hellip\"> [\u2026]<\/span><\/p>\n","protected":false},"author":10,"featured_media":6591,"comment_status":"open","ping_status":"open","sticky":false,"template":"","format":"standard","meta":{"_jetpack_memberships_contains_paid_content":false,"footnotes":"","jetpack_publicize_message":"","jetpack_publicize_feature_enabled":true,"jetpack_social_post_already_shared":false,"jetpack_social_options":{"image_generator_settings":{"template":"highway","default_image_id":0,"enabled":false},"version":2}},"categories":[28,44],"tags":[],"class_list":["post-6588","post","type-post","status-publish","format-standard","has-post-thumbnail","hentry","category-cotidiano","category-noticias"],"yoast_head":"<!-- This site is optimized with the Yoast SEO plugin v25.6 - https:\/\/yoast.com\/wordpress\/plugins\/seo\/ -->\n<title>C\u00e2mara aprova projeto em volta de sess\u00f5es - VerdadeOn<\/title>\n<meta name=\"robots\" content=\"index, follow, max-snippet:-1, max-image-preview:large, max-video-preview:-1\" \/>\n<link rel=\"canonical\" href=\"https:\/\/verdadeon.com.br\/portal\/2020\/04\/22\/camara-aprova-projeto-em-volta-de-sessoes\/\" \/>\n<meta property=\"og:locale\" content=\"pt_BR\" \/>\n<meta property=\"og:type\" content=\"article\" \/>\n<meta property=\"og:title\" content=\"C\u00e2mara aprova projeto em volta de sess\u00f5es - VerdadeOn\" \/>\n<meta property=\"og:description\" content=\"Outra mat\u00e9ria foi adiada A C\u00e2mara Municipal de Franca aprovou por unanimidade um projeto de lei e adiou outro na tarde de hoje, 22, durante a [\u2026]\" \/>\n<meta property=\"og:url\" content=\"https:\/\/verdadeon.com.br\/portal\/2020\/04\/22\/camara-aprova-projeto-em-volta-de-sessoes\/\" \/>\n<meta property=\"og:site_name\" content=\"VerdadeOn\" \/>\n<meta property=\"article:published_time\" content=\"2020-04-22T20:45:11+00:00\" \/>\n<meta property=\"og:image\" content=\"https:\/\/verdadeon.com.br\/portal\/wp-content\/uploads\/2020\/04\/WhatsApp-Image-2020-04-22-at-17.16.00.jpeg\" \/>\n\t<meta property=\"og:image:width\" content=\"1000\" \/>\n\t<meta property=\"og:image:height\" content=\"670\" \/>\n\t<meta property=\"og:image:type\" content=\"image\/jpeg\" \/>\n<meta name=\"author\" content=\"Redacao VerdadeOn\" \/>\n<meta name=\"twitter:card\" content=\"summary_large_image\" \/>\n<meta name=\"twitter:label1\" content=\"Escrito por\" \/>\n\t<meta name=\"twitter:data1\" content=\"Redacao VerdadeOn\" \/>\n\t<meta name=\"twitter:label2\" content=\"Est. tempo de leitura\" \/>\n\t<meta name=\"twitter:data2\" content=\"1 minuto\" \/>\n<script type=\"application\/ld+json\" class=\"yoast-schema-graph\">{\"@context\":\"https:\/\/schema.org\",\"@graph\":[{\"@type\":\"WebPage\",\"@id\":\"https:\/\/verdadeon.com.br\/portal\/2020\/04\/22\/camara-aprova-projeto-em-volta-de-sessoes\/\",\"url\":\"https:\/\/verdadeon.com.br\/portal\/2020\/04\/22\/camara-aprova-projeto-em-volta-de-sessoes\/\",\"name\":\"C\u00e2mara aprova projeto em volta de sess\u00f5es - VerdadeOn\",\"isPartOf\":{\"@id\":\"https:\/\/verdadeon.com.br\/portal\/#website\"},\"primaryImageOfPage\":{\"@id\":\"https:\/\/verdadeon.com.br\/portal\/2020\/04\/22\/camara-aprova-projeto-em-volta-de-sessoes\/#primaryimage\"},\"image\":{\"@id\":\"https:\/\/verdadeon.com.br\/portal\/2020\/04\/22\/camara-aprova-projeto-em-volta-de-sessoes\/#primaryimage\"},\"thumbnailUrl\":\"https:\/\/i0.wp.com\/verdadeon.com.br\/portal\/wp-content\/uploads\/2020\/04\/WhatsApp-Image-2020-04-22-at-17.16.00.jpeg?fit=1000%2C670&ssl=1\",\"datePublished\":\"2020-04-22T20:45:11+00:00\",\"author\":{\"@id\":\"https:\/\/verdadeon.com.br\/portal\/#\/schema\/person\/a5060ad1e9ea3df545188fc93ce43d2f\"},\"breadcrumb\":{\"@id\":\"https:\/\/verdadeon.com.br\/portal\/2020\/04\/22\/camara-aprova-projeto-em-volta-de-sessoes\/#breadcrumb\"},\"inLanguage\":\"pt-BR\",\"potentialAction\":[{\"@type\":\"ReadAction\",\"target\":[\"https:\/\/verdadeon.com.br\/portal\/2020\/04\/22\/camara-aprova-projeto-em-volta-de-sessoes\/\"]}]},{\"@type\":\"ImageObject\",\"inLanguage\":\"pt-BR\",\"@id\":\"https:\/\/verdadeon.com.br\/portal\/2020\/04\/22\/camara-aprova-projeto-em-volta-de-sessoes\/#primaryimage\",\"url\":\"https:\/\/i0.wp.com\/verdadeon.com.br\/portal\/wp-content\/uploads\/2020\/04\/WhatsApp-Image-2020-04-22-at-17.16.00.jpeg?fit=1000%2C670&ssl=1\",\"contentUrl\":\"https:\/\/i0.wp.com\/verdadeon.com.br\/portal\/wp-content\/uploads\/2020\/04\/WhatsApp-Image-2020-04-22-at-17.16.00.jpeg?fit=1000%2C670&ssl=1\",\"width\":1000,\"height\":670,\"caption\":\"Vereadores usaram m\u00e1scaras durante sess\u00e3o que n\u00e3o contou com participa\u00e7\u00e3o da popula\u00e7\u00e3o | Foto: Divulga\u00e7\u00e3o\"},{\"@type\":\"BreadcrumbList\",\"@id\":\"https:\/\/verdadeon.com.br\/portal\/2020\/04\/22\/camara-aprova-projeto-em-volta-de-sessoes\/#breadcrumb\",\"itemListElement\":[{\"@type\":\"ListItem\",\"position\":1,\"name\":\"In\u00edcio\",\"item\":\"https:\/\/verdadeon.com.br\/portal\/\"},{\"@type\":\"ListItem\",\"position\":2,\"name\":\"C\u00e2mara aprova projeto em volta de sess\u00f5es\"}]},{\"@type\":\"WebSite\",\"@id\":\"https:\/\/verdadeon.com.br\/portal\/#website\",\"url\":\"https:\/\/verdadeon.com.br\/portal\/\",\"name\":\"VerdadeOn\",\"description\":\"Not\u00edcias di\u00e1rias sobre Franca, Regi\u00e3o, Esporte, Cultura, Cotidiano, Colunas. Cobertura nos principais eventos da cidade \u00e9 aqui - Verdadeon Franca\",\"potentialAction\":[{\"@type\":\"SearchAction\",\"target\":{\"@type\":\"EntryPoint\",\"urlTemplate\":\"https:\/\/verdadeon.com.br\/portal\/?s={search_term_string}\"},\"query-input\":{\"@type\":\"PropertyValueSpecification\",\"valueRequired\":true,\"valueName\":\"search_term_string\"}}],\"inLanguage\":\"pt-BR\"},{\"@type\":\"Person\",\"@id\":\"https:\/\/verdadeon.com.br\/portal\/#\/schema\/person\/a5060ad1e9ea3df545188fc93ce43d2f\",\"name\":\"Redacao VerdadeOn\",\"image\":{\"@type\":\"ImageObject\",\"inLanguage\":\"pt-BR\",\"@id\":\"https:\/\/verdadeon.com.br\/portal\/#\/schema\/person\/image\/\",\"url\":\"https:\/\/secure.gravatar.com\/avatar\/459a9613caaaf07f582c3d0841eea68bdd66f533e465e6ba8b9cb45619572cf4?s=96&d=mm&r=g\",\"contentUrl\":\"https:\/\/secure.gravatar.com\/avatar\/459a9613caaaf07f582c3d0841eea68bdd66f533e465e6ba8b9cb45619572cf4?s=96&d=mm&r=g\",\"caption\":\"Redacao VerdadeOn\"},\"url\":\"https:\/\/verdadeon.com.br\/portal\/author\/redacao\/\"}]}<\/script>\n<!-- \/ Yoast SEO plugin. -->","yoast_head_json":{"title":"C\u00e2mara aprova projeto em volta de sess\u00f5es - VerdadeOn","robots":{"index":"index","follow":"follow","max-snippet":"max-snippet:-1","max-image-preview":"max-image-preview:large","max-video-preview":"max-video-preview:-1"},"canonical":"https:\/\/verdadeon.com.br\/portal\/2020\/04\/22\/camara-aprova-projeto-em-volta-de-sessoes\/","og_locale":"pt_BR","og_type":"article","og_title":"C\u00e2mara aprova projeto em volta de sess\u00f5es - VerdadeOn","og_description":"Outra mat\u00e9ria foi adiada A C\u00e2mara Municipal de Franca aprovou por unanimidade um projeto de lei e adiou outro na tarde de hoje, 22, durante a [\u2026]","og_url":"https:\/\/verdadeon.com.br\/portal\/2020\/04\/22\/camara-aprova-projeto-em-volta-de-sessoes\/","og_site_name":"VerdadeOn","article_published_time":"2020-04-22T20:45:11+00:00","og_image":[{"width":1000,"height":670,"url":"https:\/\/verdadeon.com.br\/portal\/wp-content\/uploads\/2020\/04\/WhatsApp-Image-2020-04-22-at-17.16.00.jpeg","type":"image\/jpeg"}],"author":"Redacao VerdadeOn","twitter_card":"summary_large_image","twitter_misc":{"Escrito por":"Redacao VerdadeOn","Est. tempo de leitura":"1 minuto"},"schema":{"@context":"https:\/\/schema.org","@graph":[{"@type":"WebPage","@id":"https:\/\/verdadeon.com.br\/portal\/2020\/04\/22\/camara-aprova-projeto-em-volta-de-sessoes\/","url":"https:\/\/verdadeon.com.br\/portal\/2020\/04\/22\/camara-aprova-projeto-em-volta-de-sessoes\/","name":"C\u00e2mara aprova projeto em volta de sess\u00f5es - VerdadeOn","isPartOf":{"@id":"https:\/\/verdadeon.com.br\/portal\/#website"},"primaryImageOfPage":{"@id":"https:\/\/verdadeon.com.br\/portal\/2020\/04\/22\/camara-aprova-projeto-em-volta-de-sessoes\/#primaryimage"},"image":{"@id":"https:\/\/verdadeon.com.br\/portal\/2020\/04\/22\/camara-aprova-projeto-em-volta-de-sessoes\/#primaryimage"},"thumbnailUrl":"https:\/\/i0.wp.com\/verdadeon.com.br\/portal\/wp-content\/uploads\/2020\/04\/WhatsApp-Image-2020-04-22-at-17.16.00.jpeg?fit=1000%2C670&ssl=1","datePublished":"2020-04-22T20:45:11+00:00","author":{"@id":"https:\/\/verdadeon.com.br\/portal\/#\/schema\/person\/a5060ad1e9ea3df545188fc93ce43d2f"},"breadcrumb":{"@id":"https:\/\/verdadeon.com.br\/portal\/2020\/04\/22\/camara-aprova-projeto-em-volta-de-sessoes\/#breadcrumb"},"inLanguage":"pt-BR","potentialAction":[{"@type":"ReadAction","target":["https:\/\/verdadeon.com.br\/portal\/2020\/04\/22\/camara-aprova-projeto-em-volta-de-sessoes\/"]}]},{"@type":"ImageObject","inLanguage":"pt-BR","@id":"https:\/\/verdadeon.com.br\/portal\/2020\/04\/22\/camara-aprova-projeto-em-volta-de-sessoes\/#primaryimage","url":"https:\/\/i0.wp.com\/verdadeon.com.br\/portal\/wp-content\/uploads\/2020\/04\/WhatsApp-Image-2020-04-22-at-17.16.00.jpeg?fit=1000%2C670&ssl=1","contentUrl":"https:\/\/i0.wp.com\/verdadeon.com.br\/portal\/wp-content\/uploads\/2020\/04\/WhatsApp-Image-2020-04-22-at-17.16.00.jpeg?fit=1000%2C670&ssl=1","width":1000,"height":670,"caption":"Vereadores usaram m\u00e1scaras durante sess\u00e3o que n\u00e3o contou com participa\u00e7\u00e3o da popula\u00e7\u00e3o | Foto: Divulga\u00e7\u00e3o"},{"@type":"BreadcrumbList","@id":"https:\/\/verdadeon.com.br\/portal\/2020\/04\/22\/camara-aprova-projeto-em-volta-de-sessoes\/#breadcrumb","itemListElement":[{"@type":"ListItem","position":1,"name":"In\u00edcio","item":"https:\/\/verdadeon.com.br\/portal\/"},{"@type":"ListItem","position":2,"name":"C\u00e2mara aprova projeto em volta de sess\u00f5es"}]},{"@type":"WebSite","@id":"https:\/\/verdadeon.com.br\/portal\/#website","url":"https:\/\/verdadeon.com.br\/portal\/","name":"VerdadeOn","description":"Not\u00edcias di\u00e1rias sobre Franca, Regi\u00e3o, Esporte, Cultura, Cotidiano, Colunas. Cobertura nos principais eventos da cidade \u00e9 aqui - Verdadeon Franca","potentialAction":[{"@type":"SearchAction","target":{"@type":"EntryPoint","urlTemplate":"https:\/\/verdadeon.com.br\/portal\/?s={search_term_string}"},"query-input":{"@type":"PropertyValueSpecification","valueRequired":true,"valueName":"search_term_string"}}],"inLanguage":"pt-BR"},{"@type":"Person","@id":"https:\/\/verdadeon.com.br\/portal\/#\/schema\/person\/a5060ad1e9ea3df545188fc93ce43d2f","name":"Redacao VerdadeOn","image":{"@type":"ImageObject","inLanguage":"pt-BR","@id":"https:\/\/verdadeon.com.br\/portal\/#\/schema\/person\/image\/","url":"https:\/\/secure.gravatar.com\/avatar\/459a9613caaaf07f582c3d0841eea68bdd66f533e465e6ba8b9cb45619572cf4?s=96&d=mm&r=g","contentUrl":"https:\/\/secure.gravatar.com\/avatar\/459a9613caaaf07f582c3d0841eea68bdd66f533e465e6ba8b9cb45619572cf4?s=96&d=mm&r=g","caption":"Redacao VerdadeOn"},"url":"https:\/\/verdadeon.com.br\/portal\/author\/redacao\/"}]}},"jetpack_publicize_connections":[],"jetpack_featured_media_url":"https:\/\/i0.wp.com\/verdadeon.com.br\/portal\/wp-content\/uploads\/2020\/04\/WhatsApp-Image-2020-04-22-at-17.16.00.jpeg?fit=1000%2C670&ssl=1","jetpack_sharing_enabled":true,"_links":{"self":[{"href":"https:\/\/verdadeon.com.br\/portal\/wp-json\/wp\/v2\/posts\/6588","targetHints":{"allow":["GET"]}}],"collection":[{"href":"https:\/\/verdadeon.com.br\/portal\/wp-json\/wp\/v2\/posts"}],"about":[{"href":"https:\/\/verdadeon.com.br\/portal\/wp-json\/wp\/v2\/types\/post"}],"author":[{"embeddable":true,"href":"https:\/\/verdadeon.com.br\/portal\/wp-json\/wp\/v2\/users\/10"}],"replies":[{"embeddable":true,"href":"https:\/\/verdadeon.com.br\/portal\/wp-json\/wp\/v2\/comments?post=6588"}],"version-history":[{"count":0,"href":"https:\/\/verdadeon.com.br\/portal\/wp-json\/wp\/v2\/posts\/6588\/revisions"}],"wp:featuredmedia":[{"embeddable":true,"href":"https:\/\/verdadeon.com.br\/portal\/wp-json\/wp\/v2\/media\/6591"}],"wp:attachment":[{"href":"https:\/\/verdadeon.com.br\/portal\/wp-json\/wp\/v2\/media?parent=6588"}],"wp:term":[{"taxonomy":"category","embeddable":true,"href":"https:\/\/verdadeon.com.br\/portal\/wp-json\/wp\/v2\/categories?post=6588"},{"taxonomy":"post_tag","embeddable":true,"href":"https:\/\/verdadeon.com.br\/portal\/wp-json\/wp\/v2\/tags?post=6588"}],"curies":[{"name":"wp","href":"https:\/\/api.w.org\/{rel}","templated":true}]}}