{"id":65267,"date":"2026-03-18T11:12:39","date_gmt":"2026-03-18T14:12:39","guid":{"rendered":"https:\/\/verdadeon.com.br\/portal\/?p=65267"},"modified":"2026-03-18T11:13:57","modified_gmt":"2026-03-18T14:13:57","slug":"ciesp-e-fiesp-recebem-forum-de-investimentos-brasil-peru-e-debatem-oportunidades-de-integracao-e-avancos-na-logistica-da-america-latina","status":"publish","type":"post","link":"https:\/\/verdadeon.com.br\/portal\/2026\/03\/18\/ciesp-e-fiesp-recebem-forum-de-investimentos-brasil-peru-e-debatem-oportunidades-de-integracao-e-avancos-na-logistica-da-america-latina\/","title":{"rendered":"Ciesp e Fiesp recebem F\u00f3rum de Investimentos Brasil-Peru e debatem oportunidades de integra\u00e7\u00e3o e avan\u00e7os na log\u00edstica da Am\u00e9rica Latina"},"content":{"rendered":"<h2>\u2018Temos que pensar em como n\u00f3s, juntos, podemos integrar as cadeias produtivas e cadeias de fornecimento na Am\u00e9rica Latina para ganhar o mundo\u2019, diz presidente do Ciesp<\/h2>\n<p>O empres\u00e1rio Rafael Cervone, que \u00e9 presidente do Ciesp (Centro das Ind\u00fastrias do Estado de S\u00e3o Paulo) e 1\u00ba vice-presidente da Fiesp (Federa\u00e7\u00e3o das Ind\u00fastrias do Estado de S\u00e3o Paulo) foi o anfitri\u00e3o do F\u00f3rum de Investimentos Brasil-Peru, que aconteceu na tarde da \u00faltima quarta (11), em S\u00e3o Paulo, reunindo mais de 30 lideran\u00e7as empresariais. Um dos temas centrais do f\u00f3rum foi a log\u00edstica, considerando o megaporto de Chancay e a moderniza\u00e7\u00e3o do porto de Callao como pontos estrat\u00e9gicos para rota que liga a Am\u00e9rica do Sul \u00e0 \u00c1sia de maneira mais r\u00e1pida e que pode ser utilizada tanto pela ind\u00fastria, quanto pelo agro brasileiros.<br \/>\nCervone abriu o evento lembrando que o Peru \u00e9 um \u201cpa\u00eds amigo\u201d, com o qual o Brasil mant\u00e9m uma rela\u00e7\u00e3o antiga, perene e est\u00e1vel onde todos ganham. Na sua opini\u00e3o, \u00e9 importante cultivar, melhorar e ampliar essa rela\u00e7\u00e3o, pensando al\u00e9m do fluxo de com\u00e9rcio entre os dois pa\u00edses.<\/p>\n<p>\u201cEstamos vivendo momentos disruptivos para os modelos de neg\u00f3cio, da forma como a gente pensa. Enxergar a Am\u00e9rica Latina de maneira global \u00e9 o que a gente deve fazer. Temos que pensar em como n\u00f3s, juntos, podemos integrar as cadeias produtivas e cadeias de fornecimento na Am\u00e9rica Latina para ganhar o mundo\u201d, disse Cervone.<\/p>\n<p>Ele tamb\u00e9m afirmou que a Am\u00e9rica Latina precisa enxergar as oportunidades no relacionamento com os chineses e ainda destacou que outros continentes exigem um olhar atento, como a \u00c1frica, que ter\u00e1 popula\u00e7\u00e3o equivalente \u00e0 da \u00c1sia por volta de 2100.<\/p>\n<p>A comitiva peruana foi liderada pelo embaixador do Peru no Brasil, R\u00f4mulo Acurio.<\/p>\n<div id=\"attachment_65269\" style=\"width: 1697px\" class=\"wp-caption alignnone\"><img data-recalc-dims=\"1\" loading=\"lazy\" decoding=\"async\" aria-describedby=\"caption-attachment-65269\" class=\"wp-image-65269 size-full\" src=\"https:\/\/i0.wp.com\/verdadeon.com.br\/portal\/wp-content\/uploads\/2026\/03\/55142678074_3211033793_k.jpg?resize=1220%2C1481&#038;ssl=1\" alt=\"\" width=\"1220\" height=\"1481\" srcset=\"https:\/\/i0.wp.com\/verdadeon.com.br\/portal\/wp-content\/uploads\/2026\/03\/55142678074_3211033793_k.jpg?w=1687&amp;ssl=1 1687w, https:\/\/i0.wp.com\/verdadeon.com.br\/portal\/wp-content\/uploads\/2026\/03\/55142678074_3211033793_k.jpg?resize=247%2C300&amp;ssl=1 247w, https:\/\/i0.wp.com\/verdadeon.com.br\/portal\/wp-content\/uploads\/2026\/03\/55142678074_3211033793_k.jpg?resize=844%2C1024&amp;ssl=1 844w, https:\/\/i0.wp.com\/verdadeon.com.br\/portal\/wp-content\/uploads\/2026\/03\/55142678074_3211033793_k.jpg?resize=768%2C932&amp;ssl=1 768w, https:\/\/i0.wp.com\/verdadeon.com.br\/portal\/wp-content\/uploads\/2026\/03\/55142678074_3211033793_k.jpg?resize=1265%2C1536&amp;ssl=1 1265w, https:\/\/i0.wp.com\/verdadeon.com.br\/portal\/wp-content\/uploads\/2026\/03\/55142678074_3211033793_k.jpg?resize=120%2C146&amp;ssl=1 120w, https:\/\/i0.wp.com\/verdadeon.com.br\/portal\/wp-content\/uploads\/2026\/03\/55142678074_3211033793_k.jpg?resize=41%2C50&amp;ssl=1 41w, https:\/\/i0.wp.com\/verdadeon.com.br\/portal\/wp-content\/uploads\/2026\/03\/55142678074_3211033793_k.jpg?resize=62%2C75&amp;ssl=1 62w\" sizes=\"auto, (max-width: 1220px) 100vw, 1220px\" \/><p id=\"caption-attachment-65269\" class=\"wp-caption-text\">O presidente do CIESP, Rafael Cervone, e o embaixador do Peru no Brasil, R\u00f4mulo Acurio (Ayrton Vignola\/Fiesp)<\/p><\/div>\n<p><strong>Eixo estrat\u00e9gico de conex\u00e3o<\/strong><\/p>\n<p>O presidente da C\u00e2mara de Com\u00e9rcio Peru-Brasil (Cambraper) e membro da comitiva peruana, Rafael Torres, disse que falar do Peru hoje n\u00e3o significa falar apenas de um mercado de pouco mais de 30 milh\u00f5es de pessoas. \u201cSignifica tamb\u00e9m falar de um pa\u00eds com um d\u00e9ficit de infraestrutura p\u00fablica e privada superior a US$ 150 bilh\u00f5es, o que representa um amplo espa\u00e7o para investimentos e para participa\u00e7\u00e3o de brasileiros. Mas investir no Peru significa tamb\u00e9m algo mais, significa abrir uma porta direta para o mercado da \u00c1sia e do Pac\u00edfico, uma regi\u00e3o que re\u00fane mais de 4 bilh\u00f5es de consumidores e neste sentido o Peru tem se tornado cada vez mais um eixo estrat\u00e9gico de conex\u00e3o\u201d, disse Torres.<\/p>\n<p>As lideran\u00e7as peruanas frisaram que o aumento de fluxos para a China, os EUA e a Europa gera a necessidade de promover corredores mais curtos ou alternativas multimodais, enquanto o Brasil tornou-se uma pot\u00eancia exportadora (US$ 349 bilh\u00f5es\/2025) com o foco na \u00c1sia. A comitiva ressaltou que a integra\u00e7\u00e3o sul-americana possibilita novas sa\u00eddas e reduzem o tempo de acesso do Brasil ao Pac\u00edfico por corredores que passam pelo Peru.<br \/>\nA rota atual Am\u00e9rica do Sul\/\u00c1sia, com sa\u00edda pelos portos brasileiros, faz com que o transporte ocorra em 46 dias, enquanto pelo Porto de Chancay leva de 23 a 25 dias, por exemplo.<\/p>\n<p><strong>Cen\u00e1rio econ\u00f4mico<\/strong><\/p>\n<p>O baixo \u00edndice de infla\u00e7\u00e3o, o aumento dos investimentos privados em infraestrutura e minera\u00e7\u00e3o e o crescimento do consumo tamb\u00e9m foram alguns dos fatores destacados pela comitiva do Peru. A delega\u00e7\u00e3o tamb\u00e9m apontou como pontos positivos do pa\u00eds vizinho os reduzidos custos de financiamento, a taxa de c\u00e2mbio favor\u00e1vel, condi\u00e7\u00f5es clim\u00e1ticas \u201cneutras\u201d e a recupera\u00e7\u00e3o do turismo a n\u00edveis pr\u00e9-pandemia de covid.<\/p>\n<p>Al\u00e9m disso, os peruanos tamb\u00e9m chamaram a aten\u00e7\u00e3o dos empres\u00e1rios brasileiros para a independ\u00eancia do Banco Central do Peru e para o crescimento sustentado do pa\u00eds e as reservas internacionais que hoje est\u00e3o em 28% do PIB (no Brasil, s\u00e3o apenas 18%).<\/p>\n<div id=\"attachment_65270\" style=\"width: 2058px\" class=\"wp-caption alignnone\"><img data-recalc-dims=\"1\" loading=\"lazy\" decoding=\"async\" aria-describedby=\"caption-attachment-65270\" class=\"size-full wp-image-65270\" src=\"https:\/\/i0.wp.com\/verdadeon.com.br\/portal\/wp-content\/uploads\/2026\/03\/55142612883_4ad40f45fd_k.jpg?resize=1220%2C813&#038;ssl=1\" alt=\"\" width=\"1220\" height=\"813\" srcset=\"https:\/\/i0.wp.com\/verdadeon.com.br\/portal\/wp-content\/uploads\/2026\/03\/55142612883_4ad40f45fd_k.jpg?w=2048&amp;ssl=1 2048w, https:\/\/i0.wp.com\/verdadeon.com.br\/portal\/wp-content\/uploads\/2026\/03\/55142612883_4ad40f45fd_k.jpg?resize=300%2C200&amp;ssl=1 300w, https:\/\/i0.wp.com\/verdadeon.com.br\/portal\/wp-content\/uploads\/2026\/03\/55142612883_4ad40f45fd_k.jpg?resize=1024%2C683&amp;ssl=1 1024w, https:\/\/i0.wp.com\/verdadeon.com.br\/portal\/wp-content\/uploads\/2026\/03\/55142612883_4ad40f45fd_k.jpg?resize=768%2C512&amp;ssl=1 768w, https:\/\/i0.wp.com\/verdadeon.com.br\/portal\/wp-content\/uploads\/2026\/03\/55142612883_4ad40f45fd_k.jpg?resize=1536%2C1024&amp;ssl=1 1536w, https:\/\/i0.wp.com\/verdadeon.com.br\/portal\/wp-content\/uploads\/2026\/03\/55142612883_4ad40f45fd_k.jpg?resize=219%2C146&amp;ssl=1 219w, https:\/\/i0.wp.com\/verdadeon.com.br\/portal\/wp-content\/uploads\/2026\/03\/55142612883_4ad40f45fd_k.jpg?resize=50%2C33&amp;ssl=1 50w, https:\/\/i0.wp.com\/verdadeon.com.br\/portal\/wp-content\/uploads\/2026\/03\/55142612883_4ad40f45fd_k.jpg?resize=113%2C75&amp;ssl=1 113w\" sizes=\"auto, (max-width: 1220px) 100vw, 1220px\" \/><p id=\"caption-attachment-65270\" class=\"wp-caption-text\">(Ayrton Vignola\/Fiesp)<\/p><\/div>\n<p><strong>Pol\u00edtica<\/strong><\/p>\n<p>O diretor executivo da ProInversi\u00f3n Per\u00fa, Luiz del Carpio, destacou a confian\u00e7a democr\u00e1tica no Peru, com processo eleitoral este ano em dois turnos (abril e junho) e que, segundo ele, mant\u00e9m um clima de \u201ctranquilidade social e otimismo\u201d. De acordo com ele, h\u00e1 32 candidatos que ir\u00e3o disputar a presid\u00eancia, mas nenhum dos que lideram as pesquisas demonstra discordar da pol\u00edtica econ\u00f4mica atual.<\/p>\n<p>\u201cNos \u00faltimos anos, voc\u00eas sabem disso, o Peru passou por diversas mudan\u00e7as presidenciais, mas a ordem constitucional, o estado de direito e a pol\u00edtica econ\u00f4mica foram mantidos e sem altera\u00e7\u00f5es. Houve grande estabilidade dos indicadores macroecon\u00f4micos importantes e continuidade em institui\u00e7\u00f5es-chave, como o Banco Central, que \u00e9 plenamente independente e aut\u00f4nomo no Peru\u201d, disse Carpio. Ele tamb\u00e9m ressaltou que corpora\u00e7\u00f5es peruanas e brasileiras t\u00eam trabalhado nos \u00faltimos anos no aperfei\u00e7oamento de suas normas internas para o fortalecimento de seus c\u00f3digos de integridade e compliance.<\/p>\n","protected":false},"excerpt":{"rendered":"<p>\u2018Temos que pensar em como n\u00f3s, juntos, podemos integrar as cadeias produtivas e cadeias de fornecimento na Am\u00e9rica Latina para ganhar o mundo\u2019, diz presidente do<span class=\"excerpt-hellip\"> [\u2026]<\/span><\/p>\n","protected":false},"author":10,"featured_media":65268,"comment_status":"open","ping_status":"open","sticky":false,"template":"","format":"standard","meta":{"_jetpack_memberships_contains_paid_content":false,"footnotes":"","jetpack_publicize_message":"","jetpack_publicize_feature_enabled":true,"jetpack_social_post_already_shared":true,"jetpack_social_options":{"image_generator_settings":{"template":"highway","default_image_id":0,"enabled":false},"version":2}},"categories":[28,81],"tags":[],"class_list":["post-65267","post","type-post","status-publish","format-standard","has-post-thumbnail","hentry","category-cotidiano","category-manchete"],"yoast_head":"<!-- This site is optimized with the Yoast SEO plugin v25.6 - https:\/\/yoast.com\/wordpress\/plugins\/seo\/ -->\n<title>Ciesp e Fiesp recebem F\u00f3rum de Investimentos Brasil-Peru e debatem oportunidades de integra\u00e7\u00e3o e avan\u00e7os na log\u00edstica da Am\u00e9rica Latina - VerdadeOn<\/title>\n<meta name=\"robots\" content=\"index, follow, max-snippet:-1, max-image-preview:large, max-video-preview:-1\" \/>\n<link rel=\"canonical\" href=\"https:\/\/verdadeon.com.br\/portal\/2026\/03\/18\/ciesp-e-fiesp-recebem-forum-de-investimentos-brasil-peru-e-debatem-oportunidades-de-integracao-e-avancos-na-logistica-da-america-latina\/\" \/>\n<meta property=\"og:locale\" content=\"pt_BR\" \/>\n<meta property=\"og:type\" content=\"article\" \/>\n<meta property=\"og:title\" content=\"Ciesp e Fiesp recebem F\u00f3rum de Investimentos Brasil-Peru e debatem oportunidades de integra\u00e7\u00e3o e avan\u00e7os na log\u00edstica da Am\u00e9rica Latina - VerdadeOn\" \/>\n<meta property=\"og:description\" content=\"\u2018Temos que pensar em como n\u00f3s, juntos, podemos integrar as cadeias produtivas e cadeias de fornecimento na Am\u00e9rica Latina para ganhar o mundo\u2019, diz presidente do [\u2026]\" \/>\n<meta property=\"og:url\" content=\"https:\/\/verdadeon.com.br\/portal\/2026\/03\/18\/ciesp-e-fiesp-recebem-forum-de-investimentos-brasil-peru-e-debatem-oportunidades-de-integracao-e-avancos-na-logistica-da-america-latina\/\" \/>\n<meta property=\"og:site_name\" content=\"VerdadeOn\" \/>\n<meta property=\"article:published_time\" content=\"2026-03-18T14:12:39+00:00\" \/>\n<meta property=\"article:modified_time\" content=\"2026-03-18T14:13:57+00:00\" \/>\n<meta property=\"og:image\" content=\"https:\/\/verdadeon.com.br\/portal\/wp-content\/uploads\/2026\/03\/55141551567_779a4a23b0_k.jpg\" \/>\n\t<meta property=\"og:image:width\" content=\"2048\" \/>\n\t<meta property=\"og:image:height\" content=\"1365\" \/>\n\t<meta property=\"og:image:type\" content=\"image\/jpeg\" \/>\n<meta name=\"author\" content=\"Redacao VerdadeOn\" \/>\n<meta name=\"twitter:card\" content=\"summary_large_image\" \/>\n<meta name=\"twitter:label1\" content=\"Escrito por\" \/>\n\t<meta name=\"twitter:data1\" content=\"Redacao VerdadeOn\" \/>\n\t<meta name=\"twitter:label2\" content=\"Est. tempo de leitura\" \/>\n\t<meta name=\"twitter:data2\" content=\"5 minutos\" \/>\n<script type=\"application\/ld+json\" class=\"yoast-schema-graph\">{\"@context\":\"https:\/\/schema.org\",\"@graph\":[{\"@type\":\"WebPage\",\"@id\":\"https:\/\/verdadeon.com.br\/portal\/2026\/03\/18\/ciesp-e-fiesp-recebem-forum-de-investimentos-brasil-peru-e-debatem-oportunidades-de-integracao-e-avancos-na-logistica-da-america-latina\/\",\"url\":\"https:\/\/verdadeon.com.br\/portal\/2026\/03\/18\/ciesp-e-fiesp-recebem-forum-de-investimentos-brasil-peru-e-debatem-oportunidades-de-integracao-e-avancos-na-logistica-da-america-latina\/\",\"name\":\"Ciesp e Fiesp recebem F\u00f3rum de Investimentos Brasil-Peru e debatem oportunidades de integra\u00e7\u00e3o e avan\u00e7os na log\u00edstica da Am\u00e9rica Latina - VerdadeOn\",\"isPartOf\":{\"@id\":\"https:\/\/verdadeon.com.br\/portal\/#website\"},\"primaryImageOfPage\":{\"@id\":\"https:\/\/verdadeon.com.br\/portal\/2026\/03\/18\/ciesp-e-fiesp-recebem-forum-de-investimentos-brasil-peru-e-debatem-oportunidades-de-integracao-e-avancos-na-logistica-da-america-latina\/#primaryimage\"},\"image\":{\"@id\":\"https:\/\/verdadeon.com.br\/portal\/2026\/03\/18\/ciesp-e-fiesp-recebem-forum-de-investimentos-brasil-peru-e-debatem-oportunidades-de-integracao-e-avancos-na-logistica-da-america-latina\/#primaryimage\"},\"thumbnailUrl\":\"https:\/\/i0.wp.com\/verdadeon.com.br\/portal\/wp-content\/uploads\/2026\/03\/55141551567_779a4a23b0_k.jpg?fit=2048%2C1365&ssl=1\",\"datePublished\":\"2026-03-18T14:12:39+00:00\",\"dateModified\":\"2026-03-18T14:13:57+00:00\",\"author\":{\"@id\":\"https:\/\/verdadeon.com.br\/portal\/#\/schema\/person\/a5060ad1e9ea3df545188fc93ce43d2f\"},\"breadcrumb\":{\"@id\":\"https:\/\/verdadeon.com.br\/portal\/2026\/03\/18\/ciesp-e-fiesp-recebem-forum-de-investimentos-brasil-peru-e-debatem-oportunidades-de-integracao-e-avancos-na-logistica-da-america-latina\/#breadcrumb\"},\"inLanguage\":\"pt-BR\",\"potentialAction\":[{\"@type\":\"ReadAction\",\"target\":[\"https:\/\/verdadeon.com.br\/portal\/2026\/03\/18\/ciesp-e-fiesp-recebem-forum-de-investimentos-brasil-peru-e-debatem-oportunidades-de-integracao-e-avancos-na-logistica-da-america-latina\/\"]}]},{\"@type\":\"ImageObject\",\"inLanguage\":\"pt-BR\",\"@id\":\"https:\/\/verdadeon.com.br\/portal\/2026\/03\/18\/ciesp-e-fiesp-recebem-forum-de-investimentos-brasil-peru-e-debatem-oportunidades-de-integracao-e-avancos-na-logistica-da-america-latina\/#primaryimage\",\"url\":\"https:\/\/i0.wp.com\/verdadeon.com.br\/portal\/wp-content\/uploads\/2026\/03\/55141551567_779a4a23b0_k.jpg?fit=2048%2C1365&ssl=1\",\"contentUrl\":\"https:\/\/i0.wp.com\/verdadeon.com.br\/portal\/wp-content\/uploads\/2026\/03\/55141551567_779a4a23b0_k.jpg?fit=2048%2C1365&ssl=1\",\"width\":2048,\"height\":1365,\"caption\":\"(\u00a9Ayrton Vignola\/Fiesp)\"},{\"@type\":\"BreadcrumbList\",\"@id\":\"https:\/\/verdadeon.com.br\/portal\/2026\/03\/18\/ciesp-e-fiesp-recebem-forum-de-investimentos-brasil-peru-e-debatem-oportunidades-de-integracao-e-avancos-na-logistica-da-america-latina\/#breadcrumb\",\"itemListElement\":[{\"@type\":\"ListItem\",\"position\":1,\"name\":\"In\u00edcio\",\"item\":\"https:\/\/verdadeon.com.br\/portal\/\"},{\"@type\":\"ListItem\",\"position\":2,\"name\":\"Ciesp e Fiesp recebem F\u00f3rum de Investimentos Brasil-Peru e debatem oportunidades de integra\u00e7\u00e3o e avan\u00e7os na log\u00edstica da Am\u00e9rica Latina\"}]},{\"@type\":\"WebSite\",\"@id\":\"https:\/\/verdadeon.com.br\/portal\/#website\",\"url\":\"https:\/\/verdadeon.com.br\/portal\/\",\"name\":\"VerdadeOn\",\"description\":\"Not\u00edcias di\u00e1rias sobre Franca, Regi\u00e3o, Esporte, Cultura, Cotidiano, Colunas. Cobertura nos principais eventos da cidade \u00e9 aqui - Verdadeon Franca\",\"potentialAction\":[{\"@type\":\"SearchAction\",\"target\":{\"@type\":\"EntryPoint\",\"urlTemplate\":\"https:\/\/verdadeon.com.br\/portal\/?s={search_term_string}\"},\"query-input\":{\"@type\":\"PropertyValueSpecification\",\"valueRequired\":true,\"valueName\":\"search_term_string\"}}],\"inLanguage\":\"pt-BR\"},{\"@type\":\"Person\",\"@id\":\"https:\/\/verdadeon.com.br\/portal\/#\/schema\/person\/a5060ad1e9ea3df545188fc93ce43d2f\",\"name\":\"Redacao VerdadeOn\",\"image\":{\"@type\":\"ImageObject\",\"inLanguage\":\"pt-BR\",\"@id\":\"https:\/\/verdadeon.com.br\/portal\/#\/schema\/person\/image\/\",\"url\":\"https:\/\/secure.gravatar.com\/avatar\/459a9613caaaf07f582c3d0841eea68bdd66f533e465e6ba8b9cb45619572cf4?s=96&d=mm&r=g\",\"contentUrl\":\"https:\/\/secure.gravatar.com\/avatar\/459a9613caaaf07f582c3d0841eea68bdd66f533e465e6ba8b9cb45619572cf4?s=96&d=mm&r=g\",\"caption\":\"Redacao VerdadeOn\"},\"url\":\"https:\/\/verdadeon.com.br\/portal\/author\/redacao\/\"}]}<\/script>\n<!-- \/ Yoast SEO plugin. -->","yoast_head_json":{"title":"Ciesp e Fiesp recebem F\u00f3rum de Investimentos Brasil-Peru e debatem oportunidades de integra\u00e7\u00e3o e avan\u00e7os na log\u00edstica da Am\u00e9rica Latina - VerdadeOn","robots":{"index":"index","follow":"follow","max-snippet":"max-snippet:-1","max-image-preview":"max-image-preview:large","max-video-preview":"max-video-preview:-1"},"canonical":"https:\/\/verdadeon.com.br\/portal\/2026\/03\/18\/ciesp-e-fiesp-recebem-forum-de-investimentos-brasil-peru-e-debatem-oportunidades-de-integracao-e-avancos-na-logistica-da-america-latina\/","og_locale":"pt_BR","og_type":"article","og_title":"Ciesp e Fiesp recebem F\u00f3rum de Investimentos Brasil-Peru e debatem oportunidades de integra\u00e7\u00e3o e avan\u00e7os na log\u00edstica da Am\u00e9rica Latina - VerdadeOn","og_description":"\u2018Temos que pensar em como n\u00f3s, juntos, podemos integrar as cadeias produtivas e cadeias de fornecimento na Am\u00e9rica Latina para ganhar o mundo\u2019, diz presidente do [\u2026]","og_url":"https:\/\/verdadeon.com.br\/portal\/2026\/03\/18\/ciesp-e-fiesp-recebem-forum-de-investimentos-brasil-peru-e-debatem-oportunidades-de-integracao-e-avancos-na-logistica-da-america-latina\/","og_site_name":"VerdadeOn","article_published_time":"2026-03-18T14:12:39+00:00","article_modified_time":"2026-03-18T14:13:57+00:00","og_image":[{"width":2048,"height":1365,"url":"https:\/\/verdadeon.com.br\/portal\/wp-content\/uploads\/2026\/03\/55141551567_779a4a23b0_k.jpg","type":"image\/jpeg"}],"author":"Redacao VerdadeOn","twitter_card":"summary_large_image","twitter_misc":{"Escrito por":"Redacao VerdadeOn","Est. tempo de leitura":"5 minutos"},"schema":{"@context":"https:\/\/schema.org","@graph":[{"@type":"WebPage","@id":"https:\/\/verdadeon.com.br\/portal\/2026\/03\/18\/ciesp-e-fiesp-recebem-forum-de-investimentos-brasil-peru-e-debatem-oportunidades-de-integracao-e-avancos-na-logistica-da-america-latina\/","url":"https:\/\/verdadeon.com.br\/portal\/2026\/03\/18\/ciesp-e-fiesp-recebem-forum-de-investimentos-brasil-peru-e-debatem-oportunidades-de-integracao-e-avancos-na-logistica-da-america-latina\/","name":"Ciesp e Fiesp recebem F\u00f3rum de Investimentos Brasil-Peru e debatem oportunidades de integra\u00e7\u00e3o e avan\u00e7os na log\u00edstica da Am\u00e9rica Latina - VerdadeOn","isPartOf":{"@id":"https:\/\/verdadeon.com.br\/portal\/#website"},"primaryImageOfPage":{"@id":"https:\/\/verdadeon.com.br\/portal\/2026\/03\/18\/ciesp-e-fiesp-recebem-forum-de-investimentos-brasil-peru-e-debatem-oportunidades-de-integracao-e-avancos-na-logistica-da-america-latina\/#primaryimage"},"image":{"@id":"https:\/\/verdadeon.com.br\/portal\/2026\/03\/18\/ciesp-e-fiesp-recebem-forum-de-investimentos-brasil-peru-e-debatem-oportunidades-de-integracao-e-avancos-na-logistica-da-america-latina\/#primaryimage"},"thumbnailUrl":"https:\/\/i0.wp.com\/verdadeon.com.br\/portal\/wp-content\/uploads\/2026\/03\/55141551567_779a4a23b0_k.jpg?fit=2048%2C1365&ssl=1","datePublished":"2026-03-18T14:12:39+00:00","dateModified":"2026-03-18T14:13:57+00:00","author":{"@id":"https:\/\/verdadeon.com.br\/portal\/#\/schema\/person\/a5060ad1e9ea3df545188fc93ce43d2f"},"breadcrumb":{"@id":"https:\/\/verdadeon.com.br\/portal\/2026\/03\/18\/ciesp-e-fiesp-recebem-forum-de-investimentos-brasil-peru-e-debatem-oportunidades-de-integracao-e-avancos-na-logistica-da-america-latina\/#breadcrumb"},"inLanguage":"pt-BR","potentialAction":[{"@type":"ReadAction","target":["https:\/\/verdadeon.com.br\/portal\/2026\/03\/18\/ciesp-e-fiesp-recebem-forum-de-investimentos-brasil-peru-e-debatem-oportunidades-de-integracao-e-avancos-na-logistica-da-america-latina\/"]}]},{"@type":"ImageObject","inLanguage":"pt-BR","@id":"https:\/\/verdadeon.com.br\/portal\/2026\/03\/18\/ciesp-e-fiesp-recebem-forum-de-investimentos-brasil-peru-e-debatem-oportunidades-de-integracao-e-avancos-na-logistica-da-america-latina\/#primaryimage","url":"https:\/\/i0.wp.com\/verdadeon.com.br\/portal\/wp-content\/uploads\/2026\/03\/55141551567_779a4a23b0_k.jpg?fit=2048%2C1365&ssl=1","contentUrl":"https:\/\/i0.wp.com\/verdadeon.com.br\/portal\/wp-content\/uploads\/2026\/03\/55141551567_779a4a23b0_k.jpg?fit=2048%2C1365&ssl=1","width":2048,"height":1365,"caption":"(\u00a9Ayrton Vignola\/Fiesp)"},{"@type":"BreadcrumbList","@id":"https:\/\/verdadeon.com.br\/portal\/2026\/03\/18\/ciesp-e-fiesp-recebem-forum-de-investimentos-brasil-peru-e-debatem-oportunidades-de-integracao-e-avancos-na-logistica-da-america-latina\/#breadcrumb","itemListElement":[{"@type":"ListItem","position":1,"name":"In\u00edcio","item":"https:\/\/verdadeon.com.br\/portal\/"},{"@type":"ListItem","position":2,"name":"Ciesp e Fiesp recebem F\u00f3rum de Investimentos Brasil-Peru e debatem oportunidades de integra\u00e7\u00e3o e avan\u00e7os na log\u00edstica da Am\u00e9rica Latina"}]},{"@type":"WebSite","@id":"https:\/\/verdadeon.com.br\/portal\/#website","url":"https:\/\/verdadeon.com.br\/portal\/","name":"VerdadeOn","description":"Not\u00edcias di\u00e1rias sobre Franca, Regi\u00e3o, Esporte, Cultura, Cotidiano, Colunas. Cobertura nos principais eventos da cidade \u00e9 aqui - Verdadeon Franca","potentialAction":[{"@type":"SearchAction","target":{"@type":"EntryPoint","urlTemplate":"https:\/\/verdadeon.com.br\/portal\/?s={search_term_string}"},"query-input":{"@type":"PropertyValueSpecification","valueRequired":true,"valueName":"search_term_string"}}],"inLanguage":"pt-BR"},{"@type":"Person","@id":"https:\/\/verdadeon.com.br\/portal\/#\/schema\/person\/a5060ad1e9ea3df545188fc93ce43d2f","name":"Redacao VerdadeOn","image":{"@type":"ImageObject","inLanguage":"pt-BR","@id":"https:\/\/verdadeon.com.br\/portal\/#\/schema\/person\/image\/","url":"https:\/\/secure.gravatar.com\/avatar\/459a9613caaaf07f582c3d0841eea68bdd66f533e465e6ba8b9cb45619572cf4?s=96&d=mm&r=g","contentUrl":"https:\/\/secure.gravatar.com\/avatar\/459a9613caaaf07f582c3d0841eea68bdd66f533e465e6ba8b9cb45619572cf4?s=96&d=mm&r=g","caption":"Redacao VerdadeOn"},"url":"https:\/\/verdadeon.com.br\/portal\/author\/redacao\/"}]}},"jetpack_publicize_connections":[],"jetpack_featured_media_url":"https:\/\/i0.wp.com\/verdadeon.com.br\/portal\/wp-content\/uploads\/2026\/03\/55141551567_779a4a23b0_k.jpg?fit=2048%2C1365&ssl=1","jetpack_sharing_enabled":true,"_links":{"self":[{"href":"https:\/\/verdadeon.com.br\/portal\/wp-json\/wp\/v2\/posts\/65267","targetHints":{"allow":["GET"]}}],"collection":[{"href":"https:\/\/verdadeon.com.br\/portal\/wp-json\/wp\/v2\/posts"}],"about":[{"href":"https:\/\/verdadeon.com.br\/portal\/wp-json\/wp\/v2\/types\/post"}],"author":[{"embeddable":true,"href":"https:\/\/verdadeon.com.br\/portal\/wp-json\/wp\/v2\/users\/10"}],"replies":[{"embeddable":true,"href":"https:\/\/verdadeon.com.br\/portal\/wp-json\/wp\/v2\/comments?post=65267"}],"version-history":[{"count":1,"href":"https:\/\/verdadeon.com.br\/portal\/wp-json\/wp\/v2\/posts\/65267\/revisions"}],"predecessor-version":[{"id":65271,"href":"https:\/\/verdadeon.com.br\/portal\/wp-json\/wp\/v2\/posts\/65267\/revisions\/65271"}],"wp:featuredmedia":[{"embeddable":true,"href":"https:\/\/verdadeon.com.br\/portal\/wp-json\/wp\/v2\/media\/65268"}],"wp:attachment":[{"href":"https:\/\/verdadeon.com.br\/portal\/wp-json\/wp\/v2\/media?parent=65267"}],"wp:term":[{"taxonomy":"category","embeddable":true,"href":"https:\/\/verdadeon.com.br\/portal\/wp-json\/wp\/v2\/categories?post=65267"},{"taxonomy":"post_tag","embeddable":true,"href":"https:\/\/verdadeon.com.br\/portal\/wp-json\/wp\/v2\/tags?post=65267"}],"curies":[{"name":"wp","href":"https:\/\/api.w.org\/{rel}","templated":true}]}}