{"id":65254,"date":"2026-03-14T22:14:31","date_gmt":"2026-03-15T01:14:31","guid":{"rendered":"https:\/\/verdadeon.com.br\/portal\/?p=65254"},"modified":"2026-03-14T22:14:31","modified_gmt":"2026-03-15T01:14:31","slug":"14-de-marco-a-etica-da-senciencia-e-o-amadurecimento-do-direito-animal-no-brasil","status":"publish","type":"post","link":"https:\/\/verdadeon.com.br\/portal\/2026\/03\/14\/14-de-marco-a-etica-da-senciencia-e-o-amadurecimento-do-direito-animal-no-brasil\/","title":{"rendered":"14 de Mar\u00e7o: A \u00c9tica da Senci\u00eancia e o Amadurecimento do Direito Animal no Brasil"},"content":{"rendered":"<p>Neste 14 de mar\u00e7o, celebramos o Dia Nacional dos Animais. Para muitos, a data pode parecer apenas um convite \u00e0 contempla\u00e7\u00e3o da fauna ou ao afeto dom\u00e9stico. No entanto, sob as lentes do Direito Animalista, esta data carrega o simbolismo de uma das transi\u00e7\u00f5es \u00e9ticas e jur\u00eddicas mais profundas do s\u00e9culo XXI: a passagem do animal de &#8220;coisa&#8221; para &#8220;sujeito de direitos&#8221;.<\/p>\n<p>\u200bPor muito tempo, a humanidade enxergou os animais como meros recursos, ferramentas de trabalho ou ornamentos para o nosso entretenimento. Por\u00e9m o avan\u00e7o da ci\u00eancia e a evolu\u00e7\u00e3o da nossa sensibilidade moral nos imp\u00f5em uma verdade inadi\u00e1vel: <strong>animais s\u00e3o seres sencientes<\/strong>. Eles sentem dor, medo, alegria e possuem um interesse intr\u00ednseco em continuar vivendo.<\/p>\n<p>\u200bN\u00e3o se trata apenas de uma quest\u00e3o sentimentalista. Estudos modernos de neurobiologia confirmam que a estrutura f\u00edsica necess\u00e1ria para o processamento de emo\u00e7\u00f5es est\u00e1 presente em grande parte das esp\u00e9cies. Quando ignoramos o sofrimento de um animal em prol do lucro ou do conforto humano, cometemos uma falha \u00e9tica que a hist\u00f3ria futuramente julgar\u00e1 com o mesmo rigor que hoje julgamos outras injusti\u00e7as do passado.<\/p>\n<p><strong>\u200bPara mudar essa realidade, precisamos de tr\u00eas movimentos simult\u00e2neos:<\/strong><\/p>\n<ul>\n<li>\u200b<strong>Educa\u00e7\u00e3o Humanit\u00e1ria:<\/strong> Ensinar \u00e0s novas gera\u00e7\u00f5es que o respeito \u00e0 vida n\u00e3o termina na fronteira da nossa esp\u00e9cie.<\/li>\n<li>\u200b<strong>Reforma Legislativa:<\/strong> Transmudar o status jur\u00eddico dos animais de &#8220;coisas\/bens&#8221; para &#8220;sujeitos de direitos&#8221; protegidos pelo Estado.<\/li>\n<li>\u200b<strong>Consumo Consciente:<\/strong> Refletir sobre o impacto de nossas escolhas di\u00e1rias \u2014 desde a alimenta\u00e7\u00e3o at\u00e9 o vestu\u00e1rio \u2014 que muitas vezes financiam ciclos de crueldade invis\u00edveis.<\/li>\n<\/ul>\n<p><strong>Do Artigo 225 \u00e0 &#8220;Lei Sans\u00e3o&#8221;: A Import\u00e2ncia Efetiva da Data<\/strong><\/p>\n<p>No campo jur\u00eddico, o 14 de mar\u00e7o serve como um term\u00f4metro da efic\u00e1cia das nossas leis. \u00c9 o momento de avaliarmos se o mandamento constitucional do Artigo 225, \u00a71\u00ba, inciso VII \u2014 que veda a crueldade \u2014 est\u00e1 sendo cumprido pelo Poder Judici\u00e1rio e pelo Executivo.<\/p>\n<p>A data ganha contornos de urg\u00eancia quando analisamos avan\u00e7os como a Lei Sans\u00e3o (Lei 14.064\/20), que endureceu as penas para maus-tratos a c\u00e3es e gatos. Mas, como operadora do Direito, sei que a lei no papel \u00e9 apenas o primeiro passo. A efetividade real do 14 de mar\u00e7o reside na nossa capacidade de combater a Invisibilidade; provocar os tribunais para que reconhe\u00e7am as &#8220;fam\u00edlias multiesp\u00e9cie&#8221; e a dignidade animal como um valor jur\u00eddico aut\u00f4nomo; cobrar que o Estado e os munic\u00edpios implementem pol\u00edticas de controle populacional e\u00a0 respeitem os direitos de cada esp\u00e9cie.<\/p>\n<p><strong>A Voz de Quem N\u00e3o Pode Peticionar<\/strong><\/p>\n<p>Ser advogada animalista \u00e9, em \u00faltima inst\u00e2ncia, ser a voz de quem n\u00e3o pode peticionar em causa pr\u00f3pria. O 14 de mar\u00e7o nos convoca a refletir sobre a nossa responsabilidade civilizat\u00f3ria. Uma sociedade que ignora a dor de um animal \u00e9 uma sociedade que ainda n\u00e3o compreendeu o verdadeiro significado de justi\u00e7a.<\/p>\n<p>Que este dia seja um manifesto pela aplica\u00e7\u00e3o rigorosa das leis ambientais e um lembrete de que o Direito Animal n\u00e3o \u00e9 uma &#8220;causa menor&#8221;, mas o reflexo de uma humanidade que decidiu evoluir da explora\u00e7\u00e3o para a compaix\u00e3o.<\/p>\n","protected":false},"excerpt":{"rendered":"<p>Neste 14 de mar\u00e7o, celebramos o Dia Nacional dos Animais. Para muitos, a data pode parecer apenas um convite \u00e0 contempla\u00e7\u00e3o da fauna ou ao afeto<span class=\"excerpt-hellip\"> [\u2026]<\/span><\/p>\n","protected":false},"author":10,"featured_media":65255,"comment_status":"open","ping_status":"open","sticky":false,"template":"","format":"standard","meta":{"_jetpack_memberships_contains_paid_content":false,"footnotes":"","jetpack_publicize_message":"","jetpack_publicize_feature_enabled":true,"jetpack_social_post_already_shared":true,"jetpack_social_options":{"image_generator_settings":{"template":"highway","default_image_id":0,"enabled":false},"version":2}},"categories":[28,44],"tags":[],"class_list":["post-65254","post","type-post","status-publish","format-standard","has-post-thumbnail","hentry","category-cotidiano","category-noticias"],"yoast_head":"<!-- This site is optimized with the Yoast SEO plugin v25.6 - https:\/\/yoast.com\/wordpress\/plugins\/seo\/ -->\n<title>14 de Mar\u00e7o: A \u00c9tica da Senci\u00eancia e o Amadurecimento do Direito Animal no Brasil - VerdadeOn<\/title>\n<meta name=\"robots\" content=\"index, follow, max-snippet:-1, max-image-preview:large, max-video-preview:-1\" \/>\n<link rel=\"canonical\" href=\"https:\/\/verdadeon.com.br\/portal\/2026\/03\/14\/14-de-marco-a-etica-da-senciencia-e-o-amadurecimento-do-direito-animal-no-brasil\/\" \/>\n<meta property=\"og:locale\" content=\"pt_BR\" \/>\n<meta property=\"og:type\" content=\"article\" \/>\n<meta property=\"og:title\" content=\"14 de Mar\u00e7o: A \u00c9tica da Senci\u00eancia e o Amadurecimento do Direito Animal no Brasil - VerdadeOn\" \/>\n<meta property=\"og:description\" content=\"Neste 14 de mar\u00e7o, celebramos o Dia Nacional dos Animais. Para muitos, a data pode parecer apenas um convite \u00e0 contempla\u00e7\u00e3o da fauna ou ao afeto [\u2026]\" \/>\n<meta property=\"og:url\" content=\"https:\/\/verdadeon.com.br\/portal\/2026\/03\/14\/14-de-marco-a-etica-da-senciencia-e-o-amadurecimento-do-direito-animal-no-brasil\/\" \/>\n<meta property=\"og:site_name\" content=\"VerdadeOn\" \/>\n<meta property=\"article:published_time\" content=\"2026-03-15T01:14:31+00:00\" \/>\n<meta property=\"og:image\" content=\"https:\/\/verdadeon.com.br\/portal\/wp-content\/uploads\/2026\/03\/WhatsApp-Image-2026-03-14-at-17.54.48.jpeg\" \/>\n\t<meta property=\"og:image:width\" content=\"853\" \/>\n\t<meta property=\"og:image:height\" content=\"815\" \/>\n\t<meta property=\"og:image:type\" content=\"image\/jpeg\" \/>\n<meta name=\"author\" content=\"Redacao VerdadeOn\" \/>\n<meta name=\"twitter:card\" content=\"summary_large_image\" \/>\n<meta name=\"twitter:label1\" content=\"Escrito por\" \/>\n\t<meta name=\"twitter:data1\" content=\"Redacao VerdadeOn\" \/>\n\t<meta name=\"twitter:label2\" content=\"Est. tempo de leitura\" \/>\n\t<meta name=\"twitter:data2\" content=\"3 minutos\" \/>\n<script type=\"application\/ld+json\" class=\"yoast-schema-graph\">{\"@context\":\"https:\/\/schema.org\",\"@graph\":[{\"@type\":\"WebPage\",\"@id\":\"https:\/\/verdadeon.com.br\/portal\/2026\/03\/14\/14-de-marco-a-etica-da-senciencia-e-o-amadurecimento-do-direito-animal-no-brasil\/\",\"url\":\"https:\/\/verdadeon.com.br\/portal\/2026\/03\/14\/14-de-marco-a-etica-da-senciencia-e-o-amadurecimento-do-direito-animal-no-brasil\/\",\"name\":\"14 de Mar\u00e7o: A \u00c9tica da Senci\u00eancia e o Amadurecimento do Direito Animal no Brasil - VerdadeOn\",\"isPartOf\":{\"@id\":\"https:\/\/verdadeon.com.br\/portal\/#website\"},\"primaryImageOfPage\":{\"@id\":\"https:\/\/verdadeon.com.br\/portal\/2026\/03\/14\/14-de-marco-a-etica-da-senciencia-e-o-amadurecimento-do-direito-animal-no-brasil\/#primaryimage\"},\"image\":{\"@id\":\"https:\/\/verdadeon.com.br\/portal\/2026\/03\/14\/14-de-marco-a-etica-da-senciencia-e-o-amadurecimento-do-direito-animal-no-brasil\/#primaryimage\"},\"thumbnailUrl\":\"https:\/\/i0.wp.com\/verdadeon.com.br\/portal\/wp-content\/uploads\/2026\/03\/WhatsApp-Image-2026-03-14-at-17.54.48.jpeg?fit=853%2C815&ssl=1\",\"datePublished\":\"2026-03-15T01:14:31+00:00\",\"author\":{\"@id\":\"https:\/\/verdadeon.com.br\/portal\/#\/schema\/person\/a5060ad1e9ea3df545188fc93ce43d2f\"},\"breadcrumb\":{\"@id\":\"https:\/\/verdadeon.com.br\/portal\/2026\/03\/14\/14-de-marco-a-etica-da-senciencia-e-o-amadurecimento-do-direito-animal-no-brasil\/#breadcrumb\"},\"inLanguage\":\"pt-BR\",\"potentialAction\":[{\"@type\":\"ReadAction\",\"target\":[\"https:\/\/verdadeon.com.br\/portal\/2026\/03\/14\/14-de-marco-a-etica-da-senciencia-e-o-amadurecimento-do-direito-animal-no-brasil\/\"]}]},{\"@type\":\"ImageObject\",\"inLanguage\":\"pt-BR\",\"@id\":\"https:\/\/verdadeon.com.br\/portal\/2026\/03\/14\/14-de-marco-a-etica-da-senciencia-e-o-amadurecimento-do-direito-animal-no-brasil\/#primaryimage\",\"url\":\"https:\/\/i0.wp.com\/verdadeon.com.br\/portal\/wp-content\/uploads\/2026\/03\/WhatsApp-Image-2026-03-14-at-17.54.48.jpeg?fit=853%2C815&ssl=1\",\"contentUrl\":\"https:\/\/i0.wp.com\/verdadeon.com.br\/portal\/wp-content\/uploads\/2026\/03\/WhatsApp-Image-2026-03-14-at-17.54.48.jpeg?fit=853%2C815&ssl=1\",\"width\":853,\"height\":815,\"caption\":\"(Divulga\u00e7\u00e3o)\"},{\"@type\":\"BreadcrumbList\",\"@id\":\"https:\/\/verdadeon.com.br\/portal\/2026\/03\/14\/14-de-marco-a-etica-da-senciencia-e-o-amadurecimento-do-direito-animal-no-brasil\/#breadcrumb\",\"itemListElement\":[{\"@type\":\"ListItem\",\"position\":1,\"name\":\"In\u00edcio\",\"item\":\"https:\/\/verdadeon.com.br\/portal\/\"},{\"@type\":\"ListItem\",\"position\":2,\"name\":\"14 de Mar\u00e7o: A \u00c9tica da Senci\u00eancia e o Amadurecimento do Direito Animal no Brasil\"}]},{\"@type\":\"WebSite\",\"@id\":\"https:\/\/verdadeon.com.br\/portal\/#website\",\"url\":\"https:\/\/verdadeon.com.br\/portal\/\",\"name\":\"VerdadeOn\",\"description\":\"Not\u00edcias di\u00e1rias sobre Franca, Regi\u00e3o, Esporte, Cultura, Cotidiano, Colunas. Cobertura nos principais eventos da cidade \u00e9 aqui - Verdadeon Franca\",\"potentialAction\":[{\"@type\":\"SearchAction\",\"target\":{\"@type\":\"EntryPoint\",\"urlTemplate\":\"https:\/\/verdadeon.com.br\/portal\/?s={search_term_string}\"},\"query-input\":{\"@type\":\"PropertyValueSpecification\",\"valueRequired\":true,\"valueName\":\"search_term_string\"}}],\"inLanguage\":\"pt-BR\"},{\"@type\":\"Person\",\"@id\":\"https:\/\/verdadeon.com.br\/portal\/#\/schema\/person\/a5060ad1e9ea3df545188fc93ce43d2f\",\"name\":\"Redacao VerdadeOn\",\"image\":{\"@type\":\"ImageObject\",\"inLanguage\":\"pt-BR\",\"@id\":\"https:\/\/verdadeon.com.br\/portal\/#\/schema\/person\/image\/\",\"url\":\"https:\/\/secure.gravatar.com\/avatar\/459a9613caaaf07f582c3d0841eea68bdd66f533e465e6ba8b9cb45619572cf4?s=96&d=mm&r=g\",\"contentUrl\":\"https:\/\/secure.gravatar.com\/avatar\/459a9613caaaf07f582c3d0841eea68bdd66f533e465e6ba8b9cb45619572cf4?s=96&d=mm&r=g\",\"caption\":\"Redacao VerdadeOn\"},\"url\":\"https:\/\/verdadeon.com.br\/portal\/author\/redacao\/\"}]}<\/script>\n<!-- \/ Yoast SEO plugin. -->","yoast_head_json":{"title":"14 de Mar\u00e7o: A \u00c9tica da Senci\u00eancia e o Amadurecimento do Direito Animal no Brasil - VerdadeOn","robots":{"index":"index","follow":"follow","max-snippet":"max-snippet:-1","max-image-preview":"max-image-preview:large","max-video-preview":"max-video-preview:-1"},"canonical":"https:\/\/verdadeon.com.br\/portal\/2026\/03\/14\/14-de-marco-a-etica-da-senciencia-e-o-amadurecimento-do-direito-animal-no-brasil\/","og_locale":"pt_BR","og_type":"article","og_title":"14 de Mar\u00e7o: A \u00c9tica da Senci\u00eancia e o Amadurecimento do Direito Animal no Brasil - VerdadeOn","og_description":"Neste 14 de mar\u00e7o, celebramos o Dia Nacional dos Animais. Para muitos, a data pode parecer apenas um convite \u00e0 contempla\u00e7\u00e3o da fauna ou ao afeto [\u2026]","og_url":"https:\/\/verdadeon.com.br\/portal\/2026\/03\/14\/14-de-marco-a-etica-da-senciencia-e-o-amadurecimento-do-direito-animal-no-brasil\/","og_site_name":"VerdadeOn","article_published_time":"2026-03-15T01:14:31+00:00","og_image":[{"width":853,"height":815,"url":"https:\/\/verdadeon.com.br\/portal\/wp-content\/uploads\/2026\/03\/WhatsApp-Image-2026-03-14-at-17.54.48.jpeg","type":"image\/jpeg"}],"author":"Redacao VerdadeOn","twitter_card":"summary_large_image","twitter_misc":{"Escrito por":"Redacao VerdadeOn","Est. tempo de leitura":"3 minutos"},"schema":{"@context":"https:\/\/schema.org","@graph":[{"@type":"WebPage","@id":"https:\/\/verdadeon.com.br\/portal\/2026\/03\/14\/14-de-marco-a-etica-da-senciencia-e-o-amadurecimento-do-direito-animal-no-brasil\/","url":"https:\/\/verdadeon.com.br\/portal\/2026\/03\/14\/14-de-marco-a-etica-da-senciencia-e-o-amadurecimento-do-direito-animal-no-brasil\/","name":"14 de Mar\u00e7o: A \u00c9tica da Senci\u00eancia e o Amadurecimento do Direito Animal no Brasil - VerdadeOn","isPartOf":{"@id":"https:\/\/verdadeon.com.br\/portal\/#website"},"primaryImageOfPage":{"@id":"https:\/\/verdadeon.com.br\/portal\/2026\/03\/14\/14-de-marco-a-etica-da-senciencia-e-o-amadurecimento-do-direito-animal-no-brasil\/#primaryimage"},"image":{"@id":"https:\/\/verdadeon.com.br\/portal\/2026\/03\/14\/14-de-marco-a-etica-da-senciencia-e-o-amadurecimento-do-direito-animal-no-brasil\/#primaryimage"},"thumbnailUrl":"https:\/\/i0.wp.com\/verdadeon.com.br\/portal\/wp-content\/uploads\/2026\/03\/WhatsApp-Image-2026-03-14-at-17.54.48.jpeg?fit=853%2C815&ssl=1","datePublished":"2026-03-15T01:14:31+00:00","author":{"@id":"https:\/\/verdadeon.com.br\/portal\/#\/schema\/person\/a5060ad1e9ea3df545188fc93ce43d2f"},"breadcrumb":{"@id":"https:\/\/verdadeon.com.br\/portal\/2026\/03\/14\/14-de-marco-a-etica-da-senciencia-e-o-amadurecimento-do-direito-animal-no-brasil\/#breadcrumb"},"inLanguage":"pt-BR","potentialAction":[{"@type":"ReadAction","target":["https:\/\/verdadeon.com.br\/portal\/2026\/03\/14\/14-de-marco-a-etica-da-senciencia-e-o-amadurecimento-do-direito-animal-no-brasil\/"]}]},{"@type":"ImageObject","inLanguage":"pt-BR","@id":"https:\/\/verdadeon.com.br\/portal\/2026\/03\/14\/14-de-marco-a-etica-da-senciencia-e-o-amadurecimento-do-direito-animal-no-brasil\/#primaryimage","url":"https:\/\/i0.wp.com\/verdadeon.com.br\/portal\/wp-content\/uploads\/2026\/03\/WhatsApp-Image-2026-03-14-at-17.54.48.jpeg?fit=853%2C815&ssl=1","contentUrl":"https:\/\/i0.wp.com\/verdadeon.com.br\/portal\/wp-content\/uploads\/2026\/03\/WhatsApp-Image-2026-03-14-at-17.54.48.jpeg?fit=853%2C815&ssl=1","width":853,"height":815,"caption":"(Divulga\u00e7\u00e3o)"},{"@type":"BreadcrumbList","@id":"https:\/\/verdadeon.com.br\/portal\/2026\/03\/14\/14-de-marco-a-etica-da-senciencia-e-o-amadurecimento-do-direito-animal-no-brasil\/#breadcrumb","itemListElement":[{"@type":"ListItem","position":1,"name":"In\u00edcio","item":"https:\/\/verdadeon.com.br\/portal\/"},{"@type":"ListItem","position":2,"name":"14 de Mar\u00e7o: A \u00c9tica da Senci\u00eancia e o Amadurecimento do Direito Animal no Brasil"}]},{"@type":"WebSite","@id":"https:\/\/verdadeon.com.br\/portal\/#website","url":"https:\/\/verdadeon.com.br\/portal\/","name":"VerdadeOn","description":"Not\u00edcias di\u00e1rias sobre Franca, Regi\u00e3o, Esporte, Cultura, Cotidiano, Colunas. Cobertura nos principais eventos da cidade \u00e9 aqui - Verdadeon Franca","potentialAction":[{"@type":"SearchAction","target":{"@type":"EntryPoint","urlTemplate":"https:\/\/verdadeon.com.br\/portal\/?s={search_term_string}"},"query-input":{"@type":"PropertyValueSpecification","valueRequired":true,"valueName":"search_term_string"}}],"inLanguage":"pt-BR"},{"@type":"Person","@id":"https:\/\/verdadeon.com.br\/portal\/#\/schema\/person\/a5060ad1e9ea3df545188fc93ce43d2f","name":"Redacao VerdadeOn","image":{"@type":"ImageObject","inLanguage":"pt-BR","@id":"https:\/\/verdadeon.com.br\/portal\/#\/schema\/person\/image\/","url":"https:\/\/secure.gravatar.com\/avatar\/459a9613caaaf07f582c3d0841eea68bdd66f533e465e6ba8b9cb45619572cf4?s=96&d=mm&r=g","contentUrl":"https:\/\/secure.gravatar.com\/avatar\/459a9613caaaf07f582c3d0841eea68bdd66f533e465e6ba8b9cb45619572cf4?s=96&d=mm&r=g","caption":"Redacao VerdadeOn"},"url":"https:\/\/verdadeon.com.br\/portal\/author\/redacao\/"}]}},"jetpack_publicize_connections":[],"jetpack_featured_media_url":"https:\/\/i0.wp.com\/verdadeon.com.br\/portal\/wp-content\/uploads\/2026\/03\/WhatsApp-Image-2026-03-14-at-17.54.48.jpeg?fit=853%2C815&ssl=1","jetpack_sharing_enabled":true,"_links":{"self":[{"href":"https:\/\/verdadeon.com.br\/portal\/wp-json\/wp\/v2\/posts\/65254","targetHints":{"allow":["GET"]}}],"collection":[{"href":"https:\/\/verdadeon.com.br\/portal\/wp-json\/wp\/v2\/posts"}],"about":[{"href":"https:\/\/verdadeon.com.br\/portal\/wp-json\/wp\/v2\/types\/post"}],"author":[{"embeddable":true,"href":"https:\/\/verdadeon.com.br\/portal\/wp-json\/wp\/v2\/users\/10"}],"replies":[{"embeddable":true,"href":"https:\/\/verdadeon.com.br\/portal\/wp-json\/wp\/v2\/comments?post=65254"}],"version-history":[{"count":1,"href":"https:\/\/verdadeon.com.br\/portal\/wp-json\/wp\/v2\/posts\/65254\/revisions"}],"predecessor-version":[{"id":65256,"href":"https:\/\/verdadeon.com.br\/portal\/wp-json\/wp\/v2\/posts\/65254\/revisions\/65256"}],"wp:featuredmedia":[{"embeddable":true,"href":"https:\/\/verdadeon.com.br\/portal\/wp-json\/wp\/v2\/media\/65255"}],"wp:attachment":[{"href":"https:\/\/verdadeon.com.br\/portal\/wp-json\/wp\/v2\/media?parent=65254"}],"wp:term":[{"taxonomy":"category","embeddable":true,"href":"https:\/\/verdadeon.com.br\/portal\/wp-json\/wp\/v2\/categories?post=65254"},{"taxonomy":"post_tag","embeddable":true,"href":"https:\/\/verdadeon.com.br\/portal\/wp-json\/wp\/v2\/tags?post=65254"}],"curies":[{"name":"wp","href":"https:\/\/api.w.org\/{rel}","templated":true}]}}