{"id":65251,"date":"2026-03-14T14:26:37","date_gmt":"2026-03-14T17:26:37","guid":{"rendered":"https:\/\/verdadeon.com.br\/portal\/?p=65251"},"modified":"2026-03-14T14:26:37","modified_gmt":"2026-03-14T17:26:37","slug":"nem-todo-neto-tem-direito-a-pensao-do-inss-lei-exige-guarda-judicial-para-garantir-o-beneficio","status":"publish","type":"post","link":"https:\/\/verdadeon.com.br\/portal\/2026\/03\/14\/nem-todo-neto-tem-direito-a-pensao-do-inss-lei-exige-guarda-judicial-para-garantir-o-beneficio\/","title":{"rendered":"Nem todo neto tem direito \u00e0 pens\u00e3o do INSS: lei exige guarda judicial para garantir o benef\u00edcio"},"content":{"rendered":"<h2 style=\"font-weight: 400;\">Nova lei equipara dependentes a filhos para fins de benef\u00edcios do INSS e amplia prote\u00e7\u00e3o a diferentes arranjos familiares<\/h2>\n<p style=\"font-weight: 400;\">Fam\u00edlias brasileiras que criam crian\u00e7as e adolescentes fora do modelo tradicional passam a contar com maior seguran\u00e7a jur\u00eddica na Previd\u00eancia Social. A Lei 15.108\/2025 alterou o artigo 16 da Lei 8.213\/91 e passou a reconhecer enteados, menores sob tutela e menores sob guarda judicial como dependentes equiparados a filhos para fins previdenci\u00e1rios.<\/p>\n<p style=\"font-weight: 400;\">Com a mudan\u00e7a, esses menores podem acessar benef\u00edcios pagos pelo Instituto Nacional do Seguro Social, como pens\u00e3o por morte e outros aux\u00edlios vinculados \u00e0 depend\u00eancia econ\u00f4mica do segurado. A regra vale desde que exista declara\u00e7\u00e3o formal do segurado e comprova\u00e7\u00e3o de que o menor n\u00e3o possui meios pr\u00f3prios de sustento ou condi\u00e7\u00f5es de arcar com a pr\u00f3pria educa\u00e7\u00e3o.<\/p>\n<p style=\"font-weight: 400;\">Na pr\u00e1tica, a medida tamb\u00e9m alcan\u00e7a situa\u00e7\u00f5es comuns no pa\u00eds, como av\u00f3s que assumem a cria\u00e7\u00e3o de netos ou padrastos e madrastas que exercem papel de respons\u00e1veis legais no dia a dia.<\/p>\n<p style=\"font-weight: 400;\">De acordo com o advogado previdenci\u00e1rio e trabalhista, Dr. M\u00e1rcio Coelho, a atualiza\u00e7\u00e3o da lei consolida uma realidade que j\u00e1 vinha sendo reconhecida pelos tribunais. \u201cA Lei 15.108\/25 alterou o artigo 16 da Lei 8.213\/91 e passou a prever expressamente que o enteado, o menor sob tutela e o menor sob guarda judicial se equiparam a filho, desde que haja declara\u00e7\u00e3o do segurado e que o menor n\u00e3o tenha condi\u00e7\u00f5es de garantir o pr\u00f3prio sustento e educa\u00e7\u00e3o\u201d, explica.<\/p>\n<p style=\"font-weight: 400;\">Segundo o especialista, a nova reda\u00e7\u00e3o tamb\u00e9m abre caminho para que netos dependentes possam receber pens\u00e3o previdenci\u00e1ria deixada pelos av\u00f3s, desde que seja comprovada a rela\u00e7\u00e3o de depend\u00eancia econ\u00f4mica. \u201cEm muitas situa\u00e7\u00f5es, os netos j\u00e1 viviam como dependentes dos av\u00f3s e a Justi\u00e7a reconhecia esse v\u00ednculo mesmo antes da altera\u00e7\u00e3o da lei. A jurisprud\u00eancia j\u00e1 caminhava nesse sentido. Agora, o tema ganha previs\u00e3o legal clara, o que traz mais seguran\u00e7a para as fam\u00edlias e para quem depende desses benef\u00edcios\u201d, afirma o advogado.<\/p>\n<p style=\"font-weight: 400;\">Para o especialista, a mudan\u00e7a acompanha transforma\u00e7\u00f5es sociais que h\u00e1 anos fazem parte da realidade brasileira. \u201c\u00c9 um avan\u00e7o importante, porque reconhece juridicamente arranjos familiares que j\u00e1 existem na pr\u00e1tica. Muitos av\u00f3s criam netos como filhos e muitos menores vivem sob guarda ou tutela de familiares. A legisla\u00e7\u00e3o precisava refletir essa realidade\u201d, conclui.<\/p>\n<p style=\"font-weight: 400;\">Fam\u00edlias brasileiras que criam crian\u00e7as e adolescentes fora do modelo tradicional passam a contar com maior seguran\u00e7a jur\u00eddica na Previd\u00eancia Social. A Lei 15.108\/2025 alterou o artigo 16 da Lei 8.213\/91 e passou a reconhecer enteados, menores sob tutela e menores sob guarda judicial como dependentes equiparados a filhos para fins previdenci\u00e1rios.<\/p>\n<p style=\"font-weight: 400;\">Com a mudan\u00e7a, esses menores podem acessar benef\u00edcios pagos pelo Instituto Nacional do Seguro Social, como pens\u00e3o por morte e outros aux\u00edlios vinculados \u00e0 depend\u00eancia econ\u00f4mica do segurado. A regra vale desde que exista declara\u00e7\u00e3o formal do segurado e comprova\u00e7\u00e3o de que o menor n\u00e3o possui meios pr\u00f3prios de sustento ou condi\u00e7\u00f5es de arcar com a pr\u00f3pria educa\u00e7\u00e3o.<\/p>\n<p style=\"font-weight: 400;\">Na pr\u00e1tica, a medida tamb\u00e9m alcan\u00e7a situa\u00e7\u00f5es comuns no pa\u00eds, como av\u00f3s que assumem a cria\u00e7\u00e3o de netos ou padrastos e madrastas que exercem papel de respons\u00e1veis legais no dia a dia. De acordo com o advogado previdenci\u00e1rio e trabalhista Dr. M\u00e1rcio Coelho, a atualiza\u00e7\u00e3o da lei consolida uma realidade que j\u00e1 vinha sendo reconhecida pelos tribunais. \u201cA Lei 15.108\/25 alterou o artigo 16 da Lei 8.213\/91 e passou a prever expressamente que o enteado, o menor sob tutela e o menor sob guarda judicial se equiparam a filho, desde que haja declara\u00e7\u00e3o do segurado e que o menor n\u00e3o tenha condi\u00e7\u00f5es de garantir o pr\u00f3prio sustento e educa\u00e7\u00e3o\u201d, explica.<\/p>\n<p style=\"font-weight: 400;\">Segundo o especialista, a nova reda\u00e7\u00e3o tamb\u00e9m abre caminho para que netos dependentes possam receber pens\u00e3o previdenci\u00e1ria deixada pelos av\u00f3s, desde que seja comprovada a rela\u00e7\u00e3o de depend\u00eancia econ\u00f4mica. \u201cEm muitas situa\u00e7\u00f5es, os netos j\u00e1 viviam como dependentes dos av\u00f3s e a Justi\u00e7a reconhecia esse v\u00ednculo mesmo antes da altera\u00e7\u00e3o da lei. A jurisprud\u00eancia j\u00e1 caminhava nesse sentido. Agora, o tema ganha previs\u00e3o legal clara, o que traz mais seguran\u00e7a para as fam\u00edlias e para quem depende desses benef\u00edcios\u201d, afirma o advogado.<\/p>\n<p style=\"font-weight: 400;\">Para o especialista, a mudan\u00e7a acompanha transforma\u00e7\u00f5es sociais que h\u00e1 anos fazem parte da realidade brasileira. \u201c\u00c9 um avan\u00e7o importante, porque reconhece juridicamente arranjos familiares que j\u00e1 existem na pr\u00e1tica. Muitos av\u00f3s criam netos como filhos e muitos menores vivem sob guarda ou tutela de familiares. A legisla\u00e7\u00e3o precisava refletir essa realidade\u201d, conclui.<\/p>\n","protected":false},"excerpt":{"rendered":"<p>Nova lei equipara dependentes a filhos para fins de benef\u00edcios do INSS e amplia prote\u00e7\u00e3o a diferentes arranjos familiares Fam\u00edlias brasileiras que criam crian\u00e7as e adolescentes<span class=\"excerpt-hellip\"> [\u2026]<\/span><\/p>\n","protected":false},"author":10,"featured_media":65252,"comment_status":"open","ping_status":"open","sticky":false,"template":"","format":"standard","meta":{"_jetpack_memberships_contains_paid_content":false,"footnotes":"","jetpack_publicize_message":"","jetpack_publicize_feature_enabled":true,"jetpack_social_post_already_shared":true,"jetpack_social_options":{"image_generator_settings":{"template":"highway","default_image_id":0,"enabled":false},"version":2}},"categories":[28,44],"tags":[],"class_list":["post-65251","post","type-post","status-publish","format-standard","has-post-thumbnail","hentry","category-cotidiano","category-noticias"],"yoast_head":"<!-- This site is optimized with the Yoast SEO plugin v25.6 - https:\/\/yoast.com\/wordpress\/plugins\/seo\/ -->\n<title>Nem todo neto tem direito \u00e0 pens\u00e3o do INSS: lei exige guarda judicial para garantir o benef\u00edcio - VerdadeOn<\/title>\n<meta name=\"robots\" content=\"index, follow, max-snippet:-1, max-image-preview:large, max-video-preview:-1\" \/>\n<link rel=\"canonical\" href=\"https:\/\/verdadeon.com.br\/portal\/2026\/03\/14\/nem-todo-neto-tem-direito-a-pensao-do-inss-lei-exige-guarda-judicial-para-garantir-o-beneficio\/\" \/>\n<meta property=\"og:locale\" content=\"pt_BR\" \/>\n<meta property=\"og:type\" content=\"article\" \/>\n<meta property=\"og:title\" content=\"Nem todo neto tem direito \u00e0 pens\u00e3o do INSS: lei exige guarda judicial para garantir o benef\u00edcio - VerdadeOn\" \/>\n<meta property=\"og:description\" content=\"Nova lei equipara dependentes a filhos para fins de benef\u00edcios do INSS e amplia prote\u00e7\u00e3o a diferentes arranjos familiares Fam\u00edlias brasileiras que criam crian\u00e7as e adolescentes [\u2026]\" \/>\n<meta property=\"og:url\" content=\"https:\/\/verdadeon.com.br\/portal\/2026\/03\/14\/nem-todo-neto-tem-direito-a-pensao-do-inss-lei-exige-guarda-judicial-para-garantir-o-beneficio\/\" \/>\n<meta property=\"og:site_name\" content=\"VerdadeOn\" \/>\n<meta property=\"article:published_time\" content=\"2026-03-14T17:26:37+00:00\" \/>\n<meta property=\"og:image\" content=\"https:\/\/verdadeon.com.br\/portal\/wp-content\/uploads\/2026\/03\/cute-small-girl-spending-time-with-her-grandparents-home.jpg\" \/>\n\t<meta property=\"og:image:width\" content=\"1200\" \/>\n\t<meta property=\"og:image:height\" content=\"800\" \/>\n\t<meta property=\"og:image:type\" content=\"image\/jpeg\" \/>\n<meta name=\"author\" content=\"Redacao VerdadeOn\" \/>\n<meta name=\"twitter:card\" content=\"summary_large_image\" \/>\n<meta name=\"twitter:label1\" content=\"Escrito por\" \/>\n\t<meta name=\"twitter:data1\" content=\"Redacao VerdadeOn\" \/>\n\t<meta name=\"twitter:label2\" content=\"Est. tempo de leitura\" \/>\n\t<meta name=\"twitter:data2\" content=\"5 minutos\" \/>\n<script type=\"application\/ld+json\" class=\"yoast-schema-graph\">{\"@context\":\"https:\/\/schema.org\",\"@graph\":[{\"@type\":\"WebPage\",\"@id\":\"https:\/\/verdadeon.com.br\/portal\/2026\/03\/14\/nem-todo-neto-tem-direito-a-pensao-do-inss-lei-exige-guarda-judicial-para-garantir-o-beneficio\/\",\"url\":\"https:\/\/verdadeon.com.br\/portal\/2026\/03\/14\/nem-todo-neto-tem-direito-a-pensao-do-inss-lei-exige-guarda-judicial-para-garantir-o-beneficio\/\",\"name\":\"Nem todo neto tem direito \u00e0 pens\u00e3o do INSS: lei exige guarda judicial para garantir o benef\u00edcio - VerdadeOn\",\"isPartOf\":{\"@id\":\"https:\/\/verdadeon.com.br\/portal\/#website\"},\"primaryImageOfPage\":{\"@id\":\"https:\/\/verdadeon.com.br\/portal\/2026\/03\/14\/nem-todo-neto-tem-direito-a-pensao-do-inss-lei-exige-guarda-judicial-para-garantir-o-beneficio\/#primaryimage\"},\"image\":{\"@id\":\"https:\/\/verdadeon.com.br\/portal\/2026\/03\/14\/nem-todo-neto-tem-direito-a-pensao-do-inss-lei-exige-guarda-judicial-para-garantir-o-beneficio\/#primaryimage\"},\"thumbnailUrl\":\"https:\/\/i0.wp.com\/verdadeon.com.br\/portal\/wp-content\/uploads\/2026\/03\/cute-small-girl-spending-time-with-her-grandparents-home.jpg?fit=1200%2C800&ssl=1\",\"datePublished\":\"2026-03-14T17:26:37+00:00\",\"author\":{\"@id\":\"https:\/\/verdadeon.com.br\/portal\/#\/schema\/person\/a5060ad1e9ea3df545188fc93ce43d2f\"},\"breadcrumb\":{\"@id\":\"https:\/\/verdadeon.com.br\/portal\/2026\/03\/14\/nem-todo-neto-tem-direito-a-pensao-do-inss-lei-exige-guarda-judicial-para-garantir-o-beneficio\/#breadcrumb\"},\"inLanguage\":\"pt-BR\",\"potentialAction\":[{\"@type\":\"ReadAction\",\"target\":[\"https:\/\/verdadeon.com.br\/portal\/2026\/03\/14\/nem-todo-neto-tem-direito-a-pensao-do-inss-lei-exige-guarda-judicial-para-garantir-o-beneficio\/\"]}]},{\"@type\":\"ImageObject\",\"inLanguage\":\"pt-BR\",\"@id\":\"https:\/\/verdadeon.com.br\/portal\/2026\/03\/14\/nem-todo-neto-tem-direito-a-pensao-do-inss-lei-exige-guarda-judicial-para-garantir-o-beneficio\/#primaryimage\",\"url\":\"https:\/\/i0.wp.com\/verdadeon.com.br\/portal\/wp-content\/uploads\/2026\/03\/cute-small-girl-spending-time-with-her-grandparents-home.jpg?fit=1200%2C800&ssl=1\",\"contentUrl\":\"https:\/\/i0.wp.com\/verdadeon.com.br\/portal\/wp-content\/uploads\/2026\/03\/cute-small-girl-spending-time-with-her-grandparents-home.jpg?fit=1200%2C800&ssl=1\",\"width\":1200,\"height\":800,\"caption\":\"(Divulga\u00e7\u00e3o)\"},{\"@type\":\"BreadcrumbList\",\"@id\":\"https:\/\/verdadeon.com.br\/portal\/2026\/03\/14\/nem-todo-neto-tem-direito-a-pensao-do-inss-lei-exige-guarda-judicial-para-garantir-o-beneficio\/#breadcrumb\",\"itemListElement\":[{\"@type\":\"ListItem\",\"position\":1,\"name\":\"In\u00edcio\",\"item\":\"https:\/\/verdadeon.com.br\/portal\/\"},{\"@type\":\"ListItem\",\"position\":2,\"name\":\"Nem todo neto tem direito \u00e0 pens\u00e3o do INSS: lei exige guarda judicial para garantir o benef\u00edcio\"}]},{\"@type\":\"WebSite\",\"@id\":\"https:\/\/verdadeon.com.br\/portal\/#website\",\"url\":\"https:\/\/verdadeon.com.br\/portal\/\",\"name\":\"VerdadeOn\",\"description\":\"Not\u00edcias di\u00e1rias sobre Franca, Regi\u00e3o, Esporte, Cultura, Cotidiano, Colunas. Cobertura nos principais eventos da cidade \u00e9 aqui - Verdadeon Franca\",\"potentialAction\":[{\"@type\":\"SearchAction\",\"target\":{\"@type\":\"EntryPoint\",\"urlTemplate\":\"https:\/\/verdadeon.com.br\/portal\/?s={search_term_string}\"},\"query-input\":{\"@type\":\"PropertyValueSpecification\",\"valueRequired\":true,\"valueName\":\"search_term_string\"}}],\"inLanguage\":\"pt-BR\"},{\"@type\":\"Person\",\"@id\":\"https:\/\/verdadeon.com.br\/portal\/#\/schema\/person\/a5060ad1e9ea3df545188fc93ce43d2f\",\"name\":\"Redacao VerdadeOn\",\"image\":{\"@type\":\"ImageObject\",\"inLanguage\":\"pt-BR\",\"@id\":\"https:\/\/verdadeon.com.br\/portal\/#\/schema\/person\/image\/\",\"url\":\"https:\/\/secure.gravatar.com\/avatar\/459a9613caaaf07f582c3d0841eea68bdd66f533e465e6ba8b9cb45619572cf4?s=96&d=mm&r=g\",\"contentUrl\":\"https:\/\/secure.gravatar.com\/avatar\/459a9613caaaf07f582c3d0841eea68bdd66f533e465e6ba8b9cb45619572cf4?s=96&d=mm&r=g\",\"caption\":\"Redacao VerdadeOn\"},\"url\":\"https:\/\/verdadeon.com.br\/portal\/author\/redacao\/\"}]}<\/script>\n<!-- \/ Yoast SEO plugin. -->","yoast_head_json":{"title":"Nem todo neto tem direito \u00e0 pens\u00e3o do INSS: lei exige guarda judicial para garantir o benef\u00edcio - VerdadeOn","robots":{"index":"index","follow":"follow","max-snippet":"max-snippet:-1","max-image-preview":"max-image-preview:large","max-video-preview":"max-video-preview:-1"},"canonical":"https:\/\/verdadeon.com.br\/portal\/2026\/03\/14\/nem-todo-neto-tem-direito-a-pensao-do-inss-lei-exige-guarda-judicial-para-garantir-o-beneficio\/","og_locale":"pt_BR","og_type":"article","og_title":"Nem todo neto tem direito \u00e0 pens\u00e3o do INSS: lei exige guarda judicial para garantir o benef\u00edcio - VerdadeOn","og_description":"Nova lei equipara dependentes a filhos para fins de benef\u00edcios do INSS e amplia prote\u00e7\u00e3o a diferentes arranjos familiares Fam\u00edlias brasileiras que criam crian\u00e7as e adolescentes [\u2026]","og_url":"https:\/\/verdadeon.com.br\/portal\/2026\/03\/14\/nem-todo-neto-tem-direito-a-pensao-do-inss-lei-exige-guarda-judicial-para-garantir-o-beneficio\/","og_site_name":"VerdadeOn","article_published_time":"2026-03-14T17:26:37+00:00","og_image":[{"width":1200,"height":800,"url":"https:\/\/verdadeon.com.br\/portal\/wp-content\/uploads\/2026\/03\/cute-small-girl-spending-time-with-her-grandparents-home.jpg","type":"image\/jpeg"}],"author":"Redacao VerdadeOn","twitter_card":"summary_large_image","twitter_misc":{"Escrito por":"Redacao VerdadeOn","Est. tempo de leitura":"5 minutos"},"schema":{"@context":"https:\/\/schema.org","@graph":[{"@type":"WebPage","@id":"https:\/\/verdadeon.com.br\/portal\/2026\/03\/14\/nem-todo-neto-tem-direito-a-pensao-do-inss-lei-exige-guarda-judicial-para-garantir-o-beneficio\/","url":"https:\/\/verdadeon.com.br\/portal\/2026\/03\/14\/nem-todo-neto-tem-direito-a-pensao-do-inss-lei-exige-guarda-judicial-para-garantir-o-beneficio\/","name":"Nem todo neto tem direito \u00e0 pens\u00e3o do INSS: lei exige guarda judicial para garantir o benef\u00edcio - VerdadeOn","isPartOf":{"@id":"https:\/\/verdadeon.com.br\/portal\/#website"},"primaryImageOfPage":{"@id":"https:\/\/verdadeon.com.br\/portal\/2026\/03\/14\/nem-todo-neto-tem-direito-a-pensao-do-inss-lei-exige-guarda-judicial-para-garantir-o-beneficio\/#primaryimage"},"image":{"@id":"https:\/\/verdadeon.com.br\/portal\/2026\/03\/14\/nem-todo-neto-tem-direito-a-pensao-do-inss-lei-exige-guarda-judicial-para-garantir-o-beneficio\/#primaryimage"},"thumbnailUrl":"https:\/\/i0.wp.com\/verdadeon.com.br\/portal\/wp-content\/uploads\/2026\/03\/cute-small-girl-spending-time-with-her-grandparents-home.jpg?fit=1200%2C800&ssl=1","datePublished":"2026-03-14T17:26:37+00:00","author":{"@id":"https:\/\/verdadeon.com.br\/portal\/#\/schema\/person\/a5060ad1e9ea3df545188fc93ce43d2f"},"breadcrumb":{"@id":"https:\/\/verdadeon.com.br\/portal\/2026\/03\/14\/nem-todo-neto-tem-direito-a-pensao-do-inss-lei-exige-guarda-judicial-para-garantir-o-beneficio\/#breadcrumb"},"inLanguage":"pt-BR","potentialAction":[{"@type":"ReadAction","target":["https:\/\/verdadeon.com.br\/portal\/2026\/03\/14\/nem-todo-neto-tem-direito-a-pensao-do-inss-lei-exige-guarda-judicial-para-garantir-o-beneficio\/"]}]},{"@type":"ImageObject","inLanguage":"pt-BR","@id":"https:\/\/verdadeon.com.br\/portal\/2026\/03\/14\/nem-todo-neto-tem-direito-a-pensao-do-inss-lei-exige-guarda-judicial-para-garantir-o-beneficio\/#primaryimage","url":"https:\/\/i0.wp.com\/verdadeon.com.br\/portal\/wp-content\/uploads\/2026\/03\/cute-small-girl-spending-time-with-her-grandparents-home.jpg?fit=1200%2C800&ssl=1","contentUrl":"https:\/\/i0.wp.com\/verdadeon.com.br\/portal\/wp-content\/uploads\/2026\/03\/cute-small-girl-spending-time-with-her-grandparents-home.jpg?fit=1200%2C800&ssl=1","width":1200,"height":800,"caption":"(Divulga\u00e7\u00e3o)"},{"@type":"BreadcrumbList","@id":"https:\/\/verdadeon.com.br\/portal\/2026\/03\/14\/nem-todo-neto-tem-direito-a-pensao-do-inss-lei-exige-guarda-judicial-para-garantir-o-beneficio\/#breadcrumb","itemListElement":[{"@type":"ListItem","position":1,"name":"In\u00edcio","item":"https:\/\/verdadeon.com.br\/portal\/"},{"@type":"ListItem","position":2,"name":"Nem todo neto tem direito \u00e0 pens\u00e3o do INSS: lei exige guarda judicial para garantir o benef\u00edcio"}]},{"@type":"WebSite","@id":"https:\/\/verdadeon.com.br\/portal\/#website","url":"https:\/\/verdadeon.com.br\/portal\/","name":"VerdadeOn","description":"Not\u00edcias di\u00e1rias sobre Franca, Regi\u00e3o, Esporte, Cultura, Cotidiano, Colunas. Cobertura nos principais eventos da cidade \u00e9 aqui - Verdadeon Franca","potentialAction":[{"@type":"SearchAction","target":{"@type":"EntryPoint","urlTemplate":"https:\/\/verdadeon.com.br\/portal\/?s={search_term_string}"},"query-input":{"@type":"PropertyValueSpecification","valueRequired":true,"valueName":"search_term_string"}}],"inLanguage":"pt-BR"},{"@type":"Person","@id":"https:\/\/verdadeon.com.br\/portal\/#\/schema\/person\/a5060ad1e9ea3df545188fc93ce43d2f","name":"Redacao VerdadeOn","image":{"@type":"ImageObject","inLanguage":"pt-BR","@id":"https:\/\/verdadeon.com.br\/portal\/#\/schema\/person\/image\/","url":"https:\/\/secure.gravatar.com\/avatar\/459a9613caaaf07f582c3d0841eea68bdd66f533e465e6ba8b9cb45619572cf4?s=96&d=mm&r=g","contentUrl":"https:\/\/secure.gravatar.com\/avatar\/459a9613caaaf07f582c3d0841eea68bdd66f533e465e6ba8b9cb45619572cf4?s=96&d=mm&r=g","caption":"Redacao VerdadeOn"},"url":"https:\/\/verdadeon.com.br\/portal\/author\/redacao\/"}]}},"jetpack_publicize_connections":[],"jetpack_featured_media_url":"https:\/\/i0.wp.com\/verdadeon.com.br\/portal\/wp-content\/uploads\/2026\/03\/cute-small-girl-spending-time-with-her-grandparents-home.jpg?fit=1200%2C800&ssl=1","jetpack_sharing_enabled":true,"_links":{"self":[{"href":"https:\/\/verdadeon.com.br\/portal\/wp-json\/wp\/v2\/posts\/65251","targetHints":{"allow":["GET"]}}],"collection":[{"href":"https:\/\/verdadeon.com.br\/portal\/wp-json\/wp\/v2\/posts"}],"about":[{"href":"https:\/\/verdadeon.com.br\/portal\/wp-json\/wp\/v2\/types\/post"}],"author":[{"embeddable":true,"href":"https:\/\/verdadeon.com.br\/portal\/wp-json\/wp\/v2\/users\/10"}],"replies":[{"embeddable":true,"href":"https:\/\/verdadeon.com.br\/portal\/wp-json\/wp\/v2\/comments?post=65251"}],"version-history":[{"count":1,"href":"https:\/\/verdadeon.com.br\/portal\/wp-json\/wp\/v2\/posts\/65251\/revisions"}],"predecessor-version":[{"id":65253,"href":"https:\/\/verdadeon.com.br\/portal\/wp-json\/wp\/v2\/posts\/65251\/revisions\/65253"}],"wp:featuredmedia":[{"embeddable":true,"href":"https:\/\/verdadeon.com.br\/portal\/wp-json\/wp\/v2\/media\/65252"}],"wp:attachment":[{"href":"https:\/\/verdadeon.com.br\/portal\/wp-json\/wp\/v2\/media?parent=65251"}],"wp:term":[{"taxonomy":"category","embeddable":true,"href":"https:\/\/verdadeon.com.br\/portal\/wp-json\/wp\/v2\/categories?post=65251"},{"taxonomy":"post_tag","embeddable":true,"href":"https:\/\/verdadeon.com.br\/portal\/wp-json\/wp\/v2\/tags?post=65251"}],"curies":[{"name":"wp","href":"https:\/\/api.w.org\/{rel}","templated":true}]}}