{"id":65245,"date":"2026-03-14T14:22:07","date_gmt":"2026-03-14T17:22:07","guid":{"rendered":"https:\/\/verdadeon.com.br\/portal\/?p=65245"},"modified":"2026-03-14T14:22:07","modified_gmt":"2026-03-14T17:22:07","slug":"nova-promessa-de-franca-garoto-de-10-anos-assina-contrato-para-a-base-do-santos","status":"publish","type":"post","link":"https:\/\/verdadeon.com.br\/portal\/2026\/03\/14\/nova-promessa-de-franca-garoto-de-10-anos-assina-contrato-para-a-base-do-santos\/","title":{"rendered":"Nova promessa de Franca: garoto de 10 anos assina contrato para a base do Santos"},"content":{"rendered":"<h2>Igor Bertoluci come\u00e7ou sua forma\u00e7\u00e3o nas escolinhas de futebol do munic\u00edpio<\/h2>\n<p style=\"text-align: right;\"><em><strong>Por Pedro Maia<\/strong><\/em><br \/>\n<em><strong>Editor-chefe<\/strong><\/em><\/p>\n<p>No interior de S\u00e3o Paulo, Franca vai se colocando como uma cidade reveladora de talentos! Ap\u00f3s o sucesso estrondoso de Est\u00eav\u00e3o Willian, que conquistou t\u00edtulos pelas categorias de base e pelo profissional do Palmeiras at\u00e9 os seus 18 anos, quando foi vendido para o Chelsea &#8211; onde tamb\u00e9m tem se destacado &#8211; a terra das Tr\u00eas Colinas pode colocar um novo garoto no hall do futebol: a joia Igor Bertoluci!<\/p>\n<p>Com apenas 10 anos, Igor, que joga pela ponta esquerda, foi contratado pelo Santos na \u00faltima semana ap\u00f3s um ano muito bom na base do time da Inter de Limeira. Seu empres\u00e1rio recebeu contato do clube que revelou o Rei Pel\u00e9 e t\u00e3o logo comunicou a fam\u00edlia, que entusiasmada aceitou o convite. &#8220;Quando ficamos sabendo do Santos ficamos muito felizes, por conta de ser um clube grande e revelar muitos jogadores como Robinho, Neymar, ganso, etc. Ficamos t\u00e3o felizes que quase n\u00e3o acreditamos&#8221;, disse Robson Bertoluci, pai do menino. O contrato inicial \u00e9 de um ano, podendo ser prorrogado.<\/p>\n<p><img data-recalc-dims=\"1\" loading=\"lazy\" decoding=\"async\" class=\"alignnone size-full wp-image-65247\" src=\"https:\/\/i0.wp.com\/verdadeon.com.br\/portal\/wp-content\/uploads\/2026\/03\/WhatsApp-Image-2026-03-13-at-16.04.02.jpeg?resize=1220%2C2169&#038;ssl=1\" alt=\"\" width=\"1220\" height=\"2169\" srcset=\"https:\/\/i0.wp.com\/verdadeon.com.br\/portal\/wp-content\/uploads\/2026\/03\/WhatsApp-Image-2026-03-13-at-16.04.02.jpeg?w=1440&amp;ssl=1 1440w, https:\/\/i0.wp.com\/verdadeon.com.br\/portal\/wp-content\/uploads\/2026\/03\/WhatsApp-Image-2026-03-13-at-16.04.02.jpeg?resize=169%2C300&amp;ssl=1 169w, https:\/\/i0.wp.com\/verdadeon.com.br\/portal\/wp-content\/uploads\/2026\/03\/WhatsApp-Image-2026-03-13-at-16.04.02.jpeg?resize=576%2C1024&amp;ssl=1 576w, https:\/\/i0.wp.com\/verdadeon.com.br\/portal\/wp-content\/uploads\/2026\/03\/WhatsApp-Image-2026-03-13-at-16.04.02.jpeg?resize=768%2C1365&amp;ssl=1 768w, https:\/\/i0.wp.com\/verdadeon.com.br\/portal\/wp-content\/uploads\/2026\/03\/WhatsApp-Image-2026-03-13-at-16.04.02.jpeg?resize=864%2C1536&amp;ssl=1 864w, https:\/\/i0.wp.com\/verdadeon.com.br\/portal\/wp-content\/uploads\/2026\/03\/WhatsApp-Image-2026-03-13-at-16.04.02.jpeg?resize=1152%2C2048&amp;ssl=1 1152w, https:\/\/i0.wp.com\/verdadeon.com.br\/portal\/wp-content\/uploads\/2026\/03\/WhatsApp-Image-2026-03-13-at-16.04.02.jpeg?resize=82%2C146&amp;ssl=1 82w, https:\/\/i0.wp.com\/verdadeon.com.br\/portal\/wp-content\/uploads\/2026\/03\/WhatsApp-Image-2026-03-13-at-16.04.02.jpeg?resize=28%2C50&amp;ssl=1 28w, https:\/\/i0.wp.com\/verdadeon.com.br\/portal\/wp-content\/uploads\/2026\/03\/WhatsApp-Image-2026-03-13-at-16.04.02.jpeg?resize=42%2C75&amp;ssl=1 42w\" sizes=\"auto, (max-width: 1220px) 100vw, 1220px\" \/><\/p>\n<p>&#8220;Agradecendo muito a Deus, \u00e0 minha fam\u00edlia e \u00e0s pessoas que torceram e me apoiaram. O Santos era meu sonho! At\u00e9 hoje, \u00e0s vezes, n\u00e3o acredito&#8221;, afirmou Igor. O jovem tamb\u00e9m falou sobre sua inspira\u00e7\u00e3o e o que deseja para o seu futuro: &#8220;Ronaldinho ga\u00facho, ele \u00e9 um g\u00eanio! Espero continuar evoluindo cada vez mais.\u00a0Muito aprendizado e uma bagagem pra vida, muita experi\u00eancia&#8221;, destacou.<\/p>\n<p>A fam\u00edlia j\u00e1 est\u00e1 morando perto da Vila Belmiro, est\u00e1dio hist\u00f3rico do Peix\u00e3o. O pai relata que ao assistir os v\u00eddeos de seu filho jogando, j\u00e1 fica todo admirado e orgulhoso: &#8220;N\u00e3o foi f\u00e1cil&#8230; Somos muito apegados, eu e ele&#8230; Coisa de pai e filho&#8230; Tudo faz\u00edamos juntos: cortar cabelo, jogar bola, igreja&#8230; Quando ele mudou de cidade e saiu de Franca, tivemos que nos separar. Foi um baque! Choramos, foi muito ruim&#8230; Foi uma luta di\u00e1ria, mas sempre conversamos e acreditei nele e ele acreditou em mim. Hoje ele est\u00e1 colhendo os frutos que plantou&#8221;, enfatizou Robson.<\/p>\n<p>Em Franca, Igor participou das escolinhas de futebol do Boca Jrs e da Sabesp. No ano passado, ele foi campe\u00e3o pela Inter de Limeira, ganhando tamb\u00e9m outros t\u00edtulos desde seu in\u00edcio no futebol, como a\u00a0Copa Renato de Categorias de Base; o Terr\u00e3o Cup, em S\u00e3o Paulo; e o Torneio de Base de Buen\u00f3polis, em Minas Gerais.<\/p>\n<p>Fica a torcida dos mais de 350 mil habitantes de Franca para que, assim como Est\u00eav\u00e3o, Igor Bertoluci tenha um futuro brilhante!<\/p>\n<div id=\"attachment_65248\" style=\"width: 1090px\" class=\"wp-caption alignnone\"><img data-recalc-dims=\"1\" loading=\"lazy\" decoding=\"async\" aria-describedby=\"caption-attachment-65248\" class=\"size-full wp-image-65248\" src=\"https:\/\/i0.wp.com\/verdadeon.com.br\/portal\/wp-content\/uploads\/2026\/03\/WhatsApp-Image-2026-03-13-at-16.26.52.jpeg?resize=1080%2C1076&#038;ssl=1\" alt=\"\" width=\"1080\" height=\"1076\" srcset=\"https:\/\/i0.wp.com\/verdadeon.com.br\/portal\/wp-content\/uploads\/2026\/03\/WhatsApp-Image-2026-03-13-at-16.26.52.jpeg?w=1080&amp;ssl=1 1080w, https:\/\/i0.wp.com\/verdadeon.com.br\/portal\/wp-content\/uploads\/2026\/03\/WhatsApp-Image-2026-03-13-at-16.26.52.jpeg?resize=300%2C300&amp;ssl=1 300w, https:\/\/i0.wp.com\/verdadeon.com.br\/portal\/wp-content\/uploads\/2026\/03\/WhatsApp-Image-2026-03-13-at-16.26.52.jpeg?resize=1024%2C1020&amp;ssl=1 1024w, https:\/\/i0.wp.com\/verdadeon.com.br\/portal\/wp-content\/uploads\/2026\/03\/WhatsApp-Image-2026-03-13-at-16.26.52.jpeg?resize=150%2C150&amp;ssl=1 150w, https:\/\/i0.wp.com\/verdadeon.com.br\/portal\/wp-content\/uploads\/2026\/03\/WhatsApp-Image-2026-03-13-at-16.26.52.jpeg?resize=768%2C765&amp;ssl=1 768w, https:\/\/i0.wp.com\/verdadeon.com.br\/portal\/wp-content\/uploads\/2026\/03\/WhatsApp-Image-2026-03-13-at-16.26.52.jpeg?resize=147%2C146&amp;ssl=1 147w, https:\/\/i0.wp.com\/verdadeon.com.br\/portal\/wp-content\/uploads\/2026\/03\/WhatsApp-Image-2026-03-13-at-16.26.52.jpeg?resize=50%2C50&amp;ssl=1 50w, https:\/\/i0.wp.com\/verdadeon.com.br\/portal\/wp-content\/uploads\/2026\/03\/WhatsApp-Image-2026-03-13-at-16.26.52.jpeg?resize=75%2C75&amp;ssl=1 75w, https:\/\/i0.wp.com\/verdadeon.com.br\/portal\/wp-content\/uploads\/2026\/03\/WhatsApp-Image-2026-03-13-at-16.26.52.jpeg?resize=85%2C85&amp;ssl=1 85w, https:\/\/i0.wp.com\/verdadeon.com.br\/portal\/wp-content\/uploads\/2026\/03\/WhatsApp-Image-2026-03-13-at-16.26.52.jpeg?resize=80%2C80&amp;ssl=1 80w\" sizes=\"auto, (max-width: 1080px) 100vw, 1080px\" \/><p id=\"caption-attachment-65248\" class=\"wp-caption-text\">Igor Bertoluci pela escolinha de futebol da Sabesp (\u00a9Divulga\u00e7\u00e3o)<\/p><\/div>\n","protected":false},"excerpt":{"rendered":"<p>Igor Bertoluci come\u00e7ou sua forma\u00e7\u00e3o nas escolinhas de futebol do munic\u00edpio Por Pedro Maia Editor-chefe No interior de S\u00e3o Paulo, Franca vai se colocando como uma<span class=\"excerpt-hellip\"> [\u2026]<\/span><\/p>\n","protected":false},"author":10,"featured_media":65246,"comment_status":"open","ping_status":"open","sticky":false,"template":"","format":"standard","meta":{"_jetpack_memberships_contains_paid_content":false,"footnotes":"","jetpack_publicize_message":"","jetpack_publicize_feature_enabled":true,"jetpack_social_post_already_shared":true,"jetpack_social_options":{"image_generator_settings":{"template":"highway","default_image_id":0,"enabled":false},"version":2}},"categories":[28,44],"tags":[],"class_list":["post-65245","post","type-post","status-publish","format-standard","has-post-thumbnail","hentry","category-cotidiano","category-noticias"],"yoast_head":"<!-- This site is optimized with the Yoast SEO plugin v25.6 - https:\/\/yoast.com\/wordpress\/plugins\/seo\/ -->\n<title>Nova promessa de Franca: garoto de 10 anos assina contrato para a base do Santos - VerdadeOn<\/title>\n<meta name=\"robots\" content=\"index, follow, max-snippet:-1, max-image-preview:large, max-video-preview:-1\" \/>\n<link rel=\"canonical\" href=\"https:\/\/verdadeon.com.br\/portal\/2026\/03\/14\/nova-promessa-de-franca-garoto-de-10-anos-assina-contrato-para-a-base-do-santos\/\" \/>\n<meta property=\"og:locale\" content=\"pt_BR\" \/>\n<meta property=\"og:type\" content=\"article\" \/>\n<meta property=\"og:title\" content=\"Nova promessa de Franca: garoto de 10 anos assina contrato para a base do Santos - VerdadeOn\" \/>\n<meta property=\"og:description\" content=\"Igor Bertoluci come\u00e7ou sua forma\u00e7\u00e3o nas escolinhas de futebol do munic\u00edpio Por Pedro Maia Editor-chefe No interior de S\u00e3o Paulo, Franca vai se colocando como uma [\u2026]\" \/>\n<meta property=\"og:url\" content=\"https:\/\/verdadeon.com.br\/portal\/2026\/03\/14\/nova-promessa-de-franca-garoto-de-10-anos-assina-contrato-para-a-base-do-santos\/\" \/>\n<meta property=\"og:site_name\" content=\"VerdadeOn\" \/>\n<meta property=\"article:published_time\" content=\"2026-03-14T17:22:07+00:00\" \/>\n<meta property=\"og:image\" content=\"https:\/\/verdadeon.com.br\/portal\/wp-content\/uploads\/2026\/03\/WhatsApp-Image-2026-03-13-at-16.04.49.jpeg\" \/>\n\t<meta property=\"og:image:width\" content=\"2304\" \/>\n\t<meta property=\"og:image:height\" content=\"1811\" \/>\n\t<meta property=\"og:image:type\" content=\"image\/jpeg\" \/>\n<meta name=\"author\" content=\"Redacao VerdadeOn\" \/>\n<meta name=\"twitter:card\" content=\"summary_large_image\" \/>\n<meta name=\"twitter:label1\" content=\"Escrito por\" \/>\n\t<meta name=\"twitter:data1\" content=\"Redacao VerdadeOn\" \/>\n\t<meta name=\"twitter:label2\" content=\"Est. tempo de leitura\" \/>\n\t<meta name=\"twitter:data2\" content=\"4 minutos\" \/>\n<script type=\"application\/ld+json\" class=\"yoast-schema-graph\">{\"@context\":\"https:\/\/schema.org\",\"@graph\":[{\"@type\":\"WebPage\",\"@id\":\"https:\/\/verdadeon.com.br\/portal\/2026\/03\/14\/nova-promessa-de-franca-garoto-de-10-anos-assina-contrato-para-a-base-do-santos\/\",\"url\":\"https:\/\/verdadeon.com.br\/portal\/2026\/03\/14\/nova-promessa-de-franca-garoto-de-10-anos-assina-contrato-para-a-base-do-santos\/\",\"name\":\"Nova promessa de Franca: garoto de 10 anos assina contrato para a base do Santos - VerdadeOn\",\"isPartOf\":{\"@id\":\"https:\/\/verdadeon.com.br\/portal\/#website\"},\"primaryImageOfPage\":{\"@id\":\"https:\/\/verdadeon.com.br\/portal\/2026\/03\/14\/nova-promessa-de-franca-garoto-de-10-anos-assina-contrato-para-a-base-do-santos\/#primaryimage\"},\"image\":{\"@id\":\"https:\/\/verdadeon.com.br\/portal\/2026\/03\/14\/nova-promessa-de-franca-garoto-de-10-anos-assina-contrato-para-a-base-do-santos\/#primaryimage\"},\"thumbnailUrl\":\"https:\/\/i0.wp.com\/verdadeon.com.br\/portal\/wp-content\/uploads\/2026\/03\/WhatsApp-Image-2026-03-13-at-16.04.49.jpeg?fit=2304%2C1811&ssl=1\",\"datePublished\":\"2026-03-14T17:22:07+00:00\",\"author\":{\"@id\":\"https:\/\/verdadeon.com.br\/portal\/#\/schema\/person\/a5060ad1e9ea3df545188fc93ce43d2f\"},\"breadcrumb\":{\"@id\":\"https:\/\/verdadeon.com.br\/portal\/2026\/03\/14\/nova-promessa-de-franca-garoto-de-10-anos-assina-contrato-para-a-base-do-santos\/#breadcrumb\"},\"inLanguage\":\"pt-BR\",\"potentialAction\":[{\"@type\":\"ReadAction\",\"target\":[\"https:\/\/verdadeon.com.br\/portal\/2026\/03\/14\/nova-promessa-de-franca-garoto-de-10-anos-assina-contrato-para-a-base-do-santos\/\"]}]},{\"@type\":\"ImageObject\",\"inLanguage\":\"pt-BR\",\"@id\":\"https:\/\/verdadeon.com.br\/portal\/2026\/03\/14\/nova-promessa-de-franca-garoto-de-10-anos-assina-contrato-para-a-base-do-santos\/#primaryimage\",\"url\":\"https:\/\/i0.wp.com\/verdadeon.com.br\/portal\/wp-content\/uploads\/2026\/03\/WhatsApp-Image-2026-03-13-at-16.04.49.jpeg?fit=2304%2C1811&ssl=1\",\"contentUrl\":\"https:\/\/i0.wp.com\/verdadeon.com.br\/portal\/wp-content\/uploads\/2026\/03\/WhatsApp-Image-2026-03-13-at-16.04.49.jpeg?fit=2304%2C1811&ssl=1\",\"width\":2304,\"height\":1811,\"caption\":\"Igor Bertoluci, 10, que acaba de assinar contrato com o Santos (\u00a9Divulga\u00e7\u00e3o)\"},{\"@type\":\"BreadcrumbList\",\"@id\":\"https:\/\/verdadeon.com.br\/portal\/2026\/03\/14\/nova-promessa-de-franca-garoto-de-10-anos-assina-contrato-para-a-base-do-santos\/#breadcrumb\",\"itemListElement\":[{\"@type\":\"ListItem\",\"position\":1,\"name\":\"In\u00edcio\",\"item\":\"https:\/\/verdadeon.com.br\/portal\/\"},{\"@type\":\"ListItem\",\"position\":2,\"name\":\"Nova promessa de Franca: garoto de 10 anos assina contrato para a base do Santos\"}]},{\"@type\":\"WebSite\",\"@id\":\"https:\/\/verdadeon.com.br\/portal\/#website\",\"url\":\"https:\/\/verdadeon.com.br\/portal\/\",\"name\":\"VerdadeOn\",\"description\":\"Not\u00edcias di\u00e1rias sobre Franca, Regi\u00e3o, Esporte, Cultura, Cotidiano, Colunas. Cobertura nos principais eventos da cidade \u00e9 aqui - Verdadeon Franca\",\"potentialAction\":[{\"@type\":\"SearchAction\",\"target\":{\"@type\":\"EntryPoint\",\"urlTemplate\":\"https:\/\/verdadeon.com.br\/portal\/?s={search_term_string}\"},\"query-input\":{\"@type\":\"PropertyValueSpecification\",\"valueRequired\":true,\"valueName\":\"search_term_string\"}}],\"inLanguage\":\"pt-BR\"},{\"@type\":\"Person\",\"@id\":\"https:\/\/verdadeon.com.br\/portal\/#\/schema\/person\/a5060ad1e9ea3df545188fc93ce43d2f\",\"name\":\"Redacao VerdadeOn\",\"image\":{\"@type\":\"ImageObject\",\"inLanguage\":\"pt-BR\",\"@id\":\"https:\/\/verdadeon.com.br\/portal\/#\/schema\/person\/image\/\",\"url\":\"https:\/\/secure.gravatar.com\/avatar\/459a9613caaaf07f582c3d0841eea68bdd66f533e465e6ba8b9cb45619572cf4?s=96&d=mm&r=g\",\"contentUrl\":\"https:\/\/secure.gravatar.com\/avatar\/459a9613caaaf07f582c3d0841eea68bdd66f533e465e6ba8b9cb45619572cf4?s=96&d=mm&r=g\",\"caption\":\"Redacao VerdadeOn\"},\"url\":\"https:\/\/verdadeon.com.br\/portal\/author\/redacao\/\"}]}<\/script>\n<!-- \/ Yoast SEO plugin. -->","yoast_head_json":{"title":"Nova promessa de Franca: garoto de 10 anos assina contrato para a base do Santos - VerdadeOn","robots":{"index":"index","follow":"follow","max-snippet":"max-snippet:-1","max-image-preview":"max-image-preview:large","max-video-preview":"max-video-preview:-1"},"canonical":"https:\/\/verdadeon.com.br\/portal\/2026\/03\/14\/nova-promessa-de-franca-garoto-de-10-anos-assina-contrato-para-a-base-do-santos\/","og_locale":"pt_BR","og_type":"article","og_title":"Nova promessa de Franca: garoto de 10 anos assina contrato para a base do Santos - VerdadeOn","og_description":"Igor Bertoluci come\u00e7ou sua forma\u00e7\u00e3o nas escolinhas de futebol do munic\u00edpio Por Pedro Maia Editor-chefe No interior de S\u00e3o Paulo, Franca vai se colocando como uma [\u2026]","og_url":"https:\/\/verdadeon.com.br\/portal\/2026\/03\/14\/nova-promessa-de-franca-garoto-de-10-anos-assina-contrato-para-a-base-do-santos\/","og_site_name":"VerdadeOn","article_published_time":"2026-03-14T17:22:07+00:00","og_image":[{"width":2304,"height":1811,"url":"https:\/\/verdadeon.com.br\/portal\/wp-content\/uploads\/2026\/03\/WhatsApp-Image-2026-03-13-at-16.04.49.jpeg","type":"image\/jpeg"}],"author":"Redacao VerdadeOn","twitter_card":"summary_large_image","twitter_misc":{"Escrito por":"Redacao VerdadeOn","Est. tempo de leitura":"4 minutos"},"schema":{"@context":"https:\/\/schema.org","@graph":[{"@type":"WebPage","@id":"https:\/\/verdadeon.com.br\/portal\/2026\/03\/14\/nova-promessa-de-franca-garoto-de-10-anos-assina-contrato-para-a-base-do-santos\/","url":"https:\/\/verdadeon.com.br\/portal\/2026\/03\/14\/nova-promessa-de-franca-garoto-de-10-anos-assina-contrato-para-a-base-do-santos\/","name":"Nova promessa de Franca: garoto de 10 anos assina contrato para a base do Santos - VerdadeOn","isPartOf":{"@id":"https:\/\/verdadeon.com.br\/portal\/#website"},"primaryImageOfPage":{"@id":"https:\/\/verdadeon.com.br\/portal\/2026\/03\/14\/nova-promessa-de-franca-garoto-de-10-anos-assina-contrato-para-a-base-do-santos\/#primaryimage"},"image":{"@id":"https:\/\/verdadeon.com.br\/portal\/2026\/03\/14\/nova-promessa-de-franca-garoto-de-10-anos-assina-contrato-para-a-base-do-santos\/#primaryimage"},"thumbnailUrl":"https:\/\/i0.wp.com\/verdadeon.com.br\/portal\/wp-content\/uploads\/2026\/03\/WhatsApp-Image-2026-03-13-at-16.04.49.jpeg?fit=2304%2C1811&ssl=1","datePublished":"2026-03-14T17:22:07+00:00","author":{"@id":"https:\/\/verdadeon.com.br\/portal\/#\/schema\/person\/a5060ad1e9ea3df545188fc93ce43d2f"},"breadcrumb":{"@id":"https:\/\/verdadeon.com.br\/portal\/2026\/03\/14\/nova-promessa-de-franca-garoto-de-10-anos-assina-contrato-para-a-base-do-santos\/#breadcrumb"},"inLanguage":"pt-BR","potentialAction":[{"@type":"ReadAction","target":["https:\/\/verdadeon.com.br\/portal\/2026\/03\/14\/nova-promessa-de-franca-garoto-de-10-anos-assina-contrato-para-a-base-do-santos\/"]}]},{"@type":"ImageObject","inLanguage":"pt-BR","@id":"https:\/\/verdadeon.com.br\/portal\/2026\/03\/14\/nova-promessa-de-franca-garoto-de-10-anos-assina-contrato-para-a-base-do-santos\/#primaryimage","url":"https:\/\/i0.wp.com\/verdadeon.com.br\/portal\/wp-content\/uploads\/2026\/03\/WhatsApp-Image-2026-03-13-at-16.04.49.jpeg?fit=2304%2C1811&ssl=1","contentUrl":"https:\/\/i0.wp.com\/verdadeon.com.br\/portal\/wp-content\/uploads\/2026\/03\/WhatsApp-Image-2026-03-13-at-16.04.49.jpeg?fit=2304%2C1811&ssl=1","width":2304,"height":1811,"caption":"Igor Bertoluci, 10, que acaba de assinar contrato com o Santos (\u00a9Divulga\u00e7\u00e3o)"},{"@type":"BreadcrumbList","@id":"https:\/\/verdadeon.com.br\/portal\/2026\/03\/14\/nova-promessa-de-franca-garoto-de-10-anos-assina-contrato-para-a-base-do-santos\/#breadcrumb","itemListElement":[{"@type":"ListItem","position":1,"name":"In\u00edcio","item":"https:\/\/verdadeon.com.br\/portal\/"},{"@type":"ListItem","position":2,"name":"Nova promessa de Franca: garoto de 10 anos assina contrato para a base do Santos"}]},{"@type":"WebSite","@id":"https:\/\/verdadeon.com.br\/portal\/#website","url":"https:\/\/verdadeon.com.br\/portal\/","name":"VerdadeOn","description":"Not\u00edcias di\u00e1rias sobre Franca, Regi\u00e3o, Esporte, Cultura, Cotidiano, Colunas. Cobertura nos principais eventos da cidade \u00e9 aqui - Verdadeon Franca","potentialAction":[{"@type":"SearchAction","target":{"@type":"EntryPoint","urlTemplate":"https:\/\/verdadeon.com.br\/portal\/?s={search_term_string}"},"query-input":{"@type":"PropertyValueSpecification","valueRequired":true,"valueName":"search_term_string"}}],"inLanguage":"pt-BR"},{"@type":"Person","@id":"https:\/\/verdadeon.com.br\/portal\/#\/schema\/person\/a5060ad1e9ea3df545188fc93ce43d2f","name":"Redacao VerdadeOn","image":{"@type":"ImageObject","inLanguage":"pt-BR","@id":"https:\/\/verdadeon.com.br\/portal\/#\/schema\/person\/image\/","url":"https:\/\/secure.gravatar.com\/avatar\/459a9613caaaf07f582c3d0841eea68bdd66f533e465e6ba8b9cb45619572cf4?s=96&d=mm&r=g","contentUrl":"https:\/\/secure.gravatar.com\/avatar\/459a9613caaaf07f582c3d0841eea68bdd66f533e465e6ba8b9cb45619572cf4?s=96&d=mm&r=g","caption":"Redacao VerdadeOn"},"url":"https:\/\/verdadeon.com.br\/portal\/author\/redacao\/"}]}},"jetpack_publicize_connections":[],"jetpack_featured_media_url":"https:\/\/i0.wp.com\/verdadeon.com.br\/portal\/wp-content\/uploads\/2026\/03\/WhatsApp-Image-2026-03-13-at-16.04.49.jpeg?fit=2304%2C1811&ssl=1","jetpack_sharing_enabled":true,"_links":{"self":[{"href":"https:\/\/verdadeon.com.br\/portal\/wp-json\/wp\/v2\/posts\/65245","targetHints":{"allow":["GET"]}}],"collection":[{"href":"https:\/\/verdadeon.com.br\/portal\/wp-json\/wp\/v2\/posts"}],"about":[{"href":"https:\/\/verdadeon.com.br\/portal\/wp-json\/wp\/v2\/types\/post"}],"author":[{"embeddable":true,"href":"https:\/\/verdadeon.com.br\/portal\/wp-json\/wp\/v2\/users\/10"}],"replies":[{"embeddable":true,"href":"https:\/\/verdadeon.com.br\/portal\/wp-json\/wp\/v2\/comments?post=65245"}],"version-history":[{"count":1,"href":"https:\/\/verdadeon.com.br\/portal\/wp-json\/wp\/v2\/posts\/65245\/revisions"}],"predecessor-version":[{"id":65249,"href":"https:\/\/verdadeon.com.br\/portal\/wp-json\/wp\/v2\/posts\/65245\/revisions\/65249"}],"wp:featuredmedia":[{"embeddable":true,"href":"https:\/\/verdadeon.com.br\/portal\/wp-json\/wp\/v2\/media\/65246"}],"wp:attachment":[{"href":"https:\/\/verdadeon.com.br\/portal\/wp-json\/wp\/v2\/media?parent=65245"}],"wp:term":[{"taxonomy":"category","embeddable":true,"href":"https:\/\/verdadeon.com.br\/portal\/wp-json\/wp\/v2\/categories?post=65245"},{"taxonomy":"post_tag","embeddable":true,"href":"https:\/\/verdadeon.com.br\/portal\/wp-json\/wp\/v2\/tags?post=65245"}],"curies":[{"name":"wp","href":"https:\/\/api.w.org\/{rel}","templated":true}]}}