{"id":65242,"date":"2026-03-14T13:15:01","date_gmt":"2026-03-14T16:15:01","guid":{"rendered":"https:\/\/verdadeon.com.br\/portal\/?p=65242"},"modified":"2026-03-14T13:15:01","modified_gmt":"2026-03-14T16:15:01","slug":"petrobras-aprova-adesao-a-programa-para-conter-alta-do-diesel","status":"publish","type":"post","link":"https:\/\/verdadeon.com.br\/portal\/2026\/03\/14\/petrobras-aprova-adesao-a-programa-para-conter-alta-do-diesel\/","title":{"rendered":"Petrobras aprova ades\u00e3o a programa para conter alta do diesel"},"content":{"rendered":"<div class=\"header-noticia full-width\">\n<h2 class=\"linha-fina-noticia\">Medida Provis\u00f3ria faculta subven\u00e7\u00e3o de R$ 0,32 por litro<\/h2>\n<\/div>\n<div class=\"subheader\">\n<div class=\"container-autoria\">\n<p>A Petrobras informou, na noite dessa\u00a0quinta-feira (12), que o Conselho de Administra\u00e7\u00e3o da companhia aprovou a ades\u00e3o \u00e0 subven\u00e7\u00e3o econ\u00f4mica \u00e0 comercializa\u00e7\u00e3o de \u00f3leo diesel. Isso significa que a Petrobras pode se voluntariar a receber o desconto de R$ 0,32 por litro do combust\u00edvel, que ser\u00e1 pago pelo governo federal.<img data-recalc-dims=\"1\" decoding=\"async\" src=\"https:\/\/i0.wp.com\/agenciabrasil.ebc.com.br\/ebc.png?w=1220&#038;ssl=1\" \/><img data-recalc-dims=\"1\" decoding=\"async\" src=\"https:\/\/i0.wp.com\/agenciabrasil.ebc.com.br\/ebc.gif?w=1220&#038;ssl=1\" \/><\/p>\n<p><strong>A subven\u00e7\u00e3o econ\u00f4mica est\u00e1 expressa na\u00a0<a href=\"https:\/\/legis.senado.leg.br\/sdleg-getter\/documento?dm=10178630&amp;ts=1773403518870&amp;disposition=inline\" target=\"_blank\" rel=\"noopener\">Medida Provis\u00f3ria 1.340<\/a>, publicada pelo governo Lula tamb\u00e9m na quinta-feira. A iniciativa permite que o governo conceda essa ajuda aos produtores e importadores de diesel.<\/strong><\/p>\n<p>A iniciativa \u00e9 um enfrentamento \u00e0\u00a0<a href=\"https:\/\/agenciabrasil.ebc.com.br\/economia\/noticia\/2026-03\/lula-zera-imposto-e-subsidia-diesel-para-conter-alta-do-petroleo\" target=\"_blank\" rel=\"noopener\">alta do pre\u00e7o do petr\u00f3leo<\/a>\u00a0no mercado internacional, causada pela guerra no Ir\u00e3.<\/p>\n<p><strong>A contrapartida da ades\u00e3o \u00e9 repassar o desconto, ou seja, fazer com que o pre\u00e7o ao consumidor tamb\u00e9m seja reduzido, chegando \u00e0s bombas.<\/strong><\/p>\n<h2>Interesse da Petrobras<\/h2>\n<p><strong>Em comunicado, a Petrobras informa\u00a0que o programa tem car\u00e1ter facultativo e que a ades\u00e3o \u201c\u00e9 compat\u00edvel com o interesse da companhia\u201d.<\/strong><\/p>\n<p>A estatal condiciona a efetiva assinatura do termo de ades\u00e3o \u00e0 publica\u00e7\u00e3o e an\u00e1lise dos instrumentos regulat\u00f3rios pela Ag\u00eancia Nacional do Petr\u00f3leo, G\u00e1s Natural e Biocombust\u00edveis (ANP) relacionados ao pre\u00e7o de refer\u00eancia, necess\u00e1rios para a operacionaliza\u00e7\u00e3o da subven\u00e7\u00e3o econ\u00f4mica.<\/p>\n<p><strong>A ANP, ligada ao Minist\u00e9rio de Minas e Energia (MME), \u00e9 a ag\u00eancia reguladora da ind\u00fastria do petr\u00f3leo no pa\u00eds e determinar\u00e1 pre\u00e7os de refer\u00eancia, de forma que seja poss\u00edvel avaliar se os descontos est\u00e3o chegando ao consumidor.<\/strong><\/p>\n<p>No comunicado, a Petrobras refor\u00e7a que \u201cmant\u00e9m sua estrat\u00e9gia comercial, levando em considera\u00e7\u00e3o a participa\u00e7\u00e3o no mercado, a otimiza\u00e7\u00e3o dos ativos de refino e a rentabilidade de maneira sustent\u00e1vel, evitando o repasse para os pre\u00e7os internos da volatilidade conjuntural das cota\u00e7\u00f5es internacionais e da taxa de c\u00e2mbio\u201d.<\/p>\n<h2>Tributos zerados<\/h2>\n<p><strong>Al\u00e9m da subven\u00e7\u00e3o econ\u00f4mica, o governo anunciou outra medida para conter a alta no pre\u00e7o do diesel: foram zeradas as al\u00edquotas dos dois tributos federais sobre a importa\u00e7\u00e3o e comercializa\u00e7\u00e3o do diesel, o PIS e a Cofins.<\/strong><\/p>\n<p>Nos c\u00e1lculos do Minist\u00e9rio da Fazenda, a subven\u00e7\u00e3o econ\u00f4mica e as al\u00edquotas zeradas t\u00eam potencial de baixar em R$ 0,64 o pre\u00e7o do litro do diesel. As medidas foram anunciadas em car\u00e1ter tempor\u00e1rio, at\u00e9 dia 31 de dezembro.<\/p>\n<h2>Gargalo mar\u00edtimo<\/h2>\n<p><strong>A ofensiva dos Estados Unidos e de Israel contra o Ir\u00e3 completa duas semanas nesta sexta-feira. Uma das formas de retalia\u00e7\u00e3o do Ir\u00e3 \u00e9 o bloqueio do Estreito de Ormuz, liga\u00e7\u00e3o mar\u00edtima entre os golfos P\u00e9rsico e de Om\u00e3, ao sul do Ir\u00e3. Por l\u00e1, passam 20% da produ\u00e7\u00e3o mundial de petr\u00f3leo e g\u00e1s.<\/strong><\/p>\n<p>O gargalo na regi\u00e3o representa falta de oferta de petr\u00f3leo no mercado internacional, o que eleva a cota\u00e7\u00e3o dos pre\u00e7os. Nesta sexta-feira, o contrato futuro do barril de petr\u00f3leo Brent, pre\u00e7o de refer\u00eancia, est\u00e1 negociado perto de US$ 100 (equivalente a cerca de R$ 520).<\/p>\n<p>H\u00e1 duas semanas, a cota\u00e7\u00e3o beirava US$ 70, ou seja, em 15\u00a0dias subiu cerca de 40%. O Ir\u00e3 tem se mostrado desafiador e chegou a alertar o\u00a0mundo para se preparar para\u00a0o\u00a0<a href=\"https:\/\/agenciabrasil.ebc.com.br\/internacional\/noticia\/2026-03\/ira-diz-ao-mundo-para-se-preparar-para-petroleo-us-200-o-barril\" target=\"_blank\" rel=\"noopener\">petr\u00f3leo a US$ 200<\/a>.<\/p>\n<p>Fonte: Ag\u00eancia Brasil<\/p>\n<\/div>\n<\/div>\n","protected":false},"excerpt":{"rendered":"<p>Medida Provis\u00f3ria faculta subven\u00e7\u00e3o de R$ 0,32 por litro A Petrobras informou, na noite dessa\u00a0quinta-feira (12), que o Conselho de Administra\u00e7\u00e3o da companhia aprovou a ades\u00e3o<span class=\"excerpt-hellip\"> [\u2026]<\/span><\/p>\n","protected":false},"author":10,"featured_media":65243,"comment_status":"open","ping_status":"open","sticky":false,"template":"","format":"standard","meta":{"_jetpack_memberships_contains_paid_content":false,"footnotes":"","jetpack_publicize_message":"","jetpack_publicize_feature_enabled":true,"jetpack_social_post_already_shared":true,"jetpack_social_options":{"image_generator_settings":{"template":"highway","default_image_id":0,"enabled":false},"version":2}},"categories":[28,44],"tags":[],"class_list":["post-65242","post","type-post","status-publish","format-standard","has-post-thumbnail","hentry","category-cotidiano","category-noticias"],"yoast_head":"<!-- This site is optimized with the Yoast SEO plugin v25.6 - https:\/\/yoast.com\/wordpress\/plugins\/seo\/ -->\n<title>Petrobras aprova ades\u00e3o a programa para conter alta do diesel - VerdadeOn<\/title>\n<meta name=\"robots\" content=\"index, follow, max-snippet:-1, max-image-preview:large, max-video-preview:-1\" \/>\n<link rel=\"canonical\" href=\"https:\/\/verdadeon.com.br\/portal\/2026\/03\/14\/petrobras-aprova-adesao-a-programa-para-conter-alta-do-diesel\/\" \/>\n<meta property=\"og:locale\" content=\"pt_BR\" \/>\n<meta property=\"og:type\" content=\"article\" \/>\n<meta property=\"og:title\" content=\"Petrobras aprova ades\u00e3o a programa para conter alta do diesel - VerdadeOn\" \/>\n<meta property=\"og:description\" content=\"Medida Provis\u00f3ria faculta subven\u00e7\u00e3o de R$ 0,32 por litro A Petrobras informou, na noite dessa\u00a0quinta-feira (12), que o Conselho de Administra\u00e7\u00e3o da companhia aprovou a ades\u00e3o [\u2026]\" \/>\n<meta property=\"og:url\" content=\"https:\/\/verdadeon.com.br\/portal\/2026\/03\/14\/petrobras-aprova-adesao-a-programa-para-conter-alta-do-diesel\/\" \/>\n<meta property=\"og:site_name\" content=\"VerdadeOn\" \/>\n<meta property=\"article:published_time\" content=\"2026-03-14T16:15:01+00:00\" \/>\n<meta property=\"og:image\" content=\"https:\/\/verdadeon.com.br\/portal\/wp-content\/uploads\/2026\/03\/mg_1605.webp\" \/>\n\t<meta property=\"og:image:width\" content=\"1170\" \/>\n\t<meta property=\"og:image:height\" content=\"700\" \/>\n\t<meta property=\"og:image:type\" content=\"image\/webp\" \/>\n<meta name=\"author\" content=\"Redacao VerdadeOn\" \/>\n<meta name=\"twitter:card\" content=\"summary_large_image\" \/>\n<meta name=\"twitter:label1\" content=\"Escrito por\" \/>\n\t<meta name=\"twitter:data1\" content=\"Redacao VerdadeOn\" \/>\n\t<meta name=\"twitter:label2\" content=\"Est. tempo de leitura\" \/>\n\t<meta name=\"twitter:data2\" content=\"4 minutos\" \/>\n<script type=\"application\/ld+json\" class=\"yoast-schema-graph\">{\"@context\":\"https:\/\/schema.org\",\"@graph\":[{\"@type\":\"WebPage\",\"@id\":\"https:\/\/verdadeon.com.br\/portal\/2026\/03\/14\/petrobras-aprova-adesao-a-programa-para-conter-alta-do-diesel\/\",\"url\":\"https:\/\/verdadeon.com.br\/portal\/2026\/03\/14\/petrobras-aprova-adesao-a-programa-para-conter-alta-do-diesel\/\",\"name\":\"Petrobras aprova ades\u00e3o a programa para conter alta do diesel - VerdadeOn\",\"isPartOf\":{\"@id\":\"https:\/\/verdadeon.com.br\/portal\/#website\"},\"primaryImageOfPage\":{\"@id\":\"https:\/\/verdadeon.com.br\/portal\/2026\/03\/14\/petrobras-aprova-adesao-a-programa-para-conter-alta-do-diesel\/#primaryimage\"},\"image\":{\"@id\":\"https:\/\/verdadeon.com.br\/portal\/2026\/03\/14\/petrobras-aprova-adesao-a-programa-para-conter-alta-do-diesel\/#primaryimage\"},\"thumbnailUrl\":\"https:\/\/i0.wp.com\/verdadeon.com.br\/portal\/wp-content\/uploads\/2026\/03\/mg_1605.webp?fit=1170%2C700&ssl=1\",\"datePublished\":\"2026-03-14T16:15:01+00:00\",\"author\":{\"@id\":\"https:\/\/verdadeon.com.br\/portal\/#\/schema\/person\/a5060ad1e9ea3df545188fc93ce43d2f\"},\"breadcrumb\":{\"@id\":\"https:\/\/verdadeon.com.br\/portal\/2026\/03\/14\/petrobras-aprova-adesao-a-programa-para-conter-alta-do-diesel\/#breadcrumb\"},\"inLanguage\":\"pt-BR\",\"potentialAction\":[{\"@type\":\"ReadAction\",\"target\":[\"https:\/\/verdadeon.com.br\/portal\/2026\/03\/14\/petrobras-aprova-adesao-a-programa-para-conter-alta-do-diesel\/\"]}]},{\"@type\":\"ImageObject\",\"inLanguage\":\"pt-BR\",\"@id\":\"https:\/\/verdadeon.com.br\/portal\/2026\/03\/14\/petrobras-aprova-adesao-a-programa-para-conter-alta-do-diesel\/#primaryimage\",\"url\":\"https:\/\/i0.wp.com\/verdadeon.com.br\/portal\/wp-content\/uploads\/2026\/03\/mg_1605.webp?fit=1170%2C700&ssl=1\",\"contentUrl\":\"https:\/\/i0.wp.com\/verdadeon.com.br\/portal\/wp-content\/uploads\/2026\/03\/mg_1605.webp?fit=1170%2C700&ssl=1\",\"width\":1170,\"height\":700,\"caption\":\"(\u00a9Fernando Fraz\u00e3o\/Ag\u00eancia Brasil)\"},{\"@type\":\"BreadcrumbList\",\"@id\":\"https:\/\/verdadeon.com.br\/portal\/2026\/03\/14\/petrobras-aprova-adesao-a-programa-para-conter-alta-do-diesel\/#breadcrumb\",\"itemListElement\":[{\"@type\":\"ListItem\",\"position\":1,\"name\":\"In\u00edcio\",\"item\":\"https:\/\/verdadeon.com.br\/portal\/\"},{\"@type\":\"ListItem\",\"position\":2,\"name\":\"Petrobras aprova ades\u00e3o a programa para conter alta do diesel\"}]},{\"@type\":\"WebSite\",\"@id\":\"https:\/\/verdadeon.com.br\/portal\/#website\",\"url\":\"https:\/\/verdadeon.com.br\/portal\/\",\"name\":\"VerdadeOn\",\"description\":\"Not\u00edcias di\u00e1rias sobre Franca, Regi\u00e3o, Esporte, Cultura, Cotidiano, Colunas. Cobertura nos principais eventos da cidade \u00e9 aqui - Verdadeon Franca\",\"potentialAction\":[{\"@type\":\"SearchAction\",\"target\":{\"@type\":\"EntryPoint\",\"urlTemplate\":\"https:\/\/verdadeon.com.br\/portal\/?s={search_term_string}\"},\"query-input\":{\"@type\":\"PropertyValueSpecification\",\"valueRequired\":true,\"valueName\":\"search_term_string\"}}],\"inLanguage\":\"pt-BR\"},{\"@type\":\"Person\",\"@id\":\"https:\/\/verdadeon.com.br\/portal\/#\/schema\/person\/a5060ad1e9ea3df545188fc93ce43d2f\",\"name\":\"Redacao VerdadeOn\",\"image\":{\"@type\":\"ImageObject\",\"inLanguage\":\"pt-BR\",\"@id\":\"https:\/\/verdadeon.com.br\/portal\/#\/schema\/person\/image\/\",\"url\":\"https:\/\/secure.gravatar.com\/avatar\/459a9613caaaf07f582c3d0841eea68bdd66f533e465e6ba8b9cb45619572cf4?s=96&d=mm&r=g\",\"contentUrl\":\"https:\/\/secure.gravatar.com\/avatar\/459a9613caaaf07f582c3d0841eea68bdd66f533e465e6ba8b9cb45619572cf4?s=96&d=mm&r=g\",\"caption\":\"Redacao VerdadeOn\"},\"url\":\"https:\/\/verdadeon.com.br\/portal\/author\/redacao\/\"}]}<\/script>\n<!-- \/ Yoast SEO plugin. -->","yoast_head_json":{"title":"Petrobras aprova ades\u00e3o a programa para conter alta do diesel - VerdadeOn","robots":{"index":"index","follow":"follow","max-snippet":"max-snippet:-1","max-image-preview":"max-image-preview:large","max-video-preview":"max-video-preview:-1"},"canonical":"https:\/\/verdadeon.com.br\/portal\/2026\/03\/14\/petrobras-aprova-adesao-a-programa-para-conter-alta-do-diesel\/","og_locale":"pt_BR","og_type":"article","og_title":"Petrobras aprova ades\u00e3o a programa para conter alta do diesel - VerdadeOn","og_description":"Medida Provis\u00f3ria faculta subven\u00e7\u00e3o de R$ 0,32 por litro A Petrobras informou, na noite dessa\u00a0quinta-feira (12), que o Conselho de Administra\u00e7\u00e3o da companhia aprovou a ades\u00e3o [\u2026]","og_url":"https:\/\/verdadeon.com.br\/portal\/2026\/03\/14\/petrobras-aprova-adesao-a-programa-para-conter-alta-do-diesel\/","og_site_name":"VerdadeOn","article_published_time":"2026-03-14T16:15:01+00:00","og_image":[{"width":1170,"height":700,"url":"https:\/\/verdadeon.com.br\/portal\/wp-content\/uploads\/2026\/03\/mg_1605.webp","type":"image\/webp"}],"author":"Redacao VerdadeOn","twitter_card":"summary_large_image","twitter_misc":{"Escrito por":"Redacao VerdadeOn","Est. tempo de leitura":"4 minutos"},"schema":{"@context":"https:\/\/schema.org","@graph":[{"@type":"WebPage","@id":"https:\/\/verdadeon.com.br\/portal\/2026\/03\/14\/petrobras-aprova-adesao-a-programa-para-conter-alta-do-diesel\/","url":"https:\/\/verdadeon.com.br\/portal\/2026\/03\/14\/petrobras-aprova-adesao-a-programa-para-conter-alta-do-diesel\/","name":"Petrobras aprova ades\u00e3o a programa para conter alta do diesel - VerdadeOn","isPartOf":{"@id":"https:\/\/verdadeon.com.br\/portal\/#website"},"primaryImageOfPage":{"@id":"https:\/\/verdadeon.com.br\/portal\/2026\/03\/14\/petrobras-aprova-adesao-a-programa-para-conter-alta-do-diesel\/#primaryimage"},"image":{"@id":"https:\/\/verdadeon.com.br\/portal\/2026\/03\/14\/petrobras-aprova-adesao-a-programa-para-conter-alta-do-diesel\/#primaryimage"},"thumbnailUrl":"https:\/\/i0.wp.com\/verdadeon.com.br\/portal\/wp-content\/uploads\/2026\/03\/mg_1605.webp?fit=1170%2C700&ssl=1","datePublished":"2026-03-14T16:15:01+00:00","author":{"@id":"https:\/\/verdadeon.com.br\/portal\/#\/schema\/person\/a5060ad1e9ea3df545188fc93ce43d2f"},"breadcrumb":{"@id":"https:\/\/verdadeon.com.br\/portal\/2026\/03\/14\/petrobras-aprova-adesao-a-programa-para-conter-alta-do-diesel\/#breadcrumb"},"inLanguage":"pt-BR","potentialAction":[{"@type":"ReadAction","target":["https:\/\/verdadeon.com.br\/portal\/2026\/03\/14\/petrobras-aprova-adesao-a-programa-para-conter-alta-do-diesel\/"]}]},{"@type":"ImageObject","inLanguage":"pt-BR","@id":"https:\/\/verdadeon.com.br\/portal\/2026\/03\/14\/petrobras-aprova-adesao-a-programa-para-conter-alta-do-diesel\/#primaryimage","url":"https:\/\/i0.wp.com\/verdadeon.com.br\/portal\/wp-content\/uploads\/2026\/03\/mg_1605.webp?fit=1170%2C700&ssl=1","contentUrl":"https:\/\/i0.wp.com\/verdadeon.com.br\/portal\/wp-content\/uploads\/2026\/03\/mg_1605.webp?fit=1170%2C700&ssl=1","width":1170,"height":700,"caption":"(\u00a9Fernando Fraz\u00e3o\/Ag\u00eancia Brasil)"},{"@type":"BreadcrumbList","@id":"https:\/\/verdadeon.com.br\/portal\/2026\/03\/14\/petrobras-aprova-adesao-a-programa-para-conter-alta-do-diesel\/#breadcrumb","itemListElement":[{"@type":"ListItem","position":1,"name":"In\u00edcio","item":"https:\/\/verdadeon.com.br\/portal\/"},{"@type":"ListItem","position":2,"name":"Petrobras aprova ades\u00e3o a programa para conter alta do diesel"}]},{"@type":"WebSite","@id":"https:\/\/verdadeon.com.br\/portal\/#website","url":"https:\/\/verdadeon.com.br\/portal\/","name":"VerdadeOn","description":"Not\u00edcias di\u00e1rias sobre Franca, Regi\u00e3o, Esporte, Cultura, Cotidiano, Colunas. Cobertura nos principais eventos da cidade \u00e9 aqui - Verdadeon Franca","potentialAction":[{"@type":"SearchAction","target":{"@type":"EntryPoint","urlTemplate":"https:\/\/verdadeon.com.br\/portal\/?s={search_term_string}"},"query-input":{"@type":"PropertyValueSpecification","valueRequired":true,"valueName":"search_term_string"}}],"inLanguage":"pt-BR"},{"@type":"Person","@id":"https:\/\/verdadeon.com.br\/portal\/#\/schema\/person\/a5060ad1e9ea3df545188fc93ce43d2f","name":"Redacao VerdadeOn","image":{"@type":"ImageObject","inLanguage":"pt-BR","@id":"https:\/\/verdadeon.com.br\/portal\/#\/schema\/person\/image\/","url":"https:\/\/secure.gravatar.com\/avatar\/459a9613caaaf07f582c3d0841eea68bdd66f533e465e6ba8b9cb45619572cf4?s=96&d=mm&r=g","contentUrl":"https:\/\/secure.gravatar.com\/avatar\/459a9613caaaf07f582c3d0841eea68bdd66f533e465e6ba8b9cb45619572cf4?s=96&d=mm&r=g","caption":"Redacao VerdadeOn"},"url":"https:\/\/verdadeon.com.br\/portal\/author\/redacao\/"}]}},"jetpack_publicize_connections":[],"jetpack_featured_media_url":"https:\/\/i0.wp.com\/verdadeon.com.br\/portal\/wp-content\/uploads\/2026\/03\/mg_1605.webp?fit=1170%2C700&ssl=1","jetpack_sharing_enabled":true,"_links":{"self":[{"href":"https:\/\/verdadeon.com.br\/portal\/wp-json\/wp\/v2\/posts\/65242","targetHints":{"allow":["GET"]}}],"collection":[{"href":"https:\/\/verdadeon.com.br\/portal\/wp-json\/wp\/v2\/posts"}],"about":[{"href":"https:\/\/verdadeon.com.br\/portal\/wp-json\/wp\/v2\/types\/post"}],"author":[{"embeddable":true,"href":"https:\/\/verdadeon.com.br\/portal\/wp-json\/wp\/v2\/users\/10"}],"replies":[{"embeddable":true,"href":"https:\/\/verdadeon.com.br\/portal\/wp-json\/wp\/v2\/comments?post=65242"}],"version-history":[{"count":1,"href":"https:\/\/verdadeon.com.br\/portal\/wp-json\/wp\/v2\/posts\/65242\/revisions"}],"predecessor-version":[{"id":65244,"href":"https:\/\/verdadeon.com.br\/portal\/wp-json\/wp\/v2\/posts\/65242\/revisions\/65244"}],"wp:featuredmedia":[{"embeddable":true,"href":"https:\/\/verdadeon.com.br\/portal\/wp-json\/wp\/v2\/media\/65243"}],"wp:attachment":[{"href":"https:\/\/verdadeon.com.br\/portal\/wp-json\/wp\/v2\/media?parent=65242"}],"wp:term":[{"taxonomy":"category","embeddable":true,"href":"https:\/\/verdadeon.com.br\/portal\/wp-json\/wp\/v2\/categories?post=65242"},{"taxonomy":"post_tag","embeddable":true,"href":"https:\/\/verdadeon.com.br\/portal\/wp-json\/wp\/v2\/tags?post=65242"}],"curies":[{"name":"wp","href":"https:\/\/api.w.org\/{rel}","templated":true}]}}