{"id":65228,"date":"2026-03-14T09:00:49","date_gmt":"2026-03-14T12:00:49","guid":{"rendered":"https:\/\/verdadeon.com.br\/portal\/?p=65228"},"modified":"2026-03-14T22:38:23","modified_gmt":"2026-03-15T01:38:23","slug":"cpfl-abre-16-vagas-para-para-curso-de-eletricistas-na-regiao-de-franca","status":"publish","type":"post","link":"https:\/\/verdadeon.com.br\/portal\/2026\/03\/14\/cpfl-abre-16-vagas-para-para-curso-de-eletricistas-na-regiao-de-franca\/","title":{"rendered":"CPFL abre 16 vagas para para curso de eletricista na regi\u00e3o de Franca"},"content":{"rendered":"<h2>Inscri\u00e7\u00f5es est\u00e3o abertas at\u00e9 o dia 27 de mar\u00e7o e s\u00e3o inteiramente gratuitas<\/h2>\n<div class=\"coh-wysiwyg ssa-component coh-component ssa-component-instance-693b0369-30ff-463e-90db-a1b1ac90d49f coh-component-instance-693b0369-30ff-463e-90db-a1b1ac90d49f coh-style-text-color-light-background ssa-instance-b874807df58c3e2d04025cd77df6d6ac coh-ce-cpt_text-805d3973\">\n<p>A Companhia Paulista de For\u00e7a e Luz (CPFL) anunciou a abertura da Escola de Eletricistas, realizada em parceria com o SENAI. As inscri\u00e7\u00f5es s\u00e3o gratuitas e ficar\u00e3o abertas no per\u00edodo de 10 a 27 de mar\u00e7o, exclusivamente pelo link:<a href=\"https:\/\/nam02.safelinks.protection.outlook.com\/?url=https%3A%2F%2Fwww.grupocpfl.com.br%2Frh%2Fescolas-de-eletricistas&amp;data=05%7C02%7Cjulia.dionisio%40cpfl.com.br%7Cced12ee650c34f0c383008de7e9c2836%7C93546618e20a4fd3a8849e33ca7234a7%7C0%7C0%7C639087406373714271%7CUnknown%7CTWFpbGZsb3d8eyJFbXB0eU1hcGkiOnRydWUsIlYiOiIwLjAuMDAwMCIsIlAiOiJXaW4zMiIsIkFOIjoiTWFpbCIsIldUIjoyfQ%3D%3D%7C0%7C%7C%7C&amp;sdata=EfMq0krmBTyzf6FyRZ7NF81LFFyaguVtGu%2B94o5X7%2FE%3D&amp;reserved=0\">\u00a0https:\/\/www.grupocpfl.com.br\/rh\/escolas-de-eletricistas.\u00a0<\/a><\/p>\n<p>Uma nova gera\u00e7\u00e3o de eletricistas come\u00e7a a ser formada em Franca. S\u00e3o 16 vagas voltadas \u00e0 forma\u00e7\u00e3o de homens e mulheres moradores da pr\u00f3pria cidade, al\u00e9m de Igarapava, Ipu\u00e3, Ituverava, Morro Agudo, Orl\u00e2ndia, Patroc\u00ednio Paulista e S\u00e3o Joaquim da Barra.<\/p>\n<\/div>\n<div class=\"coh-wysiwyg ssa-component coh-component ssa-component-instance-9851ab10-7322-4964-8e3c-9e3992042453 coh-component-instance-9851ab10-7322-4964-8e3c-9e3992042453 coh-style-text-color-light-background ssa-instance-31894dd9b33f9102384f576ef1a8fff6 coh-ce-cpt_text-805d3973\">\n<h5>Requisitos para participa\u00e7\u00e3o:<\/h5>\n<ul>\n<li style=\"list-style-type: none;\">\n<ul>\n<li>Idade m\u00ednima de 19 anos;<\/li>\n<\/ul>\n<\/li>\n<\/ul>\n<ul>\n<li style=\"list-style-type: none;\">\n<ul>\n<li>Ensino M\u00e9dio completo;<\/li>\n<\/ul>\n<\/li>\n<\/ul>\n<ul>\n<li style=\"list-style-type: none;\">\n<ul>\n<li>CNH categoria B definitiva e v\u00e1lida;<\/li>\n<\/ul>\n<\/li>\n<\/ul>\n<ul>\n<li style=\"list-style-type: none;\">\n<ul>\n<li>Residir na cidade da vaga ou ter disponibilidade para mudan\u00e7a.<\/li>\n<\/ul>\n<\/li>\n<\/ul>\n<p>Ao final da capacita\u00e7\u00e3o, os participantes estar\u00e3o aptos a atuar no mercado e poder\u00e3o concorrer a vagas nas opera\u00e7\u00f5es do Grupo CPFL. Embora a forma\u00e7\u00e3o n\u00e3o garanta contrata\u00e7\u00e3o, a Escola de Eletricistas atende cerca de 700 alunos por ano e mant\u00e9m m\u00e9dia de 75% de aproveitamento nas empresas do grupo.<\/p>\n<p>As aulas come\u00e7ar\u00e3o no dia 5 de maio.<\/p>\n<\/div>\n","protected":false},"excerpt":{"rendered":"<p>Inscri\u00e7\u00f5es est\u00e3o abertas at\u00e9 o dia 27 de mar\u00e7o e s\u00e3o inteiramente gratuitas A Companhia Paulista de For\u00e7a e Luz (CPFL) anunciou a abertura da Escola<span class=\"excerpt-hellip\"> [\u2026]<\/span><\/p>\n","protected":false},"author":10,"featured_media":65229,"comment_status":"open","ping_status":"open","sticky":false,"template":"","format":"standard","meta":{"_jetpack_memberships_contains_paid_content":false,"footnotes":"","jetpack_publicize_message":"","jetpack_publicize_feature_enabled":true,"jetpack_social_post_already_shared":true,"jetpack_social_options":{"image_generator_settings":{"template":"highway","default_image_id":0,"enabled":false},"version":2}},"categories":[28,81],"tags":[],"class_list":["post-65228","post","type-post","status-publish","format-standard","has-post-thumbnail","hentry","category-cotidiano","category-manchete"],"yoast_head":"<!-- This site is optimized with the Yoast SEO plugin v25.6 - https:\/\/yoast.com\/wordpress\/plugins\/seo\/ -->\n<title>CPFL abre 16 vagas para para curso de eletricista na regi\u00e3o de Franca - VerdadeOn<\/title>\n<meta name=\"robots\" content=\"index, follow, max-snippet:-1, max-image-preview:large, max-video-preview:-1\" \/>\n<link rel=\"canonical\" href=\"https:\/\/verdadeon.com.br\/portal\/2026\/03\/14\/cpfl-abre-16-vagas-para-para-curso-de-eletricistas-na-regiao-de-franca\/\" \/>\n<meta property=\"og:locale\" content=\"pt_BR\" \/>\n<meta property=\"og:type\" content=\"article\" \/>\n<meta property=\"og:title\" content=\"CPFL abre 16 vagas para para curso de eletricista na regi\u00e3o de Franca - VerdadeOn\" \/>\n<meta property=\"og:description\" content=\"Inscri\u00e7\u00f5es est\u00e3o abertas at\u00e9 o dia 27 de mar\u00e7o e s\u00e3o inteiramente gratuitas A Companhia Paulista de For\u00e7a e Luz (CPFL) anunciou a abertura da Escola [\u2026]\" \/>\n<meta property=\"og:url\" content=\"https:\/\/verdadeon.com.br\/portal\/2026\/03\/14\/cpfl-abre-16-vagas-para-para-curso-de-eletricistas-na-regiao-de-franca\/\" \/>\n<meta property=\"og:site_name\" content=\"VerdadeOn\" \/>\n<meta property=\"article:published_time\" content=\"2026-03-14T12:00:49+00:00\" \/>\n<meta property=\"article:modified_time\" content=\"2026-03-15T01:38:23+00:00\" \/>\n<meta property=\"og:image\" content=\"https:\/\/verdadeon.com.br\/portal\/wp-content\/uploads\/2026\/03\/baixados-17.png\" \/>\n\t<meta property=\"og:image:width\" content=\"568\" \/>\n\t<meta property=\"og:image:height\" content=\"379\" \/>\n\t<meta property=\"og:image:type\" content=\"image\/png\" \/>\n<meta name=\"author\" content=\"Redacao VerdadeOn\" \/>\n<meta name=\"twitter:card\" content=\"summary_large_image\" \/>\n<meta name=\"twitter:label1\" content=\"Escrito por\" \/>\n\t<meta name=\"twitter:data1\" content=\"Redacao VerdadeOn\" \/>\n\t<meta name=\"twitter:label2\" content=\"Est. tempo de leitura\" \/>\n\t<meta name=\"twitter:data2\" content=\"2 minutos\" \/>\n<script type=\"application\/ld+json\" class=\"yoast-schema-graph\">{\"@context\":\"https:\/\/schema.org\",\"@graph\":[{\"@type\":\"WebPage\",\"@id\":\"https:\/\/verdadeon.com.br\/portal\/2026\/03\/14\/cpfl-abre-16-vagas-para-para-curso-de-eletricistas-na-regiao-de-franca\/\",\"url\":\"https:\/\/verdadeon.com.br\/portal\/2026\/03\/14\/cpfl-abre-16-vagas-para-para-curso-de-eletricistas-na-regiao-de-franca\/\",\"name\":\"CPFL abre 16 vagas para para curso de eletricista na regi\u00e3o de Franca - VerdadeOn\",\"isPartOf\":{\"@id\":\"https:\/\/verdadeon.com.br\/portal\/#website\"},\"primaryImageOfPage\":{\"@id\":\"https:\/\/verdadeon.com.br\/portal\/2026\/03\/14\/cpfl-abre-16-vagas-para-para-curso-de-eletricistas-na-regiao-de-franca\/#primaryimage\"},\"image\":{\"@id\":\"https:\/\/verdadeon.com.br\/portal\/2026\/03\/14\/cpfl-abre-16-vagas-para-para-curso-de-eletricistas-na-regiao-de-franca\/#primaryimage\"},\"thumbnailUrl\":\"https:\/\/i0.wp.com\/verdadeon.com.br\/portal\/wp-content\/uploads\/2026\/03\/baixados-17.png?fit=568%2C379&ssl=1\",\"datePublished\":\"2026-03-14T12:00:49+00:00\",\"dateModified\":\"2026-03-15T01:38:23+00:00\",\"author\":{\"@id\":\"https:\/\/verdadeon.com.br\/portal\/#\/schema\/person\/a5060ad1e9ea3df545188fc93ce43d2f\"},\"breadcrumb\":{\"@id\":\"https:\/\/verdadeon.com.br\/portal\/2026\/03\/14\/cpfl-abre-16-vagas-para-para-curso-de-eletricistas-na-regiao-de-franca\/#breadcrumb\"},\"inLanguage\":\"pt-BR\",\"potentialAction\":[{\"@type\":\"ReadAction\",\"target\":[\"https:\/\/verdadeon.com.br\/portal\/2026\/03\/14\/cpfl-abre-16-vagas-para-para-curso-de-eletricistas-na-regiao-de-franca\/\"]}]},{\"@type\":\"ImageObject\",\"inLanguage\":\"pt-BR\",\"@id\":\"https:\/\/verdadeon.com.br\/portal\/2026\/03\/14\/cpfl-abre-16-vagas-para-para-curso-de-eletricistas-na-regiao-de-franca\/#primaryimage\",\"url\":\"https:\/\/i0.wp.com\/verdadeon.com.br\/portal\/wp-content\/uploads\/2026\/03\/baixados-17.png?fit=568%2C379&ssl=1\",\"contentUrl\":\"https:\/\/i0.wp.com\/verdadeon.com.br\/portal\/wp-content\/uploads\/2026\/03\/baixados-17.png?fit=568%2C379&ssl=1\",\"width\":568,\"height\":379,\"caption\":\"Forma\u00e7\u00e3o combina teoria e pr\u00e1tica, com prioridade para seguran\u00e7a no trabalho em rede el\u00e9trica (\u00a9Divulga\u00e7\u00e3o CPFL)\"},{\"@type\":\"BreadcrumbList\",\"@id\":\"https:\/\/verdadeon.com.br\/portal\/2026\/03\/14\/cpfl-abre-16-vagas-para-para-curso-de-eletricistas-na-regiao-de-franca\/#breadcrumb\",\"itemListElement\":[{\"@type\":\"ListItem\",\"position\":1,\"name\":\"In\u00edcio\",\"item\":\"https:\/\/verdadeon.com.br\/portal\/\"},{\"@type\":\"ListItem\",\"position\":2,\"name\":\"CPFL abre 16 vagas para para curso de eletricista na regi\u00e3o de Franca\"}]},{\"@type\":\"WebSite\",\"@id\":\"https:\/\/verdadeon.com.br\/portal\/#website\",\"url\":\"https:\/\/verdadeon.com.br\/portal\/\",\"name\":\"VerdadeOn\",\"description\":\"Not\u00edcias di\u00e1rias sobre Franca, Regi\u00e3o, Esporte, Cultura, Cotidiano, Colunas. Cobertura nos principais eventos da cidade \u00e9 aqui - Verdadeon Franca\",\"potentialAction\":[{\"@type\":\"SearchAction\",\"target\":{\"@type\":\"EntryPoint\",\"urlTemplate\":\"https:\/\/verdadeon.com.br\/portal\/?s={search_term_string}\"},\"query-input\":{\"@type\":\"PropertyValueSpecification\",\"valueRequired\":true,\"valueName\":\"search_term_string\"}}],\"inLanguage\":\"pt-BR\"},{\"@type\":\"Person\",\"@id\":\"https:\/\/verdadeon.com.br\/portal\/#\/schema\/person\/a5060ad1e9ea3df545188fc93ce43d2f\",\"name\":\"Redacao VerdadeOn\",\"image\":{\"@type\":\"ImageObject\",\"inLanguage\":\"pt-BR\",\"@id\":\"https:\/\/verdadeon.com.br\/portal\/#\/schema\/person\/image\/\",\"url\":\"https:\/\/secure.gravatar.com\/avatar\/459a9613caaaf07f582c3d0841eea68bdd66f533e465e6ba8b9cb45619572cf4?s=96&d=mm&r=g\",\"contentUrl\":\"https:\/\/secure.gravatar.com\/avatar\/459a9613caaaf07f582c3d0841eea68bdd66f533e465e6ba8b9cb45619572cf4?s=96&d=mm&r=g\",\"caption\":\"Redacao VerdadeOn\"},\"url\":\"https:\/\/verdadeon.com.br\/portal\/author\/redacao\/\"}]}<\/script>\n<!-- \/ Yoast SEO plugin. -->","yoast_head_json":{"title":"CPFL abre 16 vagas para para curso de eletricista na regi\u00e3o de Franca - VerdadeOn","robots":{"index":"index","follow":"follow","max-snippet":"max-snippet:-1","max-image-preview":"max-image-preview:large","max-video-preview":"max-video-preview:-1"},"canonical":"https:\/\/verdadeon.com.br\/portal\/2026\/03\/14\/cpfl-abre-16-vagas-para-para-curso-de-eletricistas-na-regiao-de-franca\/","og_locale":"pt_BR","og_type":"article","og_title":"CPFL abre 16 vagas para para curso de eletricista na regi\u00e3o de Franca - VerdadeOn","og_description":"Inscri\u00e7\u00f5es est\u00e3o abertas at\u00e9 o dia 27 de mar\u00e7o e s\u00e3o inteiramente gratuitas A Companhia Paulista de For\u00e7a e Luz (CPFL) anunciou a abertura da Escola [\u2026]","og_url":"https:\/\/verdadeon.com.br\/portal\/2026\/03\/14\/cpfl-abre-16-vagas-para-para-curso-de-eletricistas-na-regiao-de-franca\/","og_site_name":"VerdadeOn","article_published_time":"2026-03-14T12:00:49+00:00","article_modified_time":"2026-03-15T01:38:23+00:00","og_image":[{"width":568,"height":379,"url":"https:\/\/verdadeon.com.br\/portal\/wp-content\/uploads\/2026\/03\/baixados-17.png","type":"image\/png"}],"author":"Redacao VerdadeOn","twitter_card":"summary_large_image","twitter_misc":{"Escrito por":"Redacao VerdadeOn","Est. tempo de leitura":"2 minutos"},"schema":{"@context":"https:\/\/schema.org","@graph":[{"@type":"WebPage","@id":"https:\/\/verdadeon.com.br\/portal\/2026\/03\/14\/cpfl-abre-16-vagas-para-para-curso-de-eletricistas-na-regiao-de-franca\/","url":"https:\/\/verdadeon.com.br\/portal\/2026\/03\/14\/cpfl-abre-16-vagas-para-para-curso-de-eletricistas-na-regiao-de-franca\/","name":"CPFL abre 16 vagas para para curso de eletricista na regi\u00e3o de Franca - VerdadeOn","isPartOf":{"@id":"https:\/\/verdadeon.com.br\/portal\/#website"},"primaryImageOfPage":{"@id":"https:\/\/verdadeon.com.br\/portal\/2026\/03\/14\/cpfl-abre-16-vagas-para-para-curso-de-eletricistas-na-regiao-de-franca\/#primaryimage"},"image":{"@id":"https:\/\/verdadeon.com.br\/portal\/2026\/03\/14\/cpfl-abre-16-vagas-para-para-curso-de-eletricistas-na-regiao-de-franca\/#primaryimage"},"thumbnailUrl":"https:\/\/i0.wp.com\/verdadeon.com.br\/portal\/wp-content\/uploads\/2026\/03\/baixados-17.png?fit=568%2C379&ssl=1","datePublished":"2026-03-14T12:00:49+00:00","dateModified":"2026-03-15T01:38:23+00:00","author":{"@id":"https:\/\/verdadeon.com.br\/portal\/#\/schema\/person\/a5060ad1e9ea3df545188fc93ce43d2f"},"breadcrumb":{"@id":"https:\/\/verdadeon.com.br\/portal\/2026\/03\/14\/cpfl-abre-16-vagas-para-para-curso-de-eletricistas-na-regiao-de-franca\/#breadcrumb"},"inLanguage":"pt-BR","potentialAction":[{"@type":"ReadAction","target":["https:\/\/verdadeon.com.br\/portal\/2026\/03\/14\/cpfl-abre-16-vagas-para-para-curso-de-eletricistas-na-regiao-de-franca\/"]}]},{"@type":"ImageObject","inLanguage":"pt-BR","@id":"https:\/\/verdadeon.com.br\/portal\/2026\/03\/14\/cpfl-abre-16-vagas-para-para-curso-de-eletricistas-na-regiao-de-franca\/#primaryimage","url":"https:\/\/i0.wp.com\/verdadeon.com.br\/portal\/wp-content\/uploads\/2026\/03\/baixados-17.png?fit=568%2C379&ssl=1","contentUrl":"https:\/\/i0.wp.com\/verdadeon.com.br\/portal\/wp-content\/uploads\/2026\/03\/baixados-17.png?fit=568%2C379&ssl=1","width":568,"height":379,"caption":"Forma\u00e7\u00e3o combina teoria e pr\u00e1tica, com prioridade para seguran\u00e7a no trabalho em rede el\u00e9trica (\u00a9Divulga\u00e7\u00e3o CPFL)"},{"@type":"BreadcrumbList","@id":"https:\/\/verdadeon.com.br\/portal\/2026\/03\/14\/cpfl-abre-16-vagas-para-para-curso-de-eletricistas-na-regiao-de-franca\/#breadcrumb","itemListElement":[{"@type":"ListItem","position":1,"name":"In\u00edcio","item":"https:\/\/verdadeon.com.br\/portal\/"},{"@type":"ListItem","position":2,"name":"CPFL abre 16 vagas para para curso de eletricista na regi\u00e3o de Franca"}]},{"@type":"WebSite","@id":"https:\/\/verdadeon.com.br\/portal\/#website","url":"https:\/\/verdadeon.com.br\/portal\/","name":"VerdadeOn","description":"Not\u00edcias di\u00e1rias sobre Franca, Regi\u00e3o, Esporte, Cultura, Cotidiano, Colunas. Cobertura nos principais eventos da cidade \u00e9 aqui - Verdadeon Franca","potentialAction":[{"@type":"SearchAction","target":{"@type":"EntryPoint","urlTemplate":"https:\/\/verdadeon.com.br\/portal\/?s={search_term_string}"},"query-input":{"@type":"PropertyValueSpecification","valueRequired":true,"valueName":"search_term_string"}}],"inLanguage":"pt-BR"},{"@type":"Person","@id":"https:\/\/verdadeon.com.br\/portal\/#\/schema\/person\/a5060ad1e9ea3df545188fc93ce43d2f","name":"Redacao VerdadeOn","image":{"@type":"ImageObject","inLanguage":"pt-BR","@id":"https:\/\/verdadeon.com.br\/portal\/#\/schema\/person\/image\/","url":"https:\/\/secure.gravatar.com\/avatar\/459a9613caaaf07f582c3d0841eea68bdd66f533e465e6ba8b9cb45619572cf4?s=96&d=mm&r=g","contentUrl":"https:\/\/secure.gravatar.com\/avatar\/459a9613caaaf07f582c3d0841eea68bdd66f533e465e6ba8b9cb45619572cf4?s=96&d=mm&r=g","caption":"Redacao VerdadeOn"},"url":"https:\/\/verdadeon.com.br\/portal\/author\/redacao\/"}]}},"jetpack_publicize_connections":[],"jetpack_featured_media_url":"https:\/\/i0.wp.com\/verdadeon.com.br\/portal\/wp-content\/uploads\/2026\/03\/baixados-17.png?fit=568%2C379&ssl=1","jetpack_sharing_enabled":true,"_links":{"self":[{"href":"https:\/\/verdadeon.com.br\/portal\/wp-json\/wp\/v2\/posts\/65228","targetHints":{"allow":["GET"]}}],"collection":[{"href":"https:\/\/verdadeon.com.br\/portal\/wp-json\/wp\/v2\/posts"}],"about":[{"href":"https:\/\/verdadeon.com.br\/portal\/wp-json\/wp\/v2\/types\/post"}],"author":[{"embeddable":true,"href":"https:\/\/verdadeon.com.br\/portal\/wp-json\/wp\/v2\/users\/10"}],"replies":[{"embeddable":true,"href":"https:\/\/verdadeon.com.br\/portal\/wp-json\/wp\/v2\/comments?post=65228"}],"version-history":[{"count":2,"href":"https:\/\/verdadeon.com.br\/portal\/wp-json\/wp\/v2\/posts\/65228\/revisions"}],"predecessor-version":[{"id":65257,"href":"https:\/\/verdadeon.com.br\/portal\/wp-json\/wp\/v2\/posts\/65228\/revisions\/65257"}],"wp:featuredmedia":[{"embeddable":true,"href":"https:\/\/verdadeon.com.br\/portal\/wp-json\/wp\/v2\/media\/65229"}],"wp:attachment":[{"href":"https:\/\/verdadeon.com.br\/portal\/wp-json\/wp\/v2\/media?parent=65228"}],"wp:term":[{"taxonomy":"category","embeddable":true,"href":"https:\/\/verdadeon.com.br\/portal\/wp-json\/wp\/v2\/categories?post=65228"},{"taxonomy":"post_tag","embeddable":true,"href":"https:\/\/verdadeon.com.br\/portal\/wp-json\/wp\/v2\/tags?post=65228"}],"curies":[{"name":"wp","href":"https:\/\/api.w.org\/{rel}","templated":true}]}}