{"id":65221,"date":"2026-03-14T10:00:04","date_gmt":"2026-03-14T13:00:04","guid":{"rendered":"https:\/\/verdadeon.com.br\/portal\/?p=65221"},"modified":"2026-03-13T13:20:50","modified_gmt":"2026-03-13T16:20:50","slug":"licitacao-para-obra-entre-sao-jose-da-bela-vista-e-nuporanga-deve-sair-nas-proximas-semanas","status":"publish","type":"post","link":"https:\/\/verdadeon.com.br\/portal\/2026\/03\/14\/licitacao-para-obra-entre-sao-jose-da-bela-vista-e-nuporanga-deve-sair-nas-proximas-semanas\/","title":{"rendered":"Licita\u00e7\u00e3o para obra entre S\u00e3o Jos\u00e9 da Bela Vista e Nuporanga deve sair nas pr\u00f3ximas semanas"},"content":{"rendered":"<h2>Custo dos servi\u00e7os est\u00e1 estimado em R$ 3,3 milh\u00f5es<\/h2>\n<p style=\"text-align: right;\"><strong><em>Por Pedro Maia<\/em><\/strong><br \/>\n<strong><em>Editor-chefe<\/em><\/strong><\/p>\n<p>O Departamento de Estradas e Rodagem (DER-SP) informou que as obras para recupera\u00e7\u00e3o estrutural e substitui\u00e7\u00e3o da galeria sobre o Ribeir\u00e3o do Buriti, na altura do km 5,7 da SPA 059\/345, entre S\u00e3o Jos\u00e9 da Bela Vista e Nuporanga, ser\u00e3o viabilizadas por meio de processo licitat\u00f3rio, com previs\u00e3o de publica\u00e7\u00e3o dentro das pr\u00f3ximas semanas.<\/p>\n<p>Os servi\u00e7os t\u00eam or\u00e7amento estimado de R$ 3,3 milh\u00f5es, com dura\u00e7\u00e3o prevista de 8 meses \u2013 que pode ser ajustado conforme a evolu\u00e7\u00e3o dos trabalhos.<\/p>\n<p>O trecho entre o km 0 e o 5,8, no sentido Nuporanga, encontra-se interditado desde 25 de fevereiro, quando foi detectado o comprometimento da estrutura devido \u00e0s fortes chuvas. A interdi\u00e7\u00e3o segue em vigor at\u00e9 a conclus\u00e3o das obras, visando garantir a seguran\u00e7a dos usu\u00e1rios.<\/p>\n<p><img data-recalc-dims=\"1\" loading=\"lazy\" decoding=\"async\" class=\"alignnone size-full wp-image-65223\" src=\"https:\/\/i0.wp.com\/verdadeon.com.br\/portal\/wp-content\/uploads\/2026\/03\/WhatsApp-Image-2026-03-13-at-11.16.16-2.jpeg?resize=1220%2C915&#038;ssl=1\" alt=\"\" width=\"1220\" height=\"915\" srcset=\"https:\/\/i0.wp.com\/verdadeon.com.br\/portal\/wp-content\/uploads\/2026\/03\/WhatsApp-Image-2026-03-13-at-11.16.16-2.jpeg?w=1600&amp;ssl=1 1600w, https:\/\/i0.wp.com\/verdadeon.com.br\/portal\/wp-content\/uploads\/2026\/03\/WhatsApp-Image-2026-03-13-at-11.16.16-2.jpeg?resize=300%2C225&amp;ssl=1 300w, https:\/\/i0.wp.com\/verdadeon.com.br\/portal\/wp-content\/uploads\/2026\/03\/WhatsApp-Image-2026-03-13-at-11.16.16-2.jpeg?resize=1024%2C768&amp;ssl=1 1024w, https:\/\/i0.wp.com\/verdadeon.com.br\/portal\/wp-content\/uploads\/2026\/03\/WhatsApp-Image-2026-03-13-at-11.16.16-2.jpeg?resize=768%2C576&amp;ssl=1 768w, https:\/\/i0.wp.com\/verdadeon.com.br\/portal\/wp-content\/uploads\/2026\/03\/WhatsApp-Image-2026-03-13-at-11.16.16-2.jpeg?resize=1536%2C1152&amp;ssl=1 1536w, https:\/\/i0.wp.com\/verdadeon.com.br\/portal\/wp-content\/uploads\/2026\/03\/WhatsApp-Image-2026-03-13-at-11.16.16-2.jpeg?resize=195%2C146&amp;ssl=1 195w, https:\/\/i0.wp.com\/verdadeon.com.br\/portal\/wp-content\/uploads\/2026\/03\/WhatsApp-Image-2026-03-13-at-11.16.16-2.jpeg?resize=50%2C38&amp;ssl=1 50w, https:\/\/i0.wp.com\/verdadeon.com.br\/portal\/wp-content\/uploads\/2026\/03\/WhatsApp-Image-2026-03-13-at-11.16.16-2.jpeg?resize=100%2C75&amp;ssl=1 100w\" sizes=\"auto, (max-width: 1220px) 100vw, 1220px\" \/><\/p>\n<p><b>Rotas alternativas<\/b><\/p>\n<p>Pela SP 334, motoristas que v\u00eam do munic\u00edpio de Franca e seguem em dire\u00e7\u00e3o \u00e0 SP 345 poder\u00e3o acessar normalmente S\u00e3o Jos\u00e9 da Bela Vista.<\/p>\n<p>O acesso a Nuporanga, por\u00e9m, permanecer\u00e1 bloqueado devido \u00e0 interdi\u00e7\u00e3o da SPA 059\/345, no km 5,779.<\/p>\n<p>J\u00e1 pela SP 351, quem parte das regi\u00f5es de Ribeir\u00e3o Preto e Batatais ter\u00e1 acesso apenas a Nuporanga, ficando impedido de prosseguir at\u00e9 S\u00e3o Jos\u00e9 da Bela Vista em raz\u00e3o da interdi\u00e7\u00e3o.<\/p>\n<p>O munic\u00edpio de S\u00e3o Joaquim da Barra manter\u00e1 os seguintes acessos: para Nuporanga, exclusivamente pela SP 351; e para S\u00e3o Jos\u00e9 da Bela Vista, exclusivamente pela SP 345.<\/p>\n<p>Dessa forma, n\u00e3o haver\u00e1 liga\u00e7\u00e3o direta entre os dois munic\u00edpios durante o per\u00edodo de interdi\u00e7\u00e3o.<\/p>\n<p>Na regi\u00e3o de Sales Oliveira, Orl\u00e2ndia e adjac\u00eancias, os motoristas que utilizam as SP 351 e SP 328 poder\u00e3o acessar apenas Nuporanga, permanecendo bloqueado o trecho at\u00e9 S\u00e3o Jos\u00e9 da Bela Vista.<\/p>\n<p><b>Orienta\u00e7\u00f5es aos usu\u00e1rios<\/b><\/p>\n<p>O DER-SP orienta os usu\u00e1rios a respeitar a interdi\u00e7\u00e3o e a sinaliza\u00e7\u00e3o no local, planejar o trajeto com anteced\u00eancia e utilizar as rotas alternativas indicadas para garantir seguran\u00e7a durante o per\u00edodo das obras<\/p>\n<p><img data-recalc-dims=\"1\" loading=\"lazy\" decoding=\"async\" class=\"alignnone size-full wp-image-65224\" src=\"https:\/\/i0.wp.com\/verdadeon.com.br\/portal\/wp-content\/uploads\/2026\/03\/WhatsApp-Image-2026-03-13-at-11.16.16-1.jpeg?resize=1220%2C686&#038;ssl=1\" alt=\"\" width=\"1220\" height=\"686\" srcset=\"https:\/\/i0.wp.com\/verdadeon.com.br\/portal\/wp-content\/uploads\/2026\/03\/WhatsApp-Image-2026-03-13-at-11.16.16-1.jpeg?w=1600&amp;ssl=1 1600w, https:\/\/i0.wp.com\/verdadeon.com.br\/portal\/wp-content\/uploads\/2026\/03\/WhatsApp-Image-2026-03-13-at-11.16.16-1.jpeg?resize=300%2C169&amp;ssl=1 300w, https:\/\/i0.wp.com\/verdadeon.com.br\/portal\/wp-content\/uploads\/2026\/03\/WhatsApp-Image-2026-03-13-at-11.16.16-1.jpeg?resize=1024%2C576&amp;ssl=1 1024w, https:\/\/i0.wp.com\/verdadeon.com.br\/portal\/wp-content\/uploads\/2026\/03\/WhatsApp-Image-2026-03-13-at-11.16.16-1.jpeg?resize=768%2C432&amp;ssl=1 768w, https:\/\/i0.wp.com\/verdadeon.com.br\/portal\/wp-content\/uploads\/2026\/03\/WhatsApp-Image-2026-03-13-at-11.16.16-1.jpeg?resize=1536%2C864&amp;ssl=1 1536w, https:\/\/i0.wp.com\/verdadeon.com.br\/portal\/wp-content\/uploads\/2026\/03\/WhatsApp-Image-2026-03-13-at-11.16.16-1.jpeg?resize=260%2C146&amp;ssl=1 260w, https:\/\/i0.wp.com\/verdadeon.com.br\/portal\/wp-content\/uploads\/2026\/03\/WhatsApp-Image-2026-03-13-at-11.16.16-1.jpeg?resize=50%2C28&amp;ssl=1 50w, https:\/\/i0.wp.com\/verdadeon.com.br\/portal\/wp-content\/uploads\/2026\/03\/WhatsApp-Image-2026-03-13-at-11.16.16-1.jpeg?resize=133%2C75&amp;ssl=1 133w\" sizes=\"auto, (max-width: 1220px) 100vw, 1220px\" \/><\/p>\n","protected":false},"excerpt":{"rendered":"<p>Custo dos servi\u00e7os est\u00e1 estimado em R$ 3,3 milh\u00f5es Por Pedro Maia Editor-chefe O Departamento de Estradas e Rodagem (DER-SP) informou que as obras para recupera\u00e7\u00e3o<span class=\"excerpt-hellip\"> [\u2026]<\/span><\/p>\n","protected":false},"author":10,"featured_media":65222,"comment_status":"open","ping_status":"open","sticky":false,"template":"","format":"standard","meta":{"_jetpack_memberships_contains_paid_content":false,"footnotes":"","jetpack_publicize_message":"","jetpack_publicize_feature_enabled":true,"jetpack_social_post_already_shared":true,"jetpack_social_options":{"image_generator_settings":{"template":"highway","default_image_id":0,"enabled":false},"version":2}},"categories":[28,81],"tags":[],"class_list":["post-65221","post","type-post","status-publish","format-standard","has-post-thumbnail","hentry","category-cotidiano","category-manchete"],"yoast_head":"<!-- This site is optimized with the Yoast SEO plugin v25.6 - https:\/\/yoast.com\/wordpress\/plugins\/seo\/ -->\n<title>Licita\u00e7\u00e3o para obra entre S\u00e3o Jos\u00e9 da Bela Vista e Nuporanga deve sair nas pr\u00f3ximas semanas - VerdadeOn<\/title>\n<meta name=\"robots\" content=\"index, follow, max-snippet:-1, max-image-preview:large, max-video-preview:-1\" \/>\n<link rel=\"canonical\" href=\"https:\/\/verdadeon.com.br\/portal\/2026\/03\/14\/licitacao-para-obra-entre-sao-jose-da-bela-vista-e-nuporanga-deve-sair-nas-proximas-semanas\/\" \/>\n<meta property=\"og:locale\" content=\"pt_BR\" \/>\n<meta property=\"og:type\" content=\"article\" \/>\n<meta property=\"og:title\" content=\"Licita\u00e7\u00e3o para obra entre S\u00e3o Jos\u00e9 da Bela Vista e Nuporanga deve sair nas pr\u00f3ximas semanas - VerdadeOn\" \/>\n<meta property=\"og:description\" content=\"Custo dos servi\u00e7os est\u00e1 estimado em R$ 3,3 milh\u00f5es Por Pedro Maia Editor-chefe O Departamento de Estradas e Rodagem (DER-SP) informou que as obras para recupera\u00e7\u00e3o [\u2026]\" \/>\n<meta property=\"og:url\" content=\"https:\/\/verdadeon.com.br\/portal\/2026\/03\/14\/licitacao-para-obra-entre-sao-jose-da-bela-vista-e-nuporanga-deve-sair-nas-proximas-semanas\/\" \/>\n<meta property=\"og:site_name\" content=\"VerdadeOn\" \/>\n<meta property=\"article:published_time\" content=\"2026-03-14T13:00:04+00:00\" \/>\n<meta property=\"og:image\" content=\"https:\/\/i0.wp.com\/verdadeon.com.br\/portal\/wp-content\/uploads\/2026\/03\/WhatsApp-Image-2026-03-13-at-11.16.15.jpeg?fit=1600%2C1200&ssl=1\" \/>\n\t<meta property=\"og:image:width\" content=\"1600\" \/>\n\t<meta property=\"og:image:height\" content=\"1200\" \/>\n\t<meta property=\"og:image:type\" content=\"image\/jpeg\" \/>\n<meta name=\"author\" content=\"Redacao VerdadeOn\" \/>\n<meta name=\"twitter:card\" content=\"summary_large_image\" \/>\n<meta name=\"twitter:label1\" content=\"Escrito por\" \/>\n\t<meta name=\"twitter:data1\" content=\"Redacao VerdadeOn\" \/>\n\t<meta name=\"twitter:label2\" content=\"Est. tempo de leitura\" \/>\n\t<meta name=\"twitter:data2\" content=\"3 minutos\" \/>\n<script type=\"application\/ld+json\" class=\"yoast-schema-graph\">{\"@context\":\"https:\/\/schema.org\",\"@graph\":[{\"@type\":\"WebPage\",\"@id\":\"https:\/\/verdadeon.com.br\/portal\/2026\/03\/14\/licitacao-para-obra-entre-sao-jose-da-bela-vista-e-nuporanga-deve-sair-nas-proximas-semanas\/\",\"url\":\"https:\/\/verdadeon.com.br\/portal\/2026\/03\/14\/licitacao-para-obra-entre-sao-jose-da-bela-vista-e-nuporanga-deve-sair-nas-proximas-semanas\/\",\"name\":\"Licita\u00e7\u00e3o para obra entre S\u00e3o Jos\u00e9 da Bela Vista e Nuporanga deve sair nas pr\u00f3ximas semanas - VerdadeOn\",\"isPartOf\":{\"@id\":\"https:\/\/verdadeon.com.br\/portal\/#website\"},\"primaryImageOfPage\":{\"@id\":\"https:\/\/verdadeon.com.br\/portal\/2026\/03\/14\/licitacao-para-obra-entre-sao-jose-da-bela-vista-e-nuporanga-deve-sair-nas-proximas-semanas\/#primaryimage\"},\"image\":{\"@id\":\"https:\/\/verdadeon.com.br\/portal\/2026\/03\/14\/licitacao-para-obra-entre-sao-jose-da-bela-vista-e-nuporanga-deve-sair-nas-proximas-semanas\/#primaryimage\"},\"thumbnailUrl\":\"https:\/\/i0.wp.com\/verdadeon.com.br\/portal\/wp-content\/uploads\/2026\/03\/WhatsApp-Image-2026-03-13-at-11.16.15.jpeg?fit=1600%2C1200&ssl=1\",\"datePublished\":\"2026-03-14T13:00:04+00:00\",\"author\":{\"@id\":\"https:\/\/verdadeon.com.br\/portal\/#\/schema\/person\/a5060ad1e9ea3df545188fc93ce43d2f\"},\"breadcrumb\":{\"@id\":\"https:\/\/verdadeon.com.br\/portal\/2026\/03\/14\/licitacao-para-obra-entre-sao-jose-da-bela-vista-e-nuporanga-deve-sair-nas-proximas-semanas\/#breadcrumb\"},\"inLanguage\":\"pt-BR\",\"potentialAction\":[{\"@type\":\"ReadAction\",\"target\":[\"https:\/\/verdadeon.com.br\/portal\/2026\/03\/14\/licitacao-para-obra-entre-sao-jose-da-bela-vista-e-nuporanga-deve-sair-nas-proximas-semanas\/\"]}]},{\"@type\":\"ImageObject\",\"inLanguage\":\"pt-BR\",\"@id\":\"https:\/\/verdadeon.com.br\/portal\/2026\/03\/14\/licitacao-para-obra-entre-sao-jose-da-bela-vista-e-nuporanga-deve-sair-nas-proximas-semanas\/#primaryimage\",\"url\":\"https:\/\/i0.wp.com\/verdadeon.com.br\/portal\/wp-content\/uploads\/2026\/03\/WhatsApp-Image-2026-03-13-at-11.16.15.jpeg?fit=1600%2C1200&ssl=1\",\"contentUrl\":\"https:\/\/i0.wp.com\/verdadeon.com.br\/portal\/wp-content\/uploads\/2026\/03\/WhatsApp-Image-2026-03-13-at-11.16.15.jpeg?fit=1600%2C1200&ssl=1\",\"width\":1600,\"height\":1200,\"caption\":\"Km 5,7 da SPA 059\/345, entre S\u00e3o Jos\u00e9 da Bela Vista e Nuporanga, onde ocorre a interdi\u00e7\u00e3o (\u00a9Divulga\u00e7\u00e3o)\"},{\"@type\":\"BreadcrumbList\",\"@id\":\"https:\/\/verdadeon.com.br\/portal\/2026\/03\/14\/licitacao-para-obra-entre-sao-jose-da-bela-vista-e-nuporanga-deve-sair-nas-proximas-semanas\/#breadcrumb\",\"itemListElement\":[{\"@type\":\"ListItem\",\"position\":1,\"name\":\"In\u00edcio\",\"item\":\"https:\/\/verdadeon.com.br\/portal\/\"},{\"@type\":\"ListItem\",\"position\":2,\"name\":\"Licita\u00e7\u00e3o para obra entre S\u00e3o Jos\u00e9 da Bela Vista e Nuporanga deve sair nas pr\u00f3ximas semanas\"}]},{\"@type\":\"WebSite\",\"@id\":\"https:\/\/verdadeon.com.br\/portal\/#website\",\"url\":\"https:\/\/verdadeon.com.br\/portal\/\",\"name\":\"VerdadeOn\",\"description\":\"Not\u00edcias di\u00e1rias sobre Franca, Regi\u00e3o, Esporte, Cultura, Cotidiano, Colunas. Cobertura nos principais eventos da cidade \u00e9 aqui - Verdadeon Franca\",\"potentialAction\":[{\"@type\":\"SearchAction\",\"target\":{\"@type\":\"EntryPoint\",\"urlTemplate\":\"https:\/\/verdadeon.com.br\/portal\/?s={search_term_string}\"},\"query-input\":{\"@type\":\"PropertyValueSpecification\",\"valueRequired\":true,\"valueName\":\"search_term_string\"}}],\"inLanguage\":\"pt-BR\"},{\"@type\":\"Person\",\"@id\":\"https:\/\/verdadeon.com.br\/portal\/#\/schema\/person\/a5060ad1e9ea3df545188fc93ce43d2f\",\"name\":\"Redacao VerdadeOn\",\"image\":{\"@type\":\"ImageObject\",\"inLanguage\":\"pt-BR\",\"@id\":\"https:\/\/verdadeon.com.br\/portal\/#\/schema\/person\/image\/\",\"url\":\"https:\/\/secure.gravatar.com\/avatar\/459a9613caaaf07f582c3d0841eea68bdd66f533e465e6ba8b9cb45619572cf4?s=96&d=mm&r=g\",\"contentUrl\":\"https:\/\/secure.gravatar.com\/avatar\/459a9613caaaf07f582c3d0841eea68bdd66f533e465e6ba8b9cb45619572cf4?s=96&d=mm&r=g\",\"caption\":\"Redacao VerdadeOn\"},\"url\":\"https:\/\/verdadeon.com.br\/portal\/author\/redacao\/\"}]}<\/script>\n<!-- \/ Yoast SEO plugin. -->","yoast_head_json":{"title":"Licita\u00e7\u00e3o para obra entre S\u00e3o Jos\u00e9 da Bela Vista e Nuporanga deve sair nas pr\u00f3ximas semanas - VerdadeOn","robots":{"index":"index","follow":"follow","max-snippet":"max-snippet:-1","max-image-preview":"max-image-preview:large","max-video-preview":"max-video-preview:-1"},"canonical":"https:\/\/verdadeon.com.br\/portal\/2026\/03\/14\/licitacao-para-obra-entre-sao-jose-da-bela-vista-e-nuporanga-deve-sair-nas-proximas-semanas\/","og_locale":"pt_BR","og_type":"article","og_title":"Licita\u00e7\u00e3o para obra entre S\u00e3o Jos\u00e9 da Bela Vista e Nuporanga deve sair nas pr\u00f3ximas semanas - VerdadeOn","og_description":"Custo dos servi\u00e7os est\u00e1 estimado em R$ 3,3 milh\u00f5es Por Pedro Maia Editor-chefe O Departamento de Estradas e Rodagem (DER-SP) informou que as obras para recupera\u00e7\u00e3o [\u2026]","og_url":"https:\/\/verdadeon.com.br\/portal\/2026\/03\/14\/licitacao-para-obra-entre-sao-jose-da-bela-vista-e-nuporanga-deve-sair-nas-proximas-semanas\/","og_site_name":"VerdadeOn","article_published_time":"2026-03-14T13:00:04+00:00","og_image":[{"width":1600,"height":1200,"url":"https:\/\/i0.wp.com\/verdadeon.com.br\/portal\/wp-content\/uploads\/2026\/03\/WhatsApp-Image-2026-03-13-at-11.16.15.jpeg?fit=1600%2C1200&ssl=1","type":"image\/jpeg"}],"author":"Redacao VerdadeOn","twitter_card":"summary_large_image","twitter_misc":{"Escrito por":"Redacao VerdadeOn","Est. tempo de leitura":"3 minutos"},"schema":{"@context":"https:\/\/schema.org","@graph":[{"@type":"WebPage","@id":"https:\/\/verdadeon.com.br\/portal\/2026\/03\/14\/licitacao-para-obra-entre-sao-jose-da-bela-vista-e-nuporanga-deve-sair-nas-proximas-semanas\/","url":"https:\/\/verdadeon.com.br\/portal\/2026\/03\/14\/licitacao-para-obra-entre-sao-jose-da-bela-vista-e-nuporanga-deve-sair-nas-proximas-semanas\/","name":"Licita\u00e7\u00e3o para obra entre S\u00e3o Jos\u00e9 da Bela Vista e Nuporanga deve sair nas pr\u00f3ximas semanas - VerdadeOn","isPartOf":{"@id":"https:\/\/verdadeon.com.br\/portal\/#website"},"primaryImageOfPage":{"@id":"https:\/\/verdadeon.com.br\/portal\/2026\/03\/14\/licitacao-para-obra-entre-sao-jose-da-bela-vista-e-nuporanga-deve-sair-nas-proximas-semanas\/#primaryimage"},"image":{"@id":"https:\/\/verdadeon.com.br\/portal\/2026\/03\/14\/licitacao-para-obra-entre-sao-jose-da-bela-vista-e-nuporanga-deve-sair-nas-proximas-semanas\/#primaryimage"},"thumbnailUrl":"https:\/\/i0.wp.com\/verdadeon.com.br\/portal\/wp-content\/uploads\/2026\/03\/WhatsApp-Image-2026-03-13-at-11.16.15.jpeg?fit=1600%2C1200&ssl=1","datePublished":"2026-03-14T13:00:04+00:00","author":{"@id":"https:\/\/verdadeon.com.br\/portal\/#\/schema\/person\/a5060ad1e9ea3df545188fc93ce43d2f"},"breadcrumb":{"@id":"https:\/\/verdadeon.com.br\/portal\/2026\/03\/14\/licitacao-para-obra-entre-sao-jose-da-bela-vista-e-nuporanga-deve-sair-nas-proximas-semanas\/#breadcrumb"},"inLanguage":"pt-BR","potentialAction":[{"@type":"ReadAction","target":["https:\/\/verdadeon.com.br\/portal\/2026\/03\/14\/licitacao-para-obra-entre-sao-jose-da-bela-vista-e-nuporanga-deve-sair-nas-proximas-semanas\/"]}]},{"@type":"ImageObject","inLanguage":"pt-BR","@id":"https:\/\/verdadeon.com.br\/portal\/2026\/03\/14\/licitacao-para-obra-entre-sao-jose-da-bela-vista-e-nuporanga-deve-sair-nas-proximas-semanas\/#primaryimage","url":"https:\/\/i0.wp.com\/verdadeon.com.br\/portal\/wp-content\/uploads\/2026\/03\/WhatsApp-Image-2026-03-13-at-11.16.15.jpeg?fit=1600%2C1200&ssl=1","contentUrl":"https:\/\/i0.wp.com\/verdadeon.com.br\/portal\/wp-content\/uploads\/2026\/03\/WhatsApp-Image-2026-03-13-at-11.16.15.jpeg?fit=1600%2C1200&ssl=1","width":1600,"height":1200,"caption":"Km 5,7 da SPA 059\/345, entre S\u00e3o Jos\u00e9 da Bela Vista e Nuporanga, onde ocorre a interdi\u00e7\u00e3o (\u00a9Divulga\u00e7\u00e3o)"},{"@type":"BreadcrumbList","@id":"https:\/\/verdadeon.com.br\/portal\/2026\/03\/14\/licitacao-para-obra-entre-sao-jose-da-bela-vista-e-nuporanga-deve-sair-nas-proximas-semanas\/#breadcrumb","itemListElement":[{"@type":"ListItem","position":1,"name":"In\u00edcio","item":"https:\/\/verdadeon.com.br\/portal\/"},{"@type":"ListItem","position":2,"name":"Licita\u00e7\u00e3o para obra entre S\u00e3o Jos\u00e9 da Bela Vista e Nuporanga deve sair nas pr\u00f3ximas semanas"}]},{"@type":"WebSite","@id":"https:\/\/verdadeon.com.br\/portal\/#website","url":"https:\/\/verdadeon.com.br\/portal\/","name":"VerdadeOn","description":"Not\u00edcias di\u00e1rias sobre Franca, Regi\u00e3o, Esporte, Cultura, Cotidiano, Colunas. Cobertura nos principais eventos da cidade \u00e9 aqui - Verdadeon Franca","potentialAction":[{"@type":"SearchAction","target":{"@type":"EntryPoint","urlTemplate":"https:\/\/verdadeon.com.br\/portal\/?s={search_term_string}"},"query-input":{"@type":"PropertyValueSpecification","valueRequired":true,"valueName":"search_term_string"}}],"inLanguage":"pt-BR"},{"@type":"Person","@id":"https:\/\/verdadeon.com.br\/portal\/#\/schema\/person\/a5060ad1e9ea3df545188fc93ce43d2f","name":"Redacao VerdadeOn","image":{"@type":"ImageObject","inLanguage":"pt-BR","@id":"https:\/\/verdadeon.com.br\/portal\/#\/schema\/person\/image\/","url":"https:\/\/secure.gravatar.com\/avatar\/459a9613caaaf07f582c3d0841eea68bdd66f533e465e6ba8b9cb45619572cf4?s=96&d=mm&r=g","contentUrl":"https:\/\/secure.gravatar.com\/avatar\/459a9613caaaf07f582c3d0841eea68bdd66f533e465e6ba8b9cb45619572cf4?s=96&d=mm&r=g","caption":"Redacao VerdadeOn"},"url":"https:\/\/verdadeon.com.br\/portal\/author\/redacao\/"}]}},"jetpack_publicize_connections":[],"jetpack_featured_media_url":"https:\/\/i0.wp.com\/verdadeon.com.br\/portal\/wp-content\/uploads\/2026\/03\/WhatsApp-Image-2026-03-13-at-11.16.15.jpeg?fit=1600%2C1200&ssl=1","jetpack_sharing_enabled":true,"_links":{"self":[{"href":"https:\/\/verdadeon.com.br\/portal\/wp-json\/wp\/v2\/posts\/65221","targetHints":{"allow":["GET"]}}],"collection":[{"href":"https:\/\/verdadeon.com.br\/portal\/wp-json\/wp\/v2\/posts"}],"about":[{"href":"https:\/\/verdadeon.com.br\/portal\/wp-json\/wp\/v2\/types\/post"}],"author":[{"embeddable":true,"href":"https:\/\/verdadeon.com.br\/portal\/wp-json\/wp\/v2\/users\/10"}],"replies":[{"embeddable":true,"href":"https:\/\/verdadeon.com.br\/portal\/wp-json\/wp\/v2\/comments?post=65221"}],"version-history":[{"count":1,"href":"https:\/\/verdadeon.com.br\/portal\/wp-json\/wp\/v2\/posts\/65221\/revisions"}],"predecessor-version":[{"id":65225,"href":"https:\/\/verdadeon.com.br\/portal\/wp-json\/wp\/v2\/posts\/65221\/revisions\/65225"}],"wp:featuredmedia":[{"embeddable":true,"href":"https:\/\/verdadeon.com.br\/portal\/wp-json\/wp\/v2\/media\/65222"}],"wp:attachment":[{"href":"https:\/\/verdadeon.com.br\/portal\/wp-json\/wp\/v2\/media?parent=65221"}],"wp:term":[{"taxonomy":"category","embeddable":true,"href":"https:\/\/verdadeon.com.br\/portal\/wp-json\/wp\/v2\/categories?post=65221"},{"taxonomy":"post_tag","embeddable":true,"href":"https:\/\/verdadeon.com.br\/portal\/wp-json\/wp\/v2\/tags?post=65221"}],"curies":[{"name":"wp","href":"https:\/\/api.w.org\/{rel}","templated":true}]}}