{"id":65201,"date":"2026-03-13T10:55:33","date_gmt":"2026-03-13T13:55:33","guid":{"rendered":"https:\/\/verdadeon.com.br\/portal\/?p=65201"},"modified":"2026-03-13T10:55:33","modified_gmt":"2026-03-13T13:55:33","slug":"ipem-sp-orienta-sobre-a-compra-de-pescados-no-periodo-da-quaresma","status":"publish","type":"post","link":"https:\/\/verdadeon.com.br\/portal\/2026\/03\/13\/ipem-sp-orienta-sobre-a-compra-de-pescados-no-periodo-da-quaresma\/","title":{"rendered":"Ipem-SP orienta sobre a compra de pescados no per\u00edodo da Quaresma"},"content":{"rendered":"<h2>Consumidores devem ficar atentos ao peso l\u00edquido, \u00e0s informa\u00e7\u00f5es da embalagem e ao desconto da camada de glaceamento em produtos congelados<\/h2>\n<p>Com a chegada da Quaresma, per\u00edodo em que aumenta o consumo de pescados em feiras, mercados e peixarias, a aten\u00e7\u00e3o ao peso e \u00e0s informa\u00e7\u00f5es dos produtos se torna fundamental para garantir compras seguras. No entanto, irregularidades na indica\u00e7\u00e3o de peso, na rotulagem ou na pesagem podem gerar preju\u00edzos ao consumidor. Diante disso, o Ipem-SP (Instituto de Pesos e Medidas do Estado de S\u00e3o Paulo), autarquia do Governo do Estado, vinculada \u00e0 Secretaria da Justi\u00e7a e Cidadania, e \u00f3rg\u00e3o delegado do Inmetro, que tem como objetivo promover a confian\u00e7a nas rela\u00e7\u00f5es de consumo, orienta sobre os cuidados na compra de pescados e apresenta recomenda\u00e7\u00f5es para garantir que o peso cobrado corresponda exatamente ao peso do produto adquirido.<\/p>\n<p>Durante esse per\u00edodo, muitos consumidores passam a adquirir com maior frequ\u00eancia produtos como peixes frescos, bacalhau, frutos do mar e outros pescados, que podem ser vendidos por quilo, previamente embalados ou pesados no momento da compra. Em todos os casos, \u00e9 fundamental que o consumidor esteja atento \u00e0s informa\u00e7\u00f5es apresentadas e \u00e0 forma correta de pesagem.<\/p>\n<p>Em produtos pr\u00e9-medidos, aqueles pesados e embalados sem a presen\u00e7a do consumidor, o peso l\u00edquido \u2014 ou seja, o peso real do alimento \u2014 deve estar claramente indicado na embalagem. O peso da embalagem n\u00e3o pode ser inclu\u00eddo no peso do produto. No caso de pescados congelados, o consumidor tamb\u00e9m deve observar a presen\u00e7a do glaceamento, uma fina camada externa de gelo utilizada para proteger o alimento durante o congelamento. Essa camada n\u00e3o pode ser considerada no peso l\u00edquido do produto.<\/p>\n<p>Para pescados vendidos em feiras livres, peixarias ou mercados com pesagem no momento da compra, o consumidor deve acompanhar o processo de pesagem. O produto deve ser pesado na presen\u00e7a do cliente e o peso exibido na balan\u00e7a precisa corresponder apenas ao alimento, com o desconto da embalagem quando houver.<\/p>\n<p>O Ipem-SP tamb\u00e9m refor\u00e7a que as balan\u00e7as utilizadas no com\u00e9rcio para qualquer atividade econ\u00f4mica devem obrigatoriamente ser de modelo aprovado pelo Inmetro, conforme a Portaria Inmetro n\u00ba 157\/2022, e precisam passar por verifica\u00e7\u00e3o peri\u00f3dica realizada pelo instituto anualmente ou sempre que houver manuten\u00e7\u00e3o ou reparo.<\/p>\n<p>O consumidor deve ficar atento a alguns itens essenciais que indicam a regularidade da balan\u00e7a, como o Selo de Identifica\u00e7\u00e3o do Inmetro, as inscri\u00e7\u00f5es em portugu\u00eas, a Portaria de Aprova\u00e7\u00e3o do Modelo (PAM) e o lacre de verifica\u00e7\u00e3o, geralmente na cor amarela. Balan\u00e7as sem local para lacra\u00e7\u00e3o, com inscri\u00e7\u00f5es em ingl\u00eas ou sem selo podem ser irregulares, indicar origem il\u00edcita e at\u00e9 sonega\u00e7\u00e3o fiscal.<\/p>\n<p>Al\u00e9m disso, o equipamento deve estar instalado em local adequado, sobre superf\u00edcie plana e nivelada, sem cal\u00e7os improvisados e em ambiente iluminado. A balan\u00e7a tamb\u00e9m precisa estar posicionada de forma que o consumidor possa acompanhar a pesagem e verificar o selo de instrumento verificado do Inmetro.<\/p>\n<p>O Ipem-SP refor\u00e7a: peso certo \u00e9 direito de todos. Caso desconfie de alguma irregularidade, informe para Ouvidoria do Ipem-SP no n\u00famero de telefone 0800 013 05 22, por e-mail\u00a0<u><a id=\"m_-7377628552264121644OWA45986600-22d2-55a8-3d03-47e80d6ad977\" href=\"mailto:ouvidoria@ipem.sp.gov.br\" target=\"_blank\" rel=\"noopener\">ouvidoria@ipem.sp.gov.br<\/a><\/u>\u00a0ou no site\u00a0<u><a id=\"m_-7377628552264121644OWAefcdcb68-4aa3-ae1b-831c-d4127865ba17\" href=\"http:\/\/www.ipem.sp.gov.br\/\" target=\"_blank\" rel=\"noopener\" data-saferedirecturl=\"https:\/\/www.google.com\/url?q=http:\/\/www.ipem.sp.gov.br&amp;source=gmail&amp;ust=1773333320476000&amp;usg=AOvVaw0bqTWtfstJ_eN2ttDuoFNJ\">www.ipem.sp.gov.br<\/a><\/u>.<\/p>\n<p><b>Orienta\u00e7\u00e3o ao consumidor<\/b><\/p>\n<p>O Ipem-SP disponibiliza para download o Guia Pr\u00e1tico de Consumo, que traz dicas ao consumidor sobre o que observar na hora da compra de diversos produtos, entre eles, os embalados, t\u00eaxteis e eletrodom\u00e9sticos, al\u00e9m de orienta\u00e7\u00f5es sobre itens que devem trazer o selo do Inmetro e sobre a utiliza\u00e7\u00e3o de balan\u00e7as dispon\u00edveis em supermercados, padarias, a\u00e7ougues e outros tipos de com\u00e9rcio. Para fazer o download do guia, acesse\u00a0<u><a id=\"m_-7377628552264121644OWA0add4501-910b-b02e-7c22-872b10109b26\" href=\"https:\/\/www.ipem.sp.gov.br\/images\/publicacoes\/g_consumo\/g_consumo.pdf\" target=\"_blank\" rel=\"noopener\" data-saferedirecturl=\"https:\/\/www.google.com\/url?q=https:\/\/www.ipem.sp.gov.br\/images\/publicacoes\/g_consumo\/g_consumo.pdf&amp;source=gmail&amp;ust=1773333320476000&amp;usg=AOvVaw370lEQp12LzmhVlkqbQUqq\">https:\/\/www.ipem.sp.gov.br\/<wbr \/>images\/publicacoes\/g_consumo\/<wbr \/>g_consumo.pdf<\/a><\/u>. Conhe\u00e7a as demais publica\u00e7\u00f5es da institui\u00e7\u00e3o de orienta\u00e7\u00e3o ao consumidor, acesse\u00a0<u><a id=\"m_-7377628552264121644OWAc04f348d-e5ba-2863-136c-374a248139f7\" href=\"https:\/\/www.ipem.sp.gov.br\/index.php\/cidadao\/publicacoes\" target=\"_blank\" rel=\"noopener\" data-saferedirecturl=\"https:\/\/www.google.com\/url?q=https:\/\/www.ipem.sp.gov.br\/index.php\/cidadao\/publicacoes&amp;source=gmail&amp;ust=1773333320476000&amp;usg=AOvVaw3HdPvtEBKyy3OdGHpF418F\">https:\/\/www.ipem.sp.gov.br\/<wbr \/>index.php\/cidadao\/publicacoes<\/a><\/u>.<\/p>\n","protected":false},"excerpt":{"rendered":"<p>Consumidores devem ficar atentos ao peso l\u00edquido, \u00e0s informa\u00e7\u00f5es da embalagem e ao desconto da camada de glaceamento em produtos congelados Com a chegada da Quaresma,<span class=\"excerpt-hellip\"> [\u2026]<\/span><\/p>\n","protected":false},"author":10,"featured_media":65202,"comment_status":"open","ping_status":"open","sticky":false,"template":"","format":"standard","meta":{"_jetpack_memberships_contains_paid_content":false,"footnotes":"","jetpack_publicize_message":"","jetpack_publicize_feature_enabled":true,"jetpack_social_post_already_shared":true,"jetpack_social_options":{"image_generator_settings":{"template":"highway","default_image_id":0,"enabled":false},"version":2}},"categories":[28,44],"tags":[],"class_list":["post-65201","post","type-post","status-publish","format-standard","has-post-thumbnail","hentry","category-cotidiano","category-noticias"],"yoast_head":"<!-- This site is optimized with the Yoast SEO plugin v25.6 - https:\/\/yoast.com\/wordpress\/plugins\/seo\/ -->\n<title>Ipem-SP orienta sobre a compra de pescados no per\u00edodo da Quaresma - VerdadeOn<\/title>\n<meta name=\"robots\" content=\"index, follow, max-snippet:-1, max-image-preview:large, max-video-preview:-1\" \/>\n<link rel=\"canonical\" href=\"https:\/\/verdadeon.com.br\/portal\/2026\/03\/13\/ipem-sp-orienta-sobre-a-compra-de-pescados-no-periodo-da-quaresma\/\" \/>\n<meta property=\"og:locale\" content=\"pt_BR\" \/>\n<meta property=\"og:type\" content=\"article\" \/>\n<meta property=\"og:title\" content=\"Ipem-SP orienta sobre a compra de pescados no per\u00edodo da Quaresma - VerdadeOn\" \/>\n<meta property=\"og:description\" content=\"Consumidores devem ficar atentos ao peso l\u00edquido, \u00e0s informa\u00e7\u00f5es da embalagem e ao desconto da camada de glaceamento em produtos congelados Com a chegada da Quaresma, [\u2026]\" \/>\n<meta property=\"og:url\" content=\"https:\/\/verdadeon.com.br\/portal\/2026\/03\/13\/ipem-sp-orienta-sobre-a-compra-de-pescados-no-periodo-da-quaresma\/\" \/>\n<meta property=\"og:site_name\" content=\"VerdadeOn\" \/>\n<meta property=\"article:published_time\" content=\"2026-03-13T13:55:33+00:00\" \/>\n<meta property=\"og:image\" content=\"https:\/\/verdadeon.com.br\/portal\/wp-content\/uploads\/2026\/03\/quaresma_large.jpg\" \/>\n\t<meta property=\"og:image:width\" content=\"1140\" \/>\n\t<meta property=\"og:image:height\" content=\"650\" \/>\n\t<meta property=\"og:image:type\" content=\"image\/jpeg\" \/>\n<meta name=\"author\" content=\"Redacao VerdadeOn\" \/>\n<meta name=\"twitter:card\" content=\"summary_large_image\" \/>\n<meta name=\"twitter:label1\" content=\"Escrito por\" \/>\n\t<meta name=\"twitter:data1\" content=\"Redacao VerdadeOn\" \/>\n\t<meta name=\"twitter:label2\" content=\"Est. tempo de leitura\" \/>\n\t<meta name=\"twitter:data2\" content=\"4 minutos\" \/>\n<script type=\"application\/ld+json\" class=\"yoast-schema-graph\">{\"@context\":\"https:\/\/schema.org\",\"@graph\":[{\"@type\":\"WebPage\",\"@id\":\"https:\/\/verdadeon.com.br\/portal\/2026\/03\/13\/ipem-sp-orienta-sobre-a-compra-de-pescados-no-periodo-da-quaresma\/\",\"url\":\"https:\/\/verdadeon.com.br\/portal\/2026\/03\/13\/ipem-sp-orienta-sobre-a-compra-de-pescados-no-periodo-da-quaresma\/\",\"name\":\"Ipem-SP orienta sobre a compra de pescados no per\u00edodo da Quaresma - VerdadeOn\",\"isPartOf\":{\"@id\":\"https:\/\/verdadeon.com.br\/portal\/#website\"},\"primaryImageOfPage\":{\"@id\":\"https:\/\/verdadeon.com.br\/portal\/2026\/03\/13\/ipem-sp-orienta-sobre-a-compra-de-pescados-no-periodo-da-quaresma\/#primaryimage\"},\"image\":{\"@id\":\"https:\/\/verdadeon.com.br\/portal\/2026\/03\/13\/ipem-sp-orienta-sobre-a-compra-de-pescados-no-periodo-da-quaresma\/#primaryimage\"},\"thumbnailUrl\":\"https:\/\/i0.wp.com\/verdadeon.com.br\/portal\/wp-content\/uploads\/2026\/03\/quaresma_large.jpg?fit=1140%2C650&ssl=1\",\"datePublished\":\"2026-03-13T13:55:33+00:00\",\"author\":{\"@id\":\"https:\/\/verdadeon.com.br\/portal\/#\/schema\/person\/a5060ad1e9ea3df545188fc93ce43d2f\"},\"breadcrumb\":{\"@id\":\"https:\/\/verdadeon.com.br\/portal\/2026\/03\/13\/ipem-sp-orienta-sobre-a-compra-de-pescados-no-periodo-da-quaresma\/#breadcrumb\"},\"inLanguage\":\"pt-BR\",\"potentialAction\":[{\"@type\":\"ReadAction\",\"target\":[\"https:\/\/verdadeon.com.br\/portal\/2026\/03\/13\/ipem-sp-orienta-sobre-a-compra-de-pescados-no-periodo-da-quaresma\/\"]}]},{\"@type\":\"ImageObject\",\"inLanguage\":\"pt-BR\",\"@id\":\"https:\/\/verdadeon.com.br\/portal\/2026\/03\/13\/ipem-sp-orienta-sobre-a-compra-de-pescados-no-periodo-da-quaresma\/#primaryimage\",\"url\":\"https:\/\/i0.wp.com\/verdadeon.com.br\/portal\/wp-content\/uploads\/2026\/03\/quaresma_large.jpg?fit=1140%2C650&ssl=1\",\"contentUrl\":\"https:\/\/i0.wp.com\/verdadeon.com.br\/portal\/wp-content\/uploads\/2026\/03\/quaresma_large.jpg?fit=1140%2C650&ssl=1\",\"width\":1140,\"height\":650,\"caption\":\"Ipem-SP destaca que \u00e9 fundamental que o consumidor esteja atento \u00e0s informa\u00e7\u00f5es apresentadas e \u00e0 forma correta de pesagem (\u00a9Divulga\u00e7\u00e3o)\"},{\"@type\":\"BreadcrumbList\",\"@id\":\"https:\/\/verdadeon.com.br\/portal\/2026\/03\/13\/ipem-sp-orienta-sobre-a-compra-de-pescados-no-periodo-da-quaresma\/#breadcrumb\",\"itemListElement\":[{\"@type\":\"ListItem\",\"position\":1,\"name\":\"In\u00edcio\",\"item\":\"https:\/\/verdadeon.com.br\/portal\/\"},{\"@type\":\"ListItem\",\"position\":2,\"name\":\"Ipem-SP orienta sobre a compra de pescados no per\u00edodo da Quaresma\"}]},{\"@type\":\"WebSite\",\"@id\":\"https:\/\/verdadeon.com.br\/portal\/#website\",\"url\":\"https:\/\/verdadeon.com.br\/portal\/\",\"name\":\"VerdadeOn\",\"description\":\"Not\u00edcias di\u00e1rias sobre Franca, Regi\u00e3o, Esporte, Cultura, Cotidiano, Colunas. Cobertura nos principais eventos da cidade \u00e9 aqui - Verdadeon Franca\",\"potentialAction\":[{\"@type\":\"SearchAction\",\"target\":{\"@type\":\"EntryPoint\",\"urlTemplate\":\"https:\/\/verdadeon.com.br\/portal\/?s={search_term_string}\"},\"query-input\":{\"@type\":\"PropertyValueSpecification\",\"valueRequired\":true,\"valueName\":\"search_term_string\"}}],\"inLanguage\":\"pt-BR\"},{\"@type\":\"Person\",\"@id\":\"https:\/\/verdadeon.com.br\/portal\/#\/schema\/person\/a5060ad1e9ea3df545188fc93ce43d2f\",\"name\":\"Redacao VerdadeOn\",\"image\":{\"@type\":\"ImageObject\",\"inLanguage\":\"pt-BR\",\"@id\":\"https:\/\/verdadeon.com.br\/portal\/#\/schema\/person\/image\/\",\"url\":\"https:\/\/secure.gravatar.com\/avatar\/459a9613caaaf07f582c3d0841eea68bdd66f533e465e6ba8b9cb45619572cf4?s=96&d=mm&r=g\",\"contentUrl\":\"https:\/\/secure.gravatar.com\/avatar\/459a9613caaaf07f582c3d0841eea68bdd66f533e465e6ba8b9cb45619572cf4?s=96&d=mm&r=g\",\"caption\":\"Redacao VerdadeOn\"},\"url\":\"https:\/\/verdadeon.com.br\/portal\/author\/redacao\/\"}]}<\/script>\n<!-- \/ Yoast SEO plugin. -->","yoast_head_json":{"title":"Ipem-SP orienta sobre a compra de pescados no per\u00edodo da Quaresma - VerdadeOn","robots":{"index":"index","follow":"follow","max-snippet":"max-snippet:-1","max-image-preview":"max-image-preview:large","max-video-preview":"max-video-preview:-1"},"canonical":"https:\/\/verdadeon.com.br\/portal\/2026\/03\/13\/ipem-sp-orienta-sobre-a-compra-de-pescados-no-periodo-da-quaresma\/","og_locale":"pt_BR","og_type":"article","og_title":"Ipem-SP orienta sobre a compra de pescados no per\u00edodo da Quaresma - VerdadeOn","og_description":"Consumidores devem ficar atentos ao peso l\u00edquido, \u00e0s informa\u00e7\u00f5es da embalagem e ao desconto da camada de glaceamento em produtos congelados Com a chegada da Quaresma, [\u2026]","og_url":"https:\/\/verdadeon.com.br\/portal\/2026\/03\/13\/ipem-sp-orienta-sobre-a-compra-de-pescados-no-periodo-da-quaresma\/","og_site_name":"VerdadeOn","article_published_time":"2026-03-13T13:55:33+00:00","og_image":[{"width":1140,"height":650,"url":"https:\/\/verdadeon.com.br\/portal\/wp-content\/uploads\/2026\/03\/quaresma_large.jpg","type":"image\/jpeg"}],"author":"Redacao VerdadeOn","twitter_card":"summary_large_image","twitter_misc":{"Escrito por":"Redacao VerdadeOn","Est. tempo de leitura":"4 minutos"},"schema":{"@context":"https:\/\/schema.org","@graph":[{"@type":"WebPage","@id":"https:\/\/verdadeon.com.br\/portal\/2026\/03\/13\/ipem-sp-orienta-sobre-a-compra-de-pescados-no-periodo-da-quaresma\/","url":"https:\/\/verdadeon.com.br\/portal\/2026\/03\/13\/ipem-sp-orienta-sobre-a-compra-de-pescados-no-periodo-da-quaresma\/","name":"Ipem-SP orienta sobre a compra de pescados no per\u00edodo da Quaresma - VerdadeOn","isPartOf":{"@id":"https:\/\/verdadeon.com.br\/portal\/#website"},"primaryImageOfPage":{"@id":"https:\/\/verdadeon.com.br\/portal\/2026\/03\/13\/ipem-sp-orienta-sobre-a-compra-de-pescados-no-periodo-da-quaresma\/#primaryimage"},"image":{"@id":"https:\/\/verdadeon.com.br\/portal\/2026\/03\/13\/ipem-sp-orienta-sobre-a-compra-de-pescados-no-periodo-da-quaresma\/#primaryimage"},"thumbnailUrl":"https:\/\/i0.wp.com\/verdadeon.com.br\/portal\/wp-content\/uploads\/2026\/03\/quaresma_large.jpg?fit=1140%2C650&ssl=1","datePublished":"2026-03-13T13:55:33+00:00","author":{"@id":"https:\/\/verdadeon.com.br\/portal\/#\/schema\/person\/a5060ad1e9ea3df545188fc93ce43d2f"},"breadcrumb":{"@id":"https:\/\/verdadeon.com.br\/portal\/2026\/03\/13\/ipem-sp-orienta-sobre-a-compra-de-pescados-no-periodo-da-quaresma\/#breadcrumb"},"inLanguage":"pt-BR","potentialAction":[{"@type":"ReadAction","target":["https:\/\/verdadeon.com.br\/portal\/2026\/03\/13\/ipem-sp-orienta-sobre-a-compra-de-pescados-no-periodo-da-quaresma\/"]}]},{"@type":"ImageObject","inLanguage":"pt-BR","@id":"https:\/\/verdadeon.com.br\/portal\/2026\/03\/13\/ipem-sp-orienta-sobre-a-compra-de-pescados-no-periodo-da-quaresma\/#primaryimage","url":"https:\/\/i0.wp.com\/verdadeon.com.br\/portal\/wp-content\/uploads\/2026\/03\/quaresma_large.jpg?fit=1140%2C650&ssl=1","contentUrl":"https:\/\/i0.wp.com\/verdadeon.com.br\/portal\/wp-content\/uploads\/2026\/03\/quaresma_large.jpg?fit=1140%2C650&ssl=1","width":1140,"height":650,"caption":"Ipem-SP destaca que \u00e9 fundamental que o consumidor esteja atento \u00e0s informa\u00e7\u00f5es apresentadas e \u00e0 forma correta de pesagem (\u00a9Divulga\u00e7\u00e3o)"},{"@type":"BreadcrumbList","@id":"https:\/\/verdadeon.com.br\/portal\/2026\/03\/13\/ipem-sp-orienta-sobre-a-compra-de-pescados-no-periodo-da-quaresma\/#breadcrumb","itemListElement":[{"@type":"ListItem","position":1,"name":"In\u00edcio","item":"https:\/\/verdadeon.com.br\/portal\/"},{"@type":"ListItem","position":2,"name":"Ipem-SP orienta sobre a compra de pescados no per\u00edodo da Quaresma"}]},{"@type":"WebSite","@id":"https:\/\/verdadeon.com.br\/portal\/#website","url":"https:\/\/verdadeon.com.br\/portal\/","name":"VerdadeOn","description":"Not\u00edcias di\u00e1rias sobre Franca, Regi\u00e3o, Esporte, Cultura, Cotidiano, Colunas. Cobertura nos principais eventos da cidade \u00e9 aqui - Verdadeon Franca","potentialAction":[{"@type":"SearchAction","target":{"@type":"EntryPoint","urlTemplate":"https:\/\/verdadeon.com.br\/portal\/?s={search_term_string}"},"query-input":{"@type":"PropertyValueSpecification","valueRequired":true,"valueName":"search_term_string"}}],"inLanguage":"pt-BR"},{"@type":"Person","@id":"https:\/\/verdadeon.com.br\/portal\/#\/schema\/person\/a5060ad1e9ea3df545188fc93ce43d2f","name":"Redacao VerdadeOn","image":{"@type":"ImageObject","inLanguage":"pt-BR","@id":"https:\/\/verdadeon.com.br\/portal\/#\/schema\/person\/image\/","url":"https:\/\/secure.gravatar.com\/avatar\/459a9613caaaf07f582c3d0841eea68bdd66f533e465e6ba8b9cb45619572cf4?s=96&d=mm&r=g","contentUrl":"https:\/\/secure.gravatar.com\/avatar\/459a9613caaaf07f582c3d0841eea68bdd66f533e465e6ba8b9cb45619572cf4?s=96&d=mm&r=g","caption":"Redacao VerdadeOn"},"url":"https:\/\/verdadeon.com.br\/portal\/author\/redacao\/"}]}},"jetpack_publicize_connections":[],"jetpack_featured_media_url":"https:\/\/i0.wp.com\/verdadeon.com.br\/portal\/wp-content\/uploads\/2026\/03\/quaresma_large.jpg?fit=1140%2C650&ssl=1","jetpack_sharing_enabled":true,"_links":{"self":[{"href":"https:\/\/verdadeon.com.br\/portal\/wp-json\/wp\/v2\/posts\/65201","targetHints":{"allow":["GET"]}}],"collection":[{"href":"https:\/\/verdadeon.com.br\/portal\/wp-json\/wp\/v2\/posts"}],"about":[{"href":"https:\/\/verdadeon.com.br\/portal\/wp-json\/wp\/v2\/types\/post"}],"author":[{"embeddable":true,"href":"https:\/\/verdadeon.com.br\/portal\/wp-json\/wp\/v2\/users\/10"}],"replies":[{"embeddable":true,"href":"https:\/\/verdadeon.com.br\/portal\/wp-json\/wp\/v2\/comments?post=65201"}],"version-history":[{"count":1,"href":"https:\/\/verdadeon.com.br\/portal\/wp-json\/wp\/v2\/posts\/65201\/revisions"}],"predecessor-version":[{"id":65203,"href":"https:\/\/verdadeon.com.br\/portal\/wp-json\/wp\/v2\/posts\/65201\/revisions\/65203"}],"wp:featuredmedia":[{"embeddable":true,"href":"https:\/\/verdadeon.com.br\/portal\/wp-json\/wp\/v2\/media\/65202"}],"wp:attachment":[{"href":"https:\/\/verdadeon.com.br\/portal\/wp-json\/wp\/v2\/media?parent=65201"}],"wp:term":[{"taxonomy":"category","embeddable":true,"href":"https:\/\/verdadeon.com.br\/portal\/wp-json\/wp\/v2\/categories?post=65201"},{"taxonomy":"post_tag","embeddable":true,"href":"https:\/\/verdadeon.com.br\/portal\/wp-json\/wp\/v2\/tags?post=65201"}],"curies":[{"name":"wp","href":"https:\/\/api.w.org\/{rel}","templated":true}]}}