{"id":65146,"date":"2026-03-11T17:10:17","date_gmt":"2026-03-11T20:10:17","guid":{"rendered":"https:\/\/verdadeon.com.br\/portal\/?p=65146"},"modified":"2026-03-11T17:10:17","modified_gmt":"2026-03-11T20:10:17","slug":"centro-paula-souza-abre-edital-para-contratacao-de-professores-etec-de-franca-tem-cinco-vagas","status":"publish","type":"post","link":"https:\/\/verdadeon.com.br\/portal\/2026\/03\/11\/centro-paula-souza-abre-edital-para-contratacao-de-professores-etec-de-franca-tem-cinco-vagas\/","title":{"rendered":"Centro Paula Souza abre edital para contrata\u00e7\u00e3o de professores; ETEC de Franca tem cinco vagas"},"content":{"rendered":"<div class=\"elementor-element elementor-element-4784657 elementor-widget__width-initial elementor-widget elementor-widget-theme-post-excerpt\" data-id=\"4784657\" data-element_type=\"widget\" data-widget_type=\"theme-post-excerpt.default\">\n<h2 class=\"elementor-widget-container\">S\u00e3o 227 professores para as Escolas T\u00e9cnicas Estaduais (Etecs) e 13 para Faculdades de Tecnologia (Fatecs), localizadas em 42 e em 5 munic\u00edpios paulistas, respectivamente<\/h2>\n<p>O Governo do Estado de S\u00e3o Paulo autorizou o Centro Paula Souza (CPS) a abrir 2.374 vagas de concurso p\u00fablico, em substitui\u00e7\u00e3o \u00e0s posi\u00e7\u00f5es atualmente ocupadas em car\u00e1ter tempor\u00e1rio. Desse total, 1.657 ser\u00e3o destinadas a professor de Ensino M\u00e9dio e T\u00e9cnico e 717 vagas a docentes de Ensino Superior.\u00a0 At\u00e9 o momento, foram publicados editais para selecionar 227 professores para as Escolas T\u00e9cnicas Estaduais (Etecs) e 13 para Faculdades de Tecnologia (Fatecs), localizadas em 42 e em 5 munic\u00edpios paulistas, respectivamente. Outros editais, para preenchimento das demais vagas, ser\u00e3o divulgados em breve, na p\u00e1gina de Concursos P\u00fablicos da institui\u00e7\u00e3o.<\/p>\n<p>Caber\u00e1 \u00e0s unidades de ensino contratantes fazer a sele\u00e7\u00e3o dos candidatos. \u00c9 indispens\u00e1vel que o interessado acompanhe o cronograma, referente a cada edital, no\u00a0<a role=\"link\" href=\"https:\/\/urhsistemas.cps.sp.gov.br\/dgsdad\/selecaopublica\/\" target=\"_blank\" rel=\"noreferrer noopener\">site<\/a>\u00a0do CPS, porque variam as datas de inscri\u00e7\u00e3o.<\/p>\n<p>\u201cCom essa iniciativa, o Centro Paula Souza pretende contratar educadores que tenham como objetivo formar profissionais capacitados para o mundo do trabalho e tamb\u00e9m para o exerc\u00edcio da cidadania, assim como j\u00e1 faz o time da casa\u201d, ressalta o presidente da institui\u00e7\u00e3o, Cl\u00f3vis Dias.<\/p>\n<p>O vice-presidente, Maycon Geres, acrescenta: \u201cProcuramos por docentes com dom\u00ednio dos assuntos que v\u00e3o ministrar e com t\u00e9cnicas para atrair o interesse dos alunos e assim torn\u00e1-los protagonistas no processo de aprendizagem e inova\u00e7\u00e3o.\u201d<\/p>\n<h2 class=\"wp-block-heading\"><strong>Duplo benef\u00edcio<\/strong><\/h2>\n<p>Os candidatos que quiserem solicitar a redu\u00e7\u00e3o ou isen\u00e7\u00e3o da taxa de inscri\u00e7\u00e3o, no valor de R$ 126,79 (tanto para professor de Ensino M\u00e9dio e T\u00e9cnico como para o Superior), dever\u00e3o pleitear o benef\u00edcio de acordo com o regulamento publicado no edital no\u00a0<em>Di\u00e1rio Oficial do Estado de S\u00e3o Paulo<\/em>, que trar\u00e1 os requisitos necess\u00e1rios para cada finalidade.<\/p>\n<p>O interessado no concurso deve fazer sua ades\u00e3o exclusivamente pela internet. Para isso, \u00e9 necess\u00e1rio localizar o edital desejado, preencher o formul\u00e1rio e pagar a taxa de participa\u00e7\u00e3o.<\/p>\n<p>\u00c9 indispens\u00e1vel que o candidato a professor do Ensino M\u00e9dio e T\u00e9cnico tenha como requisito licenciatura, bacharelado ou n\u00edvel superior em tecnologia com habilita\u00e7\u00e3o equivalente \u00e0 \u00e1rea escolhida para lecionar. J\u00e1 para atuar nas Fatecs, \u00e9 preciso ter, no m\u00ednimo, n\u00edvel de especializa\u00e7\u00e3o\u00a0<em>lato sensu,<\/em>\u00a0al\u00e9m de experi\u00eancia profissional comprovada na \u00e1rea. Para as disciplinas de l\u00edngua estrangeira, \u00e9 necess\u00e1rio certificado de exame de profici\u00eancia internacional v\u00e1lido.<\/p>\n<h2 class=\"wp-block-heading\"><strong>Fases do concurso<\/strong><\/h2>\n<p><strong>Etecs (professor de Ensino M\u00e9dio e T\u00e9cnico)<\/strong>: a prova objetiva ter\u00e1 quest\u00f5es de m\u00faltipla escolha, al\u00e9m de serem avaliados os m\u00e9todos pedag\u00f3gicos, por meio da apresenta\u00e7\u00e3o de uma aula a uma banca avaliadora. O concurso ainda ter\u00e1 prova de t\u00edtulos, com a an\u00e1lise dos documentos comprobat\u00f3rios referentes \u00e0 forma\u00e7\u00e3o acad\u00eamica.<\/p>\n<p><strong>Fatecs (professor de Ensino Superior):<em>\u00a0<\/em><\/strong>al\u00e9m da prova de conhecimentos espec\u00edficos com quest\u00f5es de m\u00faltipla escolha, o candidato dever\u00e1 passar pelo exame did\u00e1tico, apresentando uma aula \u00e0 comiss\u00e3o julgadora. O memorial circunstanciado (prova de t\u00edtulos), que complementa a avalia\u00e7\u00e3o, ir\u00e1 analisar, por exemplo, a forma\u00e7\u00e3o acad\u00eamica, publica\u00e7\u00f5es e experi\u00eancias profissionais, entre outros crit\u00e9rios.<\/p>\n<p>Candidatos pretos, pardos ou ind\u00edgenas podem optar pelo Sistema de Pontua\u00e7\u00e3o Diferenciada, nos termos do Decreto n\u00ba 63.979\/2018.<\/p>\n<h2 class=\"wp-block-heading\"><strong>Remunera\u00e7\u00e3o<\/strong><\/h2>\n<p><strong>Etec:\u00a0<\/strong>a remunera\u00e7\u00e3o inicial de um professor de Ensino M\u00e9dio e T\u00e9cnico \u00e9 de R$ 22,47 por hora-aula. Esse valor ser\u00e1 acrescido de 30% de hora-atividade, referente ao n\u00famero de aulas efetivamente dadas. A atribui\u00e7\u00e3o m\u00e1xima \u00e9 de 34 horas-aula semanais.<\/p>\n<p><strong>Fatec:\u00a0<\/strong>o valor inicial da hora-aula de um docente de Ensino Superior de R$ 37,99 ser\u00e1 acrescido de 50% correspondente \u00e0 hora atividade, referente ao n\u00famero de aulas efetivamente ministradas. Um professor de Fatec tem a atribui\u00e7\u00e3o m\u00e1xima de 29 horas-aula semanais.<\/p>\n<p>As contrata\u00e7\u00f5es est\u00e3o previstas para 2026, para os aprovados em certames homologados at\u00e9 o dia 3 de julho, devido \u00e0s restri\u00e7\u00f5es do per\u00edodo eleitoral.<\/p>\n<p>O prazo de validade do concurso p\u00fablico \u00e9 de dois anos, a partir da data da homologa\u00e7\u00e3o, podendo ser renovado por igual per\u00edodo.<\/p>\n<p>Conhe\u00e7a as vagas dispon\u00edveis nesse momento. As cidades est\u00e3o distribu\u00eddas por ordem alfab\u00e9tica.<\/p>\n<p><strong>ETECS:<\/strong><\/p>\n<p><img data-recalc-dims=\"1\" loading=\"lazy\" decoding=\"async\" class=\"alignnone size-full wp-image-65147\" src=\"https:\/\/i0.wp.com\/verdadeon.com.br\/portal\/wp-content\/uploads\/2026\/03\/etecs.png?resize=757%2C865&#038;ssl=1\" alt=\"\" width=\"757\" height=\"865\" srcset=\"https:\/\/i0.wp.com\/verdadeon.com.br\/portal\/wp-content\/uploads\/2026\/03\/etecs.png?w=757&amp;ssl=1 757w, https:\/\/i0.wp.com\/verdadeon.com.br\/portal\/wp-content\/uploads\/2026\/03\/etecs.png?resize=263%2C300&amp;ssl=1 263w, https:\/\/i0.wp.com\/verdadeon.com.br\/portal\/wp-content\/uploads\/2026\/03\/etecs.png?resize=128%2C146&amp;ssl=1 128w, https:\/\/i0.wp.com\/verdadeon.com.br\/portal\/wp-content\/uploads\/2026\/03\/etecs.png?resize=44%2C50&amp;ssl=1 44w, https:\/\/i0.wp.com\/verdadeon.com.br\/portal\/wp-content\/uploads\/2026\/03\/etecs.png?resize=66%2C75&amp;ssl=1 66w\" sizes=\"auto, (max-width: 757px) 100vw, 757px\" \/><\/p>\n<p><strong>FATECS:<\/strong><\/p>\n<p><img data-recalc-dims=\"1\" loading=\"lazy\" decoding=\"async\" class=\"alignnone size-full wp-image-65148\" src=\"https:\/\/i0.wp.com\/verdadeon.com.br\/portal\/wp-content\/uploads\/2026\/03\/fatecs.png?resize=757%2C283&#038;ssl=1\" alt=\"\" width=\"757\" height=\"283\" srcset=\"https:\/\/i0.wp.com\/verdadeon.com.br\/portal\/wp-content\/uploads\/2026\/03\/fatecs.png?w=757&amp;ssl=1 757w, https:\/\/i0.wp.com\/verdadeon.com.br\/portal\/wp-content\/uploads\/2026\/03\/fatecs.png?resize=300%2C112&amp;ssl=1 300w, https:\/\/i0.wp.com\/verdadeon.com.br\/portal\/wp-content\/uploads\/2026\/03\/fatecs.png?resize=260%2C97&amp;ssl=1 260w, https:\/\/i0.wp.com\/verdadeon.com.br\/portal\/wp-content\/uploads\/2026\/03\/fatecs.png?resize=50%2C19&amp;ssl=1 50w, https:\/\/i0.wp.com\/verdadeon.com.br\/portal\/wp-content\/uploads\/2026\/03\/fatecs.png?resize=150%2C56&amp;ssl=1 150w\" sizes=\"auto, (max-width: 757px) 100vw, 757px\" \/><\/p>\n<p>Fonte: Ag\u00eancia SP<\/p>\n<\/div>\n","protected":false},"excerpt":{"rendered":"<p>S\u00e3o 227 professores para as Escolas T\u00e9cnicas Estaduais (Etecs) e 13 para Faculdades de Tecnologia (Fatecs), localizadas em 42 e em 5 munic\u00edpios paulistas, respectivamente O<span class=\"excerpt-hellip\"> [\u2026]<\/span><\/p>\n","protected":false},"author":10,"featured_media":65149,"comment_status":"open","ping_status":"open","sticky":false,"template":"","format":"standard","meta":{"_jetpack_memberships_contains_paid_content":false,"footnotes":"","jetpack_publicize_message":"","jetpack_publicize_feature_enabled":true,"jetpack_social_post_already_shared":true,"jetpack_social_options":{"image_generator_settings":{"template":"highway","default_image_id":0,"enabled":false},"version":2}},"categories":[28,81],"tags":[],"class_list":["post-65146","post","type-post","status-publish","format-standard","has-post-thumbnail","hentry","category-cotidiano","category-manchete"],"yoast_head":"<!-- This site is optimized with the Yoast SEO plugin v25.6 - https:\/\/yoast.com\/wordpress\/plugins\/seo\/ -->\n<title>Centro Paula Souza abre edital para contrata\u00e7\u00e3o de professores; ETEC de Franca tem cinco vagas - VerdadeOn<\/title>\n<meta name=\"robots\" content=\"index, follow, max-snippet:-1, max-image-preview:large, max-video-preview:-1\" \/>\n<link rel=\"canonical\" href=\"https:\/\/verdadeon.com.br\/portal\/2026\/03\/11\/centro-paula-souza-abre-edital-para-contratacao-de-professores-etec-de-franca-tem-cinco-vagas\/\" \/>\n<meta property=\"og:locale\" content=\"pt_BR\" \/>\n<meta property=\"og:type\" content=\"article\" \/>\n<meta property=\"og:title\" content=\"Centro Paula Souza abre edital para contrata\u00e7\u00e3o de professores; ETEC de Franca tem cinco vagas - VerdadeOn\" \/>\n<meta property=\"og:description\" content=\"S\u00e3o 227 professores para as Escolas T\u00e9cnicas Estaduais (Etecs) e 13 para Faculdades de Tecnologia (Fatecs), localizadas em 42 e em 5 munic\u00edpios paulistas, respectivamente O [\u2026]\" \/>\n<meta property=\"og:url\" content=\"https:\/\/verdadeon.com.br\/portal\/2026\/03\/11\/centro-paula-souza-abre-edital-para-contratacao-de-professores-etec-de-franca-tem-cinco-vagas\/\" \/>\n<meta property=\"og:site_name\" content=\"VerdadeOn\" \/>\n<meta property=\"article:published_time\" content=\"2026-03-11T20:10:17+00:00\" \/>\n<meta property=\"og:image\" content=\"https:\/\/verdadeon.com.br\/portal\/wp-content\/uploads\/2026\/03\/26.03.06-Foto-Concurso-Roberto-Sungi-1024x681-1.jpeg\" \/>\n\t<meta property=\"og:image:width\" content=\"1024\" \/>\n\t<meta property=\"og:image:height\" content=\"681\" \/>\n\t<meta property=\"og:image:type\" content=\"image\/jpeg\" \/>\n<meta name=\"author\" content=\"Redacao VerdadeOn\" \/>\n<meta name=\"twitter:card\" content=\"summary_large_image\" \/>\n<meta name=\"twitter:label1\" content=\"Escrito por\" \/>\n\t<meta name=\"twitter:data1\" content=\"Redacao VerdadeOn\" \/>\n\t<meta name=\"twitter:label2\" content=\"Est. tempo de leitura\" \/>\n\t<meta name=\"twitter:data2\" content=\"5 minutos\" \/>\n<script type=\"application\/ld+json\" class=\"yoast-schema-graph\">{\"@context\":\"https:\/\/schema.org\",\"@graph\":[{\"@type\":\"WebPage\",\"@id\":\"https:\/\/verdadeon.com.br\/portal\/2026\/03\/11\/centro-paula-souza-abre-edital-para-contratacao-de-professores-etec-de-franca-tem-cinco-vagas\/\",\"url\":\"https:\/\/verdadeon.com.br\/portal\/2026\/03\/11\/centro-paula-souza-abre-edital-para-contratacao-de-professores-etec-de-franca-tem-cinco-vagas\/\",\"name\":\"Centro Paula Souza abre edital para contrata\u00e7\u00e3o de professores; ETEC de Franca tem cinco vagas - VerdadeOn\",\"isPartOf\":{\"@id\":\"https:\/\/verdadeon.com.br\/portal\/#website\"},\"primaryImageOfPage\":{\"@id\":\"https:\/\/verdadeon.com.br\/portal\/2026\/03\/11\/centro-paula-souza-abre-edital-para-contratacao-de-professores-etec-de-franca-tem-cinco-vagas\/#primaryimage\"},\"image\":{\"@id\":\"https:\/\/verdadeon.com.br\/portal\/2026\/03\/11\/centro-paula-souza-abre-edital-para-contratacao-de-professores-etec-de-franca-tem-cinco-vagas\/#primaryimage\"},\"thumbnailUrl\":\"https:\/\/i0.wp.com\/verdadeon.com.br\/portal\/wp-content\/uploads\/2026\/03\/26.03.06-Foto-Concurso-Roberto-Sungi-1024x681-1.jpeg?fit=1024%2C681&ssl=1\",\"datePublished\":\"2026-03-11T20:10:17+00:00\",\"author\":{\"@id\":\"https:\/\/verdadeon.com.br\/portal\/#\/schema\/person\/a5060ad1e9ea3df545188fc93ce43d2f\"},\"breadcrumb\":{\"@id\":\"https:\/\/verdadeon.com.br\/portal\/2026\/03\/11\/centro-paula-souza-abre-edital-para-contratacao-de-professores-etec-de-franca-tem-cinco-vagas\/#breadcrumb\"},\"inLanguage\":\"pt-BR\",\"potentialAction\":[{\"@type\":\"ReadAction\",\"target\":[\"https:\/\/verdadeon.com.br\/portal\/2026\/03\/11\/centro-paula-souza-abre-edital-para-contratacao-de-professores-etec-de-franca-tem-cinco-vagas\/\"]}]},{\"@type\":\"ImageObject\",\"inLanguage\":\"pt-BR\",\"@id\":\"https:\/\/verdadeon.com.br\/portal\/2026\/03\/11\/centro-paula-souza-abre-edital-para-contratacao-de-professores-etec-de-franca-tem-cinco-vagas\/#primaryimage\",\"url\":\"https:\/\/i0.wp.com\/verdadeon.com.br\/portal\/wp-content\/uploads\/2026\/03\/26.03.06-Foto-Concurso-Roberto-Sungi-1024x681-1.jpeg?fit=1024%2C681&ssl=1\",\"contentUrl\":\"https:\/\/i0.wp.com\/verdadeon.com.br\/portal\/wp-content\/uploads\/2026\/03\/26.03.06-Foto-Concurso-Roberto-Sungi-1024x681-1.jpeg?fit=1024%2C681&ssl=1\",\"width\":1024,\"height\":681,\"caption\":\"Interessados no concurso devem acompanhar o calend\u00e1rio do edital pela internet, porque varia a data de inscri\u00e7\u00e3o (Matheus Avelar)\"},{\"@type\":\"BreadcrumbList\",\"@id\":\"https:\/\/verdadeon.com.br\/portal\/2026\/03\/11\/centro-paula-souza-abre-edital-para-contratacao-de-professores-etec-de-franca-tem-cinco-vagas\/#breadcrumb\",\"itemListElement\":[{\"@type\":\"ListItem\",\"position\":1,\"name\":\"In\u00edcio\",\"item\":\"https:\/\/verdadeon.com.br\/portal\/\"},{\"@type\":\"ListItem\",\"position\":2,\"name\":\"Centro Paula Souza abre edital para contrata\u00e7\u00e3o de professores; ETEC de Franca tem cinco vagas\"}]},{\"@type\":\"WebSite\",\"@id\":\"https:\/\/verdadeon.com.br\/portal\/#website\",\"url\":\"https:\/\/verdadeon.com.br\/portal\/\",\"name\":\"VerdadeOn\",\"description\":\"Not\u00edcias di\u00e1rias sobre Franca, Regi\u00e3o, Esporte, Cultura, Cotidiano, Colunas. Cobertura nos principais eventos da cidade \u00e9 aqui - Verdadeon Franca\",\"potentialAction\":[{\"@type\":\"SearchAction\",\"target\":{\"@type\":\"EntryPoint\",\"urlTemplate\":\"https:\/\/verdadeon.com.br\/portal\/?s={search_term_string}\"},\"query-input\":{\"@type\":\"PropertyValueSpecification\",\"valueRequired\":true,\"valueName\":\"search_term_string\"}}],\"inLanguage\":\"pt-BR\"},{\"@type\":\"Person\",\"@id\":\"https:\/\/verdadeon.com.br\/portal\/#\/schema\/person\/a5060ad1e9ea3df545188fc93ce43d2f\",\"name\":\"Redacao VerdadeOn\",\"image\":{\"@type\":\"ImageObject\",\"inLanguage\":\"pt-BR\",\"@id\":\"https:\/\/verdadeon.com.br\/portal\/#\/schema\/person\/image\/\",\"url\":\"https:\/\/secure.gravatar.com\/avatar\/459a9613caaaf07f582c3d0841eea68bdd66f533e465e6ba8b9cb45619572cf4?s=96&d=mm&r=g\",\"contentUrl\":\"https:\/\/secure.gravatar.com\/avatar\/459a9613caaaf07f582c3d0841eea68bdd66f533e465e6ba8b9cb45619572cf4?s=96&d=mm&r=g\",\"caption\":\"Redacao VerdadeOn\"},\"url\":\"https:\/\/verdadeon.com.br\/portal\/author\/redacao\/\"}]}<\/script>\n<!-- \/ Yoast SEO plugin. -->","yoast_head_json":{"title":"Centro Paula Souza abre edital para contrata\u00e7\u00e3o de professores; ETEC de Franca tem cinco vagas - VerdadeOn","robots":{"index":"index","follow":"follow","max-snippet":"max-snippet:-1","max-image-preview":"max-image-preview:large","max-video-preview":"max-video-preview:-1"},"canonical":"https:\/\/verdadeon.com.br\/portal\/2026\/03\/11\/centro-paula-souza-abre-edital-para-contratacao-de-professores-etec-de-franca-tem-cinco-vagas\/","og_locale":"pt_BR","og_type":"article","og_title":"Centro Paula Souza abre edital para contrata\u00e7\u00e3o de professores; ETEC de Franca tem cinco vagas - VerdadeOn","og_description":"S\u00e3o 227 professores para as Escolas T\u00e9cnicas Estaduais (Etecs) e 13 para Faculdades de Tecnologia (Fatecs), localizadas em 42 e em 5 munic\u00edpios paulistas, respectivamente O [\u2026]","og_url":"https:\/\/verdadeon.com.br\/portal\/2026\/03\/11\/centro-paula-souza-abre-edital-para-contratacao-de-professores-etec-de-franca-tem-cinco-vagas\/","og_site_name":"VerdadeOn","article_published_time":"2026-03-11T20:10:17+00:00","og_image":[{"width":1024,"height":681,"url":"https:\/\/verdadeon.com.br\/portal\/wp-content\/uploads\/2026\/03\/26.03.06-Foto-Concurso-Roberto-Sungi-1024x681-1.jpeg","type":"image\/jpeg"}],"author":"Redacao VerdadeOn","twitter_card":"summary_large_image","twitter_misc":{"Escrito por":"Redacao VerdadeOn","Est. tempo de leitura":"5 minutos"},"schema":{"@context":"https:\/\/schema.org","@graph":[{"@type":"WebPage","@id":"https:\/\/verdadeon.com.br\/portal\/2026\/03\/11\/centro-paula-souza-abre-edital-para-contratacao-de-professores-etec-de-franca-tem-cinco-vagas\/","url":"https:\/\/verdadeon.com.br\/portal\/2026\/03\/11\/centro-paula-souza-abre-edital-para-contratacao-de-professores-etec-de-franca-tem-cinco-vagas\/","name":"Centro Paula Souza abre edital para contrata\u00e7\u00e3o de professores; ETEC de Franca tem cinco vagas - VerdadeOn","isPartOf":{"@id":"https:\/\/verdadeon.com.br\/portal\/#website"},"primaryImageOfPage":{"@id":"https:\/\/verdadeon.com.br\/portal\/2026\/03\/11\/centro-paula-souza-abre-edital-para-contratacao-de-professores-etec-de-franca-tem-cinco-vagas\/#primaryimage"},"image":{"@id":"https:\/\/verdadeon.com.br\/portal\/2026\/03\/11\/centro-paula-souza-abre-edital-para-contratacao-de-professores-etec-de-franca-tem-cinco-vagas\/#primaryimage"},"thumbnailUrl":"https:\/\/i0.wp.com\/verdadeon.com.br\/portal\/wp-content\/uploads\/2026\/03\/26.03.06-Foto-Concurso-Roberto-Sungi-1024x681-1.jpeg?fit=1024%2C681&ssl=1","datePublished":"2026-03-11T20:10:17+00:00","author":{"@id":"https:\/\/verdadeon.com.br\/portal\/#\/schema\/person\/a5060ad1e9ea3df545188fc93ce43d2f"},"breadcrumb":{"@id":"https:\/\/verdadeon.com.br\/portal\/2026\/03\/11\/centro-paula-souza-abre-edital-para-contratacao-de-professores-etec-de-franca-tem-cinco-vagas\/#breadcrumb"},"inLanguage":"pt-BR","potentialAction":[{"@type":"ReadAction","target":["https:\/\/verdadeon.com.br\/portal\/2026\/03\/11\/centro-paula-souza-abre-edital-para-contratacao-de-professores-etec-de-franca-tem-cinco-vagas\/"]}]},{"@type":"ImageObject","inLanguage":"pt-BR","@id":"https:\/\/verdadeon.com.br\/portal\/2026\/03\/11\/centro-paula-souza-abre-edital-para-contratacao-de-professores-etec-de-franca-tem-cinco-vagas\/#primaryimage","url":"https:\/\/i0.wp.com\/verdadeon.com.br\/portal\/wp-content\/uploads\/2026\/03\/26.03.06-Foto-Concurso-Roberto-Sungi-1024x681-1.jpeg?fit=1024%2C681&ssl=1","contentUrl":"https:\/\/i0.wp.com\/verdadeon.com.br\/portal\/wp-content\/uploads\/2026\/03\/26.03.06-Foto-Concurso-Roberto-Sungi-1024x681-1.jpeg?fit=1024%2C681&ssl=1","width":1024,"height":681,"caption":"Interessados no concurso devem acompanhar o calend\u00e1rio do edital pela internet, porque varia a data de inscri\u00e7\u00e3o (Matheus Avelar)"},{"@type":"BreadcrumbList","@id":"https:\/\/verdadeon.com.br\/portal\/2026\/03\/11\/centro-paula-souza-abre-edital-para-contratacao-de-professores-etec-de-franca-tem-cinco-vagas\/#breadcrumb","itemListElement":[{"@type":"ListItem","position":1,"name":"In\u00edcio","item":"https:\/\/verdadeon.com.br\/portal\/"},{"@type":"ListItem","position":2,"name":"Centro Paula Souza abre edital para contrata\u00e7\u00e3o de professores; ETEC de Franca tem cinco vagas"}]},{"@type":"WebSite","@id":"https:\/\/verdadeon.com.br\/portal\/#website","url":"https:\/\/verdadeon.com.br\/portal\/","name":"VerdadeOn","description":"Not\u00edcias di\u00e1rias sobre Franca, Regi\u00e3o, Esporte, Cultura, Cotidiano, Colunas. Cobertura nos principais eventos da cidade \u00e9 aqui - Verdadeon Franca","potentialAction":[{"@type":"SearchAction","target":{"@type":"EntryPoint","urlTemplate":"https:\/\/verdadeon.com.br\/portal\/?s={search_term_string}"},"query-input":{"@type":"PropertyValueSpecification","valueRequired":true,"valueName":"search_term_string"}}],"inLanguage":"pt-BR"},{"@type":"Person","@id":"https:\/\/verdadeon.com.br\/portal\/#\/schema\/person\/a5060ad1e9ea3df545188fc93ce43d2f","name":"Redacao VerdadeOn","image":{"@type":"ImageObject","inLanguage":"pt-BR","@id":"https:\/\/verdadeon.com.br\/portal\/#\/schema\/person\/image\/","url":"https:\/\/secure.gravatar.com\/avatar\/459a9613caaaf07f582c3d0841eea68bdd66f533e465e6ba8b9cb45619572cf4?s=96&d=mm&r=g","contentUrl":"https:\/\/secure.gravatar.com\/avatar\/459a9613caaaf07f582c3d0841eea68bdd66f533e465e6ba8b9cb45619572cf4?s=96&d=mm&r=g","caption":"Redacao VerdadeOn"},"url":"https:\/\/verdadeon.com.br\/portal\/author\/redacao\/"}]}},"jetpack_publicize_connections":[],"jetpack_featured_media_url":"https:\/\/i0.wp.com\/verdadeon.com.br\/portal\/wp-content\/uploads\/2026\/03\/26.03.06-Foto-Concurso-Roberto-Sungi-1024x681-1.jpeg?fit=1024%2C681&ssl=1","jetpack_sharing_enabled":true,"_links":{"self":[{"href":"https:\/\/verdadeon.com.br\/portal\/wp-json\/wp\/v2\/posts\/65146","targetHints":{"allow":["GET"]}}],"collection":[{"href":"https:\/\/verdadeon.com.br\/portal\/wp-json\/wp\/v2\/posts"}],"about":[{"href":"https:\/\/verdadeon.com.br\/portal\/wp-json\/wp\/v2\/types\/post"}],"author":[{"embeddable":true,"href":"https:\/\/verdadeon.com.br\/portal\/wp-json\/wp\/v2\/users\/10"}],"replies":[{"embeddable":true,"href":"https:\/\/verdadeon.com.br\/portal\/wp-json\/wp\/v2\/comments?post=65146"}],"version-history":[{"count":1,"href":"https:\/\/verdadeon.com.br\/portal\/wp-json\/wp\/v2\/posts\/65146\/revisions"}],"predecessor-version":[{"id":65150,"href":"https:\/\/verdadeon.com.br\/portal\/wp-json\/wp\/v2\/posts\/65146\/revisions\/65150"}],"wp:featuredmedia":[{"embeddable":true,"href":"https:\/\/verdadeon.com.br\/portal\/wp-json\/wp\/v2\/media\/65149"}],"wp:attachment":[{"href":"https:\/\/verdadeon.com.br\/portal\/wp-json\/wp\/v2\/media?parent=65146"}],"wp:term":[{"taxonomy":"category","embeddable":true,"href":"https:\/\/verdadeon.com.br\/portal\/wp-json\/wp\/v2\/categories?post=65146"},{"taxonomy":"post_tag","embeddable":true,"href":"https:\/\/verdadeon.com.br\/portal\/wp-json\/wp\/v2\/tags?post=65146"}],"curies":[{"name":"wp","href":"https:\/\/api.w.org\/{rel}","templated":true}]}}