{"id":65126,"date":"2026-03-13T10:00:19","date_gmt":"2026-03-13T13:00:19","guid":{"rendered":"https:\/\/verdadeon.com.br\/portal\/?p=65126"},"modified":"2026-03-12T10:39:50","modified_gmt":"2026-03-12T13:39:50","slug":"mais-de-154-mil-inadimplentes-francanos-tem-ate-1o-de-abril-para-renegociarem-dividas-em-feirao-do-serasa","status":"publish","type":"post","link":"https:\/\/verdadeon.com.br\/portal\/2026\/03\/13\/mais-de-154-mil-inadimplentes-francanos-tem-ate-1o-de-abril-para-renegociarem-dividas-em-feirao-do-serasa\/","title":{"rendered":"Mais de 154 mil inadimplentes: francanos tem at\u00e9 1\u00ba de abril para renegociarem d\u00edvidas em feir\u00e3o do Serasa"},"content":{"rendered":"<h2>Ticket m\u00e9dio por d\u00edvida em Franca, medido em janeiro, \u00e9 de R$ 1,5 mil reais<\/h2>\n<p style=\"text-align: right;\"><strong><em>Por Pedro Maia<\/em><\/strong><br \/>\n<strong><em>Editor-chefe<\/em><\/strong><\/p>\n<p>O come\u00e7o de 2026 em Franca acende o alerta para a inadimpl\u00eancia no munic\u00edpio: Segundo dados do Serasa, o munic\u00edpio possui 154.311 inadimplentes, ou seja, quase metade da popula\u00e7\u00e3o &#8211; que \u00e9 de 352.536 (IBGE, 2022).<\/p>\n<p>S\u00e3o 738.149 d\u00edvidas na cidade que, juntas, geram um valor total de R$ 1.134.280.978,00 (um bilh\u00e3o, cento e trinta e quatro milh\u00f5es, duzentos e oitenta mil, novecentos e setenta e oito reais). O ticket m\u00e9dio por inadimplente \u00e9 de R$ 7.350,62, enquanto que, por d\u00edvida, s\u00e3o R$ 1.536,66.<\/p>\n<p>No Estado de S\u00e3o Paulo, a maior parte dos inadimplentes s\u00e3o do sexo masculino (51%). Em rela\u00e7\u00e3o a faixa et\u00e1ria, os principais est\u00e3o entre 41 e 60 anos (37,1%) e 26 e 40 anos (32,7%). Ainda segundo o &#8216;Mara da Inadimpl\u00eancia&#8217;, o Brasil fechou o m\u00eas com 81,3 milh\u00f5es de pessoas inadimplente, somando uma d\u00edvida de R$ 524 bilh\u00f5es.<\/p>\n<p><strong>Renda Extra<\/strong><\/p>\n<p><span style=\"font-weight: 400;\">Em um cen\u00e1rio de or\u00e7amento cada vez mais pressionado, a renda extra deixou de ser apenas um complemento pontual e passou a fazer parte da estrat\u00e9gia financeira de muitos brasileiros. Uma pesquisa realizada pela Serasa, em parceria com o Instituto Opinion Box, mostra que 28% das pessoas que realizam alguma atividade adicional utilizam esse recurso especificamente para negociar d\u00edvidas e reduzir pend\u00eancias financeiras.<\/span><\/p>\n<p><span style=\"font-weight: 400;\">O levantamento revela que a busca por trabalhos extras atende a diferentes necessidades do dia a dia. Entre os entrevistados, 46% afirmam que usam a renda adicional para complementar o sal\u00e1rio mensal, enquanto 26% destinam o valor ao pagamento de contas b\u00e1sicas. J\u00e1 23% veem na renda extra um caminho para conquistar maior autonomia e estabilidade financeira.<\/span><\/p>\n<p><span style=\"font-weight: 400;\">A pesquisa tamb\u00e9m indica o impacto direto da renda extra no or\u00e7amento mensal. Entre os entrevistados, 54% afirmam que conseguem aumentar os ganhos em at\u00e9 20% com as atividades adicionais \u2014 um percentual relevante para fam\u00edlias cujo or\u00e7amento opera no limite. Em per\u00edodos de maior movimenta\u00e7\u00e3o econ\u00f4mica, como o Carnaval, esse efeito tende a ser ainda mais expressivo: 31% dos respondentes aproveitaram a data para fazer renda extra e 69% deles registraram aumento da renda em at\u00e9 50%.<\/span><\/p>\n<p><b>Feir\u00e3o Serasa Limpa Nome<\/b><\/p>\n<p>At\u00e9 o dia 1\u00b0 de abril, acontece o Feir\u00e3o Serasa Limpa Nome, que <span style=\"font-weight: 400;\">re\u00fane mais de 620 milh\u00f5es de ofertas dispon\u00edveis para quem deseja aproveitar o dinheiro extra no bolso e regularizar a vida financeira. A iniciativa re\u00fane descontos expressivos de at\u00e9 99% e condi\u00e7\u00f5es facilitadas de pagamento, permitindo que o consumidor escolha acordos compat\u00edveis com o or\u00e7amento.\u00a0<\/span><\/p>\n<p><span style=\"font-weight: 400;\">\u201cA movimenta\u00e7\u00e3o intensa impacta em uma inje\u00e7\u00e3o econ\u00f4mica importante de recursos em algumas regi\u00f5es do pa\u00eds, especialmente em cidades tur\u00edsticas. Esse aumento pontual de renda pode e deve ser aproveitado de forma consciente\u201d, explica <\/span><span style=\"font-weight: 400;\">Nathalia. <\/span><span style=\"font-weight: 400;\">\u201cO Feir\u00e3o oferece benef\u00edcios concretos para que o consumidor transforme esse ganho tempor\u00e1rio em um benef\u00edcio duradouro, reduzindo d\u00edvidas, recuperando o controle financeiro e come\u00e7ando o ano com mais tranquilidade.\u201d<\/span><\/p>\n<p><span style=\"font-weight: 400;\">Para aproveitar as ofertas, consumidores podem consultar os canais oficiais da Serasa e negociar com descontos de forma online:\u202f\u00a0<\/span><\/p>\n<ul>\n<li style=\"font-weight: 400;\" aria-level=\"1\"><span style=\"font-weight: 400;\">Site:\u202f<\/span><a href=\"http:\/\/www.serasalimpanome.com.br\/\"><span style=\"font-weight: 400;\">http:\/\/www.serasalimpanome.com.br<\/span><\/a><span style=\"font-weight: 400;\">\u202f\u202f\u202f\u00a0<\/span><\/li>\n<\/ul>\n<ul>\n<li style=\"font-weight: 400;\" aria-level=\"1\"><span style=\"font-weight: 400;\">App Serasa no Google Play e App Store \u202f\u202f\u00a0<\/span><\/li>\n<\/ul>\n<ul>\n<li style=\"font-weight: 400;\" aria-level=\"1\"><span style=\"font-weight: 400;\">Whatsapp: N\u00famero oficial\u00a0<\/span><a href=\"http:\/\/serasa.me\/whatsapp_blog\"><span style=\"font-weight: 400;\">(11) 99575-2096<\/span><\/a><span style=\"font-weight: 400;\">\u00a0<\/span><\/li>\n<li style=\"font-weight: 400;\" aria-level=\"1\"><span style=\"font-weight: 400;\">7 mil ag\u00eancias dos Correios com taxas isentas at\u00e9 1\u00ba de abril.<\/span><\/li>\n<\/ul>\n","protected":false},"excerpt":{"rendered":"<p>Ticket m\u00e9dio por d\u00edvida em Franca, medido em janeiro, \u00e9 de R$ 1,5 mil reais Por Pedro Maia Editor-chefe O come\u00e7o de 2026 em Franca acende<span class=\"excerpt-hellip\"> [\u2026]<\/span><\/p>\n","protected":false},"author":10,"featured_media":34670,"comment_status":"open","ping_status":"open","sticky":false,"template":"","format":"standard","meta":{"_jetpack_memberships_contains_paid_content":false,"footnotes":"","jetpack_publicize_message":"","jetpack_publicize_feature_enabled":true,"jetpack_social_post_already_shared":true,"jetpack_social_options":{"image_generator_settings":{"template":"highway","default_image_id":0,"enabled":false},"version":2}},"categories":[28,81],"tags":[],"class_list":["post-65126","post","type-post","status-publish","format-standard","has-post-thumbnail","hentry","category-cotidiano","category-manchete"],"yoast_head":"<!-- This site is optimized with the Yoast SEO plugin v25.6 - https:\/\/yoast.com\/wordpress\/plugins\/seo\/ -->\n<title>Mais de 154 mil inadimplentes: francanos tem at\u00e9 1\u00ba de abril para renegociarem d\u00edvidas em feir\u00e3o do Serasa - VerdadeOn<\/title>\n<meta name=\"robots\" content=\"index, follow, max-snippet:-1, max-image-preview:large, max-video-preview:-1\" \/>\n<link rel=\"canonical\" href=\"https:\/\/verdadeon.com.br\/portal\/2026\/03\/13\/mais-de-154-mil-inadimplentes-francanos-tem-ate-1o-de-abril-para-renegociarem-dividas-em-feirao-do-serasa\/\" \/>\n<meta property=\"og:locale\" content=\"pt_BR\" \/>\n<meta property=\"og:type\" content=\"article\" \/>\n<meta property=\"og:title\" content=\"Mais de 154 mil inadimplentes: francanos tem at\u00e9 1\u00ba de abril para renegociarem d\u00edvidas em feir\u00e3o do Serasa - VerdadeOn\" \/>\n<meta property=\"og:description\" content=\"Ticket m\u00e9dio por d\u00edvida em Franca, medido em janeiro, \u00e9 de R$ 1,5 mil reais Por Pedro Maia Editor-chefe O come\u00e7o de 2026 em Franca acende [\u2026]\" \/>\n<meta property=\"og:url\" content=\"https:\/\/verdadeon.com.br\/portal\/2026\/03\/13\/mais-de-154-mil-inadimplentes-francanos-tem-ate-1o-de-abril-para-renegociarem-dividas-em-feirao-do-serasa\/\" \/>\n<meta property=\"og:site_name\" content=\"VerdadeOn\" \/>\n<meta property=\"article:published_time\" content=\"2026-03-13T13:00:19+00:00\" \/>\n<meta property=\"og:image\" content=\"https:\/\/i0.wp.com\/verdadeon.com.br\/portal\/wp-content\/uploads\/2023\/05\/cartoes_de_credito.jpg?fit=1000%2C670&ssl=1\" \/>\n\t<meta property=\"og:image:width\" content=\"1000\" \/>\n\t<meta property=\"og:image:height\" content=\"670\" \/>\n\t<meta property=\"og:image:type\" content=\"image\/jpeg\" \/>\n<meta name=\"author\" content=\"Redacao VerdadeOn\" \/>\n<meta name=\"twitter:card\" content=\"summary_large_image\" \/>\n<meta name=\"twitter:label1\" content=\"Escrito por\" \/>\n\t<meta name=\"twitter:data1\" content=\"Redacao VerdadeOn\" \/>\n\t<meta name=\"twitter:label2\" content=\"Est. tempo de leitura\" \/>\n\t<meta name=\"twitter:data2\" content=\"4 minutos\" \/>\n<script type=\"application\/ld+json\" class=\"yoast-schema-graph\">{\"@context\":\"https:\/\/schema.org\",\"@graph\":[{\"@type\":\"WebPage\",\"@id\":\"https:\/\/verdadeon.com.br\/portal\/2026\/03\/13\/mais-de-154-mil-inadimplentes-francanos-tem-ate-1o-de-abril-para-renegociarem-dividas-em-feirao-do-serasa\/\",\"url\":\"https:\/\/verdadeon.com.br\/portal\/2026\/03\/13\/mais-de-154-mil-inadimplentes-francanos-tem-ate-1o-de-abril-para-renegociarem-dividas-em-feirao-do-serasa\/\",\"name\":\"Mais de 154 mil inadimplentes: francanos tem at\u00e9 1\u00ba de abril para renegociarem d\u00edvidas em feir\u00e3o do Serasa - VerdadeOn\",\"isPartOf\":{\"@id\":\"https:\/\/verdadeon.com.br\/portal\/#website\"},\"primaryImageOfPage\":{\"@id\":\"https:\/\/verdadeon.com.br\/portal\/2026\/03\/13\/mais-de-154-mil-inadimplentes-francanos-tem-ate-1o-de-abril-para-renegociarem-dividas-em-feirao-do-serasa\/#primaryimage\"},\"image\":{\"@id\":\"https:\/\/verdadeon.com.br\/portal\/2026\/03\/13\/mais-de-154-mil-inadimplentes-francanos-tem-ate-1o-de-abril-para-renegociarem-dividas-em-feirao-do-serasa\/#primaryimage\"},\"thumbnailUrl\":\"https:\/\/i0.wp.com\/verdadeon.com.br\/portal\/wp-content\/uploads\/2023\/05\/cartoes_de_credito.jpg?fit=1000%2C670&ssl=1\",\"datePublished\":\"2026-03-13T13:00:19+00:00\",\"author\":{\"@id\":\"https:\/\/verdadeon.com.br\/portal\/#\/schema\/person\/a5060ad1e9ea3df545188fc93ce43d2f\"},\"breadcrumb\":{\"@id\":\"https:\/\/verdadeon.com.br\/portal\/2026\/03\/13\/mais-de-154-mil-inadimplentes-francanos-tem-ate-1o-de-abril-para-renegociarem-dividas-em-feirao-do-serasa\/#breadcrumb\"},\"inLanguage\":\"pt-BR\",\"potentialAction\":[{\"@type\":\"ReadAction\",\"target\":[\"https:\/\/verdadeon.com.br\/portal\/2026\/03\/13\/mais-de-154-mil-inadimplentes-francanos-tem-ate-1o-de-abril-para-renegociarem-dividas-em-feirao-do-serasa\/\"]}]},{\"@type\":\"ImageObject\",\"inLanguage\":\"pt-BR\",\"@id\":\"https:\/\/verdadeon.com.br\/portal\/2026\/03\/13\/mais-de-154-mil-inadimplentes-francanos-tem-ate-1o-de-abril-para-renegociarem-dividas-em-feirao-do-serasa\/#primaryimage\",\"url\":\"https:\/\/i0.wp.com\/verdadeon.com.br\/portal\/wp-content\/uploads\/2023\/05\/cartoes_de_credito.jpg?fit=1000%2C670&ssl=1\",\"contentUrl\":\"https:\/\/i0.wp.com\/verdadeon.com.br\/portal\/wp-content\/uploads\/2023\/05\/cartoes_de_credito.jpg?fit=1000%2C670&ssl=1\",\"width\":1000,\"height\":670,\"caption\":\"D\u00edvidas podem ser renegociadas atrav\u00e9s do Feir\u00e3o Serasa Limpa Nome (\u00a9Arquivo Ag\u00eancia Brasil)\"},{\"@type\":\"BreadcrumbList\",\"@id\":\"https:\/\/verdadeon.com.br\/portal\/2026\/03\/13\/mais-de-154-mil-inadimplentes-francanos-tem-ate-1o-de-abril-para-renegociarem-dividas-em-feirao-do-serasa\/#breadcrumb\",\"itemListElement\":[{\"@type\":\"ListItem\",\"position\":1,\"name\":\"In\u00edcio\",\"item\":\"https:\/\/verdadeon.com.br\/portal\/\"},{\"@type\":\"ListItem\",\"position\":2,\"name\":\"Mais de 154 mil inadimplentes: francanos tem at\u00e9 1\u00ba de abril para renegociarem d\u00edvidas em feir\u00e3o do Serasa\"}]},{\"@type\":\"WebSite\",\"@id\":\"https:\/\/verdadeon.com.br\/portal\/#website\",\"url\":\"https:\/\/verdadeon.com.br\/portal\/\",\"name\":\"VerdadeOn\",\"description\":\"Not\u00edcias di\u00e1rias sobre Franca, Regi\u00e3o, Esporte, Cultura, Cotidiano, Colunas. Cobertura nos principais eventos da cidade \u00e9 aqui - Verdadeon Franca\",\"potentialAction\":[{\"@type\":\"SearchAction\",\"target\":{\"@type\":\"EntryPoint\",\"urlTemplate\":\"https:\/\/verdadeon.com.br\/portal\/?s={search_term_string}\"},\"query-input\":{\"@type\":\"PropertyValueSpecification\",\"valueRequired\":true,\"valueName\":\"search_term_string\"}}],\"inLanguage\":\"pt-BR\"},{\"@type\":\"Person\",\"@id\":\"https:\/\/verdadeon.com.br\/portal\/#\/schema\/person\/a5060ad1e9ea3df545188fc93ce43d2f\",\"name\":\"Redacao VerdadeOn\",\"image\":{\"@type\":\"ImageObject\",\"inLanguage\":\"pt-BR\",\"@id\":\"https:\/\/verdadeon.com.br\/portal\/#\/schema\/person\/image\/\",\"url\":\"https:\/\/secure.gravatar.com\/avatar\/459a9613caaaf07f582c3d0841eea68bdd66f533e465e6ba8b9cb45619572cf4?s=96&d=mm&r=g\",\"contentUrl\":\"https:\/\/secure.gravatar.com\/avatar\/459a9613caaaf07f582c3d0841eea68bdd66f533e465e6ba8b9cb45619572cf4?s=96&d=mm&r=g\",\"caption\":\"Redacao VerdadeOn\"},\"url\":\"https:\/\/verdadeon.com.br\/portal\/author\/redacao\/\"}]}<\/script>\n<!-- \/ Yoast SEO plugin. -->","yoast_head_json":{"title":"Mais de 154 mil inadimplentes: francanos tem at\u00e9 1\u00ba de abril para renegociarem d\u00edvidas em feir\u00e3o do Serasa - VerdadeOn","robots":{"index":"index","follow":"follow","max-snippet":"max-snippet:-1","max-image-preview":"max-image-preview:large","max-video-preview":"max-video-preview:-1"},"canonical":"https:\/\/verdadeon.com.br\/portal\/2026\/03\/13\/mais-de-154-mil-inadimplentes-francanos-tem-ate-1o-de-abril-para-renegociarem-dividas-em-feirao-do-serasa\/","og_locale":"pt_BR","og_type":"article","og_title":"Mais de 154 mil inadimplentes: francanos tem at\u00e9 1\u00ba de abril para renegociarem d\u00edvidas em feir\u00e3o do Serasa - VerdadeOn","og_description":"Ticket m\u00e9dio por d\u00edvida em Franca, medido em janeiro, \u00e9 de R$ 1,5 mil reais Por Pedro Maia Editor-chefe O come\u00e7o de 2026 em Franca acende [\u2026]","og_url":"https:\/\/verdadeon.com.br\/portal\/2026\/03\/13\/mais-de-154-mil-inadimplentes-francanos-tem-ate-1o-de-abril-para-renegociarem-dividas-em-feirao-do-serasa\/","og_site_name":"VerdadeOn","article_published_time":"2026-03-13T13:00:19+00:00","og_image":[{"width":1000,"height":670,"url":"https:\/\/i0.wp.com\/verdadeon.com.br\/portal\/wp-content\/uploads\/2023\/05\/cartoes_de_credito.jpg?fit=1000%2C670&ssl=1","type":"image\/jpeg"}],"author":"Redacao VerdadeOn","twitter_card":"summary_large_image","twitter_misc":{"Escrito por":"Redacao VerdadeOn","Est. tempo de leitura":"4 minutos"},"schema":{"@context":"https:\/\/schema.org","@graph":[{"@type":"WebPage","@id":"https:\/\/verdadeon.com.br\/portal\/2026\/03\/13\/mais-de-154-mil-inadimplentes-francanos-tem-ate-1o-de-abril-para-renegociarem-dividas-em-feirao-do-serasa\/","url":"https:\/\/verdadeon.com.br\/portal\/2026\/03\/13\/mais-de-154-mil-inadimplentes-francanos-tem-ate-1o-de-abril-para-renegociarem-dividas-em-feirao-do-serasa\/","name":"Mais de 154 mil inadimplentes: francanos tem at\u00e9 1\u00ba de abril para renegociarem d\u00edvidas em feir\u00e3o do Serasa - VerdadeOn","isPartOf":{"@id":"https:\/\/verdadeon.com.br\/portal\/#website"},"primaryImageOfPage":{"@id":"https:\/\/verdadeon.com.br\/portal\/2026\/03\/13\/mais-de-154-mil-inadimplentes-francanos-tem-ate-1o-de-abril-para-renegociarem-dividas-em-feirao-do-serasa\/#primaryimage"},"image":{"@id":"https:\/\/verdadeon.com.br\/portal\/2026\/03\/13\/mais-de-154-mil-inadimplentes-francanos-tem-ate-1o-de-abril-para-renegociarem-dividas-em-feirao-do-serasa\/#primaryimage"},"thumbnailUrl":"https:\/\/i0.wp.com\/verdadeon.com.br\/portal\/wp-content\/uploads\/2023\/05\/cartoes_de_credito.jpg?fit=1000%2C670&ssl=1","datePublished":"2026-03-13T13:00:19+00:00","author":{"@id":"https:\/\/verdadeon.com.br\/portal\/#\/schema\/person\/a5060ad1e9ea3df545188fc93ce43d2f"},"breadcrumb":{"@id":"https:\/\/verdadeon.com.br\/portal\/2026\/03\/13\/mais-de-154-mil-inadimplentes-francanos-tem-ate-1o-de-abril-para-renegociarem-dividas-em-feirao-do-serasa\/#breadcrumb"},"inLanguage":"pt-BR","potentialAction":[{"@type":"ReadAction","target":["https:\/\/verdadeon.com.br\/portal\/2026\/03\/13\/mais-de-154-mil-inadimplentes-francanos-tem-ate-1o-de-abril-para-renegociarem-dividas-em-feirao-do-serasa\/"]}]},{"@type":"ImageObject","inLanguage":"pt-BR","@id":"https:\/\/verdadeon.com.br\/portal\/2026\/03\/13\/mais-de-154-mil-inadimplentes-francanos-tem-ate-1o-de-abril-para-renegociarem-dividas-em-feirao-do-serasa\/#primaryimage","url":"https:\/\/i0.wp.com\/verdadeon.com.br\/portal\/wp-content\/uploads\/2023\/05\/cartoes_de_credito.jpg?fit=1000%2C670&ssl=1","contentUrl":"https:\/\/i0.wp.com\/verdadeon.com.br\/portal\/wp-content\/uploads\/2023\/05\/cartoes_de_credito.jpg?fit=1000%2C670&ssl=1","width":1000,"height":670,"caption":"D\u00edvidas podem ser renegociadas atrav\u00e9s do Feir\u00e3o Serasa Limpa Nome (\u00a9Arquivo Ag\u00eancia Brasil)"},{"@type":"BreadcrumbList","@id":"https:\/\/verdadeon.com.br\/portal\/2026\/03\/13\/mais-de-154-mil-inadimplentes-francanos-tem-ate-1o-de-abril-para-renegociarem-dividas-em-feirao-do-serasa\/#breadcrumb","itemListElement":[{"@type":"ListItem","position":1,"name":"In\u00edcio","item":"https:\/\/verdadeon.com.br\/portal\/"},{"@type":"ListItem","position":2,"name":"Mais de 154 mil inadimplentes: francanos tem at\u00e9 1\u00ba de abril para renegociarem d\u00edvidas em feir\u00e3o do Serasa"}]},{"@type":"WebSite","@id":"https:\/\/verdadeon.com.br\/portal\/#website","url":"https:\/\/verdadeon.com.br\/portal\/","name":"VerdadeOn","description":"Not\u00edcias di\u00e1rias sobre Franca, Regi\u00e3o, Esporte, Cultura, Cotidiano, Colunas. Cobertura nos principais eventos da cidade \u00e9 aqui - Verdadeon Franca","potentialAction":[{"@type":"SearchAction","target":{"@type":"EntryPoint","urlTemplate":"https:\/\/verdadeon.com.br\/portal\/?s={search_term_string}"},"query-input":{"@type":"PropertyValueSpecification","valueRequired":true,"valueName":"search_term_string"}}],"inLanguage":"pt-BR"},{"@type":"Person","@id":"https:\/\/verdadeon.com.br\/portal\/#\/schema\/person\/a5060ad1e9ea3df545188fc93ce43d2f","name":"Redacao VerdadeOn","image":{"@type":"ImageObject","inLanguage":"pt-BR","@id":"https:\/\/verdadeon.com.br\/portal\/#\/schema\/person\/image\/","url":"https:\/\/secure.gravatar.com\/avatar\/459a9613caaaf07f582c3d0841eea68bdd66f533e465e6ba8b9cb45619572cf4?s=96&d=mm&r=g","contentUrl":"https:\/\/secure.gravatar.com\/avatar\/459a9613caaaf07f582c3d0841eea68bdd66f533e465e6ba8b9cb45619572cf4?s=96&d=mm&r=g","caption":"Redacao VerdadeOn"},"url":"https:\/\/verdadeon.com.br\/portal\/author\/redacao\/"}]}},"jetpack_publicize_connections":[],"jetpack_featured_media_url":"https:\/\/i0.wp.com\/verdadeon.com.br\/portal\/wp-content\/uploads\/2023\/05\/cartoes_de_credito.jpg?fit=1000%2C670&ssl=1","jetpack_sharing_enabled":true,"_links":{"self":[{"href":"https:\/\/verdadeon.com.br\/portal\/wp-json\/wp\/v2\/posts\/65126","targetHints":{"allow":["GET"]}}],"collection":[{"href":"https:\/\/verdadeon.com.br\/portal\/wp-json\/wp\/v2\/posts"}],"about":[{"href":"https:\/\/verdadeon.com.br\/portal\/wp-json\/wp\/v2\/types\/post"}],"author":[{"embeddable":true,"href":"https:\/\/verdadeon.com.br\/portal\/wp-json\/wp\/v2\/users\/10"}],"replies":[{"embeddable":true,"href":"https:\/\/verdadeon.com.br\/portal\/wp-json\/wp\/v2\/comments?post=65126"}],"version-history":[{"count":1,"href":"https:\/\/verdadeon.com.br\/portal\/wp-json\/wp\/v2\/posts\/65126\/revisions"}],"predecessor-version":[{"id":65127,"href":"https:\/\/verdadeon.com.br\/portal\/wp-json\/wp\/v2\/posts\/65126\/revisions\/65127"}],"wp:featuredmedia":[{"embeddable":true,"href":"https:\/\/verdadeon.com.br\/portal\/wp-json\/wp\/v2\/media\/34670"}],"wp:attachment":[{"href":"https:\/\/verdadeon.com.br\/portal\/wp-json\/wp\/v2\/media?parent=65126"}],"wp:term":[{"taxonomy":"category","embeddable":true,"href":"https:\/\/verdadeon.com.br\/portal\/wp-json\/wp\/v2\/categories?post=65126"},{"taxonomy":"post_tag","embeddable":true,"href":"https:\/\/verdadeon.com.br\/portal\/wp-json\/wp\/v2\/tags?post=65126"}],"curies":[{"name":"wp","href":"https:\/\/api.w.org\/{rel}","templated":true}]}}