{"id":64980,"date":"2026-03-07T09:00:27","date_gmt":"2026-03-07T12:00:27","guid":{"rendered":"https:\/\/verdadeon.com.br\/portal\/?p=64980"},"modified":"2026-03-06T13:31:48","modified_gmt":"2026-03-06T16:31:48","slug":"proporcao-feminina-aumenta-66-na-regiao-de-franca-desde-1991","status":"publish","type":"post","link":"https:\/\/verdadeon.com.br\/portal\/2026\/03\/07\/proporcao-feminina-aumenta-66-na-regiao-de-franca-desde-1991\/","title":{"rendered":"Propor\u00e7\u00e3o de mulheres cresce 6,6% na regi\u00e3o de Franca em tr\u00eas d\u00e9cadas, segundo Funda\u00e7\u00e3o Seade"},"content":{"rendered":"<h2 data-start=\"383\" data-end=\"500\">RA registrou m\u00e9dia de 105,8 mulheres para cada 100 homens<\/h2>\n<p style=\"text-align: right;\"><em><strong>Por Pedro Maia<\/strong><\/em><br \/>\n<em><strong>Editor-chefe<\/strong><\/em><\/p>\n<p>A propor\u00e7\u00e3o de mulheres em rela\u00e7\u00e3o aos homens registrou um aumento de 6,6% na Regi\u00e3o Administrativa de Franca nas \u00faltimas tr\u00eas d\u00e9cadas. Dados comparativos da Funda\u00e7\u00e3o Seade (Sistema Estadual de An\u00e1lise de Dados) mostram que, entre 1991 e 2024, o n\u00famero de mulheres para cada grupo de 100 homens passou de <strong data-start=\"1077\" data-end=\"1096\">99,3 para 105,8<\/strong>, indicando mudan\u00e7a no perfil demogr\u00e1fico regional.<\/p>\n<p data-start=\"1149\" data-end=\"1353\">Em 1991, o indicador apontava praticamente um equil\u00edbrio entre os sexos, com <strong data-start=\"1226\" data-end=\"1258\">leve predomin\u00e2ncia masculina<\/strong>. J\u00e1 em 2024, o cen\u00e1rio se inverteu e passou a haver <strong data-start=\"1311\" data-end=\"1342\">mais mulheres do que homens<\/strong> na regi\u00e3o.<\/p>\n<p data-start=\"1355\" data-end=\"1689\">O crescimento da participa\u00e7\u00e3o feminina no per\u00edodo analisado evidencia uma tend\u00eancia observada em todas as regi\u00f5es do Estado de S\u00e3o Paulo, onde as mulheres representam 51% da popula\u00e7\u00e3o. Entre os fatores que ajudam a explicar essa mudan\u00e7a est\u00e3o a <strong data-start=\"1575\" data-end=\"1617\">maior expectativa de vida<\/strong>, al\u00e9m de diferen\u00e7as nos padr\u00f5es de mortalidade entre homens e mulheres.<\/p>\n<p data-start=\"1355\" data-end=\"1689\"><strong>Confira a evolu\u00e7\u00e3o nas outras RA&#8217;s do Estado de S\u00e3o Paulo:<\/strong><\/p>\n<p data-start=\"1355\" data-end=\"1689\"><img data-recalc-dims=\"1\" loading=\"lazy\" decoding=\"async\" class=\"alignnone size-full wp-image-64981\" src=\"https:\/\/i0.wp.com\/verdadeon.com.br\/portal\/wp-content\/uploads\/2026\/03\/isso.png?resize=964%2C437&#038;ssl=1\" alt=\"\" width=\"964\" height=\"437\" srcset=\"https:\/\/i0.wp.com\/verdadeon.com.br\/portal\/wp-content\/uploads\/2026\/03\/isso.png?w=964&amp;ssl=1 964w, https:\/\/i0.wp.com\/verdadeon.com.br\/portal\/wp-content\/uploads\/2026\/03\/isso.png?resize=300%2C136&amp;ssl=1 300w, https:\/\/i0.wp.com\/verdadeon.com.br\/portal\/wp-content\/uploads\/2026\/03\/isso.png?resize=768%2C348&amp;ssl=1 768w, https:\/\/i0.wp.com\/verdadeon.com.br\/portal\/wp-content\/uploads\/2026\/03\/isso.png?resize=260%2C118&amp;ssl=1 260w, https:\/\/i0.wp.com\/verdadeon.com.br\/portal\/wp-content\/uploads\/2026\/03\/isso.png?resize=50%2C23&amp;ssl=1 50w, https:\/\/i0.wp.com\/verdadeon.com.br\/portal\/wp-content\/uploads\/2026\/03\/isso.png?resize=150%2C68&amp;ssl=1 150w\" sizes=\"auto, (max-width: 964px) 100vw, 964px\" \/><\/p>\n","protected":false},"excerpt":{"rendered":"<p>RA registrou m\u00e9dia de 105,8 mulheres para cada 100 homens Por Pedro Maia Editor-chefe A propor\u00e7\u00e3o de mulheres em rela\u00e7\u00e3o aos homens registrou um aumento de<span class=\"excerpt-hellip\"> [\u2026]<\/span><\/p>\n","protected":false},"author":10,"featured_media":64982,"comment_status":"open","ping_status":"open","sticky":false,"template":"","format":"standard","meta":{"_jetpack_memberships_contains_paid_content":false,"footnotes":"","jetpack_publicize_message":"","jetpack_publicize_feature_enabled":true,"jetpack_social_post_already_shared":true,"jetpack_social_options":{"image_generator_settings":{"template":"highway","default_image_id":0,"enabled":false},"version":2}},"categories":[28,81],"tags":[],"class_list":["post-64980","post","type-post","status-publish","format-standard","has-post-thumbnail","hentry","category-cotidiano","category-manchete"],"yoast_head":"<!-- This site is optimized with the Yoast SEO plugin v25.6 - https:\/\/yoast.com\/wordpress\/plugins\/seo\/ -->\n<title>Propor\u00e7\u00e3o de mulheres cresce 6,6% na regi\u00e3o de Franca em tr\u00eas d\u00e9cadas, segundo Funda\u00e7\u00e3o Seade - VerdadeOn<\/title>\n<meta name=\"robots\" content=\"index, follow, max-snippet:-1, max-image-preview:large, max-video-preview:-1\" \/>\n<link rel=\"canonical\" href=\"https:\/\/verdadeon.com.br\/portal\/2026\/03\/07\/proporcao-feminina-aumenta-66-na-regiao-de-franca-desde-1991\/\" \/>\n<meta property=\"og:locale\" content=\"pt_BR\" \/>\n<meta property=\"og:type\" content=\"article\" \/>\n<meta property=\"og:title\" content=\"Propor\u00e7\u00e3o de mulheres cresce 6,6% na regi\u00e3o de Franca em tr\u00eas d\u00e9cadas, segundo Funda\u00e7\u00e3o Seade - VerdadeOn\" \/>\n<meta property=\"og:description\" content=\"RA registrou m\u00e9dia de 105,8 mulheres para cada 100 homens Por Pedro Maia Editor-chefe A propor\u00e7\u00e3o de mulheres em rela\u00e7\u00e3o aos homens registrou um aumento de [\u2026]\" \/>\n<meta property=\"og:url\" content=\"https:\/\/verdadeon.com.br\/portal\/2026\/03\/07\/proporcao-feminina-aumenta-66-na-regiao-de-franca-desde-1991\/\" \/>\n<meta property=\"og:site_name\" content=\"VerdadeOn\" \/>\n<meta property=\"article:published_time\" content=\"2026-03-07T12:00:27+00:00\" \/>\n<meta property=\"og:image\" content=\"https:\/\/i0.wp.com\/verdadeon.com.br\/portal\/wp-content\/uploads\/2026\/03\/Imagem-do-WhatsApp-de-2025-09-23-as-09.49.35_56b61763-1024x683-1.jpg?fit=1024%2C683&ssl=1\" \/>\n\t<meta property=\"og:image:width\" content=\"1024\" \/>\n\t<meta property=\"og:image:height\" content=\"683\" \/>\n\t<meta property=\"og:image:type\" content=\"image\/jpeg\" \/>\n<meta name=\"author\" content=\"Redacao VerdadeOn\" \/>\n<meta name=\"twitter:card\" content=\"summary_large_image\" \/>\n<meta name=\"twitter:label1\" content=\"Escrito por\" \/>\n\t<meta name=\"twitter:data1\" content=\"Redacao VerdadeOn\" \/>\n\t<meta name=\"twitter:label2\" content=\"Est. tempo de leitura\" \/>\n\t<meta name=\"twitter:data2\" content=\"2 minutos\" \/>\n<script type=\"application\/ld+json\" class=\"yoast-schema-graph\">{\"@context\":\"https:\/\/schema.org\",\"@graph\":[{\"@type\":\"WebPage\",\"@id\":\"https:\/\/verdadeon.com.br\/portal\/2026\/03\/07\/proporcao-feminina-aumenta-66-na-regiao-de-franca-desde-1991\/\",\"url\":\"https:\/\/verdadeon.com.br\/portal\/2026\/03\/07\/proporcao-feminina-aumenta-66-na-regiao-de-franca-desde-1991\/\",\"name\":\"Propor\u00e7\u00e3o de mulheres cresce 6,6% na regi\u00e3o de Franca em tr\u00eas d\u00e9cadas, segundo Funda\u00e7\u00e3o Seade - VerdadeOn\",\"isPartOf\":{\"@id\":\"https:\/\/verdadeon.com.br\/portal\/#website\"},\"primaryImageOfPage\":{\"@id\":\"https:\/\/verdadeon.com.br\/portal\/2026\/03\/07\/proporcao-feminina-aumenta-66-na-regiao-de-franca-desde-1991\/#primaryimage\"},\"image\":{\"@id\":\"https:\/\/verdadeon.com.br\/portal\/2026\/03\/07\/proporcao-feminina-aumenta-66-na-regiao-de-franca-desde-1991\/#primaryimage\"},\"thumbnailUrl\":\"https:\/\/i0.wp.com\/verdadeon.com.br\/portal\/wp-content\/uploads\/2026\/03\/Imagem-do-WhatsApp-de-2025-09-23-as-09.49.35_56b61763-1024x683-1.jpg?fit=1024%2C683&ssl=1\",\"datePublished\":\"2026-03-07T12:00:27+00:00\",\"author\":{\"@id\":\"https:\/\/verdadeon.com.br\/portal\/#\/schema\/person\/a5060ad1e9ea3df545188fc93ce43d2f\"},\"breadcrumb\":{\"@id\":\"https:\/\/verdadeon.com.br\/portal\/2026\/03\/07\/proporcao-feminina-aumenta-66-na-regiao-de-franca-desde-1991\/#breadcrumb\"},\"inLanguage\":\"pt-BR\",\"potentialAction\":[{\"@type\":\"ReadAction\",\"target\":[\"https:\/\/verdadeon.com.br\/portal\/2026\/03\/07\/proporcao-feminina-aumenta-66-na-regiao-de-franca-desde-1991\/\"]}]},{\"@type\":\"ImageObject\",\"inLanguage\":\"pt-BR\",\"@id\":\"https:\/\/verdadeon.com.br\/portal\/2026\/03\/07\/proporcao-feminina-aumenta-66-na-regiao-de-franca-desde-1991\/#primaryimage\",\"url\":\"https:\/\/i0.wp.com\/verdadeon.com.br\/portal\/wp-content\/uploads\/2026\/03\/Imagem-do-WhatsApp-de-2025-09-23-as-09.49.35_56b61763-1024x683-1.jpg?fit=1024%2C683&ssl=1\",\"contentUrl\":\"https:\/\/i0.wp.com\/verdadeon.com.br\/portal\/wp-content\/uploads\/2026\/03\/Imagem-do-WhatsApp-de-2025-09-23-as-09.49.35_56b61763-1024x683-1.jpg?fit=1024%2C683&ssl=1\",\"width\":1024,\"height\":683,\"caption\":\"As mulheres j\u00e1 s\u00e3o maioria em todas as regi\u00f5es administrativas do Estado de S\u00e3o Paulo (\u00a9Divulga\u00e7\u00e3o\/Governo de SP)\"},{\"@type\":\"BreadcrumbList\",\"@id\":\"https:\/\/verdadeon.com.br\/portal\/2026\/03\/07\/proporcao-feminina-aumenta-66-na-regiao-de-franca-desde-1991\/#breadcrumb\",\"itemListElement\":[{\"@type\":\"ListItem\",\"position\":1,\"name\":\"In\u00edcio\",\"item\":\"https:\/\/verdadeon.com.br\/portal\/\"},{\"@type\":\"ListItem\",\"position\":2,\"name\":\"Propor\u00e7\u00e3o de mulheres cresce 6,6% na regi\u00e3o de Franca em tr\u00eas d\u00e9cadas, segundo Funda\u00e7\u00e3o Seade\"}]},{\"@type\":\"WebSite\",\"@id\":\"https:\/\/verdadeon.com.br\/portal\/#website\",\"url\":\"https:\/\/verdadeon.com.br\/portal\/\",\"name\":\"VerdadeOn\",\"description\":\"Not\u00edcias di\u00e1rias sobre Franca, Regi\u00e3o, Esporte, Cultura, Cotidiano, Colunas. Cobertura nos principais eventos da cidade \u00e9 aqui - Verdadeon Franca\",\"potentialAction\":[{\"@type\":\"SearchAction\",\"target\":{\"@type\":\"EntryPoint\",\"urlTemplate\":\"https:\/\/verdadeon.com.br\/portal\/?s={search_term_string}\"},\"query-input\":{\"@type\":\"PropertyValueSpecification\",\"valueRequired\":true,\"valueName\":\"search_term_string\"}}],\"inLanguage\":\"pt-BR\"},{\"@type\":\"Person\",\"@id\":\"https:\/\/verdadeon.com.br\/portal\/#\/schema\/person\/a5060ad1e9ea3df545188fc93ce43d2f\",\"name\":\"Redacao VerdadeOn\",\"image\":{\"@type\":\"ImageObject\",\"inLanguage\":\"pt-BR\",\"@id\":\"https:\/\/verdadeon.com.br\/portal\/#\/schema\/person\/image\/\",\"url\":\"https:\/\/secure.gravatar.com\/avatar\/459a9613caaaf07f582c3d0841eea68bdd66f533e465e6ba8b9cb45619572cf4?s=96&d=mm&r=g\",\"contentUrl\":\"https:\/\/secure.gravatar.com\/avatar\/459a9613caaaf07f582c3d0841eea68bdd66f533e465e6ba8b9cb45619572cf4?s=96&d=mm&r=g\",\"caption\":\"Redacao VerdadeOn\"},\"url\":\"https:\/\/verdadeon.com.br\/portal\/author\/redacao\/\"}]}<\/script>\n<!-- \/ Yoast SEO plugin. -->","yoast_head_json":{"title":"Propor\u00e7\u00e3o de mulheres cresce 6,6% na regi\u00e3o de Franca em tr\u00eas d\u00e9cadas, segundo Funda\u00e7\u00e3o Seade - VerdadeOn","robots":{"index":"index","follow":"follow","max-snippet":"max-snippet:-1","max-image-preview":"max-image-preview:large","max-video-preview":"max-video-preview:-1"},"canonical":"https:\/\/verdadeon.com.br\/portal\/2026\/03\/07\/proporcao-feminina-aumenta-66-na-regiao-de-franca-desde-1991\/","og_locale":"pt_BR","og_type":"article","og_title":"Propor\u00e7\u00e3o de mulheres cresce 6,6% na regi\u00e3o de Franca em tr\u00eas d\u00e9cadas, segundo Funda\u00e7\u00e3o Seade - VerdadeOn","og_description":"RA registrou m\u00e9dia de 105,8 mulheres para cada 100 homens Por Pedro Maia Editor-chefe A propor\u00e7\u00e3o de mulheres em rela\u00e7\u00e3o aos homens registrou um aumento de [\u2026]","og_url":"https:\/\/verdadeon.com.br\/portal\/2026\/03\/07\/proporcao-feminina-aumenta-66-na-regiao-de-franca-desde-1991\/","og_site_name":"VerdadeOn","article_published_time":"2026-03-07T12:00:27+00:00","og_image":[{"width":1024,"height":683,"url":"https:\/\/i0.wp.com\/verdadeon.com.br\/portal\/wp-content\/uploads\/2026\/03\/Imagem-do-WhatsApp-de-2025-09-23-as-09.49.35_56b61763-1024x683-1.jpg?fit=1024%2C683&ssl=1","type":"image\/jpeg"}],"author":"Redacao VerdadeOn","twitter_card":"summary_large_image","twitter_misc":{"Escrito por":"Redacao VerdadeOn","Est. tempo de leitura":"2 minutos"},"schema":{"@context":"https:\/\/schema.org","@graph":[{"@type":"WebPage","@id":"https:\/\/verdadeon.com.br\/portal\/2026\/03\/07\/proporcao-feminina-aumenta-66-na-regiao-de-franca-desde-1991\/","url":"https:\/\/verdadeon.com.br\/portal\/2026\/03\/07\/proporcao-feminina-aumenta-66-na-regiao-de-franca-desde-1991\/","name":"Propor\u00e7\u00e3o de mulheres cresce 6,6% na regi\u00e3o de Franca em tr\u00eas d\u00e9cadas, segundo Funda\u00e7\u00e3o Seade - VerdadeOn","isPartOf":{"@id":"https:\/\/verdadeon.com.br\/portal\/#website"},"primaryImageOfPage":{"@id":"https:\/\/verdadeon.com.br\/portal\/2026\/03\/07\/proporcao-feminina-aumenta-66-na-regiao-de-franca-desde-1991\/#primaryimage"},"image":{"@id":"https:\/\/verdadeon.com.br\/portal\/2026\/03\/07\/proporcao-feminina-aumenta-66-na-regiao-de-franca-desde-1991\/#primaryimage"},"thumbnailUrl":"https:\/\/i0.wp.com\/verdadeon.com.br\/portal\/wp-content\/uploads\/2026\/03\/Imagem-do-WhatsApp-de-2025-09-23-as-09.49.35_56b61763-1024x683-1.jpg?fit=1024%2C683&ssl=1","datePublished":"2026-03-07T12:00:27+00:00","author":{"@id":"https:\/\/verdadeon.com.br\/portal\/#\/schema\/person\/a5060ad1e9ea3df545188fc93ce43d2f"},"breadcrumb":{"@id":"https:\/\/verdadeon.com.br\/portal\/2026\/03\/07\/proporcao-feminina-aumenta-66-na-regiao-de-franca-desde-1991\/#breadcrumb"},"inLanguage":"pt-BR","potentialAction":[{"@type":"ReadAction","target":["https:\/\/verdadeon.com.br\/portal\/2026\/03\/07\/proporcao-feminina-aumenta-66-na-regiao-de-franca-desde-1991\/"]}]},{"@type":"ImageObject","inLanguage":"pt-BR","@id":"https:\/\/verdadeon.com.br\/portal\/2026\/03\/07\/proporcao-feminina-aumenta-66-na-regiao-de-franca-desde-1991\/#primaryimage","url":"https:\/\/i0.wp.com\/verdadeon.com.br\/portal\/wp-content\/uploads\/2026\/03\/Imagem-do-WhatsApp-de-2025-09-23-as-09.49.35_56b61763-1024x683-1.jpg?fit=1024%2C683&ssl=1","contentUrl":"https:\/\/i0.wp.com\/verdadeon.com.br\/portal\/wp-content\/uploads\/2026\/03\/Imagem-do-WhatsApp-de-2025-09-23-as-09.49.35_56b61763-1024x683-1.jpg?fit=1024%2C683&ssl=1","width":1024,"height":683,"caption":"As mulheres j\u00e1 s\u00e3o maioria em todas as regi\u00f5es administrativas do Estado de S\u00e3o Paulo (\u00a9Divulga\u00e7\u00e3o\/Governo de SP)"},{"@type":"BreadcrumbList","@id":"https:\/\/verdadeon.com.br\/portal\/2026\/03\/07\/proporcao-feminina-aumenta-66-na-regiao-de-franca-desde-1991\/#breadcrumb","itemListElement":[{"@type":"ListItem","position":1,"name":"In\u00edcio","item":"https:\/\/verdadeon.com.br\/portal\/"},{"@type":"ListItem","position":2,"name":"Propor\u00e7\u00e3o de mulheres cresce 6,6% na regi\u00e3o de Franca em tr\u00eas d\u00e9cadas, segundo Funda\u00e7\u00e3o Seade"}]},{"@type":"WebSite","@id":"https:\/\/verdadeon.com.br\/portal\/#website","url":"https:\/\/verdadeon.com.br\/portal\/","name":"VerdadeOn","description":"Not\u00edcias di\u00e1rias sobre Franca, Regi\u00e3o, Esporte, Cultura, Cotidiano, Colunas. Cobertura nos principais eventos da cidade \u00e9 aqui - Verdadeon Franca","potentialAction":[{"@type":"SearchAction","target":{"@type":"EntryPoint","urlTemplate":"https:\/\/verdadeon.com.br\/portal\/?s={search_term_string}"},"query-input":{"@type":"PropertyValueSpecification","valueRequired":true,"valueName":"search_term_string"}}],"inLanguage":"pt-BR"},{"@type":"Person","@id":"https:\/\/verdadeon.com.br\/portal\/#\/schema\/person\/a5060ad1e9ea3df545188fc93ce43d2f","name":"Redacao VerdadeOn","image":{"@type":"ImageObject","inLanguage":"pt-BR","@id":"https:\/\/verdadeon.com.br\/portal\/#\/schema\/person\/image\/","url":"https:\/\/secure.gravatar.com\/avatar\/459a9613caaaf07f582c3d0841eea68bdd66f533e465e6ba8b9cb45619572cf4?s=96&d=mm&r=g","contentUrl":"https:\/\/secure.gravatar.com\/avatar\/459a9613caaaf07f582c3d0841eea68bdd66f533e465e6ba8b9cb45619572cf4?s=96&d=mm&r=g","caption":"Redacao VerdadeOn"},"url":"https:\/\/verdadeon.com.br\/portal\/author\/redacao\/"}]}},"jetpack_publicize_connections":[],"jetpack_featured_media_url":"https:\/\/i0.wp.com\/verdadeon.com.br\/portal\/wp-content\/uploads\/2026\/03\/Imagem-do-WhatsApp-de-2025-09-23-as-09.49.35_56b61763-1024x683-1.jpg?fit=1024%2C683&ssl=1","jetpack_sharing_enabled":true,"_links":{"self":[{"href":"https:\/\/verdadeon.com.br\/portal\/wp-json\/wp\/v2\/posts\/64980","targetHints":{"allow":["GET"]}}],"collection":[{"href":"https:\/\/verdadeon.com.br\/portal\/wp-json\/wp\/v2\/posts"}],"about":[{"href":"https:\/\/verdadeon.com.br\/portal\/wp-json\/wp\/v2\/types\/post"}],"author":[{"embeddable":true,"href":"https:\/\/verdadeon.com.br\/portal\/wp-json\/wp\/v2\/users\/10"}],"replies":[{"embeddable":true,"href":"https:\/\/verdadeon.com.br\/portal\/wp-json\/wp\/v2\/comments?post=64980"}],"version-history":[{"count":1,"href":"https:\/\/verdadeon.com.br\/portal\/wp-json\/wp\/v2\/posts\/64980\/revisions"}],"predecessor-version":[{"id":64983,"href":"https:\/\/verdadeon.com.br\/portal\/wp-json\/wp\/v2\/posts\/64980\/revisions\/64983"}],"wp:featuredmedia":[{"embeddable":true,"href":"https:\/\/verdadeon.com.br\/portal\/wp-json\/wp\/v2\/media\/64982"}],"wp:attachment":[{"href":"https:\/\/verdadeon.com.br\/portal\/wp-json\/wp\/v2\/media?parent=64980"}],"wp:term":[{"taxonomy":"category","embeddable":true,"href":"https:\/\/verdadeon.com.br\/portal\/wp-json\/wp\/v2\/categories?post=64980"},{"taxonomy":"post_tag","embeddable":true,"href":"https:\/\/verdadeon.com.br\/portal\/wp-json\/wp\/v2\/tags?post=64980"}],"curies":[{"name":"wp","href":"https:\/\/api.w.org\/{rel}","templated":true}]}}