{"id":64889,"date":"2026-03-07T08:00:02","date_gmt":"2026-03-07T11:00:02","guid":{"rendered":"https:\/\/verdadeon.com.br\/portal\/?p=64889"},"modified":"2026-03-04T11:02:38","modified_gmt":"2026-03-04T14:02:38","slug":"crcsp-promove-encontro-regional-da-mulher-contabilista-em-franca-e-batatais","status":"publish","type":"post","link":"https:\/\/verdadeon.com.br\/portal\/2026\/03\/07\/crcsp-promove-encontro-regional-da-mulher-contabilista-em-franca-e-batatais\/","title":{"rendered":"CRCSP promove Encontro Regional da Mulher Contabilista em Franca e Batatais"},"content":{"rendered":"<h2>Foco da a\u00e7\u00e3o \u00e9 discutir os impactos da Reforma Tribut\u00e1ria e Nova Tributa\u00e7\u00e3o do IRPF 2026<\/h2>\n<p>O Conselho Regional de Contabilidade do Estado de S\u00e3o Paulo promove, no dia\u00a0<strong>11 de mar\u00e7o de 2026<\/strong>, o Encontro Regional da Mulher Contabilista em Franca e Batatais, com foco nos impactos da Reforma Tribut\u00e1ria e nas mudan\u00e7as relacionadas \u00e0 nova tributa\u00e7\u00e3o do IRPF 2026. A atividade acontece das\u00a0<strong>14h \u00e0s 16h30<\/strong>, no Audit\u00f3rio da Assescofran, localizado na Rua Concei\u00e7\u00e3o C\u00e1ceres Munhoz, 1719, Vila Santa Rita, Franca, S\u00e3o Paulo.<\/p>\n<p>A atividade \u00e9\u00a0<strong>gratuita<\/strong>\u00a0direcionada a profissionais da contabilidade com registro ativo nos CRCs, estudantes com cadastro e demais profissionais interessados no tema.<\/p>\n<p><a href=\"https:\/\/online.crcsp.org.br\/comum\/complementares\/cursos\/info_cursos.aspx?lo=codcur96691\" target=\"_blank\" rel=\"noopener\" data-saferedirecturl=\"https:\/\/www.google.com\/url?q=https:\/\/online.crcsp.org.br\/comum\/complementares\/cursos\/info_cursos.aspx?lo%3Dcodcur96691&amp;source=gmail&amp;ust=1772718735759000&amp;usg=AOvVaw3SvJzAc00QyXKSx8BV1XsS\"><strong><u>Fa\u00e7a sua inscri\u00e7\u00e3o aqui.<\/u><\/strong><\/a><\/p>\n<p>A programa\u00e7\u00e3o ser\u00e1 dividida em dois pain\u00e9is:<\/p>\n<p><strong>Painel 1 \u2013 Reforma Tribut\u00e1ria: O Papel Estrat\u00e9gico do Contador na Adequa\u00e7\u00e3o e Transi\u00e7\u00e3o<\/strong><br \/>\nDas 14h \u00e0s 15h.<\/p>\n<p><strong>Painel 2 \u2013 Nova Tributa\u00e7\u00e3o do IRPF 2026: Altera\u00e7\u00e3o do Tratamento dos Lucros e Dividendos, conforme Lei 15.270\/2025<\/strong><br \/>\nDas 15h \u00e0s 16h30.<\/p>\n<p>Participam como palestrantes:<\/p>\n<p><strong>Katia De Angelo Garcia<\/strong>,\u00a0<strong>contadora<\/strong>, mestre em Administra\u00e7\u00e3o Profissional de Micro e Pequenas Empresas, especialista em Gest\u00e3o Empresarial e bacharel em Ci\u00eancias Cont\u00e1beis pela Unifecap. Atua como consultora tribut\u00e1ria e cont\u00e1bil e professora universit\u00e1ria, com mais de 25 anos de experi\u00eancia.<\/p>\n<p><strong>Liliane Boa Sorte Teixeira<\/strong>,\u00a0<strong>contadora<\/strong>, especialista em Per\u00edcia Cont\u00e1bil, Financeira e Tribut\u00e1ria, com especializa\u00e7\u00f5es em Controladoria e Gest\u00e3o de Tributos, Gest\u00e3o Financeira e Per\u00edcia Cont\u00e1bil e Financeira. P\u00f3s-graduanda em Contabilidade e Per\u00edcia Tribut\u00e1ria, possui mais de 15 anos de experi\u00eancia nas \u00e1reas cont\u00e1bil, fiscal e tribut\u00e1ria. Atua como perita cont\u00e1bil judicial e extrajudicial, consultora tribut\u00e1ria e CEO do escrit\u00f3rio Atena Per\u00edcias e Consultoria Ltda., al\u00e9m de autora de artigos t\u00e9cnicos e professora conteudista.<\/p>\n<p>A modera\u00e7\u00e3o do evento ficar\u00e1 a cargo dos representantes do CRCSP nas cidades de Franca e Batatais, Cristina Lucia Bastianini e Regiane Arantes, respectivamente.<\/p>\n<p><strong><u>Servi\u00e7o:<\/u><\/strong><\/p>\n<p><strong>CRCSP A\u00e7\u00e3o que Representa no Encontro Regional da Mulher Contabilista em Franca e Batatais apresenta: Reforma Tribut\u00e1ria e Nova Tributa\u00e7\u00e3o do IRPF 2026<\/strong><\/p>\n<p><strong>Data:<\/strong>\u00a011 de mar\u00e7o de 2026<br \/>\n<strong>Hor\u00e1rio:<\/strong>\u00a014h \u00e0s 16h30<br \/>\n<strong>Local:<\/strong>\u00a0Audit\u00f3rio da Assescofran<br \/>\n<strong>Endere\u00e7o:<\/strong>\u00a0Rua Concei\u00e7\u00e3o C\u00e1ceres Munhoz, 1719, Vila Santa Rita, Franca, S\u00e3o Paulo<\/p>\n","protected":false},"excerpt":{"rendered":"<p>Foco da a\u00e7\u00e3o \u00e9 discutir os impactos da Reforma Tribut\u00e1ria e Nova Tributa\u00e7\u00e3o do IRPF 2026 O Conselho Regional de Contabilidade do Estado de S\u00e3o Paulo<span class=\"excerpt-hellip\"> [\u2026]<\/span><\/p>\n","protected":false},"author":10,"featured_media":64890,"comment_status":"open","ping_status":"open","sticky":false,"template":"","format":"standard","meta":{"_jetpack_memberships_contains_paid_content":false,"footnotes":"","jetpack_publicize_message":"","jetpack_publicize_feature_enabled":true,"jetpack_social_post_already_shared":true,"jetpack_social_options":{"image_generator_settings":{"template":"highway","default_image_id":0,"enabled":false},"version":2}},"categories":[28,44],"tags":[],"class_list":["post-64889","post","type-post","status-publish","format-standard","has-post-thumbnail","hentry","category-cotidiano","category-noticias"],"yoast_head":"<!-- This site is optimized with the Yoast SEO plugin v25.6 - https:\/\/yoast.com\/wordpress\/plugins\/seo\/ -->\n<title>CRCSP promove Encontro Regional da Mulher Contabilista em Franca e Batatais - VerdadeOn<\/title>\n<meta name=\"robots\" content=\"index, follow, max-snippet:-1, max-image-preview:large, max-video-preview:-1\" \/>\n<link rel=\"canonical\" href=\"https:\/\/verdadeon.com.br\/portal\/2026\/03\/07\/crcsp-promove-encontro-regional-da-mulher-contabilista-em-franca-e-batatais\/\" \/>\n<meta property=\"og:locale\" content=\"pt_BR\" \/>\n<meta property=\"og:type\" content=\"article\" \/>\n<meta property=\"og:title\" content=\"CRCSP promove Encontro Regional da Mulher Contabilista em Franca e Batatais - VerdadeOn\" \/>\n<meta property=\"og:description\" content=\"Foco da a\u00e7\u00e3o \u00e9 discutir os impactos da Reforma Tribut\u00e1ria e Nova Tributa\u00e7\u00e3o do IRPF 2026 O Conselho Regional de Contabilidade do Estado de S\u00e3o Paulo [\u2026]\" \/>\n<meta property=\"og:url\" content=\"https:\/\/verdadeon.com.br\/portal\/2026\/03\/07\/crcsp-promove-encontro-regional-da-mulher-contabilista-em-franca-e-batatais\/\" \/>\n<meta property=\"og:site_name\" content=\"VerdadeOn\" \/>\n<meta property=\"article:published_time\" content=\"2026-03-07T11:00:02+00:00\" \/>\n<meta property=\"og:image\" content=\"https:\/\/i0.wp.com\/verdadeon.com.br\/portal\/wp-content\/uploads\/2026\/03\/laughing-businesswomen-with-laptop.jpg?fit=2560%2C1709&ssl=1\" \/>\n\t<meta property=\"og:image:width\" content=\"2560\" \/>\n\t<meta property=\"og:image:height\" content=\"1709\" \/>\n\t<meta property=\"og:image:type\" content=\"image\/jpeg\" \/>\n<meta name=\"author\" content=\"Redacao VerdadeOn\" \/>\n<meta name=\"twitter:card\" content=\"summary_large_image\" \/>\n<meta name=\"twitter:label1\" content=\"Escrito por\" \/>\n\t<meta name=\"twitter:data1\" content=\"Redacao VerdadeOn\" \/>\n\t<meta name=\"twitter:label2\" content=\"Est. tempo de leitura\" \/>\n\t<meta name=\"twitter:data2\" content=\"3 minutos\" \/>\n<script type=\"application\/ld+json\" class=\"yoast-schema-graph\">{\"@context\":\"https:\/\/schema.org\",\"@graph\":[{\"@type\":\"WebPage\",\"@id\":\"https:\/\/verdadeon.com.br\/portal\/2026\/03\/07\/crcsp-promove-encontro-regional-da-mulher-contabilista-em-franca-e-batatais\/\",\"url\":\"https:\/\/verdadeon.com.br\/portal\/2026\/03\/07\/crcsp-promove-encontro-regional-da-mulher-contabilista-em-franca-e-batatais\/\",\"name\":\"CRCSP promove Encontro Regional da Mulher Contabilista em Franca e Batatais - VerdadeOn\",\"isPartOf\":{\"@id\":\"https:\/\/verdadeon.com.br\/portal\/#website\"},\"primaryImageOfPage\":{\"@id\":\"https:\/\/verdadeon.com.br\/portal\/2026\/03\/07\/crcsp-promove-encontro-regional-da-mulher-contabilista-em-franca-e-batatais\/#primaryimage\"},\"image\":{\"@id\":\"https:\/\/verdadeon.com.br\/portal\/2026\/03\/07\/crcsp-promove-encontro-regional-da-mulher-contabilista-em-franca-e-batatais\/#primaryimage\"},\"thumbnailUrl\":\"https:\/\/i0.wp.com\/verdadeon.com.br\/portal\/wp-content\/uploads\/2026\/03\/laughing-businesswomen-with-laptop.jpg?fit=2560%2C1709&ssl=1\",\"datePublished\":\"2026-03-07T11:00:02+00:00\",\"author\":{\"@id\":\"https:\/\/verdadeon.com.br\/portal\/#\/schema\/person\/a5060ad1e9ea3df545188fc93ce43d2f\"},\"breadcrumb\":{\"@id\":\"https:\/\/verdadeon.com.br\/portal\/2026\/03\/07\/crcsp-promove-encontro-regional-da-mulher-contabilista-em-franca-e-batatais\/#breadcrumb\"},\"inLanguage\":\"pt-BR\",\"potentialAction\":[{\"@type\":\"ReadAction\",\"target\":[\"https:\/\/verdadeon.com.br\/portal\/2026\/03\/07\/crcsp-promove-encontro-regional-da-mulher-contabilista-em-franca-e-batatais\/\"]}]},{\"@type\":\"ImageObject\",\"inLanguage\":\"pt-BR\",\"@id\":\"https:\/\/verdadeon.com.br\/portal\/2026\/03\/07\/crcsp-promove-encontro-regional-da-mulher-contabilista-em-franca-e-batatais\/#primaryimage\",\"url\":\"https:\/\/i0.wp.com\/verdadeon.com.br\/portal\/wp-content\/uploads\/2026\/03\/laughing-businesswomen-with-laptop.jpg?fit=2560%2C1709&ssl=1\",\"contentUrl\":\"https:\/\/i0.wp.com\/verdadeon.com.br\/portal\/wp-content\/uploads\/2026\/03\/laughing-businesswomen-with-laptop.jpg?fit=2560%2C1709&ssl=1\",\"width\":2560,\"height\":1709,\"caption\":\"(\u00a9Freepik)\"},{\"@type\":\"BreadcrumbList\",\"@id\":\"https:\/\/verdadeon.com.br\/portal\/2026\/03\/07\/crcsp-promove-encontro-regional-da-mulher-contabilista-em-franca-e-batatais\/#breadcrumb\",\"itemListElement\":[{\"@type\":\"ListItem\",\"position\":1,\"name\":\"In\u00edcio\",\"item\":\"https:\/\/verdadeon.com.br\/portal\/\"},{\"@type\":\"ListItem\",\"position\":2,\"name\":\"CRCSP promove Encontro Regional da Mulher Contabilista em Franca e Batatais\"}]},{\"@type\":\"WebSite\",\"@id\":\"https:\/\/verdadeon.com.br\/portal\/#website\",\"url\":\"https:\/\/verdadeon.com.br\/portal\/\",\"name\":\"VerdadeOn\",\"description\":\"Not\u00edcias di\u00e1rias sobre Franca, Regi\u00e3o, Esporte, Cultura, Cotidiano, Colunas. Cobertura nos principais eventos da cidade \u00e9 aqui - Verdadeon Franca\",\"potentialAction\":[{\"@type\":\"SearchAction\",\"target\":{\"@type\":\"EntryPoint\",\"urlTemplate\":\"https:\/\/verdadeon.com.br\/portal\/?s={search_term_string}\"},\"query-input\":{\"@type\":\"PropertyValueSpecification\",\"valueRequired\":true,\"valueName\":\"search_term_string\"}}],\"inLanguage\":\"pt-BR\"},{\"@type\":\"Person\",\"@id\":\"https:\/\/verdadeon.com.br\/portal\/#\/schema\/person\/a5060ad1e9ea3df545188fc93ce43d2f\",\"name\":\"Redacao VerdadeOn\",\"image\":{\"@type\":\"ImageObject\",\"inLanguage\":\"pt-BR\",\"@id\":\"https:\/\/verdadeon.com.br\/portal\/#\/schema\/person\/image\/\",\"url\":\"https:\/\/secure.gravatar.com\/avatar\/459a9613caaaf07f582c3d0841eea68bdd66f533e465e6ba8b9cb45619572cf4?s=96&d=mm&r=g\",\"contentUrl\":\"https:\/\/secure.gravatar.com\/avatar\/459a9613caaaf07f582c3d0841eea68bdd66f533e465e6ba8b9cb45619572cf4?s=96&d=mm&r=g\",\"caption\":\"Redacao VerdadeOn\"},\"url\":\"https:\/\/verdadeon.com.br\/portal\/author\/redacao\/\"}]}<\/script>\n<!-- \/ Yoast SEO plugin. -->","yoast_head_json":{"title":"CRCSP promove Encontro Regional da Mulher Contabilista em Franca e Batatais - VerdadeOn","robots":{"index":"index","follow":"follow","max-snippet":"max-snippet:-1","max-image-preview":"max-image-preview:large","max-video-preview":"max-video-preview:-1"},"canonical":"https:\/\/verdadeon.com.br\/portal\/2026\/03\/07\/crcsp-promove-encontro-regional-da-mulher-contabilista-em-franca-e-batatais\/","og_locale":"pt_BR","og_type":"article","og_title":"CRCSP promove Encontro Regional da Mulher Contabilista em Franca e Batatais - VerdadeOn","og_description":"Foco da a\u00e7\u00e3o \u00e9 discutir os impactos da Reforma Tribut\u00e1ria e Nova Tributa\u00e7\u00e3o do IRPF 2026 O Conselho Regional de Contabilidade do Estado de S\u00e3o Paulo [\u2026]","og_url":"https:\/\/verdadeon.com.br\/portal\/2026\/03\/07\/crcsp-promove-encontro-regional-da-mulher-contabilista-em-franca-e-batatais\/","og_site_name":"VerdadeOn","article_published_time":"2026-03-07T11:00:02+00:00","og_image":[{"width":2560,"height":1709,"url":"https:\/\/i0.wp.com\/verdadeon.com.br\/portal\/wp-content\/uploads\/2026\/03\/laughing-businesswomen-with-laptop.jpg?fit=2560%2C1709&ssl=1","type":"image\/jpeg"}],"author":"Redacao VerdadeOn","twitter_card":"summary_large_image","twitter_misc":{"Escrito por":"Redacao VerdadeOn","Est. tempo de leitura":"3 minutos"},"schema":{"@context":"https:\/\/schema.org","@graph":[{"@type":"WebPage","@id":"https:\/\/verdadeon.com.br\/portal\/2026\/03\/07\/crcsp-promove-encontro-regional-da-mulher-contabilista-em-franca-e-batatais\/","url":"https:\/\/verdadeon.com.br\/portal\/2026\/03\/07\/crcsp-promove-encontro-regional-da-mulher-contabilista-em-franca-e-batatais\/","name":"CRCSP promove Encontro Regional da Mulher Contabilista em Franca e Batatais - VerdadeOn","isPartOf":{"@id":"https:\/\/verdadeon.com.br\/portal\/#website"},"primaryImageOfPage":{"@id":"https:\/\/verdadeon.com.br\/portal\/2026\/03\/07\/crcsp-promove-encontro-regional-da-mulher-contabilista-em-franca-e-batatais\/#primaryimage"},"image":{"@id":"https:\/\/verdadeon.com.br\/portal\/2026\/03\/07\/crcsp-promove-encontro-regional-da-mulher-contabilista-em-franca-e-batatais\/#primaryimage"},"thumbnailUrl":"https:\/\/i0.wp.com\/verdadeon.com.br\/portal\/wp-content\/uploads\/2026\/03\/laughing-businesswomen-with-laptop.jpg?fit=2560%2C1709&ssl=1","datePublished":"2026-03-07T11:00:02+00:00","author":{"@id":"https:\/\/verdadeon.com.br\/portal\/#\/schema\/person\/a5060ad1e9ea3df545188fc93ce43d2f"},"breadcrumb":{"@id":"https:\/\/verdadeon.com.br\/portal\/2026\/03\/07\/crcsp-promove-encontro-regional-da-mulher-contabilista-em-franca-e-batatais\/#breadcrumb"},"inLanguage":"pt-BR","potentialAction":[{"@type":"ReadAction","target":["https:\/\/verdadeon.com.br\/portal\/2026\/03\/07\/crcsp-promove-encontro-regional-da-mulher-contabilista-em-franca-e-batatais\/"]}]},{"@type":"ImageObject","inLanguage":"pt-BR","@id":"https:\/\/verdadeon.com.br\/portal\/2026\/03\/07\/crcsp-promove-encontro-regional-da-mulher-contabilista-em-franca-e-batatais\/#primaryimage","url":"https:\/\/i0.wp.com\/verdadeon.com.br\/portal\/wp-content\/uploads\/2026\/03\/laughing-businesswomen-with-laptop.jpg?fit=2560%2C1709&ssl=1","contentUrl":"https:\/\/i0.wp.com\/verdadeon.com.br\/portal\/wp-content\/uploads\/2026\/03\/laughing-businesswomen-with-laptop.jpg?fit=2560%2C1709&ssl=1","width":2560,"height":1709,"caption":"(\u00a9Freepik)"},{"@type":"BreadcrumbList","@id":"https:\/\/verdadeon.com.br\/portal\/2026\/03\/07\/crcsp-promove-encontro-regional-da-mulher-contabilista-em-franca-e-batatais\/#breadcrumb","itemListElement":[{"@type":"ListItem","position":1,"name":"In\u00edcio","item":"https:\/\/verdadeon.com.br\/portal\/"},{"@type":"ListItem","position":2,"name":"CRCSP promove Encontro Regional da Mulher Contabilista em Franca e Batatais"}]},{"@type":"WebSite","@id":"https:\/\/verdadeon.com.br\/portal\/#website","url":"https:\/\/verdadeon.com.br\/portal\/","name":"VerdadeOn","description":"Not\u00edcias di\u00e1rias sobre Franca, Regi\u00e3o, Esporte, Cultura, Cotidiano, Colunas. Cobertura nos principais eventos da cidade \u00e9 aqui - Verdadeon Franca","potentialAction":[{"@type":"SearchAction","target":{"@type":"EntryPoint","urlTemplate":"https:\/\/verdadeon.com.br\/portal\/?s={search_term_string}"},"query-input":{"@type":"PropertyValueSpecification","valueRequired":true,"valueName":"search_term_string"}}],"inLanguage":"pt-BR"},{"@type":"Person","@id":"https:\/\/verdadeon.com.br\/portal\/#\/schema\/person\/a5060ad1e9ea3df545188fc93ce43d2f","name":"Redacao VerdadeOn","image":{"@type":"ImageObject","inLanguage":"pt-BR","@id":"https:\/\/verdadeon.com.br\/portal\/#\/schema\/person\/image\/","url":"https:\/\/secure.gravatar.com\/avatar\/459a9613caaaf07f582c3d0841eea68bdd66f533e465e6ba8b9cb45619572cf4?s=96&d=mm&r=g","contentUrl":"https:\/\/secure.gravatar.com\/avatar\/459a9613caaaf07f582c3d0841eea68bdd66f533e465e6ba8b9cb45619572cf4?s=96&d=mm&r=g","caption":"Redacao VerdadeOn"},"url":"https:\/\/verdadeon.com.br\/portal\/author\/redacao\/"}]}},"jetpack_publicize_connections":[],"jetpack_featured_media_url":"https:\/\/i0.wp.com\/verdadeon.com.br\/portal\/wp-content\/uploads\/2026\/03\/laughing-businesswomen-with-laptop.jpg?fit=2560%2C1709&ssl=1","jetpack_sharing_enabled":true,"_links":{"self":[{"href":"https:\/\/verdadeon.com.br\/portal\/wp-json\/wp\/v2\/posts\/64889","targetHints":{"allow":["GET"]}}],"collection":[{"href":"https:\/\/verdadeon.com.br\/portal\/wp-json\/wp\/v2\/posts"}],"about":[{"href":"https:\/\/verdadeon.com.br\/portal\/wp-json\/wp\/v2\/types\/post"}],"author":[{"embeddable":true,"href":"https:\/\/verdadeon.com.br\/portal\/wp-json\/wp\/v2\/users\/10"}],"replies":[{"embeddable":true,"href":"https:\/\/verdadeon.com.br\/portal\/wp-json\/wp\/v2\/comments?post=64889"}],"version-history":[{"count":1,"href":"https:\/\/verdadeon.com.br\/portal\/wp-json\/wp\/v2\/posts\/64889\/revisions"}],"predecessor-version":[{"id":64891,"href":"https:\/\/verdadeon.com.br\/portal\/wp-json\/wp\/v2\/posts\/64889\/revisions\/64891"}],"wp:featuredmedia":[{"embeddable":true,"href":"https:\/\/verdadeon.com.br\/portal\/wp-json\/wp\/v2\/media\/64890"}],"wp:attachment":[{"href":"https:\/\/verdadeon.com.br\/portal\/wp-json\/wp\/v2\/media?parent=64889"}],"wp:term":[{"taxonomy":"category","embeddable":true,"href":"https:\/\/verdadeon.com.br\/portal\/wp-json\/wp\/v2\/categories?post=64889"},{"taxonomy":"post_tag","embeddable":true,"href":"https:\/\/verdadeon.com.br\/portal\/wp-json\/wp\/v2\/tags?post=64889"}],"curies":[{"name":"wp","href":"https:\/\/api.w.org\/{rel}","templated":true}]}}