{"id":63982,"date":"2026-02-05T10:00:36","date_gmt":"2026-02-05T13:00:36","guid":{"rendered":"https:\/\/verdadeon.com.br\/portal\/?p=63982"},"modified":"2026-02-04T14:34:05","modified_gmt":"2026-02-04T17:34:05","slug":"vestibular-univesp-2026-oferece-355-vagas-na-regiao-de-franca","status":"publish","type":"post","link":"https:\/\/verdadeon.com.br\/portal\/2026\/02\/05\/vestibular-univesp-2026-oferece-355-vagas-na-regiao-de-franca\/","title":{"rendered":"Vestibular Univesp 2026 oferece 355 vagas na regi\u00e3o de Franca"},"content":{"rendered":"<h2>Em todo Estado de S\u00e3o Paulo s\u00e3o ofertadas mais de 24 mil vagas, em 456 polos; ser\u00e3o dez cursos oferecidos, entre eles, o novo Bacharelado em Intelig\u00eancia Artificial<\/h2>\n<p>A Universidade Virtual do Estado de S\u00e3o Paulo (Univesp), vinculada \u00e0 Secretaria de Ci\u00eancia, Tecnologia e Inova\u00e7\u00e3o (SCTI), oferta\u00a0<strong>24.029 vagas<\/strong>\u00a0do Vestibular anual 2026, destinadas a\u00a0<strong>456<\/strong>\u00a0<strong>polos<\/strong>, de\u00a0<strong>386\u00a0<\/strong><strong>munic\u00edpios<\/strong>\u00a0(capital, interior e litoral). Para a regi\u00e3o\u00a0<strong>de Franca\u00a0<\/strong>s\u00e3o\u00a0<strong>355 vagas<\/strong>, em\u00a0<strong>nove cidades\u00a0<\/strong>(ver tabela abaixo). S\u00e3o oferecidos dez cursos gratuitos: Letras, Matem\u00e1tica e Pedagogia (Eixo de Licenciatura), Ci\u00eancia de Dados, Engenharia de Computa\u00e7\u00e3o, Tecnologia da Informa\u00e7\u00e3o e o novo curso de Intelig\u00eancia Artificial (Eixo de Computa\u00e7\u00e3o), e Administra\u00e7\u00e3o, Engenharia de Produ\u00e7\u00e3o e Tecnologia em Processos Gerenciais (Eixo de Neg\u00f3cios e Produ\u00e7\u00e3o). As inscri\u00e7\u00f5es terminam no dia\u00a0<strong>11\/03, \u00e0s 23h59<\/strong>, e devem ser feitas pelo site:\u00a0<strong><em><a href=\"http:\/\/vestibular.univesp.br\/\" target=\"_blank\" rel=\"noopener\" data-saferedirecturl=\"https:\/\/www.google.com\/url?q=http:\/\/vestibular.univesp.br&amp;source=gmail&amp;ust=1770241224311000&amp;usg=AOvVaw2G2_oHnkeNByDS3DBCY0IW\">vestibular.univesp.br<\/a><\/em><\/strong>. A prova (objetiva e reda\u00e7\u00e3o) ocorrer\u00e1 no dia\u00a0<strong>26\/04, \u00e0s 13h<\/strong>, e os locais oficiais ser\u00e3o divulgados no dia\u00a0<strong>15\/04, a partir das 10h<\/strong>. O in\u00edcio das aulas est\u00e1 previsto para o final de junho de 2026. Neste ano, a Univesp ofertou ainda 2.956 vagas para o Prov\u00e3o Paulista.<\/p>\n<p>O custo da inscri\u00e7\u00e3o \u00e9 de\u00a0<strong>R$ 47,50<\/strong>. Para participar, n\u00e3o h\u00e1 limite de idade, basta ter conclu\u00eddo o ensino m\u00e9dio ou com o t\u00e9rmino previsto at\u00e9 o per\u00edodo da matr\u00edcula. No preenchimento da ficha de inscri\u00e7\u00e3o, os candidatos devem cumprir todas as etapas previstas, responder o question\u00e1rio socioecon\u00f4mico, indicar o CPF e seus dados pessoais. Tamb\u00e9m ser\u00e1 poss\u00edvel, caso queiram, fornecer os n\u00fameros de inscri\u00e7\u00e3o do Exame Nacional do Ensino M\u00e9dio (Enem), de 2023, 2024 e 2025, para que os resultados sejam considerados na prova objetiva e integrados \u00e0 nota final. O processo seletivo contar\u00e1 ainda com o Sistema de Pontua\u00e7\u00e3o Acrescida para Pretos, Pardos e \u00cdndios (PPI) e para alunos que cursaram o Ensino M\u00e9dio em escolas p\u00fablicas.<\/p>\n<p>O candidato poder\u00e1 obter confirma\u00e7\u00e3o do pagamento e a efetiva\u00e7\u00e3o de sua inscri\u00e7\u00e3o, no portal\u00a0<a href=\"http:\/\/vestibular.univesp.br\/\" target=\"_blank\" rel=\"noopener\" data-saferedirecturl=\"https:\/\/www.google.com\/url?q=http:\/\/vestibular.univesp.br\/&amp;source=gmail&amp;ust=1770241224311000&amp;usg=AOvVaw2Sts51hqo3-pGAqOFm1zTv\">vestibular.univesp.br<\/a>\u00a0na \u201c\u00c1rea do Candidato\u201d, ap\u00f3s cinco dias \u00fateis. Para qualquer outra informa\u00e7\u00e3o ou d\u00favidas, dever\u00e1 contatar a Central de Atendimento ao candidato da Vunesp, via chat online, mensagens para o Fale Conosco do site\u00a0<a href=\"http:\/\/vestibular.univesp.br\/\" target=\"_blank\" rel=\"noopener\" data-saferedirecturl=\"https:\/\/www.google.com\/url?q=http:\/\/vestibular.univesp.br&amp;source=gmail&amp;ust=1770241224311000&amp;usg=AOvVaw2G2_oHnkeNByDS3DBCY0IW\">vestibular.univesp.br<\/a>\u00a0ou, ainda, pelo telefone (11) 3874-6300 em dias \u00fateis, das 08h \u00e0s 18h.<\/p>\n<p>O gabarito oficial ser\u00e1 divulgado em\u00a0<strong>27\/04<\/strong>,\u00a0<strong>a partir das 15h<\/strong>, no site do vestibular. A publica\u00e7\u00e3o oficial do resultado e a primeira chamada ocorrer\u00e1 em\u00a0<strong>01\/06, a partir das 15h.<\/strong><\/p>\n<p><strong><u>Cursos<\/u><\/strong><\/p>\n<p>No Eixo de Computa\u00e7\u00e3o, os cursos s\u00e3o de Bacharelado em Tecnologia da Informa\u00e7\u00e3o &#8211; BTI (dura\u00e7\u00e3o de tr\u00eas anos), Bacharelado em Ci\u00eancia de Dados (quatro anos), Bacharelado em Engenharia de Computa\u00e7\u00e3o (cinco anos) e a novidade deste ano: Bacharelado em Intelig\u00eancia Artificial (quatro anos). No curso, o egresso \u00e9 capaz de projetar e gerenciar modelos de IA aplicados a diferentes contextos, como automa\u00e7\u00e3o, vis\u00e3o computacional, processamento de linguagem natural e sistemas preditivos. At\u00e9 um ano e meio o ciclo \u00e9 b\u00e1sico, com a possibilidade de migra\u00e7\u00e3o entre um dos quatro cursos.<\/p>\n<p>J\u00e1 os ingressantes nas Licenciaturas, cursar\u00e3o um ano de ciclo b\u00e1sico, com op\u00e7\u00e3o de mudan\u00e7a na habilita\u00e7\u00e3o a partir do segundo ano em Letras, Matem\u00e1tica ou Pedagogia (todos com quatro anos de dura\u00e7\u00e3o). Os que optarem pelo Eixo de Neg\u00f3cios e Produ\u00e7\u00e3o ir\u00e3o cursar um ano b\u00e1sico e, no segundo, far\u00e3o a op\u00e7\u00e3o definitiva entre Tecnologia em Processos Gerenciais (tr\u00eas anos), Bacharelado em Administra\u00e7\u00e3o (quatro anos) ou Bacharelado em Engenharia de Produ\u00e7\u00e3o (cinco anos).<\/p>\n<p>De acordo com o presidente da Univesp, professor Marcos Borges, o modelo de ingresso garante ao aluno ingressante mais flexibilidade para a escolha, melhor entendimento do itiner\u00e1rio formativo, al\u00e9m da integra\u00e7\u00e3o com graduandos de outras habilita\u00e7\u00f5es, o que contribui para sua forma\u00e7\u00e3o e no desenvolvimento de projetos integradores. \u201cEm 2026, a grande novidade \u00e9 o curso focado em Intelig\u00eancia Artificial. Conhecer e usar o potencial da IA \u00e9 essencial para qualquer pa\u00eds que queira se desenvolver nos dias de hoje. A tecnologia amplia nossa capacidade de pensar, criar e transformar. Utilizada de forma correta, contribui para o desenvolvimento econ\u00f4mico e social, e pode ser aplicada em qualquer profiss\u00e3o. Vale destacar que todos os programas e cursos da universidade s\u00e3o direcionados para apoiar o estudante em seu processo de forma\u00e7\u00e3o, garantir a qualidade e preparar o profissional para o mercado de trabalho\u201d, afirma.<\/p>\n<p>Os cursos, totalmente gratuitos, s\u00e3o realizados em Ambiente Virtual de Aprendizagem (AVA), plataforma on-line na qual os estudantes desenvolvem atividades acad\u00eamicas, que incluem assistir a videoaulas, acessar material did\u00e1tico, bibliotecas digitais e tirar d\u00favidas do conte\u00fado com facilitadores. J\u00e1 os polos, s\u00e3o espa\u00e7os f\u00edsicos onde os alunos contam com infraestrutura (computadores, impressoras e acesso \u00e0 internet) e realizam atividades, como provas e discuss\u00f5es em grupo. No local, podem ser solicitados servi\u00e7os de secretaria acad\u00eamica e esclarecimento de d\u00favidas. Todas as videoaulas tamb\u00e9m podem ser acessadas pelo canal do YouTube:\u00a0<a href=\"https:\/\/www.youtube.com\/user\/univesptv\" target=\"_blank\" rel=\"noopener\" data-saferedirecturl=\"https:\/\/www.google.com\/url?q=https:\/\/www.youtube.com\/user\/univesptv&amp;source=gmail&amp;ust=1770241224312000&amp;usg=AOvVaw1IFMtApJA-Y0s_M-1eaobK\">https:\/\/www.youtube.com\/user\/<wbr \/>univesptv<\/a>\u00a0.<\/p>\n","protected":false},"excerpt":{"rendered":"<p>Em todo Estado de S\u00e3o Paulo s\u00e3o ofertadas mais de 24 mil vagas, em 456 polos; ser\u00e3o dez cursos oferecidos, entre eles, o novo Bacharelado em<span class=\"excerpt-hellip\"> [\u2026]<\/span><\/p>\n","protected":false},"author":10,"featured_media":63983,"comment_status":"open","ping_status":"open","sticky":false,"template":"","format":"standard","meta":{"_jetpack_memberships_contains_paid_content":false,"footnotes":"","jetpack_publicize_message":"","jetpack_publicize_feature_enabled":true,"jetpack_social_post_already_shared":true,"jetpack_social_options":{"image_generator_settings":{"template":"highway","default_image_id":0,"enabled":false},"version":2}},"categories":[28,44],"tags":[],"class_list":["post-63982","post","type-post","status-publish","format-standard","has-post-thumbnail","hentry","category-cotidiano","category-noticias"],"yoast_head":"<!-- This site is optimized with the Yoast SEO plugin v25.6 - https:\/\/yoast.com\/wordpress\/plugins\/seo\/ -->\n<title>Vestibular Univesp 2026 oferece 355 vagas na regi\u00e3o de Franca - VerdadeOn<\/title>\n<meta name=\"robots\" content=\"index, follow, max-snippet:-1, max-image-preview:large, max-video-preview:-1\" \/>\n<link rel=\"canonical\" href=\"https:\/\/verdadeon.com.br\/portal\/2026\/02\/05\/vestibular-univesp-2026-oferece-355-vagas-na-regiao-de-franca\/\" \/>\n<meta property=\"og:locale\" content=\"pt_BR\" \/>\n<meta property=\"og:type\" content=\"article\" \/>\n<meta property=\"og:title\" content=\"Vestibular Univesp 2026 oferece 355 vagas na regi\u00e3o de Franca - VerdadeOn\" \/>\n<meta property=\"og:description\" content=\"Em todo Estado de S\u00e3o Paulo s\u00e3o ofertadas mais de 24 mil vagas, em 456 polos; ser\u00e3o dez cursos oferecidos, entre eles, o novo Bacharelado em [\u2026]\" \/>\n<meta property=\"og:url\" content=\"https:\/\/verdadeon.com.br\/portal\/2026\/02\/05\/vestibular-univesp-2026-oferece-355-vagas-na-regiao-de-franca\/\" \/>\n<meta property=\"og:site_name\" content=\"VerdadeOn\" \/>\n<meta property=\"article:published_time\" content=\"2026-02-05T13:00:36+00:00\" \/>\n<meta property=\"og:image\" content=\"https:\/\/i0.wp.com\/verdadeon.com.br\/portal\/wp-content\/uploads\/2026\/02\/WhatsApp-Image-2026-02-02-at-09.55.21-1024x683-1.jpeg?fit=1024%2C683&ssl=1\" \/>\n\t<meta property=\"og:image:width\" content=\"1024\" \/>\n\t<meta property=\"og:image:height\" content=\"683\" \/>\n\t<meta property=\"og:image:type\" content=\"image\/jpeg\" \/>\n<meta name=\"author\" content=\"Redacao VerdadeOn\" \/>\n<meta name=\"twitter:card\" content=\"summary_large_image\" \/>\n<meta name=\"twitter:label1\" content=\"Escrito por\" \/>\n\t<meta name=\"twitter:data1\" content=\"Redacao VerdadeOn\" \/>\n\t<meta name=\"twitter:label2\" content=\"Est. tempo de leitura\" \/>\n\t<meta name=\"twitter:data2\" content=\"5 minutos\" \/>\n<script type=\"application\/ld+json\" class=\"yoast-schema-graph\">{\"@context\":\"https:\/\/schema.org\",\"@graph\":[{\"@type\":\"WebPage\",\"@id\":\"https:\/\/verdadeon.com.br\/portal\/2026\/02\/05\/vestibular-univesp-2026-oferece-355-vagas-na-regiao-de-franca\/\",\"url\":\"https:\/\/verdadeon.com.br\/portal\/2026\/02\/05\/vestibular-univesp-2026-oferece-355-vagas-na-regiao-de-franca\/\",\"name\":\"Vestibular Univesp 2026 oferece 355 vagas na regi\u00e3o de Franca - VerdadeOn\",\"isPartOf\":{\"@id\":\"https:\/\/verdadeon.com.br\/portal\/#website\"},\"primaryImageOfPage\":{\"@id\":\"https:\/\/verdadeon.com.br\/portal\/2026\/02\/05\/vestibular-univesp-2026-oferece-355-vagas-na-regiao-de-franca\/#primaryimage\"},\"image\":{\"@id\":\"https:\/\/verdadeon.com.br\/portal\/2026\/02\/05\/vestibular-univesp-2026-oferece-355-vagas-na-regiao-de-franca\/#primaryimage\"},\"thumbnailUrl\":\"https:\/\/i0.wp.com\/verdadeon.com.br\/portal\/wp-content\/uploads\/2026\/02\/WhatsApp-Image-2026-02-02-at-09.55.21-1024x683-1.jpeg?fit=1024%2C683&ssl=1\",\"datePublished\":\"2026-02-05T13:00:36+00:00\",\"author\":{\"@id\":\"https:\/\/verdadeon.com.br\/portal\/#\/schema\/person\/a5060ad1e9ea3df545188fc93ce43d2f\"},\"breadcrumb\":{\"@id\":\"https:\/\/verdadeon.com.br\/portal\/2026\/02\/05\/vestibular-univesp-2026-oferece-355-vagas-na-regiao-de-franca\/#breadcrumb\"},\"inLanguage\":\"pt-BR\",\"potentialAction\":[{\"@type\":\"ReadAction\",\"target\":[\"https:\/\/verdadeon.com.br\/portal\/2026\/02\/05\/vestibular-univesp-2026-oferece-355-vagas-na-regiao-de-franca\/\"]}]},{\"@type\":\"ImageObject\",\"inLanguage\":\"pt-BR\",\"@id\":\"https:\/\/verdadeon.com.br\/portal\/2026\/02\/05\/vestibular-univesp-2026-oferece-355-vagas-na-regiao-de-franca\/#primaryimage\",\"url\":\"https:\/\/i0.wp.com\/verdadeon.com.br\/portal\/wp-content\/uploads\/2026\/02\/WhatsApp-Image-2026-02-02-at-09.55.21-1024x683-1.jpeg?fit=1024%2C683&ssl=1\",\"contentUrl\":\"https:\/\/i0.wp.com\/verdadeon.com.br\/portal\/wp-content\/uploads\/2026\/02\/WhatsApp-Image-2026-02-02-at-09.55.21-1024x683-1.jpeg?fit=1024%2C683&ssl=1\",\"width\":1024,\"height\":683,\"caption\":\"O in\u00edcio das aulas est\u00e1 previsto para o final de junho de 2026 (\u00a9Divulga\u00e7\u00e3o\/Governo de SP)\"},{\"@type\":\"BreadcrumbList\",\"@id\":\"https:\/\/verdadeon.com.br\/portal\/2026\/02\/05\/vestibular-univesp-2026-oferece-355-vagas-na-regiao-de-franca\/#breadcrumb\",\"itemListElement\":[{\"@type\":\"ListItem\",\"position\":1,\"name\":\"In\u00edcio\",\"item\":\"https:\/\/verdadeon.com.br\/portal\/\"},{\"@type\":\"ListItem\",\"position\":2,\"name\":\"Vestibular Univesp 2026 oferece 355 vagas na regi\u00e3o de Franca\"}]},{\"@type\":\"WebSite\",\"@id\":\"https:\/\/verdadeon.com.br\/portal\/#website\",\"url\":\"https:\/\/verdadeon.com.br\/portal\/\",\"name\":\"VerdadeOn\",\"description\":\"Not\u00edcias di\u00e1rias sobre Franca, Regi\u00e3o, Esporte, Cultura, Cotidiano, Colunas. Cobertura nos principais eventos da cidade \u00e9 aqui - Verdadeon Franca\",\"potentialAction\":[{\"@type\":\"SearchAction\",\"target\":{\"@type\":\"EntryPoint\",\"urlTemplate\":\"https:\/\/verdadeon.com.br\/portal\/?s={search_term_string}\"},\"query-input\":{\"@type\":\"PropertyValueSpecification\",\"valueRequired\":true,\"valueName\":\"search_term_string\"}}],\"inLanguage\":\"pt-BR\"},{\"@type\":\"Person\",\"@id\":\"https:\/\/verdadeon.com.br\/portal\/#\/schema\/person\/a5060ad1e9ea3df545188fc93ce43d2f\",\"name\":\"Redacao VerdadeOn\",\"image\":{\"@type\":\"ImageObject\",\"inLanguage\":\"pt-BR\",\"@id\":\"https:\/\/verdadeon.com.br\/portal\/#\/schema\/person\/image\/\",\"url\":\"https:\/\/secure.gravatar.com\/avatar\/459a9613caaaf07f582c3d0841eea68bdd66f533e465e6ba8b9cb45619572cf4?s=96&d=mm&r=g\",\"contentUrl\":\"https:\/\/secure.gravatar.com\/avatar\/459a9613caaaf07f582c3d0841eea68bdd66f533e465e6ba8b9cb45619572cf4?s=96&d=mm&r=g\",\"caption\":\"Redacao VerdadeOn\"},\"url\":\"https:\/\/verdadeon.com.br\/portal\/author\/redacao\/\"}]}<\/script>\n<!-- \/ Yoast SEO plugin. -->","yoast_head_json":{"title":"Vestibular Univesp 2026 oferece 355 vagas na regi\u00e3o de Franca - VerdadeOn","robots":{"index":"index","follow":"follow","max-snippet":"max-snippet:-1","max-image-preview":"max-image-preview:large","max-video-preview":"max-video-preview:-1"},"canonical":"https:\/\/verdadeon.com.br\/portal\/2026\/02\/05\/vestibular-univesp-2026-oferece-355-vagas-na-regiao-de-franca\/","og_locale":"pt_BR","og_type":"article","og_title":"Vestibular Univesp 2026 oferece 355 vagas na regi\u00e3o de Franca - VerdadeOn","og_description":"Em todo Estado de S\u00e3o Paulo s\u00e3o ofertadas mais de 24 mil vagas, em 456 polos; ser\u00e3o dez cursos oferecidos, entre eles, o novo Bacharelado em [\u2026]","og_url":"https:\/\/verdadeon.com.br\/portal\/2026\/02\/05\/vestibular-univesp-2026-oferece-355-vagas-na-regiao-de-franca\/","og_site_name":"VerdadeOn","article_published_time":"2026-02-05T13:00:36+00:00","og_image":[{"width":1024,"height":683,"url":"https:\/\/i0.wp.com\/verdadeon.com.br\/portal\/wp-content\/uploads\/2026\/02\/WhatsApp-Image-2026-02-02-at-09.55.21-1024x683-1.jpeg?fit=1024%2C683&ssl=1","type":"image\/jpeg"}],"author":"Redacao VerdadeOn","twitter_card":"summary_large_image","twitter_misc":{"Escrito por":"Redacao VerdadeOn","Est. tempo de leitura":"5 minutos"},"schema":{"@context":"https:\/\/schema.org","@graph":[{"@type":"WebPage","@id":"https:\/\/verdadeon.com.br\/portal\/2026\/02\/05\/vestibular-univesp-2026-oferece-355-vagas-na-regiao-de-franca\/","url":"https:\/\/verdadeon.com.br\/portal\/2026\/02\/05\/vestibular-univesp-2026-oferece-355-vagas-na-regiao-de-franca\/","name":"Vestibular Univesp 2026 oferece 355 vagas na regi\u00e3o de Franca - VerdadeOn","isPartOf":{"@id":"https:\/\/verdadeon.com.br\/portal\/#website"},"primaryImageOfPage":{"@id":"https:\/\/verdadeon.com.br\/portal\/2026\/02\/05\/vestibular-univesp-2026-oferece-355-vagas-na-regiao-de-franca\/#primaryimage"},"image":{"@id":"https:\/\/verdadeon.com.br\/portal\/2026\/02\/05\/vestibular-univesp-2026-oferece-355-vagas-na-regiao-de-franca\/#primaryimage"},"thumbnailUrl":"https:\/\/i0.wp.com\/verdadeon.com.br\/portal\/wp-content\/uploads\/2026\/02\/WhatsApp-Image-2026-02-02-at-09.55.21-1024x683-1.jpeg?fit=1024%2C683&ssl=1","datePublished":"2026-02-05T13:00:36+00:00","author":{"@id":"https:\/\/verdadeon.com.br\/portal\/#\/schema\/person\/a5060ad1e9ea3df545188fc93ce43d2f"},"breadcrumb":{"@id":"https:\/\/verdadeon.com.br\/portal\/2026\/02\/05\/vestibular-univesp-2026-oferece-355-vagas-na-regiao-de-franca\/#breadcrumb"},"inLanguage":"pt-BR","potentialAction":[{"@type":"ReadAction","target":["https:\/\/verdadeon.com.br\/portal\/2026\/02\/05\/vestibular-univesp-2026-oferece-355-vagas-na-regiao-de-franca\/"]}]},{"@type":"ImageObject","inLanguage":"pt-BR","@id":"https:\/\/verdadeon.com.br\/portal\/2026\/02\/05\/vestibular-univesp-2026-oferece-355-vagas-na-regiao-de-franca\/#primaryimage","url":"https:\/\/i0.wp.com\/verdadeon.com.br\/portal\/wp-content\/uploads\/2026\/02\/WhatsApp-Image-2026-02-02-at-09.55.21-1024x683-1.jpeg?fit=1024%2C683&ssl=1","contentUrl":"https:\/\/i0.wp.com\/verdadeon.com.br\/portal\/wp-content\/uploads\/2026\/02\/WhatsApp-Image-2026-02-02-at-09.55.21-1024x683-1.jpeg?fit=1024%2C683&ssl=1","width":1024,"height":683,"caption":"O in\u00edcio das aulas est\u00e1 previsto para o final de junho de 2026 (\u00a9Divulga\u00e7\u00e3o\/Governo de SP)"},{"@type":"BreadcrumbList","@id":"https:\/\/verdadeon.com.br\/portal\/2026\/02\/05\/vestibular-univesp-2026-oferece-355-vagas-na-regiao-de-franca\/#breadcrumb","itemListElement":[{"@type":"ListItem","position":1,"name":"In\u00edcio","item":"https:\/\/verdadeon.com.br\/portal\/"},{"@type":"ListItem","position":2,"name":"Vestibular Univesp 2026 oferece 355 vagas na regi\u00e3o de Franca"}]},{"@type":"WebSite","@id":"https:\/\/verdadeon.com.br\/portal\/#website","url":"https:\/\/verdadeon.com.br\/portal\/","name":"VerdadeOn","description":"Not\u00edcias di\u00e1rias sobre Franca, Regi\u00e3o, Esporte, Cultura, Cotidiano, Colunas. Cobertura nos principais eventos da cidade \u00e9 aqui - Verdadeon Franca","potentialAction":[{"@type":"SearchAction","target":{"@type":"EntryPoint","urlTemplate":"https:\/\/verdadeon.com.br\/portal\/?s={search_term_string}"},"query-input":{"@type":"PropertyValueSpecification","valueRequired":true,"valueName":"search_term_string"}}],"inLanguage":"pt-BR"},{"@type":"Person","@id":"https:\/\/verdadeon.com.br\/portal\/#\/schema\/person\/a5060ad1e9ea3df545188fc93ce43d2f","name":"Redacao VerdadeOn","image":{"@type":"ImageObject","inLanguage":"pt-BR","@id":"https:\/\/verdadeon.com.br\/portal\/#\/schema\/person\/image\/","url":"https:\/\/secure.gravatar.com\/avatar\/459a9613caaaf07f582c3d0841eea68bdd66f533e465e6ba8b9cb45619572cf4?s=96&d=mm&r=g","contentUrl":"https:\/\/secure.gravatar.com\/avatar\/459a9613caaaf07f582c3d0841eea68bdd66f533e465e6ba8b9cb45619572cf4?s=96&d=mm&r=g","caption":"Redacao VerdadeOn"},"url":"https:\/\/verdadeon.com.br\/portal\/author\/redacao\/"}]}},"jetpack_publicize_connections":[],"jetpack_featured_media_url":"https:\/\/i0.wp.com\/verdadeon.com.br\/portal\/wp-content\/uploads\/2026\/02\/WhatsApp-Image-2026-02-02-at-09.55.21-1024x683-1.jpeg?fit=1024%2C683&ssl=1","jetpack_sharing_enabled":true,"_links":{"self":[{"href":"https:\/\/verdadeon.com.br\/portal\/wp-json\/wp\/v2\/posts\/63982","targetHints":{"allow":["GET"]}}],"collection":[{"href":"https:\/\/verdadeon.com.br\/portal\/wp-json\/wp\/v2\/posts"}],"about":[{"href":"https:\/\/verdadeon.com.br\/portal\/wp-json\/wp\/v2\/types\/post"}],"author":[{"embeddable":true,"href":"https:\/\/verdadeon.com.br\/portal\/wp-json\/wp\/v2\/users\/10"}],"replies":[{"embeddable":true,"href":"https:\/\/verdadeon.com.br\/portal\/wp-json\/wp\/v2\/comments?post=63982"}],"version-history":[{"count":1,"href":"https:\/\/verdadeon.com.br\/portal\/wp-json\/wp\/v2\/posts\/63982\/revisions"}],"predecessor-version":[{"id":63984,"href":"https:\/\/verdadeon.com.br\/portal\/wp-json\/wp\/v2\/posts\/63982\/revisions\/63984"}],"wp:featuredmedia":[{"embeddable":true,"href":"https:\/\/verdadeon.com.br\/portal\/wp-json\/wp\/v2\/media\/63983"}],"wp:attachment":[{"href":"https:\/\/verdadeon.com.br\/portal\/wp-json\/wp\/v2\/media?parent=63982"}],"wp:term":[{"taxonomy":"category","embeddable":true,"href":"https:\/\/verdadeon.com.br\/portal\/wp-json\/wp\/v2\/categories?post=63982"},{"taxonomy":"post_tag","embeddable":true,"href":"https:\/\/verdadeon.com.br\/portal\/wp-json\/wp\/v2\/tags?post=63982"}],"curies":[{"name":"wp","href":"https:\/\/api.w.org\/{rel}","templated":true}]}}