{"id":63764,"date":"2026-01-29T08:00:53","date_gmt":"2026-01-29T11:00:53","guid":{"rendered":"https:\/\/verdadeon.com.br\/portal\/?p=63764"},"modified":"2026-01-28T13:16:01","modified_gmt":"2026-01-28T16:16:01","slug":"fmrp-esclarece-encerramento-das-atividades-laboratoriais-do-hemocentro-de-franca","status":"publish","type":"post","link":"https:\/\/verdadeon.com.br\/portal\/2026\/01\/29\/fmrp-esclarece-encerramento-das-atividades-laboratoriais-do-hemocentro-de-franca\/","title":{"rendered":"FMRP esclarece encerramento das atividades laboratoriais do Hemocentro de Franca"},"content":{"rendered":"<h2>Servi\u00e7o ser\u00e1 centralizado na unidade-sede, em Ribeir\u00e3o Preto<\/h2>\n<p style=\"text-align: right;\"><strong><em>Por Pedro Maia<\/em><\/strong><br \/>\n<strong><em>Editor-chefe<\/em><\/strong><\/p>\n<p>Nesta semana, circularam pelas redes sociais informa\u00e7\u00f5es sobre os impactos que as mudan\u00e7as, que est\u00e3o sendo implementadas pela Funda\u00e7\u00e3o Hemocentro de Ribeir\u00e3o Preto \u00e0s unidades administradas, podem causar aos pacientes do Hemocentro de Franca, na cidade e na regi\u00e3o.<\/p>\n<p>Segundo a FMRP, as altera\u00e7\u00f5es no servi\u00e7o de processamento de sangue no N\u00facleo de Hemoterapia de Franca consiste na centraliza\u00e7\u00e3o exclusivamente das atividades laboratoriais do Hemon\u00facleo. A nota oficial ressalta que o atendimento aos doadores continuar\u00e1 normalmente no mesmo local e hor\u00e1rios, sem preju\u00edzo \u00e0 seguran\u00e7a dos pacientes ou ao suprimento das unidades hospitalares.<\/p>\n<div>De acordo com a Funda\u00e7\u00e3o, outras unidades geridas por ela j\u00e1 funcionam dessa maneira, com o processamento de sangue sendo realizado na unidade-sede, em Ribeir\u00e3o Preto, e que os hemocomponentes continuar\u00e3o sendo fornecidos para o abastecimento da regi\u00e3o de Franca. &#8220;Trata-se de uma medida de cunho exclusivamente administrativo, sem preju\u00edzo \u00e0 qualidade, \u00e0 seguran\u00e7a e \u00e0 continuidade dos servi\u00e7os prestados&#8221;, destacou.<\/div>\n<p>As institui\u00e7\u00f5es de sa\u00fade ser\u00e3o formalmente comunicadas, ainda esta semana, sobre as altera\u00e7\u00f5es programadas para acontecer em 30 a 60 dias.<\/p>\n<p>&#8220;Reafirmamos nosso compromisso com a sa\u00fade da popula\u00e7\u00e3o e convidamos todos os cidad\u00e3os de Franca e regi\u00e3o a continuarem doando sangue e salvando vidas. A Funda\u00e7\u00e3o Hemocentro de Ribeir\u00e3o Preto agradece, mais uma vez, o apoio e a confian\u00e7a de todos&#8221;, encerrou o informe.<\/p>\n","protected":false},"excerpt":{"rendered":"<p>Servi\u00e7o ser\u00e1 centralizado na unidade-sede, em Ribeir\u00e3o Preto Por Pedro Maia Editor-chefe Nesta semana, circularam pelas redes sociais informa\u00e7\u00f5es sobre os impactos que as mudan\u00e7as, que<span class=\"excerpt-hellip\"> [\u2026]<\/span><\/p>\n","protected":false},"author":10,"featured_media":48202,"comment_status":"open","ping_status":"open","sticky":false,"template":"","format":"standard","meta":{"_jetpack_memberships_contains_paid_content":false,"footnotes":"","jetpack_publicize_message":"","jetpack_publicize_feature_enabled":true,"jetpack_social_post_already_shared":true,"jetpack_social_options":{"image_generator_settings":{"template":"highway","default_image_id":0,"enabled":false},"version":2}},"categories":[28,81],"tags":[],"class_list":["post-63764","post","type-post","status-publish","format-standard","has-post-thumbnail","hentry","category-cotidiano","category-manchete"],"yoast_head":"<!-- This site is optimized with the Yoast SEO plugin v25.6 - https:\/\/yoast.com\/wordpress\/plugins\/seo\/ -->\n<title>FMRP esclarece encerramento das atividades laboratoriais do Hemocentro de Franca - VerdadeOn<\/title>\n<meta name=\"robots\" content=\"index, follow, max-snippet:-1, max-image-preview:large, max-video-preview:-1\" \/>\n<link rel=\"canonical\" href=\"https:\/\/verdadeon.com.br\/portal\/2026\/01\/29\/fmrp-esclarece-encerramento-das-atividades-laboratoriais-do-hemocentro-de-franca\/\" \/>\n<meta property=\"og:locale\" content=\"pt_BR\" \/>\n<meta property=\"og:type\" content=\"article\" \/>\n<meta property=\"og:title\" content=\"FMRP esclarece encerramento das atividades laboratoriais do Hemocentro de Franca - VerdadeOn\" \/>\n<meta property=\"og:description\" content=\"Servi\u00e7o ser\u00e1 centralizado na unidade-sede, em Ribeir\u00e3o Preto Por Pedro Maia Editor-chefe Nesta semana, circularam pelas redes sociais informa\u00e7\u00f5es sobre os impactos que as mudan\u00e7as, que [\u2026]\" \/>\n<meta property=\"og:url\" content=\"https:\/\/verdadeon.com.br\/portal\/2026\/01\/29\/fmrp-esclarece-encerramento-das-atividades-laboratoriais-do-hemocentro-de-franca\/\" \/>\n<meta property=\"og:site_name\" content=\"VerdadeOn\" \/>\n<meta property=\"article:published_time\" content=\"2026-01-29T11:00:53+00:00\" \/>\n<meta property=\"og:image\" content=\"https:\/\/i0.wp.com\/verdadeon.com.br\/portal\/wp-content\/uploads\/2024\/08\/Processamento_Sangue_ICB_114-18_Foto-Cecilia-Bastos-08.jpg?fit=1724%2C1155&ssl=1\" \/>\n\t<meta property=\"og:image:width\" content=\"1724\" \/>\n\t<meta property=\"og:image:height\" content=\"1155\" \/>\n\t<meta property=\"og:image:type\" content=\"image\/jpeg\" \/>\n<meta name=\"author\" content=\"Redacao VerdadeOn\" \/>\n<meta name=\"twitter:card\" content=\"summary_large_image\" \/>\n<meta name=\"twitter:label1\" content=\"Escrito por\" \/>\n\t<meta name=\"twitter:data1\" content=\"Redacao VerdadeOn\" \/>\n\t<meta name=\"twitter:label2\" content=\"Est. tempo de leitura\" \/>\n\t<meta name=\"twitter:data2\" content=\"2 minutos\" \/>\n<script type=\"application\/ld+json\" class=\"yoast-schema-graph\">{\"@context\":\"https:\/\/schema.org\",\"@graph\":[{\"@type\":\"WebPage\",\"@id\":\"https:\/\/verdadeon.com.br\/portal\/2026\/01\/29\/fmrp-esclarece-encerramento-das-atividades-laboratoriais-do-hemocentro-de-franca\/\",\"url\":\"https:\/\/verdadeon.com.br\/portal\/2026\/01\/29\/fmrp-esclarece-encerramento-das-atividades-laboratoriais-do-hemocentro-de-franca\/\",\"name\":\"FMRP esclarece encerramento das atividades laboratoriais do Hemocentro de Franca - VerdadeOn\",\"isPartOf\":{\"@id\":\"https:\/\/verdadeon.com.br\/portal\/#website\"},\"primaryImageOfPage\":{\"@id\":\"https:\/\/verdadeon.com.br\/portal\/2026\/01\/29\/fmrp-esclarece-encerramento-das-atividades-laboratoriais-do-hemocentro-de-franca\/#primaryimage\"},\"image\":{\"@id\":\"https:\/\/verdadeon.com.br\/portal\/2026\/01\/29\/fmrp-esclarece-encerramento-das-atividades-laboratoriais-do-hemocentro-de-franca\/#primaryimage\"},\"thumbnailUrl\":\"https:\/\/i0.wp.com\/verdadeon.com.br\/portal\/wp-content\/uploads\/2024\/08\/Processamento_Sangue_ICB_114-18_Foto-Cecilia-Bastos-08.jpg?fit=1724%2C1155&ssl=1\",\"datePublished\":\"2026-01-29T11:00:53+00:00\",\"author\":{\"@id\":\"https:\/\/verdadeon.com.br\/portal\/#\/schema\/person\/a5060ad1e9ea3df545188fc93ce43d2f\"},\"breadcrumb\":{\"@id\":\"https:\/\/verdadeon.com.br\/portal\/2026\/01\/29\/fmrp-esclarece-encerramento-das-atividades-laboratoriais-do-hemocentro-de-franca\/#breadcrumb\"},\"inLanguage\":\"pt-BR\",\"potentialAction\":[{\"@type\":\"ReadAction\",\"target\":[\"https:\/\/verdadeon.com.br\/portal\/2026\/01\/29\/fmrp-esclarece-encerramento-das-atividades-laboratoriais-do-hemocentro-de-franca\/\"]}]},{\"@type\":\"ImageObject\",\"inLanguage\":\"pt-BR\",\"@id\":\"https:\/\/verdadeon.com.br\/portal\/2026\/01\/29\/fmrp-esclarece-encerramento-das-atividades-laboratoriais-do-hemocentro-de-franca\/#primaryimage\",\"url\":\"https:\/\/i0.wp.com\/verdadeon.com.br\/portal\/wp-content\/uploads\/2024\/08\/Processamento_Sangue_ICB_114-18_Foto-Cecilia-Bastos-08.jpg?fit=1724%2C1155&ssl=1\",\"contentUrl\":\"https:\/\/i0.wp.com\/verdadeon.com.br\/portal\/wp-content\/uploads\/2024\/08\/Processamento_Sangue_ICB_114-18_Foto-Cecilia-Bastos-08.jpg?fit=1724%2C1155&ssl=1\",\"width\":1724,\"height\":1155,\"caption\":\"Processamento da amostra e exame de sangue (\u00a9Cec\u00edlia Bastos\/USP Imagem)\"},{\"@type\":\"BreadcrumbList\",\"@id\":\"https:\/\/verdadeon.com.br\/portal\/2026\/01\/29\/fmrp-esclarece-encerramento-das-atividades-laboratoriais-do-hemocentro-de-franca\/#breadcrumb\",\"itemListElement\":[{\"@type\":\"ListItem\",\"position\":1,\"name\":\"In\u00edcio\",\"item\":\"https:\/\/verdadeon.com.br\/portal\/\"},{\"@type\":\"ListItem\",\"position\":2,\"name\":\"FMRP esclarece encerramento das atividades laboratoriais do Hemocentro de Franca\"}]},{\"@type\":\"WebSite\",\"@id\":\"https:\/\/verdadeon.com.br\/portal\/#website\",\"url\":\"https:\/\/verdadeon.com.br\/portal\/\",\"name\":\"VerdadeOn\",\"description\":\"Not\u00edcias di\u00e1rias sobre Franca, Regi\u00e3o, Esporte, Cultura, Cotidiano, Colunas. Cobertura nos principais eventos da cidade \u00e9 aqui - Verdadeon Franca\",\"potentialAction\":[{\"@type\":\"SearchAction\",\"target\":{\"@type\":\"EntryPoint\",\"urlTemplate\":\"https:\/\/verdadeon.com.br\/portal\/?s={search_term_string}\"},\"query-input\":{\"@type\":\"PropertyValueSpecification\",\"valueRequired\":true,\"valueName\":\"search_term_string\"}}],\"inLanguage\":\"pt-BR\"},{\"@type\":\"Person\",\"@id\":\"https:\/\/verdadeon.com.br\/portal\/#\/schema\/person\/a5060ad1e9ea3df545188fc93ce43d2f\",\"name\":\"Redacao VerdadeOn\",\"image\":{\"@type\":\"ImageObject\",\"inLanguage\":\"pt-BR\",\"@id\":\"https:\/\/verdadeon.com.br\/portal\/#\/schema\/person\/image\/\",\"url\":\"https:\/\/secure.gravatar.com\/avatar\/459a9613caaaf07f582c3d0841eea68bdd66f533e465e6ba8b9cb45619572cf4?s=96&d=mm&r=g\",\"contentUrl\":\"https:\/\/secure.gravatar.com\/avatar\/459a9613caaaf07f582c3d0841eea68bdd66f533e465e6ba8b9cb45619572cf4?s=96&d=mm&r=g\",\"caption\":\"Redacao VerdadeOn\"},\"url\":\"https:\/\/verdadeon.com.br\/portal\/author\/redacao\/\"}]}<\/script>\n<!-- \/ Yoast SEO plugin. -->","yoast_head_json":{"title":"FMRP esclarece encerramento das atividades laboratoriais do Hemocentro de Franca - VerdadeOn","robots":{"index":"index","follow":"follow","max-snippet":"max-snippet:-1","max-image-preview":"max-image-preview:large","max-video-preview":"max-video-preview:-1"},"canonical":"https:\/\/verdadeon.com.br\/portal\/2026\/01\/29\/fmrp-esclarece-encerramento-das-atividades-laboratoriais-do-hemocentro-de-franca\/","og_locale":"pt_BR","og_type":"article","og_title":"FMRP esclarece encerramento das atividades laboratoriais do Hemocentro de Franca - VerdadeOn","og_description":"Servi\u00e7o ser\u00e1 centralizado na unidade-sede, em Ribeir\u00e3o Preto Por Pedro Maia Editor-chefe Nesta semana, circularam pelas redes sociais informa\u00e7\u00f5es sobre os impactos que as mudan\u00e7as, que [\u2026]","og_url":"https:\/\/verdadeon.com.br\/portal\/2026\/01\/29\/fmrp-esclarece-encerramento-das-atividades-laboratoriais-do-hemocentro-de-franca\/","og_site_name":"VerdadeOn","article_published_time":"2026-01-29T11:00:53+00:00","og_image":[{"width":1724,"height":1155,"url":"https:\/\/i0.wp.com\/verdadeon.com.br\/portal\/wp-content\/uploads\/2024\/08\/Processamento_Sangue_ICB_114-18_Foto-Cecilia-Bastos-08.jpg?fit=1724%2C1155&ssl=1","type":"image\/jpeg"}],"author":"Redacao VerdadeOn","twitter_card":"summary_large_image","twitter_misc":{"Escrito por":"Redacao VerdadeOn","Est. tempo de leitura":"2 minutos"},"schema":{"@context":"https:\/\/schema.org","@graph":[{"@type":"WebPage","@id":"https:\/\/verdadeon.com.br\/portal\/2026\/01\/29\/fmrp-esclarece-encerramento-das-atividades-laboratoriais-do-hemocentro-de-franca\/","url":"https:\/\/verdadeon.com.br\/portal\/2026\/01\/29\/fmrp-esclarece-encerramento-das-atividades-laboratoriais-do-hemocentro-de-franca\/","name":"FMRP esclarece encerramento das atividades laboratoriais do Hemocentro de Franca - VerdadeOn","isPartOf":{"@id":"https:\/\/verdadeon.com.br\/portal\/#website"},"primaryImageOfPage":{"@id":"https:\/\/verdadeon.com.br\/portal\/2026\/01\/29\/fmrp-esclarece-encerramento-das-atividades-laboratoriais-do-hemocentro-de-franca\/#primaryimage"},"image":{"@id":"https:\/\/verdadeon.com.br\/portal\/2026\/01\/29\/fmrp-esclarece-encerramento-das-atividades-laboratoriais-do-hemocentro-de-franca\/#primaryimage"},"thumbnailUrl":"https:\/\/i0.wp.com\/verdadeon.com.br\/portal\/wp-content\/uploads\/2024\/08\/Processamento_Sangue_ICB_114-18_Foto-Cecilia-Bastos-08.jpg?fit=1724%2C1155&ssl=1","datePublished":"2026-01-29T11:00:53+00:00","author":{"@id":"https:\/\/verdadeon.com.br\/portal\/#\/schema\/person\/a5060ad1e9ea3df545188fc93ce43d2f"},"breadcrumb":{"@id":"https:\/\/verdadeon.com.br\/portal\/2026\/01\/29\/fmrp-esclarece-encerramento-das-atividades-laboratoriais-do-hemocentro-de-franca\/#breadcrumb"},"inLanguage":"pt-BR","potentialAction":[{"@type":"ReadAction","target":["https:\/\/verdadeon.com.br\/portal\/2026\/01\/29\/fmrp-esclarece-encerramento-das-atividades-laboratoriais-do-hemocentro-de-franca\/"]}]},{"@type":"ImageObject","inLanguage":"pt-BR","@id":"https:\/\/verdadeon.com.br\/portal\/2026\/01\/29\/fmrp-esclarece-encerramento-das-atividades-laboratoriais-do-hemocentro-de-franca\/#primaryimage","url":"https:\/\/i0.wp.com\/verdadeon.com.br\/portal\/wp-content\/uploads\/2024\/08\/Processamento_Sangue_ICB_114-18_Foto-Cecilia-Bastos-08.jpg?fit=1724%2C1155&ssl=1","contentUrl":"https:\/\/i0.wp.com\/verdadeon.com.br\/portal\/wp-content\/uploads\/2024\/08\/Processamento_Sangue_ICB_114-18_Foto-Cecilia-Bastos-08.jpg?fit=1724%2C1155&ssl=1","width":1724,"height":1155,"caption":"Processamento da amostra e exame de sangue (\u00a9Cec\u00edlia Bastos\/USP Imagem)"},{"@type":"BreadcrumbList","@id":"https:\/\/verdadeon.com.br\/portal\/2026\/01\/29\/fmrp-esclarece-encerramento-das-atividades-laboratoriais-do-hemocentro-de-franca\/#breadcrumb","itemListElement":[{"@type":"ListItem","position":1,"name":"In\u00edcio","item":"https:\/\/verdadeon.com.br\/portal\/"},{"@type":"ListItem","position":2,"name":"FMRP esclarece encerramento das atividades laboratoriais do Hemocentro de Franca"}]},{"@type":"WebSite","@id":"https:\/\/verdadeon.com.br\/portal\/#website","url":"https:\/\/verdadeon.com.br\/portal\/","name":"VerdadeOn","description":"Not\u00edcias di\u00e1rias sobre Franca, Regi\u00e3o, Esporte, Cultura, Cotidiano, Colunas. Cobertura nos principais eventos da cidade \u00e9 aqui - Verdadeon Franca","potentialAction":[{"@type":"SearchAction","target":{"@type":"EntryPoint","urlTemplate":"https:\/\/verdadeon.com.br\/portal\/?s={search_term_string}"},"query-input":{"@type":"PropertyValueSpecification","valueRequired":true,"valueName":"search_term_string"}}],"inLanguage":"pt-BR"},{"@type":"Person","@id":"https:\/\/verdadeon.com.br\/portal\/#\/schema\/person\/a5060ad1e9ea3df545188fc93ce43d2f","name":"Redacao VerdadeOn","image":{"@type":"ImageObject","inLanguage":"pt-BR","@id":"https:\/\/verdadeon.com.br\/portal\/#\/schema\/person\/image\/","url":"https:\/\/secure.gravatar.com\/avatar\/459a9613caaaf07f582c3d0841eea68bdd66f533e465e6ba8b9cb45619572cf4?s=96&d=mm&r=g","contentUrl":"https:\/\/secure.gravatar.com\/avatar\/459a9613caaaf07f582c3d0841eea68bdd66f533e465e6ba8b9cb45619572cf4?s=96&d=mm&r=g","caption":"Redacao VerdadeOn"},"url":"https:\/\/verdadeon.com.br\/portal\/author\/redacao\/"}]}},"jetpack_publicize_connections":[],"jetpack_featured_media_url":"https:\/\/i0.wp.com\/verdadeon.com.br\/portal\/wp-content\/uploads\/2024\/08\/Processamento_Sangue_ICB_114-18_Foto-Cecilia-Bastos-08.jpg?fit=1724%2C1155&ssl=1","jetpack_sharing_enabled":true,"_links":{"self":[{"href":"https:\/\/verdadeon.com.br\/portal\/wp-json\/wp\/v2\/posts\/63764","targetHints":{"allow":["GET"]}}],"collection":[{"href":"https:\/\/verdadeon.com.br\/portal\/wp-json\/wp\/v2\/posts"}],"about":[{"href":"https:\/\/verdadeon.com.br\/portal\/wp-json\/wp\/v2\/types\/post"}],"author":[{"embeddable":true,"href":"https:\/\/verdadeon.com.br\/portal\/wp-json\/wp\/v2\/users\/10"}],"replies":[{"embeddable":true,"href":"https:\/\/verdadeon.com.br\/portal\/wp-json\/wp\/v2\/comments?post=63764"}],"version-history":[{"count":1,"href":"https:\/\/verdadeon.com.br\/portal\/wp-json\/wp\/v2\/posts\/63764\/revisions"}],"predecessor-version":[{"id":63765,"href":"https:\/\/verdadeon.com.br\/portal\/wp-json\/wp\/v2\/posts\/63764\/revisions\/63765"}],"wp:featuredmedia":[{"embeddable":true,"href":"https:\/\/verdadeon.com.br\/portal\/wp-json\/wp\/v2\/media\/48202"}],"wp:attachment":[{"href":"https:\/\/verdadeon.com.br\/portal\/wp-json\/wp\/v2\/media?parent=63764"}],"wp:term":[{"taxonomy":"category","embeddable":true,"href":"https:\/\/verdadeon.com.br\/portal\/wp-json\/wp\/v2\/categories?post=63764"},{"taxonomy":"post_tag","embeddable":true,"href":"https:\/\/verdadeon.com.br\/portal\/wp-json\/wp\/v2\/tags?post=63764"}],"curies":[{"name":"wp","href":"https:\/\/api.w.org\/{rel}","templated":true}]}}