{"id":63761,"date":"2026-01-28T12:42:43","date_gmt":"2026-01-28T15:42:43","guid":{"rendered":"https:\/\/verdadeon.com.br\/portal\/?p=63761"},"modified":"2026-01-28T14:23:52","modified_gmt":"2026-01-28T17:23:52","slug":"operacao-conjunta-da-pc-apreende-dois-adolescentes-por-trafico-na-avenida-dom-pedro","status":"publish","type":"post","link":"https:\/\/verdadeon.com.br\/portal\/2026\/01\/28\/operacao-conjunta-da-pc-apreende-dois-adolescentes-por-trafico-na-avenida-dom-pedro\/","title":{"rendered":"Quatro pessoas s\u00e3o presas e duas apreendidas em opera\u00e7\u00e3o da PC na Zona Norte de Franca"},"content":{"rendered":"<h2>Houve cumprimento de v\u00e1rios mandados de busca e apreens\u00e3o entre a Avenida Dom Pedro e o Jardim Vera Cruz III<\/h2>\n<p style=\"text-align: right;\"><em><strong>Por Pedro Maia<\/strong><\/em><br \/>\n<em><strong>Editor-chefe<\/strong><\/em><\/p>\n<p>Na manh\u00e3 desta quarta-feira, 28 de janeiro, a DISE (Delegacia de Investiga\u00e7\u00f5es Sobre Entorpecentes), sob comando do Delegado Dr. Alan Bazalha Lopes, prendeu quatro pessoas e apreendeu dois adolescentes durante opera\u00e7\u00e3o contra o tr\u00e1fico de drogas no Condom\u00ednio &#8216;Dom Pedro&#8217;, localizado na Avenida Dom Pedro I, e no Jardim Vera Cruz III, Zona Norte de Franca.<\/p>\n<p>Houve cumprimento de v\u00e1rios mandados de busca e apreens\u00e3o. A a\u00e7\u00e3o contou com o apoio estrat\u00e9gico das unidades GOE (Grupo de Opera\u00e7\u00f5es Especiais), DIG (Delegacia de Investiga\u00e7\u00f5es Gerais), DDM (Delegacia de Defesa da Mulher), SIG (Setor de Investiga\u00e7\u00f5es Gerais), CPJ (Cental de Pol\u00edcia Judici\u00e1ria) e do Canil (K9 Zuk) da Delegacia Seccional de Franca.<\/p>\n<p>A maior parte das dilig\u00eancias ocorreu no Condom\u00ednio &#8220;Dom Pedro&#8221;, onde investiga\u00e7\u00f5es identificaram os criminosos e os pontos distintos de venda de entorpecentes:<\/p>\n<ul>\n<li>T. R. F., 38 anos (Tr\u00e1fico de Drogas): No apartamento do investigado, foram apreendidas tr\u00eas por\u00e7\u00f5es de coca\u00edna, caderneta de contabilidade, R$ 543 e um celular Samsung. A atividade ocorria pr\u00f3xima a escolas e centros de assist\u00eancia social, como todos os casos no conjunto habitacional;<\/li>\n<li>L. F. M. M., 29 anos (Porte Ilegal de Arma de Fogo): No im\u00f3vel deste indiv\u00edduo, a equipe localizou um rev\u00f3lver calibre .32 (marca L&amp;C), desmuniciado e apreendeu R$ 3,8 mil de origem suspeita. O indiciado pagou fian\u00e7a de R$ 3.242 e responder\u00e1 em liberdade;<\/li>\n<li>D. P. O., 24\u00a0 (Tr\u00e1fico de Drogas): Foram localizadas cinco por\u00e7\u00f5es de coca\u00edna, R$ 562 e anota\u00e7\u00f5es t\u00edpicas do tr\u00e1fico no quarto do investigado, que confessou o crime;<\/li>\n<li>M. H. S. O., 16 anos, e V. H. O. S., 17 anos (Ato Infracional): Os dois adolescentes foram apreendidos com 71 papelotes de coca\u00edna, 03 pedras de crack, por\u00e7\u00e3o de maconha, balan\u00e7a de precis\u00e3o e R$ 1.494,00 em esp\u00e9cie. Foram encaminhados ao NAI (N\u00facleo de Atendimento Integrado para Adolescentes Infratores);<\/li>\n<li>No Jardim Vera Cruz III, foi preso J. K. M. S., 22 anos (Tr\u00e1fico de Drogas). Em sua resid\u00eancia, foram apreendidas diversas subst\u00e2ncias sint\u00e9ticas (Haxixe Dry, Ecstasy, LSD, Cogumelos), coca\u00edna, maconha e um iPhone 11.<\/li>\n<\/ul>\n<p>Os maiores de idade presos aguardam audi\u00eancia de cust\u00f3dia e os adolescentes foram encaminhados ao NAI.<\/p>\n","protected":false},"excerpt":{"rendered":"<p>Houve cumprimento de v\u00e1rios mandados de busca e apreens\u00e3o entre a Avenida Dom Pedro e o Jardim Vera Cruz III Por Pedro Maia Editor-chefe Na manh\u00e3<span class=\"excerpt-hellip\"> [\u2026]<\/span><\/p>\n","protected":false},"author":10,"featured_media":63762,"comment_status":"open","ping_status":"open","sticky":false,"template":"","format":"standard","meta":{"_jetpack_memberships_contains_paid_content":false,"footnotes":"","jetpack_publicize_message":"","jetpack_publicize_feature_enabled":true,"jetpack_social_post_already_shared":true,"jetpack_social_options":{"image_generator_settings":{"template":"highway","default_image_id":0,"enabled":false},"version":2}},"categories":[28,81],"tags":[],"class_list":["post-63761","post","type-post","status-publish","format-standard","has-post-thumbnail","hentry","category-cotidiano","category-manchete"],"yoast_head":"<!-- This site is optimized with the Yoast SEO plugin v25.6 - https:\/\/yoast.com\/wordpress\/plugins\/seo\/ -->\n<title>Quatro pessoas s\u00e3o presas e duas apreendidas em opera\u00e7\u00e3o da PC na Zona Norte de Franca - VerdadeOn<\/title>\n<meta name=\"robots\" content=\"index, follow, max-snippet:-1, max-image-preview:large, max-video-preview:-1\" \/>\n<link rel=\"canonical\" href=\"https:\/\/verdadeon.com.br\/portal\/2026\/01\/28\/operacao-conjunta-da-pc-apreende-dois-adolescentes-por-trafico-na-avenida-dom-pedro\/\" \/>\n<meta property=\"og:locale\" content=\"pt_BR\" \/>\n<meta property=\"og:type\" content=\"article\" \/>\n<meta property=\"og:title\" content=\"Quatro pessoas s\u00e3o presas e duas apreendidas em opera\u00e7\u00e3o da PC na Zona Norte de Franca - VerdadeOn\" \/>\n<meta property=\"og:description\" content=\"Houve cumprimento de v\u00e1rios mandados de busca e apreens\u00e3o entre a Avenida Dom Pedro e o Jardim Vera Cruz III Por Pedro Maia Editor-chefe Na manh\u00e3 [\u2026]\" \/>\n<meta property=\"og:url\" content=\"https:\/\/verdadeon.com.br\/portal\/2026\/01\/28\/operacao-conjunta-da-pc-apreende-dois-adolescentes-por-trafico-na-avenida-dom-pedro\/\" \/>\n<meta property=\"og:site_name\" content=\"VerdadeOn\" \/>\n<meta property=\"article:published_time\" content=\"2026-01-28T15:42:43+00:00\" \/>\n<meta property=\"article:modified_time\" content=\"2026-01-28T17:23:52+00:00\" \/>\n<meta property=\"og:image\" content=\"https:\/\/verdadeon.com.br\/portal\/wp-content\/uploads\/2026\/01\/WhatsApp-Image-2026-01-28-at-07.48.48.jpeg\" \/>\n\t<meta property=\"og:image:width\" content=\"1600\" \/>\n\t<meta property=\"og:image:height\" content=\"1200\" \/>\n\t<meta property=\"og:image:type\" content=\"image\/jpeg\" \/>\n<meta name=\"author\" content=\"Redacao VerdadeOn\" \/>\n<meta name=\"twitter:card\" content=\"summary_large_image\" \/>\n<meta name=\"twitter:label1\" content=\"Escrito por\" \/>\n\t<meta name=\"twitter:data1\" content=\"Redacao VerdadeOn\" \/>\n\t<meta name=\"twitter:label2\" content=\"Est. tempo de leitura\" \/>\n\t<meta name=\"twitter:data2\" content=\"3 minutos\" \/>\n<script type=\"application\/ld+json\" class=\"yoast-schema-graph\">{\"@context\":\"https:\/\/schema.org\",\"@graph\":[{\"@type\":\"WebPage\",\"@id\":\"https:\/\/verdadeon.com.br\/portal\/2026\/01\/28\/operacao-conjunta-da-pc-apreende-dois-adolescentes-por-trafico-na-avenida-dom-pedro\/\",\"url\":\"https:\/\/verdadeon.com.br\/portal\/2026\/01\/28\/operacao-conjunta-da-pc-apreende-dois-adolescentes-por-trafico-na-avenida-dom-pedro\/\",\"name\":\"Quatro pessoas s\u00e3o presas e duas apreendidas em opera\u00e7\u00e3o da PC na Zona Norte de Franca - VerdadeOn\",\"isPartOf\":{\"@id\":\"https:\/\/verdadeon.com.br\/portal\/#website\"},\"primaryImageOfPage\":{\"@id\":\"https:\/\/verdadeon.com.br\/portal\/2026\/01\/28\/operacao-conjunta-da-pc-apreende-dois-adolescentes-por-trafico-na-avenida-dom-pedro\/#primaryimage\"},\"image\":{\"@id\":\"https:\/\/verdadeon.com.br\/portal\/2026\/01\/28\/operacao-conjunta-da-pc-apreende-dois-adolescentes-por-trafico-na-avenida-dom-pedro\/#primaryimage\"},\"thumbnailUrl\":\"https:\/\/i0.wp.com\/verdadeon.com.br\/portal\/wp-content\/uploads\/2026\/01\/WhatsApp-Image-2026-01-28-at-07.48.48.jpeg?fit=1600%2C1200&ssl=1\",\"datePublished\":\"2026-01-28T15:42:43+00:00\",\"dateModified\":\"2026-01-28T17:23:52+00:00\",\"author\":{\"@id\":\"https:\/\/verdadeon.com.br\/portal\/#\/schema\/person\/a5060ad1e9ea3df545188fc93ce43d2f\"},\"breadcrumb\":{\"@id\":\"https:\/\/verdadeon.com.br\/portal\/2026\/01\/28\/operacao-conjunta-da-pc-apreende-dois-adolescentes-por-trafico-na-avenida-dom-pedro\/#breadcrumb\"},\"inLanguage\":\"pt-BR\",\"potentialAction\":[{\"@type\":\"ReadAction\",\"target\":[\"https:\/\/verdadeon.com.br\/portal\/2026\/01\/28\/operacao-conjunta-da-pc-apreende-dois-adolescentes-por-trafico-na-avenida-dom-pedro\/\"]}]},{\"@type\":\"ImageObject\",\"inLanguage\":\"pt-BR\",\"@id\":\"https:\/\/verdadeon.com.br\/portal\/2026\/01\/28\/operacao-conjunta-da-pc-apreende-dois-adolescentes-por-trafico-na-avenida-dom-pedro\/#primaryimage\",\"url\":\"https:\/\/i0.wp.com\/verdadeon.com.br\/portal\/wp-content\/uploads\/2026\/01\/WhatsApp-Image-2026-01-28-at-07.48.48.jpeg?fit=1600%2C1200&ssl=1\",\"contentUrl\":\"https:\/\/i0.wp.com\/verdadeon.com.br\/portal\/wp-content\/uploads\/2026\/01\/WhatsApp-Image-2026-01-28-at-07.48.48.jpeg?fit=1600%2C1200&ssl=1\",\"width\":1600,\"height\":1200,\"caption\":\"(\u00a9Divulga\u00e7\u00e3o)\"},{\"@type\":\"BreadcrumbList\",\"@id\":\"https:\/\/verdadeon.com.br\/portal\/2026\/01\/28\/operacao-conjunta-da-pc-apreende-dois-adolescentes-por-trafico-na-avenida-dom-pedro\/#breadcrumb\",\"itemListElement\":[{\"@type\":\"ListItem\",\"position\":1,\"name\":\"In\u00edcio\",\"item\":\"https:\/\/verdadeon.com.br\/portal\/\"},{\"@type\":\"ListItem\",\"position\":2,\"name\":\"Quatro pessoas s\u00e3o presas e duas apreendidas em opera\u00e7\u00e3o da PC na Zona Norte de Franca\"}]},{\"@type\":\"WebSite\",\"@id\":\"https:\/\/verdadeon.com.br\/portal\/#website\",\"url\":\"https:\/\/verdadeon.com.br\/portal\/\",\"name\":\"VerdadeOn\",\"description\":\"Not\u00edcias di\u00e1rias sobre Franca, Regi\u00e3o, Esporte, Cultura, Cotidiano, Colunas. Cobertura nos principais eventos da cidade \u00e9 aqui - Verdadeon Franca\",\"potentialAction\":[{\"@type\":\"SearchAction\",\"target\":{\"@type\":\"EntryPoint\",\"urlTemplate\":\"https:\/\/verdadeon.com.br\/portal\/?s={search_term_string}\"},\"query-input\":{\"@type\":\"PropertyValueSpecification\",\"valueRequired\":true,\"valueName\":\"search_term_string\"}}],\"inLanguage\":\"pt-BR\"},{\"@type\":\"Person\",\"@id\":\"https:\/\/verdadeon.com.br\/portal\/#\/schema\/person\/a5060ad1e9ea3df545188fc93ce43d2f\",\"name\":\"Redacao VerdadeOn\",\"image\":{\"@type\":\"ImageObject\",\"inLanguage\":\"pt-BR\",\"@id\":\"https:\/\/verdadeon.com.br\/portal\/#\/schema\/person\/image\/\",\"url\":\"https:\/\/secure.gravatar.com\/avatar\/459a9613caaaf07f582c3d0841eea68bdd66f533e465e6ba8b9cb45619572cf4?s=96&d=mm&r=g\",\"contentUrl\":\"https:\/\/secure.gravatar.com\/avatar\/459a9613caaaf07f582c3d0841eea68bdd66f533e465e6ba8b9cb45619572cf4?s=96&d=mm&r=g\",\"caption\":\"Redacao VerdadeOn\"},\"url\":\"https:\/\/verdadeon.com.br\/portal\/author\/redacao\/\"}]}<\/script>\n<!-- \/ Yoast SEO plugin. -->","yoast_head_json":{"title":"Quatro pessoas s\u00e3o presas e duas apreendidas em opera\u00e7\u00e3o da PC na Zona Norte de Franca - VerdadeOn","robots":{"index":"index","follow":"follow","max-snippet":"max-snippet:-1","max-image-preview":"max-image-preview:large","max-video-preview":"max-video-preview:-1"},"canonical":"https:\/\/verdadeon.com.br\/portal\/2026\/01\/28\/operacao-conjunta-da-pc-apreende-dois-adolescentes-por-trafico-na-avenida-dom-pedro\/","og_locale":"pt_BR","og_type":"article","og_title":"Quatro pessoas s\u00e3o presas e duas apreendidas em opera\u00e7\u00e3o da PC na Zona Norte de Franca - VerdadeOn","og_description":"Houve cumprimento de v\u00e1rios mandados de busca e apreens\u00e3o entre a Avenida Dom Pedro e o Jardim Vera Cruz III Por Pedro Maia Editor-chefe Na manh\u00e3 [\u2026]","og_url":"https:\/\/verdadeon.com.br\/portal\/2026\/01\/28\/operacao-conjunta-da-pc-apreende-dois-adolescentes-por-trafico-na-avenida-dom-pedro\/","og_site_name":"VerdadeOn","article_published_time":"2026-01-28T15:42:43+00:00","article_modified_time":"2026-01-28T17:23:52+00:00","og_image":[{"width":1600,"height":1200,"url":"https:\/\/verdadeon.com.br\/portal\/wp-content\/uploads\/2026\/01\/WhatsApp-Image-2026-01-28-at-07.48.48.jpeg","type":"image\/jpeg"}],"author":"Redacao VerdadeOn","twitter_card":"summary_large_image","twitter_misc":{"Escrito por":"Redacao VerdadeOn","Est. tempo de leitura":"3 minutos"},"schema":{"@context":"https:\/\/schema.org","@graph":[{"@type":"WebPage","@id":"https:\/\/verdadeon.com.br\/portal\/2026\/01\/28\/operacao-conjunta-da-pc-apreende-dois-adolescentes-por-trafico-na-avenida-dom-pedro\/","url":"https:\/\/verdadeon.com.br\/portal\/2026\/01\/28\/operacao-conjunta-da-pc-apreende-dois-adolescentes-por-trafico-na-avenida-dom-pedro\/","name":"Quatro pessoas s\u00e3o presas e duas apreendidas em opera\u00e7\u00e3o da PC na Zona Norte de Franca - VerdadeOn","isPartOf":{"@id":"https:\/\/verdadeon.com.br\/portal\/#website"},"primaryImageOfPage":{"@id":"https:\/\/verdadeon.com.br\/portal\/2026\/01\/28\/operacao-conjunta-da-pc-apreende-dois-adolescentes-por-trafico-na-avenida-dom-pedro\/#primaryimage"},"image":{"@id":"https:\/\/verdadeon.com.br\/portal\/2026\/01\/28\/operacao-conjunta-da-pc-apreende-dois-adolescentes-por-trafico-na-avenida-dom-pedro\/#primaryimage"},"thumbnailUrl":"https:\/\/i0.wp.com\/verdadeon.com.br\/portal\/wp-content\/uploads\/2026\/01\/WhatsApp-Image-2026-01-28-at-07.48.48.jpeg?fit=1600%2C1200&ssl=1","datePublished":"2026-01-28T15:42:43+00:00","dateModified":"2026-01-28T17:23:52+00:00","author":{"@id":"https:\/\/verdadeon.com.br\/portal\/#\/schema\/person\/a5060ad1e9ea3df545188fc93ce43d2f"},"breadcrumb":{"@id":"https:\/\/verdadeon.com.br\/portal\/2026\/01\/28\/operacao-conjunta-da-pc-apreende-dois-adolescentes-por-trafico-na-avenida-dom-pedro\/#breadcrumb"},"inLanguage":"pt-BR","potentialAction":[{"@type":"ReadAction","target":["https:\/\/verdadeon.com.br\/portal\/2026\/01\/28\/operacao-conjunta-da-pc-apreende-dois-adolescentes-por-trafico-na-avenida-dom-pedro\/"]}]},{"@type":"ImageObject","inLanguage":"pt-BR","@id":"https:\/\/verdadeon.com.br\/portal\/2026\/01\/28\/operacao-conjunta-da-pc-apreende-dois-adolescentes-por-trafico-na-avenida-dom-pedro\/#primaryimage","url":"https:\/\/i0.wp.com\/verdadeon.com.br\/portal\/wp-content\/uploads\/2026\/01\/WhatsApp-Image-2026-01-28-at-07.48.48.jpeg?fit=1600%2C1200&ssl=1","contentUrl":"https:\/\/i0.wp.com\/verdadeon.com.br\/portal\/wp-content\/uploads\/2026\/01\/WhatsApp-Image-2026-01-28-at-07.48.48.jpeg?fit=1600%2C1200&ssl=1","width":1600,"height":1200,"caption":"(\u00a9Divulga\u00e7\u00e3o)"},{"@type":"BreadcrumbList","@id":"https:\/\/verdadeon.com.br\/portal\/2026\/01\/28\/operacao-conjunta-da-pc-apreende-dois-adolescentes-por-trafico-na-avenida-dom-pedro\/#breadcrumb","itemListElement":[{"@type":"ListItem","position":1,"name":"In\u00edcio","item":"https:\/\/verdadeon.com.br\/portal\/"},{"@type":"ListItem","position":2,"name":"Quatro pessoas s\u00e3o presas e duas apreendidas em opera\u00e7\u00e3o da PC na Zona Norte de Franca"}]},{"@type":"WebSite","@id":"https:\/\/verdadeon.com.br\/portal\/#website","url":"https:\/\/verdadeon.com.br\/portal\/","name":"VerdadeOn","description":"Not\u00edcias di\u00e1rias sobre Franca, Regi\u00e3o, Esporte, Cultura, Cotidiano, Colunas. Cobertura nos principais eventos da cidade \u00e9 aqui - Verdadeon Franca","potentialAction":[{"@type":"SearchAction","target":{"@type":"EntryPoint","urlTemplate":"https:\/\/verdadeon.com.br\/portal\/?s={search_term_string}"},"query-input":{"@type":"PropertyValueSpecification","valueRequired":true,"valueName":"search_term_string"}}],"inLanguage":"pt-BR"},{"@type":"Person","@id":"https:\/\/verdadeon.com.br\/portal\/#\/schema\/person\/a5060ad1e9ea3df545188fc93ce43d2f","name":"Redacao VerdadeOn","image":{"@type":"ImageObject","inLanguage":"pt-BR","@id":"https:\/\/verdadeon.com.br\/portal\/#\/schema\/person\/image\/","url":"https:\/\/secure.gravatar.com\/avatar\/459a9613caaaf07f582c3d0841eea68bdd66f533e465e6ba8b9cb45619572cf4?s=96&d=mm&r=g","contentUrl":"https:\/\/secure.gravatar.com\/avatar\/459a9613caaaf07f582c3d0841eea68bdd66f533e465e6ba8b9cb45619572cf4?s=96&d=mm&r=g","caption":"Redacao VerdadeOn"},"url":"https:\/\/verdadeon.com.br\/portal\/author\/redacao\/"}]}},"jetpack_publicize_connections":[],"jetpack_featured_media_url":"https:\/\/i0.wp.com\/verdadeon.com.br\/portal\/wp-content\/uploads\/2026\/01\/WhatsApp-Image-2026-01-28-at-07.48.48.jpeg?fit=1600%2C1200&ssl=1","jetpack_sharing_enabled":true,"_links":{"self":[{"href":"https:\/\/verdadeon.com.br\/portal\/wp-json\/wp\/v2\/posts\/63761","targetHints":{"allow":["GET"]}}],"collection":[{"href":"https:\/\/verdadeon.com.br\/portal\/wp-json\/wp\/v2\/posts"}],"about":[{"href":"https:\/\/verdadeon.com.br\/portal\/wp-json\/wp\/v2\/types\/post"}],"author":[{"embeddable":true,"href":"https:\/\/verdadeon.com.br\/portal\/wp-json\/wp\/v2\/users\/10"}],"replies":[{"embeddable":true,"href":"https:\/\/verdadeon.com.br\/portal\/wp-json\/wp\/v2\/comments?post=63761"}],"version-history":[{"count":4,"href":"https:\/\/verdadeon.com.br\/portal\/wp-json\/wp\/v2\/posts\/63761\/revisions"}],"predecessor-version":[{"id":63768,"href":"https:\/\/verdadeon.com.br\/portal\/wp-json\/wp\/v2\/posts\/63761\/revisions\/63768"}],"wp:featuredmedia":[{"embeddable":true,"href":"https:\/\/verdadeon.com.br\/portal\/wp-json\/wp\/v2\/media\/63762"}],"wp:attachment":[{"href":"https:\/\/verdadeon.com.br\/portal\/wp-json\/wp\/v2\/media?parent=63761"}],"wp:term":[{"taxonomy":"category","embeddable":true,"href":"https:\/\/verdadeon.com.br\/portal\/wp-json\/wp\/v2\/categories?post=63761"},{"taxonomy":"post_tag","embeddable":true,"href":"https:\/\/verdadeon.com.br\/portal\/wp-json\/wp\/v2\/tags?post=63761"}],"curies":[{"name":"wp","href":"https:\/\/api.w.org\/{rel}","templated":true}]}}