{"id":63566,"date":"2026-01-22T14:33:54","date_gmt":"2026-01-22T17:33:54","guid":{"rendered":"https:\/\/verdadeon.com.br\/portal\/?p=63566"},"modified":"2026-01-22T14:33:54","modified_gmt":"2026-01-22T17:33:54","slug":"o-agente-secreto-e-indicado-para-quatro-categorias-do-oscar","status":"publish","type":"post","link":"https:\/\/verdadeon.com.br\/portal\/2026\/01\/22\/o-agente-secreto-e-indicado-para-quatro-categorias-do-oscar\/","title":{"rendered":"O Agente Secreto \u00e9 indicado para quatro categorias do Oscar"},"content":{"rendered":"<div class=\"header-noticia full-width\">\n<h2 class=\"linha-fina-noticia\">Adolpho Veloso tamb\u00e9m\u00a0concorre a Melhor Fotografia\u00a0por Sonhos de Trem<\/h2>\n<\/div>\n<div class=\"subheader\">\n<div class=\"container-autoria\">\n<p>O Brasil entrou com for\u00e7a na disputa do Oscar 2026.<strong>\u00a0<\/strong>O\u00a0<em>Agente Secreto<\/em>\u00a0foi indicado simultaneamente a Melhor Filme, Melhor Filme Internacional e Melhor Dire\u00e7\u00e3o Elenco (nova categoria), enquanto Wagner Moura\u00a0recebeu indica\u00e7\u00e3o a Melhor Ator\u00a0por sua atua\u00e7\u00e3o no longa.<img data-recalc-dims=\"1\" decoding=\"async\" src=\"https:\/\/i0.wp.com\/agenciabrasil.ebc.com.br\/ebc.png?w=1220&#038;ssl=1\" \/><img data-recalc-dims=\"1\" decoding=\"async\" src=\"https:\/\/i0.wp.com\/agenciabrasil.ebc.com.br\/ebc.gif?w=1220&#038;ssl=1\" \/><\/p>\n<p>Com as quatro indica\u00e7\u00f5es<em>, O Agente Secreto\u00a0<\/em>chega ao mesmo n\u00famero recorde de indica\u00e7\u00f5es do filme\u00a0<em>Cidade de Deus<\/em>, em\u00a02004.<\/p>\n<p><strong>Em outra frente, o pa\u00eds tamb\u00e9m aparece entre os destaques t\u00e9cnicos: Adolpho Veloso\u00a0concorre a Melhor Fotografia\u00a0por\u00a0<em>Sonhos de Trem.<\/em><\/strong><\/p>\n<p>A lista foi anunciada nesta quinta-feira, (22) pela Academy of Motion Picture Arts and Sciences, marcando o in\u00edcio da etapa decisiva da 98\u00aa edi\u00e7\u00e3o do pr\u00eamio e confirmando um momento hist\u00f3rico para o cinema brasileiro.<\/p>\n<h2>Vota\u00e7\u00e3o<\/h2>\n<p>A primeira fase de vota\u00e7\u00e3o foi encerrada na sexta-feira (16). Mais de 10 mil profissionais\u00a0da ind\u00fastria cinematogr\u00e1fica \u2014 entre atores, diretores, roteiristas e t\u00e9cnicos \u2014 participaram do processo, votando majoritariamente dentro de suas \u00e1reas, com exce\u00e7\u00e3o de Melhor Filme, que re\u00fane o voto de todo o col\u00e9gio eleitoral.<\/p>\n<p><strong>A cerim\u00f4nia do Oscar 2026 acontece em 15 de mar\u00e7o, e o an\u00fancio desta quinta-feira j\u00e1 provoca clima de celebra\u00e7\u00e3o no setor audiovisual brasileiro.<\/strong><\/p>\n<h2>Brasil no Oscar 2026<\/h2>\n<p><strong>Melhor Filme<\/strong><\/p>\n<p><em>O Agente Secreto\u00a0<\/em>disputa com:<\/p>\n<p><em>Bugonia<br \/>\nF1<br \/>\nFrankenstein<br \/>\nHamnet<br \/>\nMarty Supreme<br \/>\nPecadores (Sinners)<\/em>\u00a0\u2014 Lidera as indica\u00e7\u00f5es com 16 nomea\u00e7\u00f5es no total<br \/>\n<em>Sonhos de Trem (Train Dreams)<br \/>\nUma Batalha Ap\u00f3s a Outra (One Battle After Another)<br \/>\nValor Sentimental (Sentimental Value)<\/em><\/p>\n<p><strong>Melhor Filme Internacional<\/strong><\/p>\n<p>Apontado como favorito,\u00a0<em>O Agente Secreto<\/em>\u00a0concorre com:<\/p>\n<p><em>Valor Sentimental\u00a0<\/em>(Noruega)<br \/>\n<em>Foi Apenas um Acidente<\/em>\u00a0(Fran\u00e7a)<br \/>\n<em>Sir\u00e2t<\/em>\u00a0(Espanha)<br \/>\n<em>A Voz de Hind Rajab<\/em>\u00a0(Tun\u00edsia)<\/p>\n<p><strong>Melhor Dire\u00e7\u00e3o de Elenco<\/strong><\/p>\n<p><em>O Agente Secreto<\/em>\u00a0disputa\u00a0com:<\/p>\n<p><em>Hamnet<br \/>\nMarty Supreme<br \/>\nUma batalha ap\u00f3s a outra<br \/>\nPecadores<\/em><\/p>\n<p><strong>Melhor Ator<\/strong><\/p>\n<p>Wagner Moura \u00e9 candidato \u00e0 estatueta ao lado de:<\/p>\n<p>Timoth\u00e9e Chalamet (<em>Marty Supreme<\/em>)<br \/>\nLeonardo DiCaprio (<em>Uma Batalha Ap\u00f3s a Outra<\/em>)<br \/>\nMichael B. Jordan (<em>Pecadores<\/em>)<br \/>\nEthan Hawke (<em>Blue<\/em>)<\/p>\n<p>A indica\u00e7\u00e3o vem ap\u00f3s Moura ter vencido o Globo de Ouro\u00a0de melhor ator em drama, consolidando a performance como uma das mais comentadas da temporada.<\/p>\n<p><strong>Melhor Fotografia<\/strong><\/p>\n<p>Com Adolpho Veloso,\u00a0<em>Sonhos de Trem<\/em>\u00a0enfrenta:<\/p>\n<p><em>Uma Batalha Ap\u00f3s a Outra<br \/>\nPecadores<br \/>\nFrankenstein<br \/>\nMarty Supreme<\/em><\/p>\n<p>Fonte: Ag\u00eancia Brasil<\/p>\n<\/div>\n<\/div>\n","protected":false},"excerpt":{"rendered":"<p>Adolpho Veloso tamb\u00e9m\u00a0concorre a Melhor Fotografia\u00a0por Sonhos de Trem O Brasil entrou com for\u00e7a na disputa do Oscar 2026.\u00a0O\u00a0Agente Secreto\u00a0foi indicado simultaneamente a Melhor Filme, Melhor<span class=\"excerpt-hellip\"> [\u2026]<\/span><\/p>\n","protected":false},"author":10,"featured_media":63567,"comment_status":"open","ping_status":"open","sticky":false,"template":"","format":"standard","meta":{"_jetpack_memberships_contains_paid_content":false,"footnotes":"","jetpack_publicize_message":"","jetpack_publicize_feature_enabled":true,"jetpack_social_post_already_shared":true,"jetpack_social_options":{"image_generator_settings":{"template":"highway","default_image_id":0,"enabled":false},"version":2}},"categories":[28,44],"tags":[],"class_list":["post-63566","post","type-post","status-publish","format-standard","has-post-thumbnail","hentry","category-cotidiano","category-noticias"],"yoast_head":"<!-- This site is optimized with the Yoast SEO plugin v25.6 - https:\/\/yoast.com\/wordpress\/plugins\/seo\/ -->\n<title>O Agente Secreto \u00e9 indicado para quatro categorias do Oscar - VerdadeOn<\/title>\n<meta name=\"robots\" content=\"index, follow, max-snippet:-1, max-image-preview:large, max-video-preview:-1\" \/>\n<link rel=\"canonical\" href=\"https:\/\/verdadeon.com.br\/portal\/2026\/01\/22\/o-agente-secreto-e-indicado-para-quatro-categorias-do-oscar\/\" \/>\n<meta property=\"og:locale\" content=\"pt_BR\" \/>\n<meta property=\"og:type\" content=\"article\" \/>\n<meta property=\"og:title\" content=\"O Agente Secreto \u00e9 indicado para quatro categorias do Oscar - VerdadeOn\" \/>\n<meta property=\"og:description\" content=\"Adolpho Veloso tamb\u00e9m\u00a0concorre a Melhor Fotografia\u00a0por Sonhos de Trem O Brasil entrou com for\u00e7a na disputa do Oscar 2026.\u00a0O\u00a0Agente Secreto\u00a0foi indicado simultaneamente a Melhor Filme, Melhor [\u2026]\" \/>\n<meta property=\"og:url\" content=\"https:\/\/verdadeon.com.br\/portal\/2026\/01\/22\/o-agente-secreto-e-indicado-para-quatro-categorias-do-oscar\/\" \/>\n<meta property=\"og:site_name\" content=\"VerdadeOn\" \/>\n<meta property=\"article:published_time\" content=\"2026-01-22T17:33:54+00:00\" \/>\n<meta property=\"og:image\" content=\"https:\/\/verdadeon.com.br\/portal\/wp-content\/uploads\/2026\/01\/kmf-wmclaura-castor-scaled-e1736941204489.webp\" \/>\n\t<meta property=\"og:image:width\" content=\"1170\" \/>\n\t<meta property=\"og:image:height\" content=\"700\" \/>\n\t<meta property=\"og:image:type\" content=\"image\/webp\" \/>\n<meta name=\"author\" content=\"Redacao VerdadeOn\" \/>\n<meta name=\"twitter:card\" content=\"summary_large_image\" \/>\n<meta name=\"twitter:label1\" content=\"Escrito por\" \/>\n\t<meta name=\"twitter:data1\" content=\"Redacao VerdadeOn\" \/>\n\t<meta name=\"twitter:label2\" content=\"Est. tempo de leitura\" \/>\n\t<meta name=\"twitter:data2\" content=\"3 minutos\" \/>\n<script type=\"application\/ld+json\" class=\"yoast-schema-graph\">{\"@context\":\"https:\/\/schema.org\",\"@graph\":[{\"@type\":\"WebPage\",\"@id\":\"https:\/\/verdadeon.com.br\/portal\/2026\/01\/22\/o-agente-secreto-e-indicado-para-quatro-categorias-do-oscar\/\",\"url\":\"https:\/\/verdadeon.com.br\/portal\/2026\/01\/22\/o-agente-secreto-e-indicado-para-quatro-categorias-do-oscar\/\",\"name\":\"O Agente Secreto \u00e9 indicado para quatro categorias do Oscar - VerdadeOn\",\"isPartOf\":{\"@id\":\"https:\/\/verdadeon.com.br\/portal\/#website\"},\"primaryImageOfPage\":{\"@id\":\"https:\/\/verdadeon.com.br\/portal\/2026\/01\/22\/o-agente-secreto-e-indicado-para-quatro-categorias-do-oscar\/#primaryimage\"},\"image\":{\"@id\":\"https:\/\/verdadeon.com.br\/portal\/2026\/01\/22\/o-agente-secreto-e-indicado-para-quatro-categorias-do-oscar\/#primaryimage\"},\"thumbnailUrl\":\"https:\/\/i0.wp.com\/verdadeon.com.br\/portal\/wp-content\/uploads\/2026\/01\/kmf-wmclaura-castor-scaled-e1736941204489.webp?fit=1170%2C700&ssl=1\",\"datePublished\":\"2026-01-22T17:33:54+00:00\",\"author\":{\"@id\":\"https:\/\/verdadeon.com.br\/portal\/#\/schema\/person\/a5060ad1e9ea3df545188fc93ce43d2f\"},\"breadcrumb\":{\"@id\":\"https:\/\/verdadeon.com.br\/portal\/2026\/01\/22\/o-agente-secreto-e-indicado-para-quatro-categorias-do-oscar\/#breadcrumb\"},\"inLanguage\":\"pt-BR\",\"potentialAction\":[{\"@type\":\"ReadAction\",\"target\":[\"https:\/\/verdadeon.com.br\/portal\/2026\/01\/22\/o-agente-secreto-e-indicado-para-quatro-categorias-do-oscar\/\"]}]},{\"@type\":\"ImageObject\",\"inLanguage\":\"pt-BR\",\"@id\":\"https:\/\/verdadeon.com.br\/portal\/2026\/01\/22\/o-agente-secreto-e-indicado-para-quatro-categorias-do-oscar\/#primaryimage\",\"url\":\"https:\/\/i0.wp.com\/verdadeon.com.br\/portal\/wp-content\/uploads\/2026\/01\/kmf-wmclaura-castor-scaled-e1736941204489.webp?fit=1170%2C700&ssl=1\",\"contentUrl\":\"https:\/\/i0.wp.com\/verdadeon.com.br\/portal\/wp-content\/uploads\/2026\/01\/kmf-wmclaura-castor-scaled-e1736941204489.webp?fit=1170%2C700&ssl=1\",\"width\":1170,\"height\":700,\"caption\":\"Wagner Moura, em grava\u00e7\u00e3o de O Agente Secreto (\u00a9MK2Films\/Divulga\u00e7\u00e3o)\"},{\"@type\":\"BreadcrumbList\",\"@id\":\"https:\/\/verdadeon.com.br\/portal\/2026\/01\/22\/o-agente-secreto-e-indicado-para-quatro-categorias-do-oscar\/#breadcrumb\",\"itemListElement\":[{\"@type\":\"ListItem\",\"position\":1,\"name\":\"In\u00edcio\",\"item\":\"https:\/\/verdadeon.com.br\/portal\/\"},{\"@type\":\"ListItem\",\"position\":2,\"name\":\"O Agente Secreto \u00e9 indicado para quatro categorias do Oscar\"}]},{\"@type\":\"WebSite\",\"@id\":\"https:\/\/verdadeon.com.br\/portal\/#website\",\"url\":\"https:\/\/verdadeon.com.br\/portal\/\",\"name\":\"VerdadeOn\",\"description\":\"Not\u00edcias di\u00e1rias sobre Franca, Regi\u00e3o, Esporte, Cultura, Cotidiano, Colunas. Cobertura nos principais eventos da cidade \u00e9 aqui - Verdadeon Franca\",\"potentialAction\":[{\"@type\":\"SearchAction\",\"target\":{\"@type\":\"EntryPoint\",\"urlTemplate\":\"https:\/\/verdadeon.com.br\/portal\/?s={search_term_string}\"},\"query-input\":{\"@type\":\"PropertyValueSpecification\",\"valueRequired\":true,\"valueName\":\"search_term_string\"}}],\"inLanguage\":\"pt-BR\"},{\"@type\":\"Person\",\"@id\":\"https:\/\/verdadeon.com.br\/portal\/#\/schema\/person\/a5060ad1e9ea3df545188fc93ce43d2f\",\"name\":\"Redacao VerdadeOn\",\"image\":{\"@type\":\"ImageObject\",\"inLanguage\":\"pt-BR\",\"@id\":\"https:\/\/verdadeon.com.br\/portal\/#\/schema\/person\/image\/\",\"url\":\"https:\/\/secure.gravatar.com\/avatar\/459a9613caaaf07f582c3d0841eea68bdd66f533e465e6ba8b9cb45619572cf4?s=96&d=mm&r=g\",\"contentUrl\":\"https:\/\/secure.gravatar.com\/avatar\/459a9613caaaf07f582c3d0841eea68bdd66f533e465e6ba8b9cb45619572cf4?s=96&d=mm&r=g\",\"caption\":\"Redacao VerdadeOn\"},\"url\":\"https:\/\/verdadeon.com.br\/portal\/author\/redacao\/\"}]}<\/script>\n<!-- \/ Yoast SEO plugin. -->","yoast_head_json":{"title":"O Agente Secreto \u00e9 indicado para quatro categorias do Oscar - VerdadeOn","robots":{"index":"index","follow":"follow","max-snippet":"max-snippet:-1","max-image-preview":"max-image-preview:large","max-video-preview":"max-video-preview:-1"},"canonical":"https:\/\/verdadeon.com.br\/portal\/2026\/01\/22\/o-agente-secreto-e-indicado-para-quatro-categorias-do-oscar\/","og_locale":"pt_BR","og_type":"article","og_title":"O Agente Secreto \u00e9 indicado para quatro categorias do Oscar - VerdadeOn","og_description":"Adolpho Veloso tamb\u00e9m\u00a0concorre a Melhor Fotografia\u00a0por Sonhos de Trem O Brasil entrou com for\u00e7a na disputa do Oscar 2026.\u00a0O\u00a0Agente Secreto\u00a0foi indicado simultaneamente a Melhor Filme, Melhor [\u2026]","og_url":"https:\/\/verdadeon.com.br\/portal\/2026\/01\/22\/o-agente-secreto-e-indicado-para-quatro-categorias-do-oscar\/","og_site_name":"VerdadeOn","article_published_time":"2026-01-22T17:33:54+00:00","og_image":[{"width":1170,"height":700,"url":"https:\/\/verdadeon.com.br\/portal\/wp-content\/uploads\/2026\/01\/kmf-wmclaura-castor-scaled-e1736941204489.webp","type":"image\/webp"}],"author":"Redacao VerdadeOn","twitter_card":"summary_large_image","twitter_misc":{"Escrito por":"Redacao VerdadeOn","Est. tempo de leitura":"3 minutos"},"schema":{"@context":"https:\/\/schema.org","@graph":[{"@type":"WebPage","@id":"https:\/\/verdadeon.com.br\/portal\/2026\/01\/22\/o-agente-secreto-e-indicado-para-quatro-categorias-do-oscar\/","url":"https:\/\/verdadeon.com.br\/portal\/2026\/01\/22\/o-agente-secreto-e-indicado-para-quatro-categorias-do-oscar\/","name":"O Agente Secreto \u00e9 indicado para quatro categorias do Oscar - VerdadeOn","isPartOf":{"@id":"https:\/\/verdadeon.com.br\/portal\/#website"},"primaryImageOfPage":{"@id":"https:\/\/verdadeon.com.br\/portal\/2026\/01\/22\/o-agente-secreto-e-indicado-para-quatro-categorias-do-oscar\/#primaryimage"},"image":{"@id":"https:\/\/verdadeon.com.br\/portal\/2026\/01\/22\/o-agente-secreto-e-indicado-para-quatro-categorias-do-oscar\/#primaryimage"},"thumbnailUrl":"https:\/\/i0.wp.com\/verdadeon.com.br\/portal\/wp-content\/uploads\/2026\/01\/kmf-wmclaura-castor-scaled-e1736941204489.webp?fit=1170%2C700&ssl=1","datePublished":"2026-01-22T17:33:54+00:00","author":{"@id":"https:\/\/verdadeon.com.br\/portal\/#\/schema\/person\/a5060ad1e9ea3df545188fc93ce43d2f"},"breadcrumb":{"@id":"https:\/\/verdadeon.com.br\/portal\/2026\/01\/22\/o-agente-secreto-e-indicado-para-quatro-categorias-do-oscar\/#breadcrumb"},"inLanguage":"pt-BR","potentialAction":[{"@type":"ReadAction","target":["https:\/\/verdadeon.com.br\/portal\/2026\/01\/22\/o-agente-secreto-e-indicado-para-quatro-categorias-do-oscar\/"]}]},{"@type":"ImageObject","inLanguage":"pt-BR","@id":"https:\/\/verdadeon.com.br\/portal\/2026\/01\/22\/o-agente-secreto-e-indicado-para-quatro-categorias-do-oscar\/#primaryimage","url":"https:\/\/i0.wp.com\/verdadeon.com.br\/portal\/wp-content\/uploads\/2026\/01\/kmf-wmclaura-castor-scaled-e1736941204489.webp?fit=1170%2C700&ssl=1","contentUrl":"https:\/\/i0.wp.com\/verdadeon.com.br\/portal\/wp-content\/uploads\/2026\/01\/kmf-wmclaura-castor-scaled-e1736941204489.webp?fit=1170%2C700&ssl=1","width":1170,"height":700,"caption":"Wagner Moura, em grava\u00e7\u00e3o de O Agente Secreto (\u00a9MK2Films\/Divulga\u00e7\u00e3o)"},{"@type":"BreadcrumbList","@id":"https:\/\/verdadeon.com.br\/portal\/2026\/01\/22\/o-agente-secreto-e-indicado-para-quatro-categorias-do-oscar\/#breadcrumb","itemListElement":[{"@type":"ListItem","position":1,"name":"In\u00edcio","item":"https:\/\/verdadeon.com.br\/portal\/"},{"@type":"ListItem","position":2,"name":"O Agente Secreto \u00e9 indicado para quatro categorias do Oscar"}]},{"@type":"WebSite","@id":"https:\/\/verdadeon.com.br\/portal\/#website","url":"https:\/\/verdadeon.com.br\/portal\/","name":"VerdadeOn","description":"Not\u00edcias di\u00e1rias sobre Franca, Regi\u00e3o, Esporte, Cultura, Cotidiano, Colunas. Cobertura nos principais eventos da cidade \u00e9 aqui - Verdadeon Franca","potentialAction":[{"@type":"SearchAction","target":{"@type":"EntryPoint","urlTemplate":"https:\/\/verdadeon.com.br\/portal\/?s={search_term_string}"},"query-input":{"@type":"PropertyValueSpecification","valueRequired":true,"valueName":"search_term_string"}}],"inLanguage":"pt-BR"},{"@type":"Person","@id":"https:\/\/verdadeon.com.br\/portal\/#\/schema\/person\/a5060ad1e9ea3df545188fc93ce43d2f","name":"Redacao VerdadeOn","image":{"@type":"ImageObject","inLanguage":"pt-BR","@id":"https:\/\/verdadeon.com.br\/portal\/#\/schema\/person\/image\/","url":"https:\/\/secure.gravatar.com\/avatar\/459a9613caaaf07f582c3d0841eea68bdd66f533e465e6ba8b9cb45619572cf4?s=96&d=mm&r=g","contentUrl":"https:\/\/secure.gravatar.com\/avatar\/459a9613caaaf07f582c3d0841eea68bdd66f533e465e6ba8b9cb45619572cf4?s=96&d=mm&r=g","caption":"Redacao VerdadeOn"},"url":"https:\/\/verdadeon.com.br\/portal\/author\/redacao\/"}]}},"jetpack_publicize_connections":[],"jetpack_featured_media_url":"https:\/\/i0.wp.com\/verdadeon.com.br\/portal\/wp-content\/uploads\/2026\/01\/kmf-wmclaura-castor-scaled-e1736941204489.webp?fit=1170%2C700&ssl=1","jetpack_sharing_enabled":true,"_links":{"self":[{"href":"https:\/\/verdadeon.com.br\/portal\/wp-json\/wp\/v2\/posts\/63566","targetHints":{"allow":["GET"]}}],"collection":[{"href":"https:\/\/verdadeon.com.br\/portal\/wp-json\/wp\/v2\/posts"}],"about":[{"href":"https:\/\/verdadeon.com.br\/portal\/wp-json\/wp\/v2\/types\/post"}],"author":[{"embeddable":true,"href":"https:\/\/verdadeon.com.br\/portal\/wp-json\/wp\/v2\/users\/10"}],"replies":[{"embeddable":true,"href":"https:\/\/verdadeon.com.br\/portal\/wp-json\/wp\/v2\/comments?post=63566"}],"version-history":[{"count":1,"href":"https:\/\/verdadeon.com.br\/portal\/wp-json\/wp\/v2\/posts\/63566\/revisions"}],"predecessor-version":[{"id":63568,"href":"https:\/\/verdadeon.com.br\/portal\/wp-json\/wp\/v2\/posts\/63566\/revisions\/63568"}],"wp:featuredmedia":[{"embeddable":true,"href":"https:\/\/verdadeon.com.br\/portal\/wp-json\/wp\/v2\/media\/63567"}],"wp:attachment":[{"href":"https:\/\/verdadeon.com.br\/portal\/wp-json\/wp\/v2\/media?parent=63566"}],"wp:term":[{"taxonomy":"category","embeddable":true,"href":"https:\/\/verdadeon.com.br\/portal\/wp-json\/wp\/v2\/categories?post=63566"},{"taxonomy":"post_tag","embeddable":true,"href":"https:\/\/verdadeon.com.br\/portal\/wp-json\/wp\/v2\/tags?post=63566"}],"curies":[{"name":"wp","href":"https:\/\/api.w.org\/{rel}","templated":true}]}}