{"id":63563,"date":"2026-01-22T14:17:51","date_gmt":"2026-01-22T17:17:51","guid":{"rendered":"https:\/\/verdadeon.com.br\/portal\/?p=63563"},"modified":"2026-01-22T14:17:51","modified_gmt":"2026-01-22T17:17:51","slug":"sesi-franca-vence-caxiais-pelo-nbb-foco-agora-e-na-copa-super-8","status":"publish","type":"post","link":"https:\/\/verdadeon.com.br\/portal\/2026\/01\/22\/sesi-franca-vence-caxiais-pelo-nbb-foco-agora-e-na-copa-super-8\/","title":{"rendered":"Sesi Franca vence Caxiais pelo NBB; foco agora \u00e9 na Copa Super 8"},"content":{"rendered":"<h2>Atletas voltam \u00e0s quadras neste domingo (25)<\/h2>\n<p style=\"text-align: right;\"><strong><em>Por Pedro Maia<\/em><\/strong><br \/>\n<strong><em>Editor-chefe<\/em><\/strong><\/p>\n<p>O Sesi Franca Basquete venceu o Caxias do Sul nesta quarta-feira, 21 de janeiro, fora de casa, por um placar de 93 x 66, em rodada v\u00e1lida pelo 2\u00b0 turno do NBB (Novo Basquete Brasil) 2025\/2026. A atua\u00e7\u00e3o contou com noite inspirada de David Jackson e Georginho, que anotaram 21 e 17 pontos, respectivamente.<\/p>\n<p>O treinador francano Helinho Garcia celebrou a vit\u00f3ria da equipe e destacou que viu o time se superar mesmo na falta de importantes jogadores do elenco: &#8220;Uma vit\u00f3ria que al\u00e9m de muito importante, jogando fora de casa, [foi] na base da supera\u00e7\u00e3o, j\u00e1 que n\u00f3s n\u00e3o pudemos contar com Cris Fel\u00edcio e com Lucas Dias, mas uma vit\u00f3ria tamb\u00e9m que demonstrou muito a nossa concentra\u00e7\u00e3o, dentro daquilo que n\u00f3s tra\u00e7amos para o jogo, defensivamente, aonde n\u00f3s dever\u00edamos estar, minimizando o volume da equipe do Caxias. A partir disso, n\u00f3s conseguimos ditar o ritmo da partida com uma disciplina bastante grande e um [grande] grau de desprendimento por parte de todos&#8221;.<\/p>\n<p>Ap\u00f3s a vit\u00f3ria, o foco se volta para a Copa Super 8, quando o Franca vai enfrentar o Caixa\/Bras\u00edlia, \u00e0s 17h deste domingo, 25, no Gin\u00e1sio Pedro Morilla Fuentes, o Pedroc\u00e3o.<\/p>\n<p>&#8220;Agora a gente volta para Franca, vamos come\u00e7ar j\u00e1 a trabalhar, estudar a equipe do Bras\u00edlia para que a gente possa fazer um grande jogo no domingo, contando com o Pedroc\u00e3o lotado e buscar essa essa vit\u00f3ria no Super 8, que para n\u00f3s vai ser muito importante passar para semifinal com moral e confian\u00e7a&#8221;, declarou Helinho.<\/p>\n<p>Os ingressos podem ser adquiridos pelo site da Q2.<\/p>\n<p><strong>N\u00fameros do Sesi Franca contra o Caxias do Sul:<\/strong><br \/>\n\ud83c\udfc0David Jackson: 21 pts, 1 reb, 1 ast<br \/>\n\ud83c\udfc0Georginho: 17 pts, 8 reb, 10 ast<br \/>\n\ud83c\udfc0Rodriguez: 13 pts, 5 reb, 1 ast<br \/>\n\ud83c\udfc0Zu Jr.: 13 pts, 5 reb, 2 ast<br \/>\n\ud83c\udfc0Mineiro: 12 pts, 5 reb,<br \/>\n\ud83c\udfc0Bennett: 7 pts, 1 reb, 3 ast<br \/>\n\ud83c\udfc0Laterza: 5 pts, 2 reb, 6 ast<br \/>\n\ud83c\udfc0Vini Santos: 5 pts,<\/p>\n","protected":false},"excerpt":{"rendered":"<p>Atletas voltam \u00e0s quadras neste domingo (25) Por Pedro Maia Editor-chefe O Sesi Franca Basquete venceu o Caxias do Sul nesta quarta-feira, 21 de janeiro, fora<span class=\"excerpt-hellip\"> [\u2026]<\/span><\/p>\n","protected":false},"author":10,"featured_media":63564,"comment_status":"open","ping_status":"open","sticky":false,"template":"","format":"standard","meta":{"_jetpack_memberships_contains_paid_content":false,"footnotes":"","jetpack_publicize_message":"","jetpack_publicize_feature_enabled":true,"jetpack_social_post_already_shared":true,"jetpack_social_options":{"image_generator_settings":{"template":"highway","default_image_id":0,"enabled":false},"version":2}},"categories":[28,81],"tags":[],"class_list":["post-63563","post","type-post","status-publish","format-standard","has-post-thumbnail","hentry","category-cotidiano","category-manchete"],"yoast_head":"<!-- This site is optimized with the Yoast SEO plugin v25.6 - https:\/\/yoast.com\/wordpress\/plugins\/seo\/ -->\n<title>Sesi Franca vence Caxiais pelo NBB; foco agora \u00e9 na Copa Super 8 - VerdadeOn<\/title>\n<meta name=\"robots\" content=\"index, follow, max-snippet:-1, max-image-preview:large, max-video-preview:-1\" \/>\n<link rel=\"canonical\" href=\"https:\/\/verdadeon.com.br\/portal\/2026\/01\/22\/sesi-franca-vence-caxiais-pelo-nbb-foco-agora-e-na-copa-super-8\/\" \/>\n<meta property=\"og:locale\" content=\"pt_BR\" \/>\n<meta property=\"og:type\" content=\"article\" \/>\n<meta property=\"og:title\" content=\"Sesi Franca vence Caxiais pelo NBB; foco agora \u00e9 na Copa Super 8 - VerdadeOn\" \/>\n<meta property=\"og:description\" content=\"Atletas voltam \u00e0s quadras neste domingo (25) Por Pedro Maia Editor-chefe O Sesi Franca Basquete venceu o Caxias do Sul nesta quarta-feira, 21 de janeiro, fora [\u2026]\" \/>\n<meta property=\"og:url\" content=\"https:\/\/verdadeon.com.br\/portal\/2026\/01\/22\/sesi-franca-vence-caxiais-pelo-nbb-foco-agora-e-na-copa-super-8\/\" \/>\n<meta property=\"og:site_name\" content=\"VerdadeOn\" \/>\n<meta property=\"article:published_time\" content=\"2026-01-22T17:17:51+00:00\" \/>\n<meta property=\"og:image\" content=\"https:\/\/verdadeon.com.br\/portal\/wp-content\/uploads\/2026\/01\/CEU08729.jpg\" \/>\n\t<meta property=\"og:image:width\" content=\"2560\" \/>\n\t<meta property=\"og:image:height\" content=\"1708\" \/>\n\t<meta property=\"og:image:type\" content=\"image\/jpeg\" \/>\n<meta name=\"author\" content=\"Redacao VerdadeOn\" \/>\n<meta name=\"twitter:card\" content=\"summary_large_image\" \/>\n<meta name=\"twitter:label1\" content=\"Escrito por\" \/>\n\t<meta name=\"twitter:data1\" content=\"Redacao VerdadeOn\" \/>\n\t<meta name=\"twitter:label2\" content=\"Est. tempo de leitura\" \/>\n\t<meta name=\"twitter:data2\" content=\"3 minutos\" \/>\n<script type=\"application\/ld+json\" class=\"yoast-schema-graph\">{\"@context\":\"https:\/\/schema.org\",\"@graph\":[{\"@type\":\"WebPage\",\"@id\":\"https:\/\/verdadeon.com.br\/portal\/2026\/01\/22\/sesi-franca-vence-caxiais-pelo-nbb-foco-agora-e-na-copa-super-8\/\",\"url\":\"https:\/\/verdadeon.com.br\/portal\/2026\/01\/22\/sesi-franca-vence-caxiais-pelo-nbb-foco-agora-e-na-copa-super-8\/\",\"name\":\"Sesi Franca vence Caxiais pelo NBB; foco agora \u00e9 na Copa Super 8 - VerdadeOn\",\"isPartOf\":{\"@id\":\"https:\/\/verdadeon.com.br\/portal\/#website\"},\"primaryImageOfPage\":{\"@id\":\"https:\/\/verdadeon.com.br\/portal\/2026\/01\/22\/sesi-franca-vence-caxiais-pelo-nbb-foco-agora-e-na-copa-super-8\/#primaryimage\"},\"image\":{\"@id\":\"https:\/\/verdadeon.com.br\/portal\/2026\/01\/22\/sesi-franca-vence-caxiais-pelo-nbb-foco-agora-e-na-copa-super-8\/#primaryimage\"},\"thumbnailUrl\":\"https:\/\/i0.wp.com\/verdadeon.com.br\/portal\/wp-content\/uploads\/2026\/01\/CEU08729.jpg?fit=2560%2C1708&ssl=1\",\"datePublished\":\"2026-01-22T17:17:51+00:00\",\"author\":{\"@id\":\"https:\/\/verdadeon.com.br\/portal\/#\/schema\/person\/a5060ad1e9ea3df545188fc93ce43d2f\"},\"breadcrumb\":{\"@id\":\"https:\/\/verdadeon.com.br\/portal\/2026\/01\/22\/sesi-franca-vence-caxiais-pelo-nbb-foco-agora-e-na-copa-super-8\/#breadcrumb\"},\"inLanguage\":\"pt-BR\",\"potentialAction\":[{\"@type\":\"ReadAction\",\"target\":[\"https:\/\/verdadeon.com.br\/portal\/2026\/01\/22\/sesi-franca-vence-caxiais-pelo-nbb-foco-agora-e-na-copa-super-8\/\"]}]},{\"@type\":\"ImageObject\",\"inLanguage\":\"pt-BR\",\"@id\":\"https:\/\/verdadeon.com.br\/portal\/2026\/01\/22\/sesi-franca-vence-caxiais-pelo-nbb-foco-agora-e-na-copa-super-8\/#primaryimage\",\"url\":\"https:\/\/i0.wp.com\/verdadeon.com.br\/portal\/wp-content\/uploads\/2026\/01\/CEU08729.jpg?fit=2560%2C1708&ssl=1\",\"contentUrl\":\"https:\/\/i0.wp.com\/verdadeon.com.br\/portal\/wp-content\/uploads\/2026\/01\/CEU08729.jpg?fit=2560%2C1708&ssl=1\",\"width\":2560,\"height\":1708,\"caption\":\"Sesi Franca bate o Caxias fora de casa por 93 a 66 (\u00a9Matheus Magnani)\"},{\"@type\":\"BreadcrumbList\",\"@id\":\"https:\/\/verdadeon.com.br\/portal\/2026\/01\/22\/sesi-franca-vence-caxiais-pelo-nbb-foco-agora-e-na-copa-super-8\/#breadcrumb\",\"itemListElement\":[{\"@type\":\"ListItem\",\"position\":1,\"name\":\"In\u00edcio\",\"item\":\"https:\/\/verdadeon.com.br\/portal\/\"},{\"@type\":\"ListItem\",\"position\":2,\"name\":\"Sesi Franca vence Caxiais pelo NBB; foco agora \u00e9 na Copa Super 8\"}]},{\"@type\":\"WebSite\",\"@id\":\"https:\/\/verdadeon.com.br\/portal\/#website\",\"url\":\"https:\/\/verdadeon.com.br\/portal\/\",\"name\":\"VerdadeOn\",\"description\":\"Not\u00edcias di\u00e1rias sobre Franca, Regi\u00e3o, Esporte, Cultura, Cotidiano, Colunas. Cobertura nos principais eventos da cidade \u00e9 aqui - Verdadeon Franca\",\"potentialAction\":[{\"@type\":\"SearchAction\",\"target\":{\"@type\":\"EntryPoint\",\"urlTemplate\":\"https:\/\/verdadeon.com.br\/portal\/?s={search_term_string}\"},\"query-input\":{\"@type\":\"PropertyValueSpecification\",\"valueRequired\":true,\"valueName\":\"search_term_string\"}}],\"inLanguage\":\"pt-BR\"},{\"@type\":\"Person\",\"@id\":\"https:\/\/verdadeon.com.br\/portal\/#\/schema\/person\/a5060ad1e9ea3df545188fc93ce43d2f\",\"name\":\"Redacao VerdadeOn\",\"image\":{\"@type\":\"ImageObject\",\"inLanguage\":\"pt-BR\",\"@id\":\"https:\/\/verdadeon.com.br\/portal\/#\/schema\/person\/image\/\",\"url\":\"https:\/\/secure.gravatar.com\/avatar\/459a9613caaaf07f582c3d0841eea68bdd66f533e465e6ba8b9cb45619572cf4?s=96&d=mm&r=g\",\"contentUrl\":\"https:\/\/secure.gravatar.com\/avatar\/459a9613caaaf07f582c3d0841eea68bdd66f533e465e6ba8b9cb45619572cf4?s=96&d=mm&r=g\",\"caption\":\"Redacao VerdadeOn\"},\"url\":\"https:\/\/verdadeon.com.br\/portal\/author\/redacao\/\"}]}<\/script>\n<!-- \/ Yoast SEO plugin. -->","yoast_head_json":{"title":"Sesi Franca vence Caxiais pelo NBB; foco agora \u00e9 na Copa Super 8 - VerdadeOn","robots":{"index":"index","follow":"follow","max-snippet":"max-snippet:-1","max-image-preview":"max-image-preview:large","max-video-preview":"max-video-preview:-1"},"canonical":"https:\/\/verdadeon.com.br\/portal\/2026\/01\/22\/sesi-franca-vence-caxiais-pelo-nbb-foco-agora-e-na-copa-super-8\/","og_locale":"pt_BR","og_type":"article","og_title":"Sesi Franca vence Caxiais pelo NBB; foco agora \u00e9 na Copa Super 8 - VerdadeOn","og_description":"Atletas voltam \u00e0s quadras neste domingo (25) Por Pedro Maia Editor-chefe O Sesi Franca Basquete venceu o Caxias do Sul nesta quarta-feira, 21 de janeiro, fora [\u2026]","og_url":"https:\/\/verdadeon.com.br\/portal\/2026\/01\/22\/sesi-franca-vence-caxiais-pelo-nbb-foco-agora-e-na-copa-super-8\/","og_site_name":"VerdadeOn","article_published_time":"2026-01-22T17:17:51+00:00","og_image":[{"width":2560,"height":1708,"url":"https:\/\/verdadeon.com.br\/portal\/wp-content\/uploads\/2026\/01\/CEU08729.jpg","type":"image\/jpeg"}],"author":"Redacao VerdadeOn","twitter_card":"summary_large_image","twitter_misc":{"Escrito por":"Redacao VerdadeOn","Est. tempo de leitura":"3 minutos"},"schema":{"@context":"https:\/\/schema.org","@graph":[{"@type":"WebPage","@id":"https:\/\/verdadeon.com.br\/portal\/2026\/01\/22\/sesi-franca-vence-caxiais-pelo-nbb-foco-agora-e-na-copa-super-8\/","url":"https:\/\/verdadeon.com.br\/portal\/2026\/01\/22\/sesi-franca-vence-caxiais-pelo-nbb-foco-agora-e-na-copa-super-8\/","name":"Sesi Franca vence Caxiais pelo NBB; foco agora \u00e9 na Copa Super 8 - VerdadeOn","isPartOf":{"@id":"https:\/\/verdadeon.com.br\/portal\/#website"},"primaryImageOfPage":{"@id":"https:\/\/verdadeon.com.br\/portal\/2026\/01\/22\/sesi-franca-vence-caxiais-pelo-nbb-foco-agora-e-na-copa-super-8\/#primaryimage"},"image":{"@id":"https:\/\/verdadeon.com.br\/portal\/2026\/01\/22\/sesi-franca-vence-caxiais-pelo-nbb-foco-agora-e-na-copa-super-8\/#primaryimage"},"thumbnailUrl":"https:\/\/i0.wp.com\/verdadeon.com.br\/portal\/wp-content\/uploads\/2026\/01\/CEU08729.jpg?fit=2560%2C1708&ssl=1","datePublished":"2026-01-22T17:17:51+00:00","author":{"@id":"https:\/\/verdadeon.com.br\/portal\/#\/schema\/person\/a5060ad1e9ea3df545188fc93ce43d2f"},"breadcrumb":{"@id":"https:\/\/verdadeon.com.br\/portal\/2026\/01\/22\/sesi-franca-vence-caxiais-pelo-nbb-foco-agora-e-na-copa-super-8\/#breadcrumb"},"inLanguage":"pt-BR","potentialAction":[{"@type":"ReadAction","target":["https:\/\/verdadeon.com.br\/portal\/2026\/01\/22\/sesi-franca-vence-caxiais-pelo-nbb-foco-agora-e-na-copa-super-8\/"]}]},{"@type":"ImageObject","inLanguage":"pt-BR","@id":"https:\/\/verdadeon.com.br\/portal\/2026\/01\/22\/sesi-franca-vence-caxiais-pelo-nbb-foco-agora-e-na-copa-super-8\/#primaryimage","url":"https:\/\/i0.wp.com\/verdadeon.com.br\/portal\/wp-content\/uploads\/2026\/01\/CEU08729.jpg?fit=2560%2C1708&ssl=1","contentUrl":"https:\/\/i0.wp.com\/verdadeon.com.br\/portal\/wp-content\/uploads\/2026\/01\/CEU08729.jpg?fit=2560%2C1708&ssl=1","width":2560,"height":1708,"caption":"Sesi Franca bate o Caxias fora de casa por 93 a 66 (\u00a9Matheus Magnani)"},{"@type":"BreadcrumbList","@id":"https:\/\/verdadeon.com.br\/portal\/2026\/01\/22\/sesi-franca-vence-caxiais-pelo-nbb-foco-agora-e-na-copa-super-8\/#breadcrumb","itemListElement":[{"@type":"ListItem","position":1,"name":"In\u00edcio","item":"https:\/\/verdadeon.com.br\/portal\/"},{"@type":"ListItem","position":2,"name":"Sesi Franca vence Caxiais pelo NBB; foco agora \u00e9 na Copa Super 8"}]},{"@type":"WebSite","@id":"https:\/\/verdadeon.com.br\/portal\/#website","url":"https:\/\/verdadeon.com.br\/portal\/","name":"VerdadeOn","description":"Not\u00edcias di\u00e1rias sobre Franca, Regi\u00e3o, Esporte, Cultura, Cotidiano, Colunas. Cobertura nos principais eventos da cidade \u00e9 aqui - Verdadeon Franca","potentialAction":[{"@type":"SearchAction","target":{"@type":"EntryPoint","urlTemplate":"https:\/\/verdadeon.com.br\/portal\/?s={search_term_string}"},"query-input":{"@type":"PropertyValueSpecification","valueRequired":true,"valueName":"search_term_string"}}],"inLanguage":"pt-BR"},{"@type":"Person","@id":"https:\/\/verdadeon.com.br\/portal\/#\/schema\/person\/a5060ad1e9ea3df545188fc93ce43d2f","name":"Redacao VerdadeOn","image":{"@type":"ImageObject","inLanguage":"pt-BR","@id":"https:\/\/verdadeon.com.br\/portal\/#\/schema\/person\/image\/","url":"https:\/\/secure.gravatar.com\/avatar\/459a9613caaaf07f582c3d0841eea68bdd66f533e465e6ba8b9cb45619572cf4?s=96&d=mm&r=g","contentUrl":"https:\/\/secure.gravatar.com\/avatar\/459a9613caaaf07f582c3d0841eea68bdd66f533e465e6ba8b9cb45619572cf4?s=96&d=mm&r=g","caption":"Redacao VerdadeOn"},"url":"https:\/\/verdadeon.com.br\/portal\/author\/redacao\/"}]}},"jetpack_publicize_connections":[],"jetpack_featured_media_url":"https:\/\/i0.wp.com\/verdadeon.com.br\/portal\/wp-content\/uploads\/2026\/01\/CEU08729.jpg?fit=2560%2C1708&ssl=1","jetpack_sharing_enabled":true,"_links":{"self":[{"href":"https:\/\/verdadeon.com.br\/portal\/wp-json\/wp\/v2\/posts\/63563","targetHints":{"allow":["GET"]}}],"collection":[{"href":"https:\/\/verdadeon.com.br\/portal\/wp-json\/wp\/v2\/posts"}],"about":[{"href":"https:\/\/verdadeon.com.br\/portal\/wp-json\/wp\/v2\/types\/post"}],"author":[{"embeddable":true,"href":"https:\/\/verdadeon.com.br\/portal\/wp-json\/wp\/v2\/users\/10"}],"replies":[{"embeddable":true,"href":"https:\/\/verdadeon.com.br\/portal\/wp-json\/wp\/v2\/comments?post=63563"}],"version-history":[{"count":1,"href":"https:\/\/verdadeon.com.br\/portal\/wp-json\/wp\/v2\/posts\/63563\/revisions"}],"predecessor-version":[{"id":63565,"href":"https:\/\/verdadeon.com.br\/portal\/wp-json\/wp\/v2\/posts\/63563\/revisions\/63565"}],"wp:featuredmedia":[{"embeddable":true,"href":"https:\/\/verdadeon.com.br\/portal\/wp-json\/wp\/v2\/media\/63564"}],"wp:attachment":[{"href":"https:\/\/verdadeon.com.br\/portal\/wp-json\/wp\/v2\/media?parent=63563"}],"wp:term":[{"taxonomy":"category","embeddable":true,"href":"https:\/\/verdadeon.com.br\/portal\/wp-json\/wp\/v2\/categories?post=63563"},{"taxonomy":"post_tag","embeddable":true,"href":"https:\/\/verdadeon.com.br\/portal\/wp-json\/wp\/v2\/tags?post=63563"}],"curies":[{"name":"wp","href":"https:\/\/api.w.org\/{rel}","templated":true}]}}