{"id":63550,"date":"2026-01-22T12:43:50","date_gmt":"2026-01-22T15:43:50","guid":{"rendered":"https:\/\/verdadeon.com.br\/portal\/?p=63550"},"modified":"2026-01-22T12:44:23","modified_gmt":"2026-01-22T15:44:23","slug":"cativeiro-ilegal-de-aves-e-maus-tratos-mulher-e-multada-em-mais-de-r-37-mil-em-sao-joaquim-da-barra","status":"publish","type":"post","link":"https:\/\/verdadeon.com.br\/portal\/2026\/01\/22\/cativeiro-ilegal-de-aves-e-maus-tratos-mulher-e-multada-em-mais-de-r-37-mil-em-sao-joaquim-da-barra\/","title":{"rendered":"Cativeiro ilegal de aves e maus-tratos: mulher \u00e9 multada em mais de R$ 37 mil em S\u00e3o Joaquim da Barra"},"content":{"rendered":"<h2>Pol\u00edcia Ambiental tamb\u00e9m autuou infratora por introdu\u00e7\u00e3o de esp\u00e9cimes ex\u00f3ticas<\/h2>\n<p style=\"text-align: right;\"><strong><em>Por Pedro Maia<\/em><\/strong><br \/>\n<strong><em>Editor-chefe<\/em><\/strong><\/p>\n<p>O 4\u00b0 Batalh\u00e3o de Pol\u00edcia Militar Ambiental informou a autua\u00e7\u00e3o no valor de R$ 37,9 mil reais a uma mulher, em S\u00e3o Joaquim da Barra, a cerca de 58,9 quil\u00f4metros de Franca, por manter cativeiro ilegal de aves silvestres nativas, al\u00e9m de maus-tratos e introdu\u00e7\u00e3o de esp\u00e9cimes ex\u00f3ticas.<\/p>\n<p>O fato se deu no dia 15 de janeiro, enquanto os agentes prestavam apoio \u00e0s equipes do policiamento de \u00e1rea em uma ocorr\u00eancia de furto e recepta\u00e7\u00e3o. No local, foram encontradas diversas aves nativas, ex\u00f3ticas e dom\u00e9sticas mantidas em cativeiro irregular, todas em condi\u00e7\u00f5es caracterizadas como maus-tratos. A esposa do indiv\u00edduo preso se apresentou como respons\u00e1vel pelos animais.<\/p>\n<p>Entre as aves silvestres apreendidas estavam dois papagaios e tr\u00eas periquit\u00f5es-maracan\u00e3. Tamb\u00e9m foram localizados dois periquitos Agapornis (esp\u00e9cies ex\u00f3ticas) e quatro calopsitas (aves dom\u00e9sticas).<\/p>\n<p><strong>Autua\u00e7\u00f5es<\/strong><\/p>\n<p>O cativeiro irregular de aves silvestres configura infra\u00e7\u00e3o ao artigo 25, \u00a73\u00ba, inciso III, da Resolu\u00e7\u00e3o SIMA n\u00ba 05\/2021, com aplica\u00e7\u00e3o de multa no valor de R$ 2,5 mil, al\u00e9m de enquadramento como crime ambiental, conforme o artigo 29 da Lei Federal n\u00ba 9.605\/98.<\/p>\n<p>A introdu\u00e7\u00e3o de esp\u00e9cies ex\u00f3ticas sem autoriza\u00e7\u00e3o caracteriza infra\u00e7\u00e3o ao artigo 26 da Resolu\u00e7\u00e3o SIMA n\u00ba 05\/2021, com multa de R$ 2,4 mil, podendo tamb\u00e9m configurar crime ambiental, conforme o artigo 31 da Lei Federal n\u00ba 9.605\/98.<\/p>\n<p>J\u00e1 a pr\u00e1tica de maus-tratos, constatada em rela\u00e7\u00e3o a todas as aves apreendidas, enquadra-se no artigo 29 da Resolu\u00e7\u00e3o SIMA n\u00ba 05\/2021, com multa total de R$ 33 mil, al\u00e9m da tipifica\u00e7\u00e3o penal prevista no artigo 32 da Lei Federal n\u00ba 9.605\/98.<\/p>\n<p>As aves silvestres foram apreendidas e ser\u00e3o destinadas a um Centro de Triagem de Animais Silvestres. As demais aves permaneceram sob responsabilidade da infratora, devido \u00e0 inexist\u00eancia de local imediato para destina\u00e7\u00e3o.<\/p>\n<p>Ap\u00f3s a elabora\u00e7\u00e3o da ocorr\u00eancia no Distrito Policial, a infratora foi liberada.<\/p>\n<p><strong>Participa\u00e7\u00f5es<\/strong><\/p>\n<p>Auxiliaram no caso a VTR\/Equipe: A-04304, dos Cabos PM Murilo e Soldado PM Dayana, que respondem ao 1\u00b0 Pelot\u00e3o, sob comando do 1\u00b0 Tenente PM R. Silva, e \u00e0 3\u00aa Companhia, Capit\u00e3o PM Eufr\u00e1sio.<\/p>\n","protected":false},"excerpt":{"rendered":"<p>Pol\u00edcia Ambiental tamb\u00e9m autuou infratora por introdu\u00e7\u00e3o de esp\u00e9cimes ex\u00f3ticas Por Pedro Maia Editor-chefe O 4\u00b0 Batalh\u00e3o de Pol\u00edcia Militar Ambiental informou a autua\u00e7\u00e3o no valor<span class=\"excerpt-hellip\"> [\u2026]<\/span><\/p>\n","protected":false},"author":10,"featured_media":63553,"comment_status":"open","ping_status":"open","sticky":false,"template":"","format":"standard","meta":{"_jetpack_memberships_contains_paid_content":false,"footnotes":"","jetpack_publicize_message":"","jetpack_publicize_feature_enabled":true,"jetpack_social_post_already_shared":true,"jetpack_social_options":{"image_generator_settings":{"template":"highway","default_image_id":0,"enabled":false},"version":2}},"categories":[28,81],"tags":[],"class_list":["post-63550","post","type-post","status-publish","format-standard","has-post-thumbnail","hentry","category-cotidiano","category-manchete"],"yoast_head":"<!-- This site is optimized with the Yoast SEO plugin v25.6 - https:\/\/yoast.com\/wordpress\/plugins\/seo\/ -->\n<title>Cativeiro ilegal de aves e maus-tratos: mulher \u00e9 multada em mais de R$ 37 mil em S\u00e3o Joaquim da Barra - VerdadeOn<\/title>\n<meta name=\"robots\" content=\"index, follow, max-snippet:-1, max-image-preview:large, max-video-preview:-1\" \/>\n<link rel=\"canonical\" href=\"https:\/\/verdadeon.com.br\/portal\/2026\/01\/22\/cativeiro-ilegal-de-aves-e-maus-tratos-mulher-e-multada-em-mais-de-r-37-mil-em-sao-joaquim-da-barra\/\" \/>\n<meta property=\"og:locale\" content=\"pt_BR\" \/>\n<meta property=\"og:type\" content=\"article\" \/>\n<meta property=\"og:title\" content=\"Cativeiro ilegal de aves e maus-tratos: mulher \u00e9 multada em mais de R$ 37 mil em S\u00e3o Joaquim da Barra - VerdadeOn\" \/>\n<meta property=\"og:description\" content=\"Pol\u00edcia Ambiental tamb\u00e9m autuou infratora por introdu\u00e7\u00e3o de esp\u00e9cimes ex\u00f3ticas Por Pedro Maia Editor-chefe O 4\u00b0 Batalh\u00e3o de Pol\u00edcia Militar Ambiental informou a autua\u00e7\u00e3o no valor [\u2026]\" \/>\n<meta property=\"og:url\" content=\"https:\/\/verdadeon.com.br\/portal\/2026\/01\/22\/cativeiro-ilegal-de-aves-e-maus-tratos-mulher-e-multada-em-mais-de-r-37-mil-em-sao-joaquim-da-barra\/\" \/>\n<meta property=\"og:site_name\" content=\"VerdadeOn\" \/>\n<meta property=\"article:published_time\" content=\"2026-01-22T15:43:50+00:00\" \/>\n<meta property=\"article:modified_time\" content=\"2026-01-22T15:44:23+00:00\" \/>\n<meta property=\"og:image\" content=\"https:\/\/verdadeon.com.br\/portal\/wp-content\/uploads\/2026\/01\/WhatsApp-Image-2026-01-21-at-16.26.22.jpeg\" \/>\n\t<meta property=\"og:image:width\" content=\"1200\" \/>\n\t<meta property=\"og:image:height\" content=\"894\" \/>\n\t<meta property=\"og:image:type\" content=\"image\/jpeg\" \/>\n<meta name=\"author\" content=\"Redacao VerdadeOn\" \/>\n<meta name=\"twitter:card\" content=\"summary_large_image\" \/>\n<meta name=\"twitter:label1\" content=\"Escrito por\" \/>\n\t<meta name=\"twitter:data1\" content=\"Redacao VerdadeOn\" \/>\n\t<meta name=\"twitter:label2\" content=\"Est. tempo de leitura\" \/>\n\t<meta name=\"twitter:data2\" content=\"3 minutos\" \/>\n<script type=\"application\/ld+json\" class=\"yoast-schema-graph\">{\"@context\":\"https:\/\/schema.org\",\"@graph\":[{\"@type\":\"WebPage\",\"@id\":\"https:\/\/verdadeon.com.br\/portal\/2026\/01\/22\/cativeiro-ilegal-de-aves-e-maus-tratos-mulher-e-multada-em-mais-de-r-37-mil-em-sao-joaquim-da-barra\/\",\"url\":\"https:\/\/verdadeon.com.br\/portal\/2026\/01\/22\/cativeiro-ilegal-de-aves-e-maus-tratos-mulher-e-multada-em-mais-de-r-37-mil-em-sao-joaquim-da-barra\/\",\"name\":\"Cativeiro ilegal de aves e maus-tratos: mulher \u00e9 multada em mais de R$ 37 mil em S\u00e3o Joaquim da Barra - VerdadeOn\",\"isPartOf\":{\"@id\":\"https:\/\/verdadeon.com.br\/portal\/#website\"},\"primaryImageOfPage\":{\"@id\":\"https:\/\/verdadeon.com.br\/portal\/2026\/01\/22\/cativeiro-ilegal-de-aves-e-maus-tratos-mulher-e-multada-em-mais-de-r-37-mil-em-sao-joaquim-da-barra\/#primaryimage\"},\"image\":{\"@id\":\"https:\/\/verdadeon.com.br\/portal\/2026\/01\/22\/cativeiro-ilegal-de-aves-e-maus-tratos-mulher-e-multada-em-mais-de-r-37-mil-em-sao-joaquim-da-barra\/#primaryimage\"},\"thumbnailUrl\":\"https:\/\/i0.wp.com\/verdadeon.com.br\/portal\/wp-content\/uploads\/2026\/01\/WhatsApp-Image-2026-01-21-at-16.26.22.jpeg?fit=1200%2C894&ssl=1\",\"datePublished\":\"2026-01-22T15:43:50+00:00\",\"dateModified\":\"2026-01-22T15:44:23+00:00\",\"author\":{\"@id\":\"https:\/\/verdadeon.com.br\/portal\/#\/schema\/person\/a5060ad1e9ea3df545188fc93ce43d2f\"},\"breadcrumb\":{\"@id\":\"https:\/\/verdadeon.com.br\/portal\/2026\/01\/22\/cativeiro-ilegal-de-aves-e-maus-tratos-mulher-e-multada-em-mais-de-r-37-mil-em-sao-joaquim-da-barra\/#breadcrumb\"},\"inLanguage\":\"pt-BR\",\"potentialAction\":[{\"@type\":\"ReadAction\",\"target\":[\"https:\/\/verdadeon.com.br\/portal\/2026\/01\/22\/cativeiro-ilegal-de-aves-e-maus-tratos-mulher-e-multada-em-mais-de-r-37-mil-em-sao-joaquim-da-barra\/\"]}]},{\"@type\":\"ImageObject\",\"inLanguage\":\"pt-BR\",\"@id\":\"https:\/\/verdadeon.com.br\/portal\/2026\/01\/22\/cativeiro-ilegal-de-aves-e-maus-tratos-mulher-e-multada-em-mais-de-r-37-mil-em-sao-joaquim-da-barra\/#primaryimage\",\"url\":\"https:\/\/i0.wp.com\/verdadeon.com.br\/portal\/wp-content\/uploads\/2026\/01\/WhatsApp-Image-2026-01-21-at-16.26.22.jpeg?fit=1200%2C894&ssl=1\",\"contentUrl\":\"https:\/\/i0.wp.com\/verdadeon.com.br\/portal\/wp-content\/uploads\/2026\/01\/WhatsApp-Image-2026-01-21-at-16.26.22.jpeg?fit=1200%2C894&ssl=1\",\"width\":1200,\"height\":894,\"caption\":\"(\u00a9Divulga\u00e7\u00e3o)\"},{\"@type\":\"BreadcrumbList\",\"@id\":\"https:\/\/verdadeon.com.br\/portal\/2026\/01\/22\/cativeiro-ilegal-de-aves-e-maus-tratos-mulher-e-multada-em-mais-de-r-37-mil-em-sao-joaquim-da-barra\/#breadcrumb\",\"itemListElement\":[{\"@type\":\"ListItem\",\"position\":1,\"name\":\"In\u00edcio\",\"item\":\"https:\/\/verdadeon.com.br\/portal\/\"},{\"@type\":\"ListItem\",\"position\":2,\"name\":\"Cativeiro ilegal de aves e maus-tratos: mulher \u00e9 multada em mais de R$ 37 mil em S\u00e3o Joaquim da Barra\"}]},{\"@type\":\"WebSite\",\"@id\":\"https:\/\/verdadeon.com.br\/portal\/#website\",\"url\":\"https:\/\/verdadeon.com.br\/portal\/\",\"name\":\"VerdadeOn\",\"description\":\"Not\u00edcias di\u00e1rias sobre Franca, Regi\u00e3o, Esporte, Cultura, Cotidiano, Colunas. Cobertura nos principais eventos da cidade \u00e9 aqui - Verdadeon Franca\",\"potentialAction\":[{\"@type\":\"SearchAction\",\"target\":{\"@type\":\"EntryPoint\",\"urlTemplate\":\"https:\/\/verdadeon.com.br\/portal\/?s={search_term_string}\"},\"query-input\":{\"@type\":\"PropertyValueSpecification\",\"valueRequired\":true,\"valueName\":\"search_term_string\"}}],\"inLanguage\":\"pt-BR\"},{\"@type\":\"Person\",\"@id\":\"https:\/\/verdadeon.com.br\/portal\/#\/schema\/person\/a5060ad1e9ea3df545188fc93ce43d2f\",\"name\":\"Redacao VerdadeOn\",\"image\":{\"@type\":\"ImageObject\",\"inLanguage\":\"pt-BR\",\"@id\":\"https:\/\/verdadeon.com.br\/portal\/#\/schema\/person\/image\/\",\"url\":\"https:\/\/secure.gravatar.com\/avatar\/459a9613caaaf07f582c3d0841eea68bdd66f533e465e6ba8b9cb45619572cf4?s=96&d=mm&r=g\",\"contentUrl\":\"https:\/\/secure.gravatar.com\/avatar\/459a9613caaaf07f582c3d0841eea68bdd66f533e465e6ba8b9cb45619572cf4?s=96&d=mm&r=g\",\"caption\":\"Redacao VerdadeOn\"},\"url\":\"https:\/\/verdadeon.com.br\/portal\/author\/redacao\/\"}]}<\/script>\n<!-- \/ Yoast SEO plugin. -->","yoast_head_json":{"title":"Cativeiro ilegal de aves e maus-tratos: mulher \u00e9 multada em mais de R$ 37 mil em S\u00e3o Joaquim da Barra - VerdadeOn","robots":{"index":"index","follow":"follow","max-snippet":"max-snippet:-1","max-image-preview":"max-image-preview:large","max-video-preview":"max-video-preview:-1"},"canonical":"https:\/\/verdadeon.com.br\/portal\/2026\/01\/22\/cativeiro-ilegal-de-aves-e-maus-tratos-mulher-e-multada-em-mais-de-r-37-mil-em-sao-joaquim-da-barra\/","og_locale":"pt_BR","og_type":"article","og_title":"Cativeiro ilegal de aves e maus-tratos: mulher \u00e9 multada em mais de R$ 37 mil em S\u00e3o Joaquim da Barra - VerdadeOn","og_description":"Pol\u00edcia Ambiental tamb\u00e9m autuou infratora por introdu\u00e7\u00e3o de esp\u00e9cimes ex\u00f3ticas Por Pedro Maia Editor-chefe O 4\u00b0 Batalh\u00e3o de Pol\u00edcia Militar Ambiental informou a autua\u00e7\u00e3o no valor [\u2026]","og_url":"https:\/\/verdadeon.com.br\/portal\/2026\/01\/22\/cativeiro-ilegal-de-aves-e-maus-tratos-mulher-e-multada-em-mais-de-r-37-mil-em-sao-joaquim-da-barra\/","og_site_name":"VerdadeOn","article_published_time":"2026-01-22T15:43:50+00:00","article_modified_time":"2026-01-22T15:44:23+00:00","og_image":[{"width":1200,"height":894,"url":"https:\/\/verdadeon.com.br\/portal\/wp-content\/uploads\/2026\/01\/WhatsApp-Image-2026-01-21-at-16.26.22.jpeg","type":"image\/jpeg"}],"author":"Redacao VerdadeOn","twitter_card":"summary_large_image","twitter_misc":{"Escrito por":"Redacao VerdadeOn","Est. tempo de leitura":"3 minutos"},"schema":{"@context":"https:\/\/schema.org","@graph":[{"@type":"WebPage","@id":"https:\/\/verdadeon.com.br\/portal\/2026\/01\/22\/cativeiro-ilegal-de-aves-e-maus-tratos-mulher-e-multada-em-mais-de-r-37-mil-em-sao-joaquim-da-barra\/","url":"https:\/\/verdadeon.com.br\/portal\/2026\/01\/22\/cativeiro-ilegal-de-aves-e-maus-tratos-mulher-e-multada-em-mais-de-r-37-mil-em-sao-joaquim-da-barra\/","name":"Cativeiro ilegal de aves e maus-tratos: mulher \u00e9 multada em mais de R$ 37 mil em S\u00e3o Joaquim da Barra - VerdadeOn","isPartOf":{"@id":"https:\/\/verdadeon.com.br\/portal\/#website"},"primaryImageOfPage":{"@id":"https:\/\/verdadeon.com.br\/portal\/2026\/01\/22\/cativeiro-ilegal-de-aves-e-maus-tratos-mulher-e-multada-em-mais-de-r-37-mil-em-sao-joaquim-da-barra\/#primaryimage"},"image":{"@id":"https:\/\/verdadeon.com.br\/portal\/2026\/01\/22\/cativeiro-ilegal-de-aves-e-maus-tratos-mulher-e-multada-em-mais-de-r-37-mil-em-sao-joaquim-da-barra\/#primaryimage"},"thumbnailUrl":"https:\/\/i0.wp.com\/verdadeon.com.br\/portal\/wp-content\/uploads\/2026\/01\/WhatsApp-Image-2026-01-21-at-16.26.22.jpeg?fit=1200%2C894&ssl=1","datePublished":"2026-01-22T15:43:50+00:00","dateModified":"2026-01-22T15:44:23+00:00","author":{"@id":"https:\/\/verdadeon.com.br\/portal\/#\/schema\/person\/a5060ad1e9ea3df545188fc93ce43d2f"},"breadcrumb":{"@id":"https:\/\/verdadeon.com.br\/portal\/2026\/01\/22\/cativeiro-ilegal-de-aves-e-maus-tratos-mulher-e-multada-em-mais-de-r-37-mil-em-sao-joaquim-da-barra\/#breadcrumb"},"inLanguage":"pt-BR","potentialAction":[{"@type":"ReadAction","target":["https:\/\/verdadeon.com.br\/portal\/2026\/01\/22\/cativeiro-ilegal-de-aves-e-maus-tratos-mulher-e-multada-em-mais-de-r-37-mil-em-sao-joaquim-da-barra\/"]}]},{"@type":"ImageObject","inLanguage":"pt-BR","@id":"https:\/\/verdadeon.com.br\/portal\/2026\/01\/22\/cativeiro-ilegal-de-aves-e-maus-tratos-mulher-e-multada-em-mais-de-r-37-mil-em-sao-joaquim-da-barra\/#primaryimage","url":"https:\/\/i0.wp.com\/verdadeon.com.br\/portal\/wp-content\/uploads\/2026\/01\/WhatsApp-Image-2026-01-21-at-16.26.22.jpeg?fit=1200%2C894&ssl=1","contentUrl":"https:\/\/i0.wp.com\/verdadeon.com.br\/portal\/wp-content\/uploads\/2026\/01\/WhatsApp-Image-2026-01-21-at-16.26.22.jpeg?fit=1200%2C894&ssl=1","width":1200,"height":894,"caption":"(\u00a9Divulga\u00e7\u00e3o)"},{"@type":"BreadcrumbList","@id":"https:\/\/verdadeon.com.br\/portal\/2026\/01\/22\/cativeiro-ilegal-de-aves-e-maus-tratos-mulher-e-multada-em-mais-de-r-37-mil-em-sao-joaquim-da-barra\/#breadcrumb","itemListElement":[{"@type":"ListItem","position":1,"name":"In\u00edcio","item":"https:\/\/verdadeon.com.br\/portal\/"},{"@type":"ListItem","position":2,"name":"Cativeiro ilegal de aves e maus-tratos: mulher \u00e9 multada em mais de R$ 37 mil em S\u00e3o Joaquim da Barra"}]},{"@type":"WebSite","@id":"https:\/\/verdadeon.com.br\/portal\/#website","url":"https:\/\/verdadeon.com.br\/portal\/","name":"VerdadeOn","description":"Not\u00edcias di\u00e1rias sobre Franca, Regi\u00e3o, Esporte, Cultura, Cotidiano, Colunas. Cobertura nos principais eventos da cidade \u00e9 aqui - Verdadeon Franca","potentialAction":[{"@type":"SearchAction","target":{"@type":"EntryPoint","urlTemplate":"https:\/\/verdadeon.com.br\/portal\/?s={search_term_string}"},"query-input":{"@type":"PropertyValueSpecification","valueRequired":true,"valueName":"search_term_string"}}],"inLanguage":"pt-BR"},{"@type":"Person","@id":"https:\/\/verdadeon.com.br\/portal\/#\/schema\/person\/a5060ad1e9ea3df545188fc93ce43d2f","name":"Redacao VerdadeOn","image":{"@type":"ImageObject","inLanguage":"pt-BR","@id":"https:\/\/verdadeon.com.br\/portal\/#\/schema\/person\/image\/","url":"https:\/\/secure.gravatar.com\/avatar\/459a9613caaaf07f582c3d0841eea68bdd66f533e465e6ba8b9cb45619572cf4?s=96&d=mm&r=g","contentUrl":"https:\/\/secure.gravatar.com\/avatar\/459a9613caaaf07f582c3d0841eea68bdd66f533e465e6ba8b9cb45619572cf4?s=96&d=mm&r=g","caption":"Redacao VerdadeOn"},"url":"https:\/\/verdadeon.com.br\/portal\/author\/redacao\/"}]}},"jetpack_publicize_connections":[],"jetpack_featured_media_url":"https:\/\/i0.wp.com\/verdadeon.com.br\/portal\/wp-content\/uploads\/2026\/01\/WhatsApp-Image-2026-01-21-at-16.26.22.jpeg?fit=1200%2C894&ssl=1","jetpack_sharing_enabled":true,"_links":{"self":[{"href":"https:\/\/verdadeon.com.br\/portal\/wp-json\/wp\/v2\/posts\/63550","targetHints":{"allow":["GET"]}}],"collection":[{"href":"https:\/\/verdadeon.com.br\/portal\/wp-json\/wp\/v2\/posts"}],"about":[{"href":"https:\/\/verdadeon.com.br\/portal\/wp-json\/wp\/v2\/types\/post"}],"author":[{"embeddable":true,"href":"https:\/\/verdadeon.com.br\/portal\/wp-json\/wp\/v2\/users\/10"}],"replies":[{"embeddable":true,"href":"https:\/\/verdadeon.com.br\/portal\/wp-json\/wp\/v2\/comments?post=63550"}],"version-history":[{"count":1,"href":"https:\/\/verdadeon.com.br\/portal\/wp-json\/wp\/v2\/posts\/63550\/revisions"}],"predecessor-version":[{"id":63554,"href":"https:\/\/verdadeon.com.br\/portal\/wp-json\/wp\/v2\/posts\/63550\/revisions\/63554"}],"wp:featuredmedia":[{"embeddable":true,"href":"https:\/\/verdadeon.com.br\/portal\/wp-json\/wp\/v2\/media\/63553"}],"wp:attachment":[{"href":"https:\/\/verdadeon.com.br\/portal\/wp-json\/wp\/v2\/media?parent=63550"}],"wp:term":[{"taxonomy":"category","embeddable":true,"href":"https:\/\/verdadeon.com.br\/portal\/wp-json\/wp\/v2\/categories?post=63550"},{"taxonomy":"post_tag","embeddable":true,"href":"https:\/\/verdadeon.com.br\/portal\/wp-json\/wp\/v2\/tags?post=63550"}],"curies":[{"name":"wp","href":"https:\/\/api.w.org\/{rel}","templated":true}]}}