{"id":63355,"date":"2026-01-16T11:51:50","date_gmt":"2026-01-16T14:51:50","guid":{"rendered":"https:\/\/verdadeon.com.br\/portal\/?p=63355"},"modified":"2026-01-16T11:51:50","modified_gmt":"2026-01-16T14:51:50","slug":"notas-do-enem-2025-ja-estao-disponiveis-na-internet","status":"publish","type":"post","link":"https:\/\/verdadeon.com.br\/portal\/2026\/01\/16\/notas-do-enem-2025-ja-estao-disponiveis-na-internet\/","title":{"rendered":"Notas do Enem 2025 j\u00e1 est\u00e3o dispon\u00edveis na internet"},"content":{"rendered":"<div class=\"header-noticia full-width\">\n<h2 class=\"linha-fina-noticia\">Consulta pode ser feita na P\u00e1gina do Participante<\/h2>\n<\/div>\n<div class=\"subheader\">\n<div class=\"container-autoria\">\n<p>As notas do Exame Nacional do Ensino M\u00e9dio (Enem)\u00a02025\u00a0j\u00e1 podem ser consultadas na\u00a0<a href=\"https:\/\/enem.inep.gov.br\/participante\/#!\/\" target=\"_blank\" rel=\"noopener\">P\u00e1gina do Participante<\/a>, na internet.\u00a0Os resultados foram divulgados nesta sexta-feira (16) pelo\u00a0Minist\u00e9rio da Educa\u00e7\u00e3o\u00a0(MEC) e\u00a0pelo\u00a0Instituto Nacional de Estudos e Pesquisas Educacionais An\u00edsio Teixeira (Inep).\u00a0<img data-recalc-dims=\"1\" decoding=\"async\" src=\"https:\/\/i0.wp.com\/agenciabrasil.ebc.com.br\/ebc.png?w=1220&#038;ssl=1\" \/><img data-recalc-dims=\"1\" decoding=\"async\" src=\"https:\/\/i0.wp.com\/agenciabrasil.ebc.com.br\/ebc.gif?w=1220&#038;ssl=1\" \/><\/p>\n<p><strong>Segundo dados do balan\u00e7o da aplica\u00e7\u00e3o do exame, participaram da edi\u00e7\u00e3o de 2025 4,8 milh\u00f5es de inscritos, com\u00a072% de presen\u00e7a nos dois dias de prova.<\/strong><\/p>\n<p>Na P\u00e1gina do Participante \u00e9 poss\u00edvel conferir tanto a nota da reda\u00e7\u00e3o (que varia de zero a mil pontos) quanto a pontua\u00e7\u00e3o de cada uma das quatro \u00e1reas de conhecimento avaliadas. Para os chamados treineiros &#8211; aqueles que n\u00e3o conclu\u00edram o ensino m\u00e9dio em 2025, o boletim individual ser\u00e1 publicado\u00a0at\u00e9 60 dias ap\u00f3s a divulga\u00e7\u00e3o do resultado.<\/p>\n<p><strong>Com os resultados do exame, os participantes poder\u00e3o concorrer a vagas\u00a0em institui\u00e7\u00f5es de educa\u00e7\u00e3o superior\u00a0p\u00fablicas\u00a0pelo\u00a0Sistema de Sele\u00e7\u00e3o Unificada (Sisu),\u00a0com\u00a0inscri\u00e7\u00f5es\u00a0abertas\u00a0de\u00a019\u00a0a 23 de janeiro;\u00a0tentar uma bolsa de estudo pelo\u00a0Programa Universidade para Todos (Prouni),\u00a0no per\u00edodo\u00a0de 26 a 29 de janeiro; ou acessar o\u00a0Fundo de Financiamento Estudantil (Fies).\u00a0<\/strong><\/p>\n<p>A inscri\u00e7\u00e3o no Sisu n\u00e3o exige envio pr\u00e9vio de documentos. Os selecionados, no entanto, devem observar os prazos e requisitos, bem como apresentar a documenta\u00e7\u00e3o solicitada pela institui\u00e7\u00e3o de educa\u00e7\u00e3o superior no momento da matr\u00edcula.<\/p>\n<p><strong>Os participantes do Enem 2025 que atendem aos crit\u00e9rios estabelecidos e desejam utilizar o exame para fins de certifica\u00e7\u00e3o de conclus\u00e3o do ensino m\u00e9dio devem ficar atentos aos prazos para solicitar o certificado nas\u00a0institui\u00e7\u00f5es, por meio do\u00a0<a href=\"https:\/\/www.gov.br\/inep\/pt-br\" target=\"_blank\" rel=\"noopener\">portal do Inep<\/a>.\u00a0<\/strong><\/p>\n<p>Para obter o certificado de conclus\u00e3o do ensino m\u00e9dio pelo Enem, \u00e9 necess\u00e1rio ter indicado essa finalidade no momento da inscri\u00e7\u00e3o e alcan\u00e7ar, no m\u00ednimo, 450 pontos em cada \u00e1rea do conhecimento, al\u00e9m de obter, pelo menos, 500 na reda\u00e7\u00e3o.<\/p>\n<p><em>*Com informa\u00e7\u00f5es do Minist\u00e9rio da Educa\u00e7\u00e3o<\/em><\/p>\n<p>Fonte: Ag\u00eancia Brasil<\/p>\n<\/div>\n<\/div>\n","protected":false},"excerpt":{"rendered":"<p>Consulta pode ser feita na P\u00e1gina do Participante As notas do Exame Nacional do Ensino M\u00e9dio (Enem)\u00a02025\u00a0j\u00e1 podem ser consultadas na\u00a0P\u00e1gina do Participante, na internet.\u00a0Os resultados<span class=\"excerpt-hellip\"> [\u2026]<\/span><\/p>\n","protected":false},"author":10,"featured_media":63356,"comment_status":"open","ping_status":"open","sticky":false,"template":"","format":"standard","meta":{"_jetpack_memberships_contains_paid_content":false,"footnotes":"","jetpack_publicize_message":"","jetpack_publicize_feature_enabled":true,"jetpack_social_post_already_shared":true,"jetpack_social_options":{"image_generator_settings":{"template":"highway","default_image_id":0,"enabled":false},"version":2}},"categories":[28,44],"tags":[],"class_list":["post-63355","post","type-post","status-publish","format-standard","has-post-thumbnail","hentry","category-cotidiano","category-noticias"],"yoast_head":"<!-- This site is optimized with the Yoast SEO plugin v25.6 - https:\/\/yoast.com\/wordpress\/plugins\/seo\/ -->\n<title>Notas do Enem 2025 j\u00e1 est\u00e3o dispon\u00edveis na internet - VerdadeOn<\/title>\n<meta name=\"robots\" content=\"index, follow, max-snippet:-1, max-image-preview:large, max-video-preview:-1\" \/>\n<link rel=\"canonical\" href=\"https:\/\/verdadeon.com.br\/portal\/2026\/01\/16\/notas-do-enem-2025-ja-estao-disponiveis-na-internet\/\" \/>\n<meta property=\"og:locale\" content=\"pt_BR\" \/>\n<meta property=\"og:type\" content=\"article\" \/>\n<meta property=\"og:title\" content=\"Notas do Enem 2025 j\u00e1 est\u00e3o dispon\u00edveis na internet - VerdadeOn\" \/>\n<meta property=\"og:description\" content=\"Consulta pode ser feita na P\u00e1gina do Participante As notas do Exame Nacional do Ensino M\u00e9dio (Enem)\u00a02025\u00a0j\u00e1 podem ser consultadas na\u00a0P\u00e1gina do Participante, na internet.\u00a0Os resultados [\u2026]\" \/>\n<meta property=\"og:url\" content=\"https:\/\/verdadeon.com.br\/portal\/2026\/01\/16\/notas-do-enem-2025-ja-estao-disponiveis-na-internet\/\" \/>\n<meta property=\"og:site_name\" content=\"VerdadeOn\" \/>\n<meta property=\"article:published_time\" content=\"2026-01-16T14:51:50+00:00\" \/>\n<meta property=\"og:image\" content=\"https:\/\/verdadeon.com.br\/portal\/wp-content\/uploads\/2026\/01\/enem_25.jpg\" \/>\n\t<meta property=\"og:image:width\" content=\"1170\" \/>\n\t<meta property=\"og:image:height\" content=\"700\" \/>\n\t<meta property=\"og:image:type\" content=\"image\/jpeg\" \/>\n<meta name=\"author\" content=\"Redacao VerdadeOn\" \/>\n<meta name=\"twitter:card\" content=\"summary_large_image\" \/>\n<meta name=\"twitter:label1\" content=\"Escrito por\" \/>\n\t<meta name=\"twitter:data1\" content=\"Redacao VerdadeOn\" \/>\n\t<meta name=\"twitter:label2\" content=\"Est. tempo de leitura\" \/>\n\t<meta name=\"twitter:data2\" content=\"3 minutos\" \/>\n<script type=\"application\/ld+json\" class=\"yoast-schema-graph\">{\"@context\":\"https:\/\/schema.org\",\"@graph\":[{\"@type\":\"WebPage\",\"@id\":\"https:\/\/verdadeon.com.br\/portal\/2026\/01\/16\/notas-do-enem-2025-ja-estao-disponiveis-na-internet\/\",\"url\":\"https:\/\/verdadeon.com.br\/portal\/2026\/01\/16\/notas-do-enem-2025-ja-estao-disponiveis-na-internet\/\",\"name\":\"Notas do Enem 2025 j\u00e1 est\u00e3o dispon\u00edveis na internet - VerdadeOn\",\"isPartOf\":{\"@id\":\"https:\/\/verdadeon.com.br\/portal\/#website\"},\"primaryImageOfPage\":{\"@id\":\"https:\/\/verdadeon.com.br\/portal\/2026\/01\/16\/notas-do-enem-2025-ja-estao-disponiveis-na-internet\/#primaryimage\"},\"image\":{\"@id\":\"https:\/\/verdadeon.com.br\/portal\/2026\/01\/16\/notas-do-enem-2025-ja-estao-disponiveis-na-internet\/#primaryimage\"},\"thumbnailUrl\":\"https:\/\/i0.wp.com\/verdadeon.com.br\/portal\/wp-content\/uploads\/2026\/01\/enem_25.jpg?fit=1170%2C700&ssl=1\",\"datePublished\":\"2026-01-16T14:51:50+00:00\",\"author\":{\"@id\":\"https:\/\/verdadeon.com.br\/portal\/#\/schema\/person\/a5060ad1e9ea3df545188fc93ce43d2f\"},\"breadcrumb\":{\"@id\":\"https:\/\/verdadeon.com.br\/portal\/2026\/01\/16\/notas-do-enem-2025-ja-estao-disponiveis-na-internet\/#breadcrumb\"},\"inLanguage\":\"pt-BR\",\"potentialAction\":[{\"@type\":\"ReadAction\",\"target\":[\"https:\/\/verdadeon.com.br\/portal\/2026\/01\/16\/notas-do-enem-2025-ja-estao-disponiveis-na-internet\/\"]}]},{\"@type\":\"ImageObject\",\"inLanguage\":\"pt-BR\",\"@id\":\"https:\/\/verdadeon.com.br\/portal\/2026\/01\/16\/notas-do-enem-2025-ja-estao-disponiveis-na-internet\/#primaryimage\",\"url\":\"https:\/\/i0.wp.com\/verdadeon.com.br\/portal\/wp-content\/uploads\/2026\/01\/enem_25.jpg?fit=1170%2C700&ssl=1\",\"contentUrl\":\"https:\/\/i0.wp.com\/verdadeon.com.br\/portal\/wp-content\/uploads\/2026\/01\/enem_25.jpg?fit=1170%2C700&ssl=1\",\"width\":1170,\"height\":700,\"caption\":\"(\u00a9Paulo Pinto\/Ag\u00eancia Brasil)\"},{\"@type\":\"BreadcrumbList\",\"@id\":\"https:\/\/verdadeon.com.br\/portal\/2026\/01\/16\/notas-do-enem-2025-ja-estao-disponiveis-na-internet\/#breadcrumb\",\"itemListElement\":[{\"@type\":\"ListItem\",\"position\":1,\"name\":\"In\u00edcio\",\"item\":\"https:\/\/verdadeon.com.br\/portal\/\"},{\"@type\":\"ListItem\",\"position\":2,\"name\":\"Notas do Enem 2025 j\u00e1 est\u00e3o dispon\u00edveis na internet\"}]},{\"@type\":\"WebSite\",\"@id\":\"https:\/\/verdadeon.com.br\/portal\/#website\",\"url\":\"https:\/\/verdadeon.com.br\/portal\/\",\"name\":\"VerdadeOn\",\"description\":\"Not\u00edcias di\u00e1rias sobre Franca, Regi\u00e3o, Esporte, Cultura, Cotidiano, Colunas. Cobertura nos principais eventos da cidade \u00e9 aqui - Verdadeon Franca\",\"potentialAction\":[{\"@type\":\"SearchAction\",\"target\":{\"@type\":\"EntryPoint\",\"urlTemplate\":\"https:\/\/verdadeon.com.br\/portal\/?s={search_term_string}\"},\"query-input\":{\"@type\":\"PropertyValueSpecification\",\"valueRequired\":true,\"valueName\":\"search_term_string\"}}],\"inLanguage\":\"pt-BR\"},{\"@type\":\"Person\",\"@id\":\"https:\/\/verdadeon.com.br\/portal\/#\/schema\/person\/a5060ad1e9ea3df545188fc93ce43d2f\",\"name\":\"Redacao VerdadeOn\",\"image\":{\"@type\":\"ImageObject\",\"inLanguage\":\"pt-BR\",\"@id\":\"https:\/\/verdadeon.com.br\/portal\/#\/schema\/person\/image\/\",\"url\":\"https:\/\/secure.gravatar.com\/avatar\/459a9613caaaf07f582c3d0841eea68bdd66f533e465e6ba8b9cb45619572cf4?s=96&d=mm&r=g\",\"contentUrl\":\"https:\/\/secure.gravatar.com\/avatar\/459a9613caaaf07f582c3d0841eea68bdd66f533e465e6ba8b9cb45619572cf4?s=96&d=mm&r=g\",\"caption\":\"Redacao VerdadeOn\"},\"url\":\"https:\/\/verdadeon.com.br\/portal\/author\/redacao\/\"}]}<\/script>\n<!-- \/ Yoast SEO plugin. -->","yoast_head_json":{"title":"Notas do Enem 2025 j\u00e1 est\u00e3o dispon\u00edveis na internet - VerdadeOn","robots":{"index":"index","follow":"follow","max-snippet":"max-snippet:-1","max-image-preview":"max-image-preview:large","max-video-preview":"max-video-preview:-1"},"canonical":"https:\/\/verdadeon.com.br\/portal\/2026\/01\/16\/notas-do-enem-2025-ja-estao-disponiveis-na-internet\/","og_locale":"pt_BR","og_type":"article","og_title":"Notas do Enem 2025 j\u00e1 est\u00e3o dispon\u00edveis na internet - VerdadeOn","og_description":"Consulta pode ser feita na P\u00e1gina do Participante As notas do Exame Nacional do Ensino M\u00e9dio (Enem)\u00a02025\u00a0j\u00e1 podem ser consultadas na\u00a0P\u00e1gina do Participante, na internet.\u00a0Os resultados [\u2026]","og_url":"https:\/\/verdadeon.com.br\/portal\/2026\/01\/16\/notas-do-enem-2025-ja-estao-disponiveis-na-internet\/","og_site_name":"VerdadeOn","article_published_time":"2026-01-16T14:51:50+00:00","og_image":[{"width":1170,"height":700,"url":"https:\/\/verdadeon.com.br\/portal\/wp-content\/uploads\/2026\/01\/enem_25.jpg","type":"image\/jpeg"}],"author":"Redacao VerdadeOn","twitter_card":"summary_large_image","twitter_misc":{"Escrito por":"Redacao VerdadeOn","Est. tempo de leitura":"3 minutos"},"schema":{"@context":"https:\/\/schema.org","@graph":[{"@type":"WebPage","@id":"https:\/\/verdadeon.com.br\/portal\/2026\/01\/16\/notas-do-enem-2025-ja-estao-disponiveis-na-internet\/","url":"https:\/\/verdadeon.com.br\/portal\/2026\/01\/16\/notas-do-enem-2025-ja-estao-disponiveis-na-internet\/","name":"Notas do Enem 2025 j\u00e1 est\u00e3o dispon\u00edveis na internet - VerdadeOn","isPartOf":{"@id":"https:\/\/verdadeon.com.br\/portal\/#website"},"primaryImageOfPage":{"@id":"https:\/\/verdadeon.com.br\/portal\/2026\/01\/16\/notas-do-enem-2025-ja-estao-disponiveis-na-internet\/#primaryimage"},"image":{"@id":"https:\/\/verdadeon.com.br\/portal\/2026\/01\/16\/notas-do-enem-2025-ja-estao-disponiveis-na-internet\/#primaryimage"},"thumbnailUrl":"https:\/\/i0.wp.com\/verdadeon.com.br\/portal\/wp-content\/uploads\/2026\/01\/enem_25.jpg?fit=1170%2C700&ssl=1","datePublished":"2026-01-16T14:51:50+00:00","author":{"@id":"https:\/\/verdadeon.com.br\/portal\/#\/schema\/person\/a5060ad1e9ea3df545188fc93ce43d2f"},"breadcrumb":{"@id":"https:\/\/verdadeon.com.br\/portal\/2026\/01\/16\/notas-do-enem-2025-ja-estao-disponiveis-na-internet\/#breadcrumb"},"inLanguage":"pt-BR","potentialAction":[{"@type":"ReadAction","target":["https:\/\/verdadeon.com.br\/portal\/2026\/01\/16\/notas-do-enem-2025-ja-estao-disponiveis-na-internet\/"]}]},{"@type":"ImageObject","inLanguage":"pt-BR","@id":"https:\/\/verdadeon.com.br\/portal\/2026\/01\/16\/notas-do-enem-2025-ja-estao-disponiveis-na-internet\/#primaryimage","url":"https:\/\/i0.wp.com\/verdadeon.com.br\/portal\/wp-content\/uploads\/2026\/01\/enem_25.jpg?fit=1170%2C700&ssl=1","contentUrl":"https:\/\/i0.wp.com\/verdadeon.com.br\/portal\/wp-content\/uploads\/2026\/01\/enem_25.jpg?fit=1170%2C700&ssl=1","width":1170,"height":700,"caption":"(\u00a9Paulo Pinto\/Ag\u00eancia Brasil)"},{"@type":"BreadcrumbList","@id":"https:\/\/verdadeon.com.br\/portal\/2026\/01\/16\/notas-do-enem-2025-ja-estao-disponiveis-na-internet\/#breadcrumb","itemListElement":[{"@type":"ListItem","position":1,"name":"In\u00edcio","item":"https:\/\/verdadeon.com.br\/portal\/"},{"@type":"ListItem","position":2,"name":"Notas do Enem 2025 j\u00e1 est\u00e3o dispon\u00edveis na internet"}]},{"@type":"WebSite","@id":"https:\/\/verdadeon.com.br\/portal\/#website","url":"https:\/\/verdadeon.com.br\/portal\/","name":"VerdadeOn","description":"Not\u00edcias di\u00e1rias sobre Franca, Regi\u00e3o, Esporte, Cultura, Cotidiano, Colunas. Cobertura nos principais eventos da cidade \u00e9 aqui - Verdadeon Franca","potentialAction":[{"@type":"SearchAction","target":{"@type":"EntryPoint","urlTemplate":"https:\/\/verdadeon.com.br\/portal\/?s={search_term_string}"},"query-input":{"@type":"PropertyValueSpecification","valueRequired":true,"valueName":"search_term_string"}}],"inLanguage":"pt-BR"},{"@type":"Person","@id":"https:\/\/verdadeon.com.br\/portal\/#\/schema\/person\/a5060ad1e9ea3df545188fc93ce43d2f","name":"Redacao VerdadeOn","image":{"@type":"ImageObject","inLanguage":"pt-BR","@id":"https:\/\/verdadeon.com.br\/portal\/#\/schema\/person\/image\/","url":"https:\/\/secure.gravatar.com\/avatar\/459a9613caaaf07f582c3d0841eea68bdd66f533e465e6ba8b9cb45619572cf4?s=96&d=mm&r=g","contentUrl":"https:\/\/secure.gravatar.com\/avatar\/459a9613caaaf07f582c3d0841eea68bdd66f533e465e6ba8b9cb45619572cf4?s=96&d=mm&r=g","caption":"Redacao VerdadeOn"},"url":"https:\/\/verdadeon.com.br\/portal\/author\/redacao\/"}]}},"jetpack_publicize_connections":[],"jetpack_featured_media_url":"https:\/\/i0.wp.com\/verdadeon.com.br\/portal\/wp-content\/uploads\/2026\/01\/enem_25.jpg?fit=1170%2C700&ssl=1","jetpack_sharing_enabled":true,"_links":{"self":[{"href":"https:\/\/verdadeon.com.br\/portal\/wp-json\/wp\/v2\/posts\/63355","targetHints":{"allow":["GET"]}}],"collection":[{"href":"https:\/\/verdadeon.com.br\/portal\/wp-json\/wp\/v2\/posts"}],"about":[{"href":"https:\/\/verdadeon.com.br\/portal\/wp-json\/wp\/v2\/types\/post"}],"author":[{"embeddable":true,"href":"https:\/\/verdadeon.com.br\/portal\/wp-json\/wp\/v2\/users\/10"}],"replies":[{"embeddable":true,"href":"https:\/\/verdadeon.com.br\/portal\/wp-json\/wp\/v2\/comments?post=63355"}],"version-history":[{"count":1,"href":"https:\/\/verdadeon.com.br\/portal\/wp-json\/wp\/v2\/posts\/63355\/revisions"}],"predecessor-version":[{"id":63357,"href":"https:\/\/verdadeon.com.br\/portal\/wp-json\/wp\/v2\/posts\/63355\/revisions\/63357"}],"wp:featuredmedia":[{"embeddable":true,"href":"https:\/\/verdadeon.com.br\/portal\/wp-json\/wp\/v2\/media\/63356"}],"wp:attachment":[{"href":"https:\/\/verdadeon.com.br\/portal\/wp-json\/wp\/v2\/media?parent=63355"}],"wp:term":[{"taxonomy":"category","embeddable":true,"href":"https:\/\/verdadeon.com.br\/portal\/wp-json\/wp\/v2\/categories?post=63355"},{"taxonomy":"post_tag","embeddable":true,"href":"https:\/\/verdadeon.com.br\/portal\/wp-json\/wp\/v2\/tags?post=63355"}],"curies":[{"name":"wp","href":"https:\/\/api.w.org\/{rel}","templated":true}]}}