{"id":63351,"date":"2026-01-16T11:39:02","date_gmt":"2026-01-16T14:39:02","guid":{"rendered":"https:\/\/verdadeon.com.br\/portal\/?p=63351"},"modified":"2026-01-16T12:02:07","modified_gmt":"2026-01-16T15:02:07","slug":"guaira-prepara-comemoracao-dos-97-anos-festa-do-peao-tera-programacao-musical-de-peso","status":"publish","type":"post","link":"https:\/\/verdadeon.com.br\/portal\/2026\/01\/16\/guaira-prepara-comemoracao-dos-97-anos-festa-do-peao-tera-programacao-musical-de-peso\/","title":{"rendered":"Gua\u00edra prepara comemora\u00e7\u00e3o dos 97 anos; Festa do Pe\u00e3o ter\u00e1 programa\u00e7\u00e3o musical de peso"},"content":{"rendered":"<h2>Jo\u00e3o Bosco &amp; Vin\u00edcius, Nattan, Eduardo Costa e Bruno &amp; Marrone embalam festejos<\/h2>\n<p>Durante coletiva de imprensa realizada pela Prefeitura de Gua\u00edra, cidade a cerca de 111 quil\u00f4metros de Franca, junto \u00e0 comiss\u00e3o organizadora da Arena Eventos, foram anunciados quatro grandes shows a serem realizados entre os dias 14 e 17 de maio, ocasi\u00e3o do anivers\u00e1rio de 97 anos do munic\u00edpio (comemorado no dia 18).<\/p>\n<p>A 31\u00aa Festa do Pe\u00e3o &#8211; que carrega tradicionalmente o t\u00edtulo de &#8220;Maior e Melhor Festa Popular da Regi\u00e3o&#8221; &#8211; receber\u00e1, na primeira noite, a dupla Jo\u00e3o Bosco &amp; Vin\u00edcius. A sequ\u00eancia traz o hitmaker do sertanejo, Nattan, no dia 15; o cantor Eduardo Costa, no dia 16; e encerrando com chave de ouro, a consagrada dupla Bruno &amp; Marrone, no dia 17.<\/p>\n<p>O ingresso para a pista, em cada show, ser\u00e1 solid\u00e1rio, podendo ser adquirido atrav\u00e9s da doa\u00e7\u00e3o de 1kg de alimento n\u00e3o perec\u00edvel. A campanha come\u00e7a oficialmente no dia 10 de abril. Segundo a Prefeitura, a\u00a0expectativa \u00e9 de que a combina\u00e7\u00e3o de grandes nomes da m\u00fasica sertaneja com a solidariedade do p\u00fablico resulte em uma celebra\u00e7\u00e3o inesquec\u00edvel para o anivers\u00e1rio da cidade.<\/p>\n<p>&#8220;Convidamos todos os guairenses para celebrar os 97 anos da nossa querida Gua\u00edra! \u00c9 um momento de orgulho, valoriza\u00e7\u00e3o da nossa cultura e entretenimento de qualidade para toda a fam\u00edlia. Vamos juntos, com alegria e uni\u00e3o, honrar nossa hist\u00f3ria e construir mem\u00f3rias inesquec\u00edveis\u201d, real\u00e7a o Prefeito Jun\u00e3o.<\/p>\n","protected":false},"excerpt":{"rendered":"<p>Jo\u00e3o Bosco &amp; Vin\u00edcius, Nattan, Eduardo Costa e Bruno &amp; Marrone embalam festejos Durante coletiva de imprensa realizada pela Prefeitura de Gua\u00edra, cidade a cerca de<span class=\"excerpt-hellip\"> [\u2026]<\/span><\/p>\n","protected":false},"author":10,"featured_media":63352,"comment_status":"open","ping_status":"open","sticky":false,"template":"","format":"standard","meta":{"_jetpack_memberships_contains_paid_content":false,"footnotes":"","jetpack_publicize_message":"","jetpack_publicize_feature_enabled":true,"jetpack_social_post_already_shared":true,"jetpack_social_options":{"image_generator_settings":{"template":"highway","default_image_id":0,"enabled":false},"version":2}},"categories":[28,81],"tags":[],"class_list":["post-63351","post","type-post","status-publish","format-standard","has-post-thumbnail","hentry","category-cotidiano","category-manchete"],"yoast_head":"<!-- This site is optimized with the Yoast SEO plugin v25.6 - https:\/\/yoast.com\/wordpress\/plugins\/seo\/ -->\n<title>Gua\u00edra prepara comemora\u00e7\u00e3o dos 97 anos; Festa do Pe\u00e3o ter\u00e1 programa\u00e7\u00e3o musical de peso - VerdadeOn<\/title>\n<meta name=\"robots\" content=\"index, follow, max-snippet:-1, max-image-preview:large, max-video-preview:-1\" \/>\n<link rel=\"canonical\" href=\"https:\/\/verdadeon.com.br\/portal\/2026\/01\/16\/guaira-prepara-comemoracao-dos-97-anos-festa-do-peao-tera-programacao-musical-de-peso\/\" \/>\n<meta property=\"og:locale\" content=\"pt_BR\" \/>\n<meta property=\"og:type\" content=\"article\" \/>\n<meta property=\"og:title\" content=\"Gua\u00edra prepara comemora\u00e7\u00e3o dos 97 anos; Festa do Pe\u00e3o ter\u00e1 programa\u00e7\u00e3o musical de peso - VerdadeOn\" \/>\n<meta property=\"og:description\" content=\"Jo\u00e3o Bosco &amp; Vin\u00edcius, Nattan, Eduardo Costa e Bruno &amp; Marrone embalam festejos Durante coletiva de imprensa realizada pela Prefeitura de Gua\u00edra, cidade a cerca de [\u2026]\" \/>\n<meta property=\"og:url\" content=\"https:\/\/verdadeon.com.br\/portal\/2026\/01\/16\/guaira-prepara-comemoracao-dos-97-anos-festa-do-peao-tera-programacao-musical-de-peso\/\" \/>\n<meta property=\"og:site_name\" content=\"VerdadeOn\" \/>\n<meta property=\"article:published_time\" content=\"2026-01-16T14:39:02+00:00\" \/>\n<meta property=\"article:modified_time\" content=\"2026-01-16T15:02:07+00:00\" \/>\n<meta property=\"og:image\" content=\"https:\/\/verdadeon.com.br\/portal\/wp-content\/uploads\/2026\/01\/Documento-a4-placa-empurre-puxe-para-abrir-verde-37.jpg\" \/>\n\t<meta property=\"og:image:width\" content=\"2000\" \/>\n\t<meta property=\"og:image:height\" content=\"1414\" \/>\n\t<meta property=\"og:image:type\" content=\"image\/jpeg\" \/>\n<meta name=\"author\" content=\"Redacao VerdadeOn\" \/>\n<meta name=\"twitter:card\" content=\"summary_large_image\" \/>\n<meta name=\"twitter:label1\" content=\"Escrito por\" \/>\n\t<meta name=\"twitter:data1\" content=\"Redacao VerdadeOn\" \/>\n\t<meta name=\"twitter:label2\" content=\"Est. tempo de leitura\" \/>\n\t<meta name=\"twitter:data2\" content=\"2 minutos\" \/>\n<script type=\"application\/ld+json\" class=\"yoast-schema-graph\">{\"@context\":\"https:\/\/schema.org\",\"@graph\":[{\"@type\":\"WebPage\",\"@id\":\"https:\/\/verdadeon.com.br\/portal\/2026\/01\/16\/guaira-prepara-comemoracao-dos-97-anos-festa-do-peao-tera-programacao-musical-de-peso\/\",\"url\":\"https:\/\/verdadeon.com.br\/portal\/2026\/01\/16\/guaira-prepara-comemoracao-dos-97-anos-festa-do-peao-tera-programacao-musical-de-peso\/\",\"name\":\"Gua\u00edra prepara comemora\u00e7\u00e3o dos 97 anos; Festa do Pe\u00e3o ter\u00e1 programa\u00e7\u00e3o musical de peso - VerdadeOn\",\"isPartOf\":{\"@id\":\"https:\/\/verdadeon.com.br\/portal\/#website\"},\"primaryImageOfPage\":{\"@id\":\"https:\/\/verdadeon.com.br\/portal\/2026\/01\/16\/guaira-prepara-comemoracao-dos-97-anos-festa-do-peao-tera-programacao-musical-de-peso\/#primaryimage\"},\"image\":{\"@id\":\"https:\/\/verdadeon.com.br\/portal\/2026\/01\/16\/guaira-prepara-comemoracao-dos-97-anos-festa-do-peao-tera-programacao-musical-de-peso\/#primaryimage\"},\"thumbnailUrl\":\"https:\/\/i0.wp.com\/verdadeon.com.br\/portal\/wp-content\/uploads\/2026\/01\/Documento-a4-placa-empurre-puxe-para-abrir-verde-37.jpg?fit=2000%2C1414&ssl=1\",\"datePublished\":\"2026-01-16T14:39:02+00:00\",\"dateModified\":\"2026-01-16T15:02:07+00:00\",\"author\":{\"@id\":\"https:\/\/verdadeon.com.br\/portal\/#\/schema\/person\/a5060ad1e9ea3df545188fc93ce43d2f\"},\"breadcrumb\":{\"@id\":\"https:\/\/verdadeon.com.br\/portal\/2026\/01\/16\/guaira-prepara-comemoracao-dos-97-anos-festa-do-peao-tera-programacao-musical-de-peso\/#breadcrumb\"},\"inLanguage\":\"pt-BR\",\"potentialAction\":[{\"@type\":\"ReadAction\",\"target\":[\"https:\/\/verdadeon.com.br\/portal\/2026\/01\/16\/guaira-prepara-comemoracao-dos-97-anos-festa-do-peao-tera-programacao-musical-de-peso\/\"]}]},{\"@type\":\"ImageObject\",\"inLanguage\":\"pt-BR\",\"@id\":\"https:\/\/verdadeon.com.br\/portal\/2026\/01\/16\/guaira-prepara-comemoracao-dos-97-anos-festa-do-peao-tera-programacao-musical-de-peso\/#primaryimage\",\"url\":\"https:\/\/i0.wp.com\/verdadeon.com.br\/portal\/wp-content\/uploads\/2026\/01\/Documento-a4-placa-empurre-puxe-para-abrir-verde-37.jpg?fit=2000%2C1414&ssl=1\",\"contentUrl\":\"https:\/\/i0.wp.com\/verdadeon.com.br\/portal\/wp-content\/uploads\/2026\/01\/Documento-a4-placa-empurre-puxe-para-abrir-verde-37.jpg?fit=2000%2C1414&ssl=1\",\"width\":2000,\"height\":1414,\"caption\":\"Jo\u00e3o Bosco & Vin\u00edcius, Nattan, Bruno & Marrone e Eduardo Costa estar\u00e3o na Festa do Pe\u00e3o de Gua\u00edra (\u00a9Reprodu\u00e7\u00e3o)\"},{\"@type\":\"BreadcrumbList\",\"@id\":\"https:\/\/verdadeon.com.br\/portal\/2026\/01\/16\/guaira-prepara-comemoracao-dos-97-anos-festa-do-peao-tera-programacao-musical-de-peso\/#breadcrumb\",\"itemListElement\":[{\"@type\":\"ListItem\",\"position\":1,\"name\":\"In\u00edcio\",\"item\":\"https:\/\/verdadeon.com.br\/portal\/\"},{\"@type\":\"ListItem\",\"position\":2,\"name\":\"Gua\u00edra prepara comemora\u00e7\u00e3o dos 97 anos; Festa do Pe\u00e3o ter\u00e1 programa\u00e7\u00e3o musical de peso\"}]},{\"@type\":\"WebSite\",\"@id\":\"https:\/\/verdadeon.com.br\/portal\/#website\",\"url\":\"https:\/\/verdadeon.com.br\/portal\/\",\"name\":\"VerdadeOn\",\"description\":\"Not\u00edcias di\u00e1rias sobre Franca, Regi\u00e3o, Esporte, Cultura, Cotidiano, Colunas. Cobertura nos principais eventos da cidade \u00e9 aqui - Verdadeon Franca\",\"potentialAction\":[{\"@type\":\"SearchAction\",\"target\":{\"@type\":\"EntryPoint\",\"urlTemplate\":\"https:\/\/verdadeon.com.br\/portal\/?s={search_term_string}\"},\"query-input\":{\"@type\":\"PropertyValueSpecification\",\"valueRequired\":true,\"valueName\":\"search_term_string\"}}],\"inLanguage\":\"pt-BR\"},{\"@type\":\"Person\",\"@id\":\"https:\/\/verdadeon.com.br\/portal\/#\/schema\/person\/a5060ad1e9ea3df545188fc93ce43d2f\",\"name\":\"Redacao VerdadeOn\",\"image\":{\"@type\":\"ImageObject\",\"inLanguage\":\"pt-BR\",\"@id\":\"https:\/\/verdadeon.com.br\/portal\/#\/schema\/person\/image\/\",\"url\":\"https:\/\/secure.gravatar.com\/avatar\/459a9613caaaf07f582c3d0841eea68bdd66f533e465e6ba8b9cb45619572cf4?s=96&d=mm&r=g\",\"contentUrl\":\"https:\/\/secure.gravatar.com\/avatar\/459a9613caaaf07f582c3d0841eea68bdd66f533e465e6ba8b9cb45619572cf4?s=96&d=mm&r=g\",\"caption\":\"Redacao VerdadeOn\"},\"url\":\"https:\/\/verdadeon.com.br\/portal\/author\/redacao\/\"}]}<\/script>\n<!-- \/ Yoast SEO plugin. -->","yoast_head_json":{"title":"Gua\u00edra prepara comemora\u00e7\u00e3o dos 97 anos; Festa do Pe\u00e3o ter\u00e1 programa\u00e7\u00e3o musical de peso - VerdadeOn","robots":{"index":"index","follow":"follow","max-snippet":"max-snippet:-1","max-image-preview":"max-image-preview:large","max-video-preview":"max-video-preview:-1"},"canonical":"https:\/\/verdadeon.com.br\/portal\/2026\/01\/16\/guaira-prepara-comemoracao-dos-97-anos-festa-do-peao-tera-programacao-musical-de-peso\/","og_locale":"pt_BR","og_type":"article","og_title":"Gua\u00edra prepara comemora\u00e7\u00e3o dos 97 anos; Festa do Pe\u00e3o ter\u00e1 programa\u00e7\u00e3o musical de peso - VerdadeOn","og_description":"Jo\u00e3o Bosco &amp; Vin\u00edcius, Nattan, Eduardo Costa e Bruno &amp; Marrone embalam festejos Durante coletiva de imprensa realizada pela Prefeitura de Gua\u00edra, cidade a cerca de [\u2026]","og_url":"https:\/\/verdadeon.com.br\/portal\/2026\/01\/16\/guaira-prepara-comemoracao-dos-97-anos-festa-do-peao-tera-programacao-musical-de-peso\/","og_site_name":"VerdadeOn","article_published_time":"2026-01-16T14:39:02+00:00","article_modified_time":"2026-01-16T15:02:07+00:00","og_image":[{"width":2000,"height":1414,"url":"https:\/\/verdadeon.com.br\/portal\/wp-content\/uploads\/2026\/01\/Documento-a4-placa-empurre-puxe-para-abrir-verde-37.jpg","type":"image\/jpeg"}],"author":"Redacao VerdadeOn","twitter_card":"summary_large_image","twitter_misc":{"Escrito por":"Redacao VerdadeOn","Est. tempo de leitura":"2 minutos"},"schema":{"@context":"https:\/\/schema.org","@graph":[{"@type":"WebPage","@id":"https:\/\/verdadeon.com.br\/portal\/2026\/01\/16\/guaira-prepara-comemoracao-dos-97-anos-festa-do-peao-tera-programacao-musical-de-peso\/","url":"https:\/\/verdadeon.com.br\/portal\/2026\/01\/16\/guaira-prepara-comemoracao-dos-97-anos-festa-do-peao-tera-programacao-musical-de-peso\/","name":"Gua\u00edra prepara comemora\u00e7\u00e3o dos 97 anos; Festa do Pe\u00e3o ter\u00e1 programa\u00e7\u00e3o musical de peso - VerdadeOn","isPartOf":{"@id":"https:\/\/verdadeon.com.br\/portal\/#website"},"primaryImageOfPage":{"@id":"https:\/\/verdadeon.com.br\/portal\/2026\/01\/16\/guaira-prepara-comemoracao-dos-97-anos-festa-do-peao-tera-programacao-musical-de-peso\/#primaryimage"},"image":{"@id":"https:\/\/verdadeon.com.br\/portal\/2026\/01\/16\/guaira-prepara-comemoracao-dos-97-anos-festa-do-peao-tera-programacao-musical-de-peso\/#primaryimage"},"thumbnailUrl":"https:\/\/i0.wp.com\/verdadeon.com.br\/portal\/wp-content\/uploads\/2026\/01\/Documento-a4-placa-empurre-puxe-para-abrir-verde-37.jpg?fit=2000%2C1414&ssl=1","datePublished":"2026-01-16T14:39:02+00:00","dateModified":"2026-01-16T15:02:07+00:00","author":{"@id":"https:\/\/verdadeon.com.br\/portal\/#\/schema\/person\/a5060ad1e9ea3df545188fc93ce43d2f"},"breadcrumb":{"@id":"https:\/\/verdadeon.com.br\/portal\/2026\/01\/16\/guaira-prepara-comemoracao-dos-97-anos-festa-do-peao-tera-programacao-musical-de-peso\/#breadcrumb"},"inLanguage":"pt-BR","potentialAction":[{"@type":"ReadAction","target":["https:\/\/verdadeon.com.br\/portal\/2026\/01\/16\/guaira-prepara-comemoracao-dos-97-anos-festa-do-peao-tera-programacao-musical-de-peso\/"]}]},{"@type":"ImageObject","inLanguage":"pt-BR","@id":"https:\/\/verdadeon.com.br\/portal\/2026\/01\/16\/guaira-prepara-comemoracao-dos-97-anos-festa-do-peao-tera-programacao-musical-de-peso\/#primaryimage","url":"https:\/\/i0.wp.com\/verdadeon.com.br\/portal\/wp-content\/uploads\/2026\/01\/Documento-a4-placa-empurre-puxe-para-abrir-verde-37.jpg?fit=2000%2C1414&ssl=1","contentUrl":"https:\/\/i0.wp.com\/verdadeon.com.br\/portal\/wp-content\/uploads\/2026\/01\/Documento-a4-placa-empurre-puxe-para-abrir-verde-37.jpg?fit=2000%2C1414&ssl=1","width":2000,"height":1414,"caption":"Jo\u00e3o Bosco & Vin\u00edcius, Nattan, Bruno & Marrone e Eduardo Costa estar\u00e3o na Festa do Pe\u00e3o de Gua\u00edra (\u00a9Reprodu\u00e7\u00e3o)"},{"@type":"BreadcrumbList","@id":"https:\/\/verdadeon.com.br\/portal\/2026\/01\/16\/guaira-prepara-comemoracao-dos-97-anos-festa-do-peao-tera-programacao-musical-de-peso\/#breadcrumb","itemListElement":[{"@type":"ListItem","position":1,"name":"In\u00edcio","item":"https:\/\/verdadeon.com.br\/portal\/"},{"@type":"ListItem","position":2,"name":"Gua\u00edra prepara comemora\u00e7\u00e3o dos 97 anos; Festa do Pe\u00e3o ter\u00e1 programa\u00e7\u00e3o musical de peso"}]},{"@type":"WebSite","@id":"https:\/\/verdadeon.com.br\/portal\/#website","url":"https:\/\/verdadeon.com.br\/portal\/","name":"VerdadeOn","description":"Not\u00edcias di\u00e1rias sobre Franca, Regi\u00e3o, Esporte, Cultura, Cotidiano, Colunas. Cobertura nos principais eventos da cidade \u00e9 aqui - Verdadeon Franca","potentialAction":[{"@type":"SearchAction","target":{"@type":"EntryPoint","urlTemplate":"https:\/\/verdadeon.com.br\/portal\/?s={search_term_string}"},"query-input":{"@type":"PropertyValueSpecification","valueRequired":true,"valueName":"search_term_string"}}],"inLanguage":"pt-BR"},{"@type":"Person","@id":"https:\/\/verdadeon.com.br\/portal\/#\/schema\/person\/a5060ad1e9ea3df545188fc93ce43d2f","name":"Redacao VerdadeOn","image":{"@type":"ImageObject","inLanguage":"pt-BR","@id":"https:\/\/verdadeon.com.br\/portal\/#\/schema\/person\/image\/","url":"https:\/\/secure.gravatar.com\/avatar\/459a9613caaaf07f582c3d0841eea68bdd66f533e465e6ba8b9cb45619572cf4?s=96&d=mm&r=g","contentUrl":"https:\/\/secure.gravatar.com\/avatar\/459a9613caaaf07f582c3d0841eea68bdd66f533e465e6ba8b9cb45619572cf4?s=96&d=mm&r=g","caption":"Redacao VerdadeOn"},"url":"https:\/\/verdadeon.com.br\/portal\/author\/redacao\/"}]}},"jetpack_publicize_connections":[],"jetpack_featured_media_url":"https:\/\/i0.wp.com\/verdadeon.com.br\/portal\/wp-content\/uploads\/2026\/01\/Documento-a4-placa-empurre-puxe-para-abrir-verde-37.jpg?fit=2000%2C1414&ssl=1","jetpack_sharing_enabled":true,"_links":{"self":[{"href":"https:\/\/verdadeon.com.br\/portal\/wp-json\/wp\/v2\/posts\/63351","targetHints":{"allow":["GET"]}}],"collection":[{"href":"https:\/\/verdadeon.com.br\/portal\/wp-json\/wp\/v2\/posts"}],"about":[{"href":"https:\/\/verdadeon.com.br\/portal\/wp-json\/wp\/v2\/types\/post"}],"author":[{"embeddable":true,"href":"https:\/\/verdadeon.com.br\/portal\/wp-json\/wp\/v2\/users\/10"}],"replies":[{"embeddable":true,"href":"https:\/\/verdadeon.com.br\/portal\/wp-json\/wp\/v2\/comments?post=63351"}],"version-history":[{"count":2,"href":"https:\/\/verdadeon.com.br\/portal\/wp-json\/wp\/v2\/posts\/63351\/revisions"}],"predecessor-version":[{"id":63362,"href":"https:\/\/verdadeon.com.br\/portal\/wp-json\/wp\/v2\/posts\/63351\/revisions\/63362"}],"wp:featuredmedia":[{"embeddable":true,"href":"https:\/\/verdadeon.com.br\/portal\/wp-json\/wp\/v2\/media\/63352"}],"wp:attachment":[{"href":"https:\/\/verdadeon.com.br\/portal\/wp-json\/wp\/v2\/media?parent=63351"}],"wp:term":[{"taxonomy":"category","embeddable":true,"href":"https:\/\/verdadeon.com.br\/portal\/wp-json\/wp\/v2\/categories?post=63351"},{"taxonomy":"post_tag","embeddable":true,"href":"https:\/\/verdadeon.com.br\/portal\/wp-json\/wp\/v2\/tags?post=63351"}],"curies":[{"name":"wp","href":"https:\/\/api.w.org\/{rel}","templated":true}]}}