{"id":63157,"date":"2026-01-09T12:49:33","date_gmt":"2026-01-09T15:49:33","guid":{"rendered":"https:\/\/verdadeon.com.br\/portal\/?p=63157"},"modified":"2026-01-09T12:49:33","modified_gmt":"2026-01-09T15:49:33","slug":"sesc-franca-abre-contratacao-temporaria-para-cinco-cargos","status":"publish","type":"post","link":"https:\/\/verdadeon.com.br\/portal\/2026\/01\/09\/sesc-franca-abre-contratacao-temporaria-para-cinco-cargos\/","title":{"rendered":"Sesc Franca abre contrata\u00e7\u00e3o tempor\u00e1ria para cinco cargos"},"content":{"rendered":"<p>A unidade de Franca do Sesc (Servi\u00e7o Social do Com\u00e9rcio) est\u00e1 divulgando oportunidades para atua\u00e7\u00e3o tempor\u00e1ria em cinco cargos: Analista de Comunica\u00e7\u00e3o I, T\u00e9cnico em Sonoriza\u00e7\u00e3o e Multim\u00eddia, Cozinheiro Pleno, Auxiliar de Atendimento e Servi\u00e7os Administrativos e Auxiliar em Servi\u00e7os de Alimenta\u00e7\u00e3o.<\/p>\n<p>Confira abaixo os requisitos:<\/p>\n<p><strong>&#8211; Analista de Comunica\u00e7\u00e3o I<\/strong><br \/>\n\u2022 Possuir a gradua\u00e7\u00e3o completa de n\u00edvel Bacharelado, Licenciatura ou Tecnol\u00f3gico na \u00e1rea de comunica\u00e7\u00e3o\u202fsocial ou p\u00f3s-gradua\u00e7\u00e3o lato ou stricto sensu em uma das seguintes \u00e1reas: comunica\u00e7\u00e3o,\u202fcinema\u202fou\u202f\u00e1udio visual.<br \/>\n\u2022 \u00c9 imprescind\u00edvel ter disponibilidade para atuar todos os finais de semana e feriados em uma jornada de trabalho de 40 horas semanais, inclusive no per\u00edodo noturno<\/p>\n<p><strong>&#8211; T\u00e9cnico em Sonoriza\u00e7\u00e3o e Multim\u00eddia <\/strong><br \/>\n\u2022 Possuir ensino m\u00e9dio completo e registro profissional v\u00e1lido em territ\u00f3rio nacional (DRT) necess\u00e1rio para o exerc\u00edcio legal da profiss\u00e3o.<br \/>\n\u2022 Viv\u00eancia profissional comprovada de, no m\u00ednimo, 3 meses na fun\u00e7\u00e3o<br \/>\n\u2022 \u00c9 imprescind\u00edvel ter disponibilidade para atuar todos os finais de semana e feriados em uma jornada de trabalho de 40 horas semanais, inclusive no per\u00edodo noturno.<\/p>\n<p><strong>&#8211; Cozinheiro Pleno<\/strong><br \/>\n\u2022 Possuir ensino m\u00e9dio completo e experi\u00eancia profissional comprovada na fun\u00e7\u00e3o de Cozinheiro, nos \u00faltimos 3 anos. Desej\u00e1vel curso de desenvolvimento na \u00e1rea.<br \/>\n\u2022 \u00c9 imprescind\u00edvel ter disponibilidade para atuar todos os finais de semana e feriados em uma jornada de trabalho de 40 horas semanais, inclusive no per\u00edodo noturno<\/p>\n<p><strong>&#8211; Auxiliar de Atendimento e Servi\u00e7os Administrativos <\/strong><br \/>\n\u2022 Possuir o ensino m\u00e9dio completo.<br \/>\n\u2022 \u00c9 imprescind\u00edvel ter disponibilidade para atuar todos os finais de semana e feriados em uma jornada de trabalho de 40 horas semanais, inclusive no per\u00edodo noturno.<\/p>\n<p><strong>&#8211; Auxiliar em Servi\u00e7os de Alimenta\u00e7\u00e3o; <\/strong><br \/>\n\u2022 Possuir o ensino m\u00e9dio completo e viv\u00eancia profissional na \u00e1rea de alimenta\u00e7\u00e3o.<br \/>\n\u2022 \u00c9 imprescind\u00edvel ter disponibilidade para atuar todos os finais de semana e feriados em uma jornada de trabalho de 40 horas semanais, inclusive no per\u00edodo noturno.<\/p>\n<p>Quem tiver interesse em participar do processo seletivo, solicitamos que orientem o envio do curr\u00edculo para o e-mail: <a href=\"mailto:rm.recrutamento@rmconsultoriarh.com.br\">rm.recrutamento@rmconsultoriarh.com.br<\/a>.<br \/>\nA participa\u00e7\u00e3o no processo estar\u00e1 sujeita \u00e0 an\u00e1lise de perfil conforme os requisitos da vaga.<\/p>\n","protected":false},"excerpt":{"rendered":"<p>A unidade de Franca do Sesc (Servi\u00e7o Social do Com\u00e9rcio) est\u00e1 divulgando oportunidades para atua\u00e7\u00e3o tempor\u00e1ria em cinco cargos: Analista de Comunica\u00e7\u00e3o I, T\u00e9cnico em Sonoriza\u00e7\u00e3o<span class=\"excerpt-hellip\"> [\u2026]<\/span><\/p>\n","protected":false},"author":10,"featured_media":63158,"comment_status":"open","ping_status":"open","sticky":false,"template":"","format":"standard","meta":{"_jetpack_memberships_contains_paid_content":false,"footnotes":"","jetpack_publicize_message":"","jetpack_publicize_feature_enabled":true,"jetpack_social_post_already_shared":true,"jetpack_social_options":{"image_generator_settings":{"template":"highway","default_image_id":0,"enabled":false},"version":2}},"categories":[28,44],"tags":[],"class_list":["post-63157","post","type-post","status-publish","format-standard","has-post-thumbnail","hentry","category-cotidiano","category-noticias"],"yoast_head":"<!-- This site is optimized with the Yoast SEO plugin v25.6 - https:\/\/yoast.com\/wordpress\/plugins\/seo\/ -->\n<title>Sesc Franca abre contrata\u00e7\u00e3o tempor\u00e1ria para cinco cargos - VerdadeOn<\/title>\n<meta name=\"robots\" content=\"index, follow, max-snippet:-1, max-image-preview:large, max-video-preview:-1\" \/>\n<link rel=\"canonical\" href=\"https:\/\/verdadeon.com.br\/portal\/2026\/01\/09\/sesc-franca-abre-contratacao-temporaria-para-cinco-cargos\/\" \/>\n<meta property=\"og:locale\" content=\"pt_BR\" \/>\n<meta property=\"og:type\" content=\"article\" \/>\n<meta property=\"og:title\" content=\"Sesc Franca abre contrata\u00e7\u00e3o tempor\u00e1ria para cinco cargos - VerdadeOn\" \/>\n<meta property=\"og:description\" content=\"A unidade de Franca do Sesc (Servi\u00e7o Social do Com\u00e9rcio) est\u00e1 divulgando oportunidades para atua\u00e7\u00e3o tempor\u00e1ria em cinco cargos: Analista de Comunica\u00e7\u00e3o I, T\u00e9cnico em Sonoriza\u00e7\u00e3o [\u2026]\" \/>\n<meta property=\"og:url\" content=\"https:\/\/verdadeon.com.br\/portal\/2026\/01\/09\/sesc-franca-abre-contratacao-temporaria-para-cinco-cargos\/\" \/>\n<meta property=\"og:site_name\" content=\"VerdadeOn\" \/>\n<meta property=\"article:published_time\" content=\"2026-01-09T15:49:33+00:00\" \/>\n<meta property=\"og:image\" content=\"https:\/\/verdadeon.com.br\/portal\/wp-content\/uploads\/2026\/01\/Capturar.jpg\" \/>\n\t<meta property=\"og:image:width\" content=\"906\" \/>\n\t<meta property=\"og:image:height\" content=\"496\" \/>\n\t<meta property=\"og:image:type\" content=\"image\/jpeg\" \/>\n<meta name=\"author\" content=\"Redacao VerdadeOn\" \/>\n<meta name=\"twitter:card\" content=\"summary_large_image\" \/>\n<meta name=\"twitter:label1\" content=\"Escrito por\" \/>\n\t<meta name=\"twitter:data1\" content=\"Redacao VerdadeOn\" \/>\n\t<meta name=\"twitter:label2\" content=\"Est. tempo de leitura\" \/>\n\t<meta name=\"twitter:data2\" content=\"3 minutos\" \/>\n<script type=\"application\/ld+json\" class=\"yoast-schema-graph\">{\"@context\":\"https:\/\/schema.org\",\"@graph\":[{\"@type\":\"WebPage\",\"@id\":\"https:\/\/verdadeon.com.br\/portal\/2026\/01\/09\/sesc-franca-abre-contratacao-temporaria-para-cinco-cargos\/\",\"url\":\"https:\/\/verdadeon.com.br\/portal\/2026\/01\/09\/sesc-franca-abre-contratacao-temporaria-para-cinco-cargos\/\",\"name\":\"Sesc Franca abre contrata\u00e7\u00e3o tempor\u00e1ria para cinco cargos - VerdadeOn\",\"isPartOf\":{\"@id\":\"https:\/\/verdadeon.com.br\/portal\/#website\"},\"primaryImageOfPage\":{\"@id\":\"https:\/\/verdadeon.com.br\/portal\/2026\/01\/09\/sesc-franca-abre-contratacao-temporaria-para-cinco-cargos\/#primaryimage\"},\"image\":{\"@id\":\"https:\/\/verdadeon.com.br\/portal\/2026\/01\/09\/sesc-franca-abre-contratacao-temporaria-para-cinco-cargos\/#primaryimage\"},\"thumbnailUrl\":\"https:\/\/i0.wp.com\/verdadeon.com.br\/portal\/wp-content\/uploads\/2026\/01\/Capturar.jpg?fit=906%2C496&ssl=1\",\"datePublished\":\"2026-01-09T15:49:33+00:00\",\"author\":{\"@id\":\"https:\/\/verdadeon.com.br\/portal\/#\/schema\/person\/a5060ad1e9ea3df545188fc93ce43d2f\"},\"breadcrumb\":{\"@id\":\"https:\/\/verdadeon.com.br\/portal\/2026\/01\/09\/sesc-franca-abre-contratacao-temporaria-para-cinco-cargos\/#breadcrumb\"},\"inLanguage\":\"pt-BR\",\"potentialAction\":[{\"@type\":\"ReadAction\",\"target\":[\"https:\/\/verdadeon.com.br\/portal\/2026\/01\/09\/sesc-franca-abre-contratacao-temporaria-para-cinco-cargos\/\"]}]},{\"@type\":\"ImageObject\",\"inLanguage\":\"pt-BR\",\"@id\":\"https:\/\/verdadeon.com.br\/portal\/2026\/01\/09\/sesc-franca-abre-contratacao-temporaria-para-cinco-cargos\/#primaryimage\",\"url\":\"https:\/\/i0.wp.com\/verdadeon.com.br\/portal\/wp-content\/uploads\/2026\/01\/Capturar.jpg?fit=906%2C496&ssl=1\",\"contentUrl\":\"https:\/\/i0.wp.com\/verdadeon.com.br\/portal\/wp-content\/uploads\/2026\/01\/Capturar.jpg?fit=906%2C496&ssl=1\",\"width\":906,\"height\":496,\"caption\":\"(\u00a9Divulga\u00e7\u00e3o\/SescSP)\"},{\"@type\":\"BreadcrumbList\",\"@id\":\"https:\/\/verdadeon.com.br\/portal\/2026\/01\/09\/sesc-franca-abre-contratacao-temporaria-para-cinco-cargos\/#breadcrumb\",\"itemListElement\":[{\"@type\":\"ListItem\",\"position\":1,\"name\":\"In\u00edcio\",\"item\":\"https:\/\/verdadeon.com.br\/portal\/\"},{\"@type\":\"ListItem\",\"position\":2,\"name\":\"Sesc Franca abre contrata\u00e7\u00e3o tempor\u00e1ria para cinco cargos\"}]},{\"@type\":\"WebSite\",\"@id\":\"https:\/\/verdadeon.com.br\/portal\/#website\",\"url\":\"https:\/\/verdadeon.com.br\/portal\/\",\"name\":\"VerdadeOn\",\"description\":\"Not\u00edcias di\u00e1rias sobre Franca, Regi\u00e3o, Esporte, Cultura, Cotidiano, Colunas. Cobertura nos principais eventos da cidade \u00e9 aqui - Verdadeon Franca\",\"potentialAction\":[{\"@type\":\"SearchAction\",\"target\":{\"@type\":\"EntryPoint\",\"urlTemplate\":\"https:\/\/verdadeon.com.br\/portal\/?s={search_term_string}\"},\"query-input\":{\"@type\":\"PropertyValueSpecification\",\"valueRequired\":true,\"valueName\":\"search_term_string\"}}],\"inLanguage\":\"pt-BR\"},{\"@type\":\"Person\",\"@id\":\"https:\/\/verdadeon.com.br\/portal\/#\/schema\/person\/a5060ad1e9ea3df545188fc93ce43d2f\",\"name\":\"Redacao VerdadeOn\",\"image\":{\"@type\":\"ImageObject\",\"inLanguage\":\"pt-BR\",\"@id\":\"https:\/\/verdadeon.com.br\/portal\/#\/schema\/person\/image\/\",\"url\":\"https:\/\/secure.gravatar.com\/avatar\/459a9613caaaf07f582c3d0841eea68bdd66f533e465e6ba8b9cb45619572cf4?s=96&d=mm&r=g\",\"contentUrl\":\"https:\/\/secure.gravatar.com\/avatar\/459a9613caaaf07f582c3d0841eea68bdd66f533e465e6ba8b9cb45619572cf4?s=96&d=mm&r=g\",\"caption\":\"Redacao VerdadeOn\"},\"url\":\"https:\/\/verdadeon.com.br\/portal\/author\/redacao\/\"}]}<\/script>\n<!-- \/ Yoast SEO plugin. -->","yoast_head_json":{"title":"Sesc Franca abre contrata\u00e7\u00e3o tempor\u00e1ria para cinco cargos - VerdadeOn","robots":{"index":"index","follow":"follow","max-snippet":"max-snippet:-1","max-image-preview":"max-image-preview:large","max-video-preview":"max-video-preview:-1"},"canonical":"https:\/\/verdadeon.com.br\/portal\/2026\/01\/09\/sesc-franca-abre-contratacao-temporaria-para-cinco-cargos\/","og_locale":"pt_BR","og_type":"article","og_title":"Sesc Franca abre contrata\u00e7\u00e3o tempor\u00e1ria para cinco cargos - VerdadeOn","og_description":"A unidade de Franca do Sesc (Servi\u00e7o Social do Com\u00e9rcio) est\u00e1 divulgando oportunidades para atua\u00e7\u00e3o tempor\u00e1ria em cinco cargos: Analista de Comunica\u00e7\u00e3o I, T\u00e9cnico em Sonoriza\u00e7\u00e3o [\u2026]","og_url":"https:\/\/verdadeon.com.br\/portal\/2026\/01\/09\/sesc-franca-abre-contratacao-temporaria-para-cinco-cargos\/","og_site_name":"VerdadeOn","article_published_time":"2026-01-09T15:49:33+00:00","og_image":[{"width":906,"height":496,"url":"https:\/\/verdadeon.com.br\/portal\/wp-content\/uploads\/2026\/01\/Capturar.jpg","type":"image\/jpeg"}],"author":"Redacao VerdadeOn","twitter_card":"summary_large_image","twitter_misc":{"Escrito por":"Redacao VerdadeOn","Est. tempo de leitura":"3 minutos"},"schema":{"@context":"https:\/\/schema.org","@graph":[{"@type":"WebPage","@id":"https:\/\/verdadeon.com.br\/portal\/2026\/01\/09\/sesc-franca-abre-contratacao-temporaria-para-cinco-cargos\/","url":"https:\/\/verdadeon.com.br\/portal\/2026\/01\/09\/sesc-franca-abre-contratacao-temporaria-para-cinco-cargos\/","name":"Sesc Franca abre contrata\u00e7\u00e3o tempor\u00e1ria para cinco cargos - VerdadeOn","isPartOf":{"@id":"https:\/\/verdadeon.com.br\/portal\/#website"},"primaryImageOfPage":{"@id":"https:\/\/verdadeon.com.br\/portal\/2026\/01\/09\/sesc-franca-abre-contratacao-temporaria-para-cinco-cargos\/#primaryimage"},"image":{"@id":"https:\/\/verdadeon.com.br\/portal\/2026\/01\/09\/sesc-franca-abre-contratacao-temporaria-para-cinco-cargos\/#primaryimage"},"thumbnailUrl":"https:\/\/i0.wp.com\/verdadeon.com.br\/portal\/wp-content\/uploads\/2026\/01\/Capturar.jpg?fit=906%2C496&ssl=1","datePublished":"2026-01-09T15:49:33+00:00","author":{"@id":"https:\/\/verdadeon.com.br\/portal\/#\/schema\/person\/a5060ad1e9ea3df545188fc93ce43d2f"},"breadcrumb":{"@id":"https:\/\/verdadeon.com.br\/portal\/2026\/01\/09\/sesc-franca-abre-contratacao-temporaria-para-cinco-cargos\/#breadcrumb"},"inLanguage":"pt-BR","potentialAction":[{"@type":"ReadAction","target":["https:\/\/verdadeon.com.br\/portal\/2026\/01\/09\/sesc-franca-abre-contratacao-temporaria-para-cinco-cargos\/"]}]},{"@type":"ImageObject","inLanguage":"pt-BR","@id":"https:\/\/verdadeon.com.br\/portal\/2026\/01\/09\/sesc-franca-abre-contratacao-temporaria-para-cinco-cargos\/#primaryimage","url":"https:\/\/i0.wp.com\/verdadeon.com.br\/portal\/wp-content\/uploads\/2026\/01\/Capturar.jpg?fit=906%2C496&ssl=1","contentUrl":"https:\/\/i0.wp.com\/verdadeon.com.br\/portal\/wp-content\/uploads\/2026\/01\/Capturar.jpg?fit=906%2C496&ssl=1","width":906,"height":496,"caption":"(\u00a9Divulga\u00e7\u00e3o\/SescSP)"},{"@type":"BreadcrumbList","@id":"https:\/\/verdadeon.com.br\/portal\/2026\/01\/09\/sesc-franca-abre-contratacao-temporaria-para-cinco-cargos\/#breadcrumb","itemListElement":[{"@type":"ListItem","position":1,"name":"In\u00edcio","item":"https:\/\/verdadeon.com.br\/portal\/"},{"@type":"ListItem","position":2,"name":"Sesc Franca abre contrata\u00e7\u00e3o tempor\u00e1ria para cinco cargos"}]},{"@type":"WebSite","@id":"https:\/\/verdadeon.com.br\/portal\/#website","url":"https:\/\/verdadeon.com.br\/portal\/","name":"VerdadeOn","description":"Not\u00edcias di\u00e1rias sobre Franca, Regi\u00e3o, Esporte, Cultura, Cotidiano, Colunas. Cobertura nos principais eventos da cidade \u00e9 aqui - Verdadeon Franca","potentialAction":[{"@type":"SearchAction","target":{"@type":"EntryPoint","urlTemplate":"https:\/\/verdadeon.com.br\/portal\/?s={search_term_string}"},"query-input":{"@type":"PropertyValueSpecification","valueRequired":true,"valueName":"search_term_string"}}],"inLanguage":"pt-BR"},{"@type":"Person","@id":"https:\/\/verdadeon.com.br\/portal\/#\/schema\/person\/a5060ad1e9ea3df545188fc93ce43d2f","name":"Redacao VerdadeOn","image":{"@type":"ImageObject","inLanguage":"pt-BR","@id":"https:\/\/verdadeon.com.br\/portal\/#\/schema\/person\/image\/","url":"https:\/\/secure.gravatar.com\/avatar\/459a9613caaaf07f582c3d0841eea68bdd66f533e465e6ba8b9cb45619572cf4?s=96&d=mm&r=g","contentUrl":"https:\/\/secure.gravatar.com\/avatar\/459a9613caaaf07f582c3d0841eea68bdd66f533e465e6ba8b9cb45619572cf4?s=96&d=mm&r=g","caption":"Redacao VerdadeOn"},"url":"https:\/\/verdadeon.com.br\/portal\/author\/redacao\/"}]}},"jetpack_publicize_connections":[],"jetpack_featured_media_url":"https:\/\/i0.wp.com\/verdadeon.com.br\/portal\/wp-content\/uploads\/2026\/01\/Capturar.jpg?fit=906%2C496&ssl=1","jetpack_sharing_enabled":true,"_links":{"self":[{"href":"https:\/\/verdadeon.com.br\/portal\/wp-json\/wp\/v2\/posts\/63157","targetHints":{"allow":["GET"]}}],"collection":[{"href":"https:\/\/verdadeon.com.br\/portal\/wp-json\/wp\/v2\/posts"}],"about":[{"href":"https:\/\/verdadeon.com.br\/portal\/wp-json\/wp\/v2\/types\/post"}],"author":[{"embeddable":true,"href":"https:\/\/verdadeon.com.br\/portal\/wp-json\/wp\/v2\/users\/10"}],"replies":[{"embeddable":true,"href":"https:\/\/verdadeon.com.br\/portal\/wp-json\/wp\/v2\/comments?post=63157"}],"version-history":[{"count":1,"href":"https:\/\/verdadeon.com.br\/portal\/wp-json\/wp\/v2\/posts\/63157\/revisions"}],"predecessor-version":[{"id":63159,"href":"https:\/\/verdadeon.com.br\/portal\/wp-json\/wp\/v2\/posts\/63157\/revisions\/63159"}],"wp:featuredmedia":[{"embeddable":true,"href":"https:\/\/verdadeon.com.br\/portal\/wp-json\/wp\/v2\/media\/63158"}],"wp:attachment":[{"href":"https:\/\/verdadeon.com.br\/portal\/wp-json\/wp\/v2\/media?parent=63157"}],"wp:term":[{"taxonomy":"category","embeddable":true,"href":"https:\/\/verdadeon.com.br\/portal\/wp-json\/wp\/v2\/categories?post=63157"},{"taxonomy":"post_tag","embeddable":true,"href":"https:\/\/verdadeon.com.br\/portal\/wp-json\/wp\/v2\/tags?post=63157"}],"curies":[{"name":"wp","href":"https:\/\/api.w.org\/{rel}","templated":true}]}}