{"id":62998,"date":"2026-01-03T07:00:33","date_gmt":"2026-01-03T10:00:33","guid":{"rendered":"https:\/\/verdadeon.com.br\/portal\/?p=62998"},"modified":"2026-01-02T12:56:11","modified_gmt":"2026-01-02T15:56:11","slug":"franca-37-presos-devem-retornar-a-cadeia-apos-saidinha-de-fim-de-ano","status":"publish","type":"post","link":"https:\/\/verdadeon.com.br\/portal\/2026\/01\/03\/franca-37-presos-devem-retornar-a-cadeia-apos-saidinha-de-fim-de-ano\/","title":{"rendered":"Franca: 37 presos devem retornar \u00e0 cadeia ap\u00f3s &#8216;saidinha&#8217; de fim de ano"},"content":{"rendered":"<h2>Benef\u00edcio \u00e9 concedido a reeducandos do regime semiaberto<\/h2>\n<p style=\"text-align: right;\"><em><strong>Por Pedro Maia<\/strong><\/em><br \/>\n<em><strong>Editor-chefe<\/strong><\/em><\/p>\n<p>Encerrado o per\u00edodo de comemora\u00e7\u00f5es, 37 presos da cidade de Franca devem retornar \u00e0 cadeia at\u00e9 \u00e0s 18h desta segunda-feira, 5 de janeiro, ap\u00f3s a &#8216;saidinha&#8217; de final de ano. De acordo com a Secretaria da Administra\u00e7\u00e3o Penitenci\u00e1ria (SAP), o Poder Judici\u00e1rio \u00e9 respons\u00e1vel pelas concess\u00f5es das sa\u00eddas tempor\u00e1rias.<\/p>\n<p>O benef\u00edcio \u00e9 previsto na Lei de Execu\u00e7\u00e3o Penal e com as datas reguladas, no Estado de S\u00e3o Paulo, conforme Portaria DEECRIM 02\/2019 e suas complementa\u00e7\u00f5es. O Poder Judici\u00e1rio autorizou a sa\u00edda tempor\u00e1ria dos reeducandos do regime semiaberto &#8211; e que apresentam boa conduta durante o c\u00e1rcere &#8211; no dia 23 de dezembro. A ideia \u00e9 que isto facilite a ressocializa\u00e7\u00e3o dos indiv\u00edduos junto a seus familiares e a comunidade em geral.<\/p>\n<p>Segundo a SAP, quando o preso n\u00e3o retorna \u00e0 Unidade Prisional, \u00e9 considerado foragido e perde automaticamente o benef\u00edcio do regime semiaberto, ou seja, quando recapturado, volta ao regime fechado.<\/p>\n<p>Vale destacar que, de acordo com a nova legisla\u00e7\u00e3o, as permiss\u00f5es de sa\u00eddas ocasionais n\u00e3o se aplicam \u00e0queles que cometeram crimes hediondos, tais como homic\u00eddio e estupro. Desde 2024, as novas regras preveem a concess\u00e3o do benef\u00edcio aos presos que frequentam cursos regulares. Entretanto, o novo dispositivo \u00e9 imposto somente aos condenados ap\u00f3s a aprova\u00e7\u00e3o da lei.<\/p>\n<p>Em mar\u00e7o de 2025, o Supremo Tribunal Federal (STF) havia ficado de decidir sobre a validade das novas regras para aqueles que j\u00e1 cumpriam pena, mas at\u00e9 o momento, n\u00e3o houve nenhuma decis\u00e3o.<\/p>\n","protected":false},"excerpt":{"rendered":"<p>Benef\u00edcio \u00e9 concedido a reeducandos do regime semiaberto Por Pedro Maia Editor-chefe Encerrado o per\u00edodo de comemora\u00e7\u00f5es, 37 presos da cidade de Franca devem retornar \u00e0<span class=\"excerpt-hellip\"> [\u2026]<\/span><\/p>\n","protected":false},"author":10,"featured_media":5392,"comment_status":"open","ping_status":"open","sticky":false,"template":"","format":"standard","meta":{"_jetpack_memberships_contains_paid_content":false,"footnotes":"","jetpack_publicize_message":"","jetpack_publicize_feature_enabled":true,"jetpack_social_post_already_shared":true,"jetpack_social_options":{"image_generator_settings":{"template":"highway","default_image_id":0,"enabled":false},"version":2}},"categories":[28,81],"tags":[],"class_list":["post-62998","post","type-post","status-publish","format-standard","has-post-thumbnail","hentry","category-cotidiano","category-manchete"],"yoast_head":"<!-- This site is optimized with the Yoast SEO plugin v25.6 - https:\/\/yoast.com\/wordpress\/plugins\/seo\/ -->\n<title>Franca: 37 presos devem retornar \u00e0 cadeia ap\u00f3s &#039;saidinha&#039; de fim de ano - VerdadeOn<\/title>\n<meta name=\"robots\" content=\"index, follow, max-snippet:-1, max-image-preview:large, max-video-preview:-1\" \/>\n<link rel=\"canonical\" href=\"https:\/\/verdadeon.com.br\/portal\/2026\/01\/03\/franca-37-presos-devem-retornar-a-cadeia-apos-saidinha-de-fim-de-ano\/\" \/>\n<meta property=\"og:locale\" content=\"pt_BR\" \/>\n<meta property=\"og:type\" content=\"article\" \/>\n<meta property=\"og:title\" content=\"Franca: 37 presos devem retornar \u00e0 cadeia ap\u00f3s &#039;saidinha&#039; de fim de ano - VerdadeOn\" \/>\n<meta property=\"og:description\" content=\"Benef\u00edcio \u00e9 concedido a reeducandos do regime semiaberto Por Pedro Maia Editor-chefe Encerrado o per\u00edodo de comemora\u00e7\u00f5es, 37 presos da cidade de Franca devem retornar \u00e0 [\u2026]\" \/>\n<meta property=\"og:url\" content=\"https:\/\/verdadeon.com.br\/portal\/2026\/01\/03\/franca-37-presos-devem-retornar-a-cadeia-apos-saidinha-de-fim-de-ano\/\" \/>\n<meta property=\"og:site_name\" content=\"VerdadeOn\" \/>\n<meta property=\"article:published_time\" content=\"2026-01-03T10:00:33+00:00\" \/>\n<meta property=\"og:image\" content=\"https:\/\/i0.wp.com\/verdadeon.com.br\/portal\/wp-content\/uploads\/2020\/03\/cadeia.jpg?fit=893%2C670&ssl=1\" \/>\n\t<meta property=\"og:image:width\" content=\"893\" \/>\n\t<meta property=\"og:image:height\" content=\"670\" \/>\n\t<meta property=\"og:image:type\" content=\"image\/jpeg\" \/>\n<meta name=\"author\" content=\"Redacao VerdadeOn\" \/>\n<meta name=\"twitter:card\" content=\"summary_large_image\" \/>\n<meta name=\"twitter:label1\" content=\"Escrito por\" \/>\n\t<meta name=\"twitter:data1\" content=\"Redacao VerdadeOn\" \/>\n\t<meta name=\"twitter:label2\" content=\"Est. tempo de leitura\" \/>\n\t<meta name=\"twitter:data2\" content=\"2 minutos\" \/>\n<script type=\"application\/ld+json\" class=\"yoast-schema-graph\">{\"@context\":\"https:\/\/schema.org\",\"@graph\":[{\"@type\":\"WebPage\",\"@id\":\"https:\/\/verdadeon.com.br\/portal\/2026\/01\/03\/franca-37-presos-devem-retornar-a-cadeia-apos-saidinha-de-fim-de-ano\/\",\"url\":\"https:\/\/verdadeon.com.br\/portal\/2026\/01\/03\/franca-37-presos-devem-retornar-a-cadeia-apos-saidinha-de-fim-de-ano\/\",\"name\":\"Franca: 37 presos devem retornar \u00e0 cadeia ap\u00f3s 'saidinha' de fim de ano - VerdadeOn\",\"isPartOf\":{\"@id\":\"https:\/\/verdadeon.com.br\/portal\/#website\"},\"primaryImageOfPage\":{\"@id\":\"https:\/\/verdadeon.com.br\/portal\/2026\/01\/03\/franca-37-presos-devem-retornar-a-cadeia-apos-saidinha-de-fim-de-ano\/#primaryimage\"},\"image\":{\"@id\":\"https:\/\/verdadeon.com.br\/portal\/2026\/01\/03\/franca-37-presos-devem-retornar-a-cadeia-apos-saidinha-de-fim-de-ano\/#primaryimage\"},\"thumbnailUrl\":\"https:\/\/i0.wp.com\/verdadeon.com.br\/portal\/wp-content\/uploads\/2020\/03\/cadeia.jpg?fit=893%2C670&ssl=1\",\"datePublished\":\"2026-01-03T10:00:33+00:00\",\"author\":{\"@id\":\"https:\/\/verdadeon.com.br\/portal\/#\/schema\/person\/a5060ad1e9ea3df545188fc93ce43d2f\"},\"breadcrumb\":{\"@id\":\"https:\/\/verdadeon.com.br\/portal\/2026\/01\/03\/franca-37-presos-devem-retornar-a-cadeia-apos-saidinha-de-fim-de-ano\/#breadcrumb\"},\"inLanguage\":\"pt-BR\",\"potentialAction\":[{\"@type\":\"ReadAction\",\"target\":[\"https:\/\/verdadeon.com.br\/portal\/2026\/01\/03\/franca-37-presos-devem-retornar-a-cadeia-apos-saidinha-de-fim-de-ano\/\"]}]},{\"@type\":\"ImageObject\",\"inLanguage\":\"pt-BR\",\"@id\":\"https:\/\/verdadeon.com.br\/portal\/2026\/01\/03\/franca-37-presos-devem-retornar-a-cadeia-apos-saidinha-de-fim-de-ano\/#primaryimage\",\"url\":\"https:\/\/i0.wp.com\/verdadeon.com.br\/portal\/wp-content\/uploads\/2020\/03\/cadeia.jpg?fit=893%2C670&ssl=1\",\"contentUrl\":\"https:\/\/i0.wp.com\/verdadeon.com.br\/portal\/wp-content\/uploads\/2020\/03\/cadeia.jpg?fit=893%2C670&ssl=1\",\"width\":893,\"height\":670,\"caption\":\"Presos que n\u00e3o retornam \u00e0 Unidade Prisional s\u00e3o considerados foragidos e voltam ao regime fechado quando capturados (\u00a9Banco de Imagens)\"},{\"@type\":\"BreadcrumbList\",\"@id\":\"https:\/\/verdadeon.com.br\/portal\/2026\/01\/03\/franca-37-presos-devem-retornar-a-cadeia-apos-saidinha-de-fim-de-ano\/#breadcrumb\",\"itemListElement\":[{\"@type\":\"ListItem\",\"position\":1,\"name\":\"In\u00edcio\",\"item\":\"https:\/\/verdadeon.com.br\/portal\/\"},{\"@type\":\"ListItem\",\"position\":2,\"name\":\"Franca: 37 presos devem retornar \u00e0 cadeia ap\u00f3s &#8216;saidinha&#8217; de fim de ano\"}]},{\"@type\":\"WebSite\",\"@id\":\"https:\/\/verdadeon.com.br\/portal\/#website\",\"url\":\"https:\/\/verdadeon.com.br\/portal\/\",\"name\":\"VerdadeOn\",\"description\":\"Not\u00edcias di\u00e1rias sobre Franca, Regi\u00e3o, Esporte, Cultura, Cotidiano, Colunas. Cobertura nos principais eventos da cidade \u00e9 aqui - Verdadeon Franca\",\"potentialAction\":[{\"@type\":\"SearchAction\",\"target\":{\"@type\":\"EntryPoint\",\"urlTemplate\":\"https:\/\/verdadeon.com.br\/portal\/?s={search_term_string}\"},\"query-input\":{\"@type\":\"PropertyValueSpecification\",\"valueRequired\":true,\"valueName\":\"search_term_string\"}}],\"inLanguage\":\"pt-BR\"},{\"@type\":\"Person\",\"@id\":\"https:\/\/verdadeon.com.br\/portal\/#\/schema\/person\/a5060ad1e9ea3df545188fc93ce43d2f\",\"name\":\"Redacao VerdadeOn\",\"image\":{\"@type\":\"ImageObject\",\"inLanguage\":\"pt-BR\",\"@id\":\"https:\/\/verdadeon.com.br\/portal\/#\/schema\/person\/image\/\",\"url\":\"https:\/\/secure.gravatar.com\/avatar\/459a9613caaaf07f582c3d0841eea68bdd66f533e465e6ba8b9cb45619572cf4?s=96&d=mm&r=g\",\"contentUrl\":\"https:\/\/secure.gravatar.com\/avatar\/459a9613caaaf07f582c3d0841eea68bdd66f533e465e6ba8b9cb45619572cf4?s=96&d=mm&r=g\",\"caption\":\"Redacao VerdadeOn\"},\"url\":\"https:\/\/verdadeon.com.br\/portal\/author\/redacao\/\"}]}<\/script>\n<!-- \/ Yoast SEO plugin. -->","yoast_head_json":{"title":"Franca: 37 presos devem retornar \u00e0 cadeia ap\u00f3s 'saidinha' de fim de ano - VerdadeOn","robots":{"index":"index","follow":"follow","max-snippet":"max-snippet:-1","max-image-preview":"max-image-preview:large","max-video-preview":"max-video-preview:-1"},"canonical":"https:\/\/verdadeon.com.br\/portal\/2026\/01\/03\/franca-37-presos-devem-retornar-a-cadeia-apos-saidinha-de-fim-de-ano\/","og_locale":"pt_BR","og_type":"article","og_title":"Franca: 37 presos devem retornar \u00e0 cadeia ap\u00f3s 'saidinha' de fim de ano - VerdadeOn","og_description":"Benef\u00edcio \u00e9 concedido a reeducandos do regime semiaberto Por Pedro Maia Editor-chefe Encerrado o per\u00edodo de comemora\u00e7\u00f5es, 37 presos da cidade de Franca devem retornar \u00e0 [\u2026]","og_url":"https:\/\/verdadeon.com.br\/portal\/2026\/01\/03\/franca-37-presos-devem-retornar-a-cadeia-apos-saidinha-de-fim-de-ano\/","og_site_name":"VerdadeOn","article_published_time":"2026-01-03T10:00:33+00:00","og_image":[{"width":893,"height":670,"url":"https:\/\/i0.wp.com\/verdadeon.com.br\/portal\/wp-content\/uploads\/2020\/03\/cadeia.jpg?fit=893%2C670&ssl=1","type":"image\/jpeg"}],"author":"Redacao VerdadeOn","twitter_card":"summary_large_image","twitter_misc":{"Escrito por":"Redacao VerdadeOn","Est. tempo de leitura":"2 minutos"},"schema":{"@context":"https:\/\/schema.org","@graph":[{"@type":"WebPage","@id":"https:\/\/verdadeon.com.br\/portal\/2026\/01\/03\/franca-37-presos-devem-retornar-a-cadeia-apos-saidinha-de-fim-de-ano\/","url":"https:\/\/verdadeon.com.br\/portal\/2026\/01\/03\/franca-37-presos-devem-retornar-a-cadeia-apos-saidinha-de-fim-de-ano\/","name":"Franca: 37 presos devem retornar \u00e0 cadeia ap\u00f3s 'saidinha' de fim de ano - VerdadeOn","isPartOf":{"@id":"https:\/\/verdadeon.com.br\/portal\/#website"},"primaryImageOfPage":{"@id":"https:\/\/verdadeon.com.br\/portal\/2026\/01\/03\/franca-37-presos-devem-retornar-a-cadeia-apos-saidinha-de-fim-de-ano\/#primaryimage"},"image":{"@id":"https:\/\/verdadeon.com.br\/portal\/2026\/01\/03\/franca-37-presos-devem-retornar-a-cadeia-apos-saidinha-de-fim-de-ano\/#primaryimage"},"thumbnailUrl":"https:\/\/i0.wp.com\/verdadeon.com.br\/portal\/wp-content\/uploads\/2020\/03\/cadeia.jpg?fit=893%2C670&ssl=1","datePublished":"2026-01-03T10:00:33+00:00","author":{"@id":"https:\/\/verdadeon.com.br\/portal\/#\/schema\/person\/a5060ad1e9ea3df545188fc93ce43d2f"},"breadcrumb":{"@id":"https:\/\/verdadeon.com.br\/portal\/2026\/01\/03\/franca-37-presos-devem-retornar-a-cadeia-apos-saidinha-de-fim-de-ano\/#breadcrumb"},"inLanguage":"pt-BR","potentialAction":[{"@type":"ReadAction","target":["https:\/\/verdadeon.com.br\/portal\/2026\/01\/03\/franca-37-presos-devem-retornar-a-cadeia-apos-saidinha-de-fim-de-ano\/"]}]},{"@type":"ImageObject","inLanguage":"pt-BR","@id":"https:\/\/verdadeon.com.br\/portal\/2026\/01\/03\/franca-37-presos-devem-retornar-a-cadeia-apos-saidinha-de-fim-de-ano\/#primaryimage","url":"https:\/\/i0.wp.com\/verdadeon.com.br\/portal\/wp-content\/uploads\/2020\/03\/cadeia.jpg?fit=893%2C670&ssl=1","contentUrl":"https:\/\/i0.wp.com\/verdadeon.com.br\/portal\/wp-content\/uploads\/2020\/03\/cadeia.jpg?fit=893%2C670&ssl=1","width":893,"height":670,"caption":"Presos que n\u00e3o retornam \u00e0 Unidade Prisional s\u00e3o considerados foragidos e voltam ao regime fechado quando capturados (\u00a9Banco de Imagens)"},{"@type":"BreadcrumbList","@id":"https:\/\/verdadeon.com.br\/portal\/2026\/01\/03\/franca-37-presos-devem-retornar-a-cadeia-apos-saidinha-de-fim-de-ano\/#breadcrumb","itemListElement":[{"@type":"ListItem","position":1,"name":"In\u00edcio","item":"https:\/\/verdadeon.com.br\/portal\/"},{"@type":"ListItem","position":2,"name":"Franca: 37 presos devem retornar \u00e0 cadeia ap\u00f3s &#8216;saidinha&#8217; de fim de ano"}]},{"@type":"WebSite","@id":"https:\/\/verdadeon.com.br\/portal\/#website","url":"https:\/\/verdadeon.com.br\/portal\/","name":"VerdadeOn","description":"Not\u00edcias di\u00e1rias sobre Franca, Regi\u00e3o, Esporte, Cultura, Cotidiano, Colunas. Cobertura nos principais eventos da cidade \u00e9 aqui - Verdadeon Franca","potentialAction":[{"@type":"SearchAction","target":{"@type":"EntryPoint","urlTemplate":"https:\/\/verdadeon.com.br\/portal\/?s={search_term_string}"},"query-input":{"@type":"PropertyValueSpecification","valueRequired":true,"valueName":"search_term_string"}}],"inLanguage":"pt-BR"},{"@type":"Person","@id":"https:\/\/verdadeon.com.br\/portal\/#\/schema\/person\/a5060ad1e9ea3df545188fc93ce43d2f","name":"Redacao VerdadeOn","image":{"@type":"ImageObject","inLanguage":"pt-BR","@id":"https:\/\/verdadeon.com.br\/portal\/#\/schema\/person\/image\/","url":"https:\/\/secure.gravatar.com\/avatar\/459a9613caaaf07f582c3d0841eea68bdd66f533e465e6ba8b9cb45619572cf4?s=96&d=mm&r=g","contentUrl":"https:\/\/secure.gravatar.com\/avatar\/459a9613caaaf07f582c3d0841eea68bdd66f533e465e6ba8b9cb45619572cf4?s=96&d=mm&r=g","caption":"Redacao VerdadeOn"},"url":"https:\/\/verdadeon.com.br\/portal\/author\/redacao\/"}]}},"jetpack_publicize_connections":[],"jetpack_featured_media_url":"https:\/\/i0.wp.com\/verdadeon.com.br\/portal\/wp-content\/uploads\/2020\/03\/cadeia.jpg?fit=893%2C670&ssl=1","jetpack_sharing_enabled":true,"_links":{"self":[{"href":"https:\/\/verdadeon.com.br\/portal\/wp-json\/wp\/v2\/posts\/62998","targetHints":{"allow":["GET"]}}],"collection":[{"href":"https:\/\/verdadeon.com.br\/portal\/wp-json\/wp\/v2\/posts"}],"about":[{"href":"https:\/\/verdadeon.com.br\/portal\/wp-json\/wp\/v2\/types\/post"}],"author":[{"embeddable":true,"href":"https:\/\/verdadeon.com.br\/portal\/wp-json\/wp\/v2\/users\/10"}],"replies":[{"embeddable":true,"href":"https:\/\/verdadeon.com.br\/portal\/wp-json\/wp\/v2\/comments?post=62998"}],"version-history":[{"count":1,"href":"https:\/\/verdadeon.com.br\/portal\/wp-json\/wp\/v2\/posts\/62998\/revisions"}],"predecessor-version":[{"id":62999,"href":"https:\/\/verdadeon.com.br\/portal\/wp-json\/wp\/v2\/posts\/62998\/revisions\/62999"}],"wp:featuredmedia":[{"embeddable":true,"href":"https:\/\/verdadeon.com.br\/portal\/wp-json\/wp\/v2\/media\/5392"}],"wp:attachment":[{"href":"https:\/\/verdadeon.com.br\/portal\/wp-json\/wp\/v2\/media?parent=62998"}],"wp:term":[{"taxonomy":"category","embeddable":true,"href":"https:\/\/verdadeon.com.br\/portal\/wp-json\/wp\/v2\/categories?post=62998"},{"taxonomy":"post_tag","embeddable":true,"href":"https:\/\/verdadeon.com.br\/portal\/wp-json\/wp\/v2\/tags?post=62998"}],"curies":[{"name":"wp","href":"https:\/\/api.w.org\/{rel}","templated":true}]}}