{"id":62995,"date":"2026-01-03T08:00:39","date_gmt":"2026-01-03T11:00:39","guid":{"rendered":"https:\/\/verdadeon.com.br\/portal\/?p=62995"},"modified":"2026-01-02T12:29:06","modified_gmt":"2026-01-02T15:29:06","slug":"ferias-escolares-franca-registra-primeira-autorizacao-eletronica-de-viagem-para-menores-em-4-anos","status":"publish","type":"post","link":"https:\/\/verdadeon.com.br\/portal\/2026\/01\/03\/ferias-escolares-franca-registra-primeira-autorizacao-eletronica-de-viagem-para-menores-em-4-anos\/","title":{"rendered":"F\u00e9rias escolares: Franca registra primeira Autoriza\u00e7\u00e3o Eletr\u00f4nica de Viagem para menores em 4 anos"},"content":{"rendered":"<h2 style=\"margin: 0cm; text-align: left;\" align=\"center\"><span style=\"color: black;\">Levantamento nacional dos Cart\u00f3rios de Notas revela avan\u00e7o expressivo do documento digital exigido para viagens de crian\u00e7as e adolescentes desacompanhados<\/span><i><\/i><\/h2>\n<p style=\"margin: 0cm; text-align: center;\" align=\"center\"><strong><i><span style=\"color: black; font-weight: normal;\">\u00a0<\/span><\/i><\/strong><\/p>\n<p style=\"margin: 0cm; text-align: left;\"><span style=\"color: black;\">Com a chegada das f\u00e9rias escolares, cresce em todo o pa\u00eds o n\u00famero de crian\u00e7as e adolescentes que viajam para destinos nacionais e internacionais em excurs\u00f5es, interc\u00e2mbios ou visitas a familiares. Um movimento que agora foi ainda mais facilitado com a emiss\u00e3o digital da Autoriza\u00e7\u00e3o Eletr\u00f4nica de Viagem (AEV), feita em Cart\u00f3rio de Notas e obrigat\u00f3ria para menores de 16 anos que viajam muitas vezes desacompanhados, acompanhados por apenas um dos pais ou ainda com parentes ou respons\u00e1veis.<\/span><\/p>\n<p style=\"margin: 0cm; text-align: left;\"><span style=\"color: black;\">\u00a0<\/span><\/p>\n<p style=\"margin: 0cm; text-align: left;\"><span style=\"color: black;\">Dados consolidados pelos Cart\u00f3rios de Notas de <\/span><strong>Franca<\/strong><span style=\"color: black;\"> mostram que a vers\u00e3o digital da AEV registrou um &#8220;despertar&#8221; desde a sua implementa\u00e7\u00e3o, em 2021. At\u00e9<span class=\"apple-converted-space\">\u00a0<\/span><strong>22 de dezembro de 2025<\/strong>, foi emitida a primeira e \u00fanica autoriza\u00e7\u00e3o at\u00e9 o momento, contra<span class=\"apple-converted-space\">\u00a0<\/span><strong>nenhuma no mesmo per\u00edodo de 2021<\/strong>, quando o servi\u00e7o eletr\u00f4nico ainda estava em fase inicial.<\/span><\/p>\n<p style=\"margin: 0cm; text-align: left;\"><span style=\"color: black;\">\u00a0<\/span><\/p>\n<p style=\"margin: 0cm; text-align: left;\">A evolu\u00e7\u00e3o ano a ano retrata a consolida\u00e7\u00e3o da ferramenta digital junto \u00e0s fam\u00edlias brasileiras. Em dezembro de 2022, n\u00e3o foram<span class=\"apple-converted-space\"> feitas<\/span><strong> solicita\u00e7\u00f5es<\/strong>. J\u00e1 em dezembro de 2023 e de 2024, o n\u00famero se manteve. O avan\u00e7o registrado em 2025 refor\u00e7a uma tend\u00eancia cont\u00ednua de expans\u00e3o, especialmente em per\u00edodos de maior deslocamento, como as f\u00e9rias escolares.<\/p>\n<p style=\"margin: 0cm; text-align: left;\"><span style=\"color: black;\">\u00a0<\/span><\/p>\n<p style=\"margin: 0cm; text-align: left;\"><span style=\"color: black;\">Segundo o presidente do Col\u00e9gio Notarial do Brasil \u2013 Se\u00e7\u00e3o S\u00e3o Paulo (CNB\/SP), Andr\u00e9 Medeiros Toledo, esse crescimento est\u00e1 ligado ao uso da tecnologia para facilitar o acesso aos servi\u00e7os, sem renunciar \u00e0 seguran\u00e7a das fam\u00edlias. Ele explica que \u201cos Cart\u00f3rios de Notas v\u00eam investindo em solu\u00e7\u00f5es modernas, que tornam os servi\u00e7os mais pr\u00e1ticos e confi\u00e1veis. A Autoriza\u00e7\u00e3o Eletr\u00f4nica de Viagem \u00e9 um bom exemplo disso: permite resolver tudo de forma r\u00e1pida, segura e simples, o que faz ainda mais diferen\u00e7a em per\u00edodos de maior movimento, como as f\u00e9rias escolares\u201d.<\/span><\/p>\n<p style=\"margin: 0cm; text-align: left;\"><span style=\"color: black;\">\u00a0<\/span><\/p>\n<h3 style=\"margin: 0cm; line-height: normal; text-align: left;\"><b><span style=\"font-size: 12.0pt; font-family: 'Times New Roman',serif; color: black;\">Documento obrigat\u00f3rio e 100% digital<\/span><\/b><\/h3>\n<p style=\"margin: 0cm; text-align: left;\"><span style=\"color: black;\">\u00a0<\/span><\/p>\n<p style=\"margin: 0cm; text-align: left;\"><span style=\"color: black;\">Dispon\u00edvel em formato eletr\u00f4nico desde 2021, a AEV \u00e9 exigida para<span class=\"apple-converted-space\">\u00a0<\/span><strong>menores de 16 anos<\/strong><span class=\"apple-converted-space\">\u00a0<\/span>que viajam desacompanhados ou acompanhados por apenas um dos pais, parente ou respons\u00e1vel, conforme a legisla\u00e7\u00e3o brasileira. A solicita\u00e7\u00e3o pode ser feita de forma totalmente online, por meio de<span class=\"apple-converted-space\">\u00a0<\/span><strong>videoconfer\u00eancia com um tabeli\u00e3o<\/strong>, na plataforma nacional unificada<span class=\"apple-converted-space\">\u00a0<\/span><strong>e-Notariado<\/strong><span class=\"apple-converted-space\"><b>\u00a0<\/b><\/span>(<\/span><a href=\"http:\/\/www.e-notariado.org.br\/\" target=\"_new\">www.e-notariado.org.br<\/a><span style=\"color: black;\">), que integra todos os Cart\u00f3rios de Notas do pa\u00eds.<\/span><\/p>\n<p style=\"margin: 0cm; text-align: left;\"><span style=\"color: black;\">\u00a0<\/span><\/p>\n<p style=\"margin: 0cm; text-align: left;\"><span style=\"color: black;\">Ap\u00f3s a emiss\u00e3o, o documento \u00e9 disponibilizado em formato digital \u2014 com<span class=\"apple-converted-space\">\u00a0<\/span><strong>QR Code<\/strong><span class=\"apple-converted-space\">\u00a0<\/span>\u2014 ou f\u00edsico, permitindo sua apresenta\u00e7\u00e3o diretamente no celular nos guich\u00eas de companhias a\u00e9reas ou em postos de fiscaliza\u00e7\u00e3o. O acesso por aplicativo reduz o risco de extravio e possibilita, inclusive, o<span class=\"apple-converted-space\">\u00a0<\/span><strong>cancelamento remoto da autoriza\u00e7\u00e3o<\/strong>, se necess\u00e1rio.<\/span><\/p>\n<p style=\"margin: 0cm; text-align: left;\"><span style=\"color: black;\">\u00a0<\/span><\/p>\n<p style=\"margin: 0cm; text-align: left;\"><span style=\"color: black;\">O modelo f\u00edsico da autoriza\u00e7\u00e3o permanece dispon\u00edvel e pode ser emitido presencialmente nos Cart\u00f3rios de Notas, mediante reconhecimento de firma dos respons\u00e1veis, em formul\u00e1rio pr\u00f3prio.<\/span><\/p>\n<h3 style=\"margin: 0cm; line-height: normal; text-align: left;\"><span style=\"font-size: 12.0pt; font-family: 'Times New Roman',serif; color: black;\">\u00a0<\/span><\/h3>\n<h3 style=\"margin: 0cm; line-height: normal; text-align: left;\"><b><span style=\"font-size: 12.0pt; font-family: 'Times New Roman',serif; color: black;\">Como emitir a Autoriza\u00e7\u00e3o Eletr\u00f4nica de Viagem<\/span><\/b><\/h3>\n<p style=\"margin: 0cm; text-align: left;\"><span style=\"color: black;\">\u00a0<\/span><\/p>\n<p style=\"margin: 0cm; text-align: left;\"><span style=\"color: black;\">Para emitir a AEV, os respons\u00e1veis devem acessar a \u00e1rea \u201cCidad\u00e3o\u201d da plataforma e-Notariado, preencher a solicita\u00e7\u00e3o e escolher entre atendimento presencial ou por videoconfer\u00eancia. Para a emiss\u00e3o remota, \u00e9 necess\u00e1rio possuir<span class=\"apple-converted-space\">\u00a0<\/span><strong>certificado digital ICP-Brasil<\/strong><span class=\"apple-converted-space\">\u00a0<\/span>ou o<span class=\"apple-converted-space\">\u00a0<\/span><strong>Certificado Notarizado<\/strong>, fornecido gratuitamente, tamb\u00e9m em formato digital pela plataforma dos Cart\u00f3rios de Notas.<\/span><\/p>\n<p style=\"margin: 0cm; text-align: left;\"><span style=\"color: black;\">\u00a0<\/span><\/p>\n<h3 style=\"margin: 0cm; text-align: left;\"><b><span style=\"font-size: 12.0pt; line-height: 107%; font-family: 'Times New Roman',serif; color: black;\">Sobre o Col\u00e9gio Notarial do Brasil \u2013 Se\u00e7\u00e3o S\u00e3o Paulo (CNB\/SP)<\/span><\/b><\/h3>\n<p style=\"margin: 0cm; text-align: left;\"><b><span style=\"color: black;\">\u00a0<\/span><\/b><\/p>\n<p style=\"margin: 0cm; text-align: left;\"><span style=\"color: black;\">O<b> Col\u00e9gio Notarial do Brasil \u2013 Se\u00e7\u00e3o S\u00e3o Paulo (CNB\/SP) <\/b>\u00e9 a mais antiga entidade de classe representativa da atividade notarial no Brasil. Fundado em 9 de janeiro de 1951, tem a miss\u00e3o de integrar os not\u00e1rios entre si, com a sociedade, o Poder P\u00fablico e as entidades privadas, desenvolvendo atividades voltadas para o apoio, o aperfei\u00e7oamento e a valoriza\u00e7\u00e3o dos servi\u00e7os da institui\u00e7\u00e3o notarial, que atribui seguran\u00e7a jur\u00eddica \u00e0s rela\u00e7\u00f5es sociais e econ\u00f4micas. Hoje, o CNB\/SP re\u00fane mais de 730 Tabeli\u00e3es de Notas associados.<\/span><\/p>\n","protected":false},"excerpt":{"rendered":"<p>Levantamento nacional dos Cart\u00f3rios de Notas revela avan\u00e7o expressivo do documento digital exigido para viagens de crian\u00e7as e adolescentes desacompanhados \u00a0 Com a chegada das f\u00e9rias<span class=\"excerpt-hellip\"> [\u2026]<\/span><\/p>\n","protected":false},"author":10,"featured_media":62996,"comment_status":"open","ping_status":"open","sticky":false,"template":"","format":"standard","meta":{"_jetpack_memberships_contains_paid_content":false,"footnotes":"","jetpack_publicize_message":"","jetpack_publicize_feature_enabled":true,"jetpack_social_post_already_shared":true,"jetpack_social_options":{"image_generator_settings":{"template":"highway","default_image_id":0,"enabled":false},"version":2}},"categories":[28,81],"tags":[],"class_list":["post-62995","post","type-post","status-publish","format-standard","has-post-thumbnail","hentry","category-cotidiano","category-manchete"],"yoast_head":"<!-- This site is optimized with the Yoast SEO plugin v25.6 - https:\/\/yoast.com\/wordpress\/plugins\/seo\/ -->\n<title>F\u00e9rias escolares: Franca registra primeira Autoriza\u00e7\u00e3o Eletr\u00f4nica de Viagem para menores em 4 anos - VerdadeOn<\/title>\n<meta name=\"robots\" content=\"index, follow, max-snippet:-1, max-image-preview:large, max-video-preview:-1\" \/>\n<link rel=\"canonical\" href=\"https:\/\/verdadeon.com.br\/portal\/2026\/01\/03\/ferias-escolares-franca-registra-primeira-autorizacao-eletronica-de-viagem-para-menores-em-4-anos\/\" \/>\n<meta property=\"og:locale\" content=\"pt_BR\" \/>\n<meta property=\"og:type\" content=\"article\" \/>\n<meta property=\"og:title\" content=\"F\u00e9rias escolares: Franca registra primeira Autoriza\u00e7\u00e3o Eletr\u00f4nica de Viagem para menores em 4 anos - VerdadeOn\" \/>\n<meta property=\"og:description\" content=\"Levantamento nacional dos Cart\u00f3rios de Notas revela avan\u00e7o expressivo do documento digital exigido para viagens de crian\u00e7as e adolescentes desacompanhados \u00a0 Com a chegada das f\u00e9rias [\u2026]\" \/>\n<meta property=\"og:url\" content=\"https:\/\/verdadeon.com.br\/portal\/2026\/01\/03\/ferias-escolares-franca-registra-primeira-autorizacao-eletronica-de-viagem-para-menores-em-4-anos\/\" \/>\n<meta property=\"og:site_name\" content=\"VerdadeOn\" \/>\n<meta property=\"article:published_time\" content=\"2026-01-03T11:00:39+00:00\" \/>\n<meta property=\"og:image\" content=\"https:\/\/i0.wp.com\/verdadeon.com.br\/portal\/wp-content\/uploads\/2026\/01\/filhos-completos-carregando-bagagem.jpg?fit=2560%2C1935&ssl=1\" \/>\n\t<meta property=\"og:image:width\" content=\"2560\" \/>\n\t<meta property=\"og:image:height\" content=\"1935\" \/>\n\t<meta property=\"og:image:type\" content=\"image\/jpeg\" \/>\n<meta name=\"author\" content=\"Redacao VerdadeOn\" \/>\n<meta name=\"twitter:card\" content=\"summary_large_image\" \/>\n<meta name=\"twitter:label1\" content=\"Escrito por\" \/>\n\t<meta name=\"twitter:data1\" content=\"Redacao VerdadeOn\" \/>\n\t<meta name=\"twitter:label2\" content=\"Est. tempo de leitura\" \/>\n\t<meta name=\"twitter:data2\" content=\"4 minutos\" \/>\n<script type=\"application\/ld+json\" class=\"yoast-schema-graph\">{\"@context\":\"https:\/\/schema.org\",\"@graph\":[{\"@type\":\"WebPage\",\"@id\":\"https:\/\/verdadeon.com.br\/portal\/2026\/01\/03\/ferias-escolares-franca-registra-primeira-autorizacao-eletronica-de-viagem-para-menores-em-4-anos\/\",\"url\":\"https:\/\/verdadeon.com.br\/portal\/2026\/01\/03\/ferias-escolares-franca-registra-primeira-autorizacao-eletronica-de-viagem-para-menores-em-4-anos\/\",\"name\":\"F\u00e9rias escolares: Franca registra primeira Autoriza\u00e7\u00e3o Eletr\u00f4nica de Viagem para menores em 4 anos - VerdadeOn\",\"isPartOf\":{\"@id\":\"https:\/\/verdadeon.com.br\/portal\/#website\"},\"primaryImageOfPage\":{\"@id\":\"https:\/\/verdadeon.com.br\/portal\/2026\/01\/03\/ferias-escolares-franca-registra-primeira-autorizacao-eletronica-de-viagem-para-menores-em-4-anos\/#primaryimage\"},\"image\":{\"@id\":\"https:\/\/verdadeon.com.br\/portal\/2026\/01\/03\/ferias-escolares-franca-registra-primeira-autorizacao-eletronica-de-viagem-para-menores-em-4-anos\/#primaryimage\"},\"thumbnailUrl\":\"https:\/\/i0.wp.com\/verdadeon.com.br\/portal\/wp-content\/uploads\/2026\/01\/filhos-completos-carregando-bagagem.jpg?fit=2560%2C1935&ssl=1\",\"datePublished\":\"2026-01-03T11:00:39+00:00\",\"author\":{\"@id\":\"https:\/\/verdadeon.com.br\/portal\/#\/schema\/person\/a5060ad1e9ea3df545188fc93ce43d2f\"},\"breadcrumb\":{\"@id\":\"https:\/\/verdadeon.com.br\/portal\/2026\/01\/03\/ferias-escolares-franca-registra-primeira-autorizacao-eletronica-de-viagem-para-menores-em-4-anos\/#breadcrumb\"},\"inLanguage\":\"pt-BR\",\"potentialAction\":[{\"@type\":\"ReadAction\",\"target\":[\"https:\/\/verdadeon.com.br\/portal\/2026\/01\/03\/ferias-escolares-franca-registra-primeira-autorizacao-eletronica-de-viagem-para-menores-em-4-anos\/\"]}]},{\"@type\":\"ImageObject\",\"inLanguage\":\"pt-BR\",\"@id\":\"https:\/\/verdadeon.com.br\/portal\/2026\/01\/03\/ferias-escolares-franca-registra-primeira-autorizacao-eletronica-de-viagem-para-menores-em-4-anos\/#primaryimage\",\"url\":\"https:\/\/i0.wp.com\/verdadeon.com.br\/portal\/wp-content\/uploads\/2026\/01\/filhos-completos-carregando-bagagem.jpg?fit=2560%2C1935&ssl=1\",\"contentUrl\":\"https:\/\/i0.wp.com\/verdadeon.com.br\/portal\/wp-content\/uploads\/2026\/01\/filhos-completos-carregando-bagagem.jpg?fit=2560%2C1935&ssl=1\",\"width\":2560,\"height\":1935,\"caption\":\"(\u00a9Divulga\u00e7\u00e3o)\"},{\"@type\":\"BreadcrumbList\",\"@id\":\"https:\/\/verdadeon.com.br\/portal\/2026\/01\/03\/ferias-escolares-franca-registra-primeira-autorizacao-eletronica-de-viagem-para-menores-em-4-anos\/#breadcrumb\",\"itemListElement\":[{\"@type\":\"ListItem\",\"position\":1,\"name\":\"In\u00edcio\",\"item\":\"https:\/\/verdadeon.com.br\/portal\/\"},{\"@type\":\"ListItem\",\"position\":2,\"name\":\"F\u00e9rias escolares: Franca registra primeira Autoriza\u00e7\u00e3o Eletr\u00f4nica de Viagem para menores em 4 anos\"}]},{\"@type\":\"WebSite\",\"@id\":\"https:\/\/verdadeon.com.br\/portal\/#website\",\"url\":\"https:\/\/verdadeon.com.br\/portal\/\",\"name\":\"VerdadeOn\",\"description\":\"Not\u00edcias di\u00e1rias sobre Franca, Regi\u00e3o, Esporte, Cultura, Cotidiano, Colunas. Cobertura nos principais eventos da cidade \u00e9 aqui - Verdadeon Franca\",\"potentialAction\":[{\"@type\":\"SearchAction\",\"target\":{\"@type\":\"EntryPoint\",\"urlTemplate\":\"https:\/\/verdadeon.com.br\/portal\/?s={search_term_string}\"},\"query-input\":{\"@type\":\"PropertyValueSpecification\",\"valueRequired\":true,\"valueName\":\"search_term_string\"}}],\"inLanguage\":\"pt-BR\"},{\"@type\":\"Person\",\"@id\":\"https:\/\/verdadeon.com.br\/portal\/#\/schema\/person\/a5060ad1e9ea3df545188fc93ce43d2f\",\"name\":\"Redacao VerdadeOn\",\"image\":{\"@type\":\"ImageObject\",\"inLanguage\":\"pt-BR\",\"@id\":\"https:\/\/verdadeon.com.br\/portal\/#\/schema\/person\/image\/\",\"url\":\"https:\/\/secure.gravatar.com\/avatar\/459a9613caaaf07f582c3d0841eea68bdd66f533e465e6ba8b9cb45619572cf4?s=96&d=mm&r=g\",\"contentUrl\":\"https:\/\/secure.gravatar.com\/avatar\/459a9613caaaf07f582c3d0841eea68bdd66f533e465e6ba8b9cb45619572cf4?s=96&d=mm&r=g\",\"caption\":\"Redacao VerdadeOn\"},\"url\":\"https:\/\/verdadeon.com.br\/portal\/author\/redacao\/\"}]}<\/script>\n<!-- \/ Yoast SEO plugin. -->","yoast_head_json":{"title":"F\u00e9rias escolares: Franca registra primeira Autoriza\u00e7\u00e3o Eletr\u00f4nica de Viagem para menores em 4 anos - VerdadeOn","robots":{"index":"index","follow":"follow","max-snippet":"max-snippet:-1","max-image-preview":"max-image-preview:large","max-video-preview":"max-video-preview:-1"},"canonical":"https:\/\/verdadeon.com.br\/portal\/2026\/01\/03\/ferias-escolares-franca-registra-primeira-autorizacao-eletronica-de-viagem-para-menores-em-4-anos\/","og_locale":"pt_BR","og_type":"article","og_title":"F\u00e9rias escolares: Franca registra primeira Autoriza\u00e7\u00e3o Eletr\u00f4nica de Viagem para menores em 4 anos - VerdadeOn","og_description":"Levantamento nacional dos Cart\u00f3rios de Notas revela avan\u00e7o expressivo do documento digital exigido para viagens de crian\u00e7as e adolescentes desacompanhados \u00a0 Com a chegada das f\u00e9rias [\u2026]","og_url":"https:\/\/verdadeon.com.br\/portal\/2026\/01\/03\/ferias-escolares-franca-registra-primeira-autorizacao-eletronica-de-viagem-para-menores-em-4-anos\/","og_site_name":"VerdadeOn","article_published_time":"2026-01-03T11:00:39+00:00","og_image":[{"width":2560,"height":1935,"url":"https:\/\/i0.wp.com\/verdadeon.com.br\/portal\/wp-content\/uploads\/2026\/01\/filhos-completos-carregando-bagagem.jpg?fit=2560%2C1935&ssl=1","type":"image\/jpeg"}],"author":"Redacao VerdadeOn","twitter_card":"summary_large_image","twitter_misc":{"Escrito por":"Redacao VerdadeOn","Est. tempo de leitura":"4 minutos"},"schema":{"@context":"https:\/\/schema.org","@graph":[{"@type":"WebPage","@id":"https:\/\/verdadeon.com.br\/portal\/2026\/01\/03\/ferias-escolares-franca-registra-primeira-autorizacao-eletronica-de-viagem-para-menores-em-4-anos\/","url":"https:\/\/verdadeon.com.br\/portal\/2026\/01\/03\/ferias-escolares-franca-registra-primeira-autorizacao-eletronica-de-viagem-para-menores-em-4-anos\/","name":"F\u00e9rias escolares: Franca registra primeira Autoriza\u00e7\u00e3o Eletr\u00f4nica de Viagem para menores em 4 anos - VerdadeOn","isPartOf":{"@id":"https:\/\/verdadeon.com.br\/portal\/#website"},"primaryImageOfPage":{"@id":"https:\/\/verdadeon.com.br\/portal\/2026\/01\/03\/ferias-escolares-franca-registra-primeira-autorizacao-eletronica-de-viagem-para-menores-em-4-anos\/#primaryimage"},"image":{"@id":"https:\/\/verdadeon.com.br\/portal\/2026\/01\/03\/ferias-escolares-franca-registra-primeira-autorizacao-eletronica-de-viagem-para-menores-em-4-anos\/#primaryimage"},"thumbnailUrl":"https:\/\/i0.wp.com\/verdadeon.com.br\/portal\/wp-content\/uploads\/2026\/01\/filhos-completos-carregando-bagagem.jpg?fit=2560%2C1935&ssl=1","datePublished":"2026-01-03T11:00:39+00:00","author":{"@id":"https:\/\/verdadeon.com.br\/portal\/#\/schema\/person\/a5060ad1e9ea3df545188fc93ce43d2f"},"breadcrumb":{"@id":"https:\/\/verdadeon.com.br\/portal\/2026\/01\/03\/ferias-escolares-franca-registra-primeira-autorizacao-eletronica-de-viagem-para-menores-em-4-anos\/#breadcrumb"},"inLanguage":"pt-BR","potentialAction":[{"@type":"ReadAction","target":["https:\/\/verdadeon.com.br\/portal\/2026\/01\/03\/ferias-escolares-franca-registra-primeira-autorizacao-eletronica-de-viagem-para-menores-em-4-anos\/"]}]},{"@type":"ImageObject","inLanguage":"pt-BR","@id":"https:\/\/verdadeon.com.br\/portal\/2026\/01\/03\/ferias-escolares-franca-registra-primeira-autorizacao-eletronica-de-viagem-para-menores-em-4-anos\/#primaryimage","url":"https:\/\/i0.wp.com\/verdadeon.com.br\/portal\/wp-content\/uploads\/2026\/01\/filhos-completos-carregando-bagagem.jpg?fit=2560%2C1935&ssl=1","contentUrl":"https:\/\/i0.wp.com\/verdadeon.com.br\/portal\/wp-content\/uploads\/2026\/01\/filhos-completos-carregando-bagagem.jpg?fit=2560%2C1935&ssl=1","width":2560,"height":1935,"caption":"(\u00a9Divulga\u00e7\u00e3o)"},{"@type":"BreadcrumbList","@id":"https:\/\/verdadeon.com.br\/portal\/2026\/01\/03\/ferias-escolares-franca-registra-primeira-autorizacao-eletronica-de-viagem-para-menores-em-4-anos\/#breadcrumb","itemListElement":[{"@type":"ListItem","position":1,"name":"In\u00edcio","item":"https:\/\/verdadeon.com.br\/portal\/"},{"@type":"ListItem","position":2,"name":"F\u00e9rias escolares: Franca registra primeira Autoriza\u00e7\u00e3o Eletr\u00f4nica de Viagem para menores em 4 anos"}]},{"@type":"WebSite","@id":"https:\/\/verdadeon.com.br\/portal\/#website","url":"https:\/\/verdadeon.com.br\/portal\/","name":"VerdadeOn","description":"Not\u00edcias di\u00e1rias sobre Franca, Regi\u00e3o, Esporte, Cultura, Cotidiano, Colunas. Cobertura nos principais eventos da cidade \u00e9 aqui - Verdadeon Franca","potentialAction":[{"@type":"SearchAction","target":{"@type":"EntryPoint","urlTemplate":"https:\/\/verdadeon.com.br\/portal\/?s={search_term_string}"},"query-input":{"@type":"PropertyValueSpecification","valueRequired":true,"valueName":"search_term_string"}}],"inLanguage":"pt-BR"},{"@type":"Person","@id":"https:\/\/verdadeon.com.br\/portal\/#\/schema\/person\/a5060ad1e9ea3df545188fc93ce43d2f","name":"Redacao VerdadeOn","image":{"@type":"ImageObject","inLanguage":"pt-BR","@id":"https:\/\/verdadeon.com.br\/portal\/#\/schema\/person\/image\/","url":"https:\/\/secure.gravatar.com\/avatar\/459a9613caaaf07f582c3d0841eea68bdd66f533e465e6ba8b9cb45619572cf4?s=96&d=mm&r=g","contentUrl":"https:\/\/secure.gravatar.com\/avatar\/459a9613caaaf07f582c3d0841eea68bdd66f533e465e6ba8b9cb45619572cf4?s=96&d=mm&r=g","caption":"Redacao VerdadeOn"},"url":"https:\/\/verdadeon.com.br\/portal\/author\/redacao\/"}]}},"jetpack_publicize_connections":[],"jetpack_featured_media_url":"https:\/\/i0.wp.com\/verdadeon.com.br\/portal\/wp-content\/uploads\/2026\/01\/filhos-completos-carregando-bagagem.jpg?fit=2560%2C1935&ssl=1","jetpack_sharing_enabled":true,"_links":{"self":[{"href":"https:\/\/verdadeon.com.br\/portal\/wp-json\/wp\/v2\/posts\/62995","targetHints":{"allow":["GET"]}}],"collection":[{"href":"https:\/\/verdadeon.com.br\/portal\/wp-json\/wp\/v2\/posts"}],"about":[{"href":"https:\/\/verdadeon.com.br\/portal\/wp-json\/wp\/v2\/types\/post"}],"author":[{"embeddable":true,"href":"https:\/\/verdadeon.com.br\/portal\/wp-json\/wp\/v2\/users\/10"}],"replies":[{"embeddable":true,"href":"https:\/\/verdadeon.com.br\/portal\/wp-json\/wp\/v2\/comments?post=62995"}],"version-history":[{"count":1,"href":"https:\/\/verdadeon.com.br\/portal\/wp-json\/wp\/v2\/posts\/62995\/revisions"}],"predecessor-version":[{"id":62997,"href":"https:\/\/verdadeon.com.br\/portal\/wp-json\/wp\/v2\/posts\/62995\/revisions\/62997"}],"wp:featuredmedia":[{"embeddable":true,"href":"https:\/\/verdadeon.com.br\/portal\/wp-json\/wp\/v2\/media\/62996"}],"wp:attachment":[{"href":"https:\/\/verdadeon.com.br\/portal\/wp-json\/wp\/v2\/media?parent=62995"}],"wp:term":[{"taxonomy":"category","embeddable":true,"href":"https:\/\/verdadeon.com.br\/portal\/wp-json\/wp\/v2\/categories?post=62995"},{"taxonomy":"post_tag","embeddable":true,"href":"https:\/\/verdadeon.com.br\/portal\/wp-json\/wp\/v2\/tags?post=62995"}],"curies":[{"name":"wp","href":"https:\/\/api.w.org\/{rel}","templated":true}]}}