{"id":62769,"date":"2025-12-24T07:12:50","date_gmt":"2025-12-24T10:12:50","guid":{"rendered":"https:\/\/verdadeon.com.br\/portal\/?p=62769"},"modified":"2025-12-24T02:22:57","modified_gmt":"2025-12-24T05:22:57","slug":"homem-furta-bicicleta-e-e-preso-pela-policia-militar-em-morro-agudo","status":"publish","type":"post","link":"https:\/\/verdadeon.com.br\/portal\/2025\/12\/24\/homem-furta-bicicleta-e-e-preso-pela-policia-militar-em-morro-agudo\/","title":{"rendered":"Homem furta bicicleta e \u00e9 preso pela Pol\u00edcia Militar em Morro Agudo"},"content":{"rendered":"<h2>Indiv\u00edduo foi localizado nas imedia\u00e7\u00f5es do Albergue Municipal<\/h2>\n<p style=\"text-align: right;\"><em><strong>Por Pedro Maia<\/strong><\/em><br \/>\n<em><strong>Editor-chefe<\/strong><\/em><\/p>\n<p>Nesta ter\u00e7a-feira, 23 de dezembro, a Pol\u00edcia Militar prendeu um indiv\u00edduo em flagrante pelo crime de furto em Morro Agudo, a cerca de 84 quil\u00f4metros de Franca.<\/p>\n<p>A ocorr\u00eancia foi registrada por volta das 10h51, na Rua Canad\u00e1, nas proximidades do CAPS (Centro de Aten\u00e7\u00e3o Psicossocial), onde a v\u00edtima relatou o furto de uma bicicleta. Com base nas caracter\u00edsticas do suspeito repassadas \u00e0 equipe do 2\u00b0 Pelot\u00e3o da 4\u00aa Companhia do 15\u00b0 BPM\/I &#8211; subordinado ao CPI-3 &#8211; acionada via Central de Atendimento e Despacho (CAD 190), os policiais iniciaram\u00a0dilig\u00eancias e conseguiram localizar o indiv\u00edduo nas imedia\u00e7\u00f5es do albergue municipal.<\/p>\n<p>Abordado, o suspeito informou aos policiais que havia deixado a bicicleta furtada na Travessa Bandeirante. A equipe se deslocou at\u00e9 o local indicado e localizou o objeto do furto no quintal de uma resid\u00eancia. Tratava-se de uma bicicleta da marca DROPP, aro 29.<\/p>\n<p>Face ao exposto, foi dada voz de pris\u00e3o em flagrante ao autor, que foi conduzido \u00e0 Delegacia de Pol\u00edcia de Morro Agudo. Ap\u00f3s tomar ci\u00eancia da ocorr\u00eancia, o delegado titular, Dr. Jo\u00e3o Baptistucci Neto, formalizou a pris\u00e3o em flagrante realizada pela equipe policial.<\/p>\n<p>A r\u00e1pida resposta da Pol\u00edcia Militar possibilitou a recupera\u00e7\u00e3o do bem subtra\u00eddo e refor\u00e7a a import\u00e2ncia do acionamento imediato das for\u00e7as de seguran\u00e7a por meio do telefone 190.<\/p>\n<p>As informa\u00e7\u00f5es foram divulgadas pelo portal da CONSEG (Conselho Comunit\u00e1rio de Seguran\u00e7a) de Morro Agudo.<\/p>\n","protected":false},"excerpt":{"rendered":"<p>Indiv\u00edduo foi localizado nas imedia\u00e7\u00f5es do Albergue Municipal Por Pedro Maia Editor-chefe Nesta ter\u00e7a-feira, 23 de dezembro, a Pol\u00edcia Militar prendeu um indiv\u00edduo em flagrante pelo<span class=\"excerpt-hellip\"> [\u2026]<\/span><\/p>\n","protected":false},"author":10,"featured_media":62770,"comment_status":"open","ping_status":"open","sticky":false,"template":"","format":"standard","meta":{"_jetpack_memberships_contains_paid_content":false,"footnotes":"","jetpack_publicize_message":"","jetpack_publicize_feature_enabled":true,"jetpack_social_post_already_shared":true,"jetpack_social_options":{"image_generator_settings":{"template":"highway","default_image_id":0,"enabled":false},"version":2}},"categories":[28,81],"tags":[],"class_list":["post-62769","post","type-post","status-publish","format-standard","has-post-thumbnail","hentry","category-cotidiano","category-manchete"],"yoast_head":"<!-- This site is optimized with the Yoast SEO plugin v25.6 - https:\/\/yoast.com\/wordpress\/plugins\/seo\/ -->\n<title>Homem furta bicicleta e \u00e9 preso pela Pol\u00edcia Militar em Morro Agudo - VerdadeOn<\/title>\n<meta name=\"robots\" content=\"index, follow, max-snippet:-1, max-image-preview:large, max-video-preview:-1\" \/>\n<link rel=\"canonical\" href=\"https:\/\/verdadeon.com.br\/portal\/2025\/12\/24\/homem-furta-bicicleta-e-e-preso-pela-policia-militar-em-morro-agudo\/\" \/>\n<meta property=\"og:locale\" content=\"pt_BR\" \/>\n<meta property=\"og:type\" content=\"article\" \/>\n<meta property=\"og:title\" content=\"Homem furta bicicleta e \u00e9 preso pela Pol\u00edcia Militar em Morro Agudo - VerdadeOn\" \/>\n<meta property=\"og:description\" content=\"Indiv\u00edduo foi localizado nas imedia\u00e7\u00f5es do Albergue Municipal Por Pedro Maia Editor-chefe Nesta ter\u00e7a-feira, 23 de dezembro, a Pol\u00edcia Militar prendeu um indiv\u00edduo em flagrante pelo [\u2026]\" \/>\n<meta property=\"og:url\" content=\"https:\/\/verdadeon.com.br\/portal\/2025\/12\/24\/homem-furta-bicicleta-e-e-preso-pela-policia-militar-em-morro-agudo\/\" \/>\n<meta property=\"og:site_name\" content=\"VerdadeOn\" \/>\n<meta property=\"article:published_time\" content=\"2025-12-24T10:12:50+00:00\" \/>\n<meta property=\"og:image\" content=\"https:\/\/i0.wp.com\/verdadeon.com.br\/portal\/wp-content\/uploads\/2025\/12\/divf.jpg?fit=714%2C473&ssl=1\" \/>\n\t<meta property=\"og:image:width\" content=\"714\" \/>\n\t<meta property=\"og:image:height\" content=\"473\" \/>\n\t<meta property=\"og:image:type\" content=\"image\/jpeg\" \/>\n<meta name=\"author\" content=\"Redacao VerdadeOn\" \/>\n<meta name=\"twitter:card\" content=\"summary_large_image\" \/>\n<meta name=\"twitter:label1\" content=\"Escrito por\" \/>\n\t<meta name=\"twitter:data1\" content=\"Redacao VerdadeOn\" \/>\n\t<meta name=\"twitter:label2\" content=\"Est. tempo de leitura\" \/>\n\t<meta name=\"twitter:data2\" content=\"2 minutos\" \/>\n<script type=\"application\/ld+json\" class=\"yoast-schema-graph\">{\"@context\":\"https:\/\/schema.org\",\"@graph\":[{\"@type\":\"WebPage\",\"@id\":\"https:\/\/verdadeon.com.br\/portal\/2025\/12\/24\/homem-furta-bicicleta-e-e-preso-pela-policia-militar-em-morro-agudo\/\",\"url\":\"https:\/\/verdadeon.com.br\/portal\/2025\/12\/24\/homem-furta-bicicleta-e-e-preso-pela-policia-militar-em-morro-agudo\/\",\"name\":\"Homem furta bicicleta e \u00e9 preso pela Pol\u00edcia Militar em Morro Agudo - VerdadeOn\",\"isPartOf\":{\"@id\":\"https:\/\/verdadeon.com.br\/portal\/#website\"},\"primaryImageOfPage\":{\"@id\":\"https:\/\/verdadeon.com.br\/portal\/2025\/12\/24\/homem-furta-bicicleta-e-e-preso-pela-policia-militar-em-morro-agudo\/#primaryimage\"},\"image\":{\"@id\":\"https:\/\/verdadeon.com.br\/portal\/2025\/12\/24\/homem-furta-bicicleta-e-e-preso-pela-policia-militar-em-morro-agudo\/#primaryimage\"},\"thumbnailUrl\":\"https:\/\/i0.wp.com\/verdadeon.com.br\/portal\/wp-content\/uploads\/2025\/12\/divf.jpg?fit=714%2C473&ssl=1\",\"datePublished\":\"2025-12-24T10:12:50+00:00\",\"author\":{\"@id\":\"https:\/\/verdadeon.com.br\/portal\/#\/schema\/person\/a5060ad1e9ea3df545188fc93ce43d2f\"},\"breadcrumb\":{\"@id\":\"https:\/\/verdadeon.com.br\/portal\/2025\/12\/24\/homem-furta-bicicleta-e-e-preso-pela-policia-militar-em-morro-agudo\/#breadcrumb\"},\"inLanguage\":\"pt-BR\",\"potentialAction\":[{\"@type\":\"ReadAction\",\"target\":[\"https:\/\/verdadeon.com.br\/portal\/2025\/12\/24\/homem-furta-bicicleta-e-e-preso-pela-policia-militar-em-morro-agudo\/\"]}]},{\"@type\":\"ImageObject\",\"inLanguage\":\"pt-BR\",\"@id\":\"https:\/\/verdadeon.com.br\/portal\/2025\/12\/24\/homem-furta-bicicleta-e-e-preso-pela-policia-militar-em-morro-agudo\/#primaryimage\",\"url\":\"https:\/\/i0.wp.com\/verdadeon.com.br\/portal\/wp-content\/uploads\/2025\/12\/divf.jpg?fit=714%2C473&ssl=1\",\"contentUrl\":\"https:\/\/i0.wp.com\/verdadeon.com.br\/portal\/wp-content\/uploads\/2025\/12\/divf.jpg?fit=714%2C473&ssl=1\",\"width\":714,\"height\":473,\"caption\":\"(\u00a9Reprodu\u00e7\u00e3o\/CONSEG Morro Agudo)\"},{\"@type\":\"BreadcrumbList\",\"@id\":\"https:\/\/verdadeon.com.br\/portal\/2025\/12\/24\/homem-furta-bicicleta-e-e-preso-pela-policia-militar-em-morro-agudo\/#breadcrumb\",\"itemListElement\":[{\"@type\":\"ListItem\",\"position\":1,\"name\":\"In\u00edcio\",\"item\":\"https:\/\/verdadeon.com.br\/portal\/\"},{\"@type\":\"ListItem\",\"position\":2,\"name\":\"Homem furta bicicleta e \u00e9 preso pela Pol\u00edcia Militar em Morro Agudo\"}]},{\"@type\":\"WebSite\",\"@id\":\"https:\/\/verdadeon.com.br\/portal\/#website\",\"url\":\"https:\/\/verdadeon.com.br\/portal\/\",\"name\":\"VerdadeOn\",\"description\":\"Not\u00edcias di\u00e1rias sobre Franca, Regi\u00e3o, Esporte, Cultura, Cotidiano, Colunas. Cobertura nos principais eventos da cidade \u00e9 aqui - Verdadeon Franca\",\"potentialAction\":[{\"@type\":\"SearchAction\",\"target\":{\"@type\":\"EntryPoint\",\"urlTemplate\":\"https:\/\/verdadeon.com.br\/portal\/?s={search_term_string}\"},\"query-input\":{\"@type\":\"PropertyValueSpecification\",\"valueRequired\":true,\"valueName\":\"search_term_string\"}}],\"inLanguage\":\"pt-BR\"},{\"@type\":\"Person\",\"@id\":\"https:\/\/verdadeon.com.br\/portal\/#\/schema\/person\/a5060ad1e9ea3df545188fc93ce43d2f\",\"name\":\"Redacao VerdadeOn\",\"image\":{\"@type\":\"ImageObject\",\"inLanguage\":\"pt-BR\",\"@id\":\"https:\/\/verdadeon.com.br\/portal\/#\/schema\/person\/image\/\",\"url\":\"https:\/\/secure.gravatar.com\/avatar\/459a9613caaaf07f582c3d0841eea68bdd66f533e465e6ba8b9cb45619572cf4?s=96&d=mm&r=g\",\"contentUrl\":\"https:\/\/secure.gravatar.com\/avatar\/459a9613caaaf07f582c3d0841eea68bdd66f533e465e6ba8b9cb45619572cf4?s=96&d=mm&r=g\",\"caption\":\"Redacao VerdadeOn\"},\"url\":\"https:\/\/verdadeon.com.br\/portal\/author\/redacao\/\"}]}<\/script>\n<!-- \/ Yoast SEO plugin. -->","yoast_head_json":{"title":"Homem furta bicicleta e \u00e9 preso pela Pol\u00edcia Militar em Morro Agudo - VerdadeOn","robots":{"index":"index","follow":"follow","max-snippet":"max-snippet:-1","max-image-preview":"max-image-preview:large","max-video-preview":"max-video-preview:-1"},"canonical":"https:\/\/verdadeon.com.br\/portal\/2025\/12\/24\/homem-furta-bicicleta-e-e-preso-pela-policia-militar-em-morro-agudo\/","og_locale":"pt_BR","og_type":"article","og_title":"Homem furta bicicleta e \u00e9 preso pela Pol\u00edcia Militar em Morro Agudo - VerdadeOn","og_description":"Indiv\u00edduo foi localizado nas imedia\u00e7\u00f5es do Albergue Municipal Por Pedro Maia Editor-chefe Nesta ter\u00e7a-feira, 23 de dezembro, a Pol\u00edcia Militar prendeu um indiv\u00edduo em flagrante pelo [\u2026]","og_url":"https:\/\/verdadeon.com.br\/portal\/2025\/12\/24\/homem-furta-bicicleta-e-e-preso-pela-policia-militar-em-morro-agudo\/","og_site_name":"VerdadeOn","article_published_time":"2025-12-24T10:12:50+00:00","og_image":[{"width":714,"height":473,"url":"https:\/\/i0.wp.com\/verdadeon.com.br\/portal\/wp-content\/uploads\/2025\/12\/divf.jpg?fit=714%2C473&ssl=1","type":"image\/jpeg"}],"author":"Redacao VerdadeOn","twitter_card":"summary_large_image","twitter_misc":{"Escrito por":"Redacao VerdadeOn","Est. tempo de leitura":"2 minutos"},"schema":{"@context":"https:\/\/schema.org","@graph":[{"@type":"WebPage","@id":"https:\/\/verdadeon.com.br\/portal\/2025\/12\/24\/homem-furta-bicicleta-e-e-preso-pela-policia-militar-em-morro-agudo\/","url":"https:\/\/verdadeon.com.br\/portal\/2025\/12\/24\/homem-furta-bicicleta-e-e-preso-pela-policia-militar-em-morro-agudo\/","name":"Homem furta bicicleta e \u00e9 preso pela Pol\u00edcia Militar em Morro Agudo - VerdadeOn","isPartOf":{"@id":"https:\/\/verdadeon.com.br\/portal\/#website"},"primaryImageOfPage":{"@id":"https:\/\/verdadeon.com.br\/portal\/2025\/12\/24\/homem-furta-bicicleta-e-e-preso-pela-policia-militar-em-morro-agudo\/#primaryimage"},"image":{"@id":"https:\/\/verdadeon.com.br\/portal\/2025\/12\/24\/homem-furta-bicicleta-e-e-preso-pela-policia-militar-em-morro-agudo\/#primaryimage"},"thumbnailUrl":"https:\/\/i0.wp.com\/verdadeon.com.br\/portal\/wp-content\/uploads\/2025\/12\/divf.jpg?fit=714%2C473&ssl=1","datePublished":"2025-12-24T10:12:50+00:00","author":{"@id":"https:\/\/verdadeon.com.br\/portal\/#\/schema\/person\/a5060ad1e9ea3df545188fc93ce43d2f"},"breadcrumb":{"@id":"https:\/\/verdadeon.com.br\/portal\/2025\/12\/24\/homem-furta-bicicleta-e-e-preso-pela-policia-militar-em-morro-agudo\/#breadcrumb"},"inLanguage":"pt-BR","potentialAction":[{"@type":"ReadAction","target":["https:\/\/verdadeon.com.br\/portal\/2025\/12\/24\/homem-furta-bicicleta-e-e-preso-pela-policia-militar-em-morro-agudo\/"]}]},{"@type":"ImageObject","inLanguage":"pt-BR","@id":"https:\/\/verdadeon.com.br\/portal\/2025\/12\/24\/homem-furta-bicicleta-e-e-preso-pela-policia-militar-em-morro-agudo\/#primaryimage","url":"https:\/\/i0.wp.com\/verdadeon.com.br\/portal\/wp-content\/uploads\/2025\/12\/divf.jpg?fit=714%2C473&ssl=1","contentUrl":"https:\/\/i0.wp.com\/verdadeon.com.br\/portal\/wp-content\/uploads\/2025\/12\/divf.jpg?fit=714%2C473&ssl=1","width":714,"height":473,"caption":"(\u00a9Reprodu\u00e7\u00e3o\/CONSEG Morro Agudo)"},{"@type":"BreadcrumbList","@id":"https:\/\/verdadeon.com.br\/portal\/2025\/12\/24\/homem-furta-bicicleta-e-e-preso-pela-policia-militar-em-morro-agudo\/#breadcrumb","itemListElement":[{"@type":"ListItem","position":1,"name":"In\u00edcio","item":"https:\/\/verdadeon.com.br\/portal\/"},{"@type":"ListItem","position":2,"name":"Homem furta bicicleta e \u00e9 preso pela Pol\u00edcia Militar em Morro Agudo"}]},{"@type":"WebSite","@id":"https:\/\/verdadeon.com.br\/portal\/#website","url":"https:\/\/verdadeon.com.br\/portal\/","name":"VerdadeOn","description":"Not\u00edcias di\u00e1rias sobre Franca, Regi\u00e3o, Esporte, Cultura, Cotidiano, Colunas. Cobertura nos principais eventos da cidade \u00e9 aqui - Verdadeon Franca","potentialAction":[{"@type":"SearchAction","target":{"@type":"EntryPoint","urlTemplate":"https:\/\/verdadeon.com.br\/portal\/?s={search_term_string}"},"query-input":{"@type":"PropertyValueSpecification","valueRequired":true,"valueName":"search_term_string"}}],"inLanguage":"pt-BR"},{"@type":"Person","@id":"https:\/\/verdadeon.com.br\/portal\/#\/schema\/person\/a5060ad1e9ea3df545188fc93ce43d2f","name":"Redacao VerdadeOn","image":{"@type":"ImageObject","inLanguage":"pt-BR","@id":"https:\/\/verdadeon.com.br\/portal\/#\/schema\/person\/image\/","url":"https:\/\/secure.gravatar.com\/avatar\/459a9613caaaf07f582c3d0841eea68bdd66f533e465e6ba8b9cb45619572cf4?s=96&d=mm&r=g","contentUrl":"https:\/\/secure.gravatar.com\/avatar\/459a9613caaaf07f582c3d0841eea68bdd66f533e465e6ba8b9cb45619572cf4?s=96&d=mm&r=g","caption":"Redacao VerdadeOn"},"url":"https:\/\/verdadeon.com.br\/portal\/author\/redacao\/"}]}},"jetpack_publicize_connections":[],"jetpack_featured_media_url":"https:\/\/i0.wp.com\/verdadeon.com.br\/portal\/wp-content\/uploads\/2025\/12\/divf.jpg?fit=714%2C473&ssl=1","jetpack_sharing_enabled":true,"_links":{"self":[{"href":"https:\/\/verdadeon.com.br\/portal\/wp-json\/wp\/v2\/posts\/62769","targetHints":{"allow":["GET"]}}],"collection":[{"href":"https:\/\/verdadeon.com.br\/portal\/wp-json\/wp\/v2\/posts"}],"about":[{"href":"https:\/\/verdadeon.com.br\/portal\/wp-json\/wp\/v2\/types\/post"}],"author":[{"embeddable":true,"href":"https:\/\/verdadeon.com.br\/portal\/wp-json\/wp\/v2\/users\/10"}],"replies":[{"embeddable":true,"href":"https:\/\/verdadeon.com.br\/portal\/wp-json\/wp\/v2\/comments?post=62769"}],"version-history":[{"count":1,"href":"https:\/\/verdadeon.com.br\/portal\/wp-json\/wp\/v2\/posts\/62769\/revisions"}],"predecessor-version":[{"id":62771,"href":"https:\/\/verdadeon.com.br\/portal\/wp-json\/wp\/v2\/posts\/62769\/revisions\/62771"}],"wp:featuredmedia":[{"embeddable":true,"href":"https:\/\/verdadeon.com.br\/portal\/wp-json\/wp\/v2\/media\/62770"}],"wp:attachment":[{"href":"https:\/\/verdadeon.com.br\/portal\/wp-json\/wp\/v2\/media?parent=62769"}],"wp:term":[{"taxonomy":"category","embeddable":true,"href":"https:\/\/verdadeon.com.br\/portal\/wp-json\/wp\/v2\/categories?post=62769"},{"taxonomy":"post_tag","embeddable":true,"href":"https:\/\/verdadeon.com.br\/portal\/wp-json\/wp\/v2\/tags?post=62769"}],"curies":[{"name":"wp","href":"https:\/\/api.w.org\/{rel}","templated":true}]}}