{"id":62766,"date":"2025-12-24T02:12:35","date_gmt":"2025-12-24T05:12:35","guid":{"rendered":"https:\/\/verdadeon.com.br\/portal\/?p=62766"},"modified":"2025-12-24T02:12:35","modified_gmt":"2025-12-24T05:12:35","slug":"plantacao-de-maconha-e-descoberta-pela-policia-militar-em-cristais-paulista","status":"publish","type":"post","link":"https:\/\/verdadeon.com.br\/portal\/2025\/12\/24\/plantacao-de-maconha-e-descoberta-pela-policia-militar-em-cristais-paulista\/","title":{"rendered":"Planta\u00e7\u00e3o de maconha \u00e9 descoberta pela Pol\u00edcia Militar em Cristais Paulista"},"content":{"rendered":"<h2>Dois indiv\u00edduos foram abordados: um deles confessou ser usu\u00e1rio e que mantinha cultivo<\/h2>\n<p style=\"text-align: right;\"><strong><em>Por Pedro Maia<\/em><\/strong><br \/>\n<strong><em>Editor-chefe<\/em><\/strong><\/p>\n<p>Uma planta\u00e7\u00e3o de maconha foi descoberta em uma resid\u00eancia na cidade de Cristais Paulista, a cerca de 19,7 quil\u00f4metros de Franca.<\/p>\n<p>Segundo informa\u00e7\u00f5es da CONSEG (Conselho Comunit\u00e1rio de Seguran\u00e7a) do munic\u00edpio, na manh\u00e3 de ter\u00e7a-feira (23), durante patrulhamento, a equipe de Pol\u00edcia Militar abordou dois indiv\u00edduos. Com um deles foi encontrada uma bucha de maconha. Questionado, o abordado afirmou inicialmente que possu\u00eda apenas aquela quantidade.<\/p>\n<p>Diante da situa\u00e7\u00e3o, os policiais se deslocaram at\u00e9 \u00e0 casa do indiv\u00edduo para averigua\u00e7\u00e3o. No local, ele confessou que fazia uso da droga e que mantinha uma planta\u00e7\u00e3o de maconha, al\u00e9m de realizar o preparo do entorpecente.<\/p>\n<p>Na resid\u00eancia foram apreendidos p\u00e9s de maconha, por\u00e7\u00f5es prontas para consumo, erva em processo de secagem e um simulacro de arma de fogo.<\/p>\n<p>O indiv\u00edduo foi conduzido \u00e0 Delegacia de Pol\u00edcia Civil, onde permaneceu \u00e0 disposi\u00e7\u00e3o da Justi\u00e7a.<\/p>\n","protected":false},"excerpt":{"rendered":"<p>Dois indiv\u00edduos foram abordados: um deles confessou ser usu\u00e1rio e que mantinha cultivo Por Pedro Maia Editor-chefe Uma planta\u00e7\u00e3o de maconha foi descoberta em uma resid\u00eancia<span class=\"excerpt-hellip\"> [\u2026]<\/span><\/p>\n","protected":false},"author":10,"featured_media":62767,"comment_status":"open","ping_status":"open","sticky":false,"template":"","format":"standard","meta":{"_jetpack_memberships_contains_paid_content":false,"footnotes":"","jetpack_publicize_message":"","jetpack_publicize_feature_enabled":true,"jetpack_social_post_already_shared":true,"jetpack_social_options":{"image_generator_settings":{"template":"highway","default_image_id":0,"enabled":false},"version":2}},"categories":[28,81],"tags":[],"class_list":["post-62766","post","type-post","status-publish","format-standard","has-post-thumbnail","hentry","category-cotidiano","category-manchete"],"yoast_head":"<!-- This site is optimized with the Yoast SEO plugin v25.6 - https:\/\/yoast.com\/wordpress\/plugins\/seo\/ -->\n<title>Planta\u00e7\u00e3o de maconha \u00e9 descoberta pela Pol\u00edcia Militar em Cristais Paulista - VerdadeOn<\/title>\n<meta name=\"robots\" content=\"index, follow, max-snippet:-1, max-image-preview:large, max-video-preview:-1\" \/>\n<link rel=\"canonical\" href=\"https:\/\/verdadeon.com.br\/portal\/2025\/12\/24\/plantacao-de-maconha-e-descoberta-pela-policia-militar-em-cristais-paulista\/\" \/>\n<meta property=\"og:locale\" content=\"pt_BR\" \/>\n<meta property=\"og:type\" content=\"article\" \/>\n<meta property=\"og:title\" content=\"Planta\u00e7\u00e3o de maconha \u00e9 descoberta pela Pol\u00edcia Militar em Cristais Paulista - VerdadeOn\" \/>\n<meta property=\"og:description\" content=\"Dois indiv\u00edduos foram abordados: um deles confessou ser usu\u00e1rio e que mantinha cultivo Por Pedro Maia Editor-chefe Uma planta\u00e7\u00e3o de maconha foi descoberta em uma resid\u00eancia [\u2026]\" \/>\n<meta property=\"og:url\" content=\"https:\/\/verdadeon.com.br\/portal\/2025\/12\/24\/plantacao-de-maconha-e-descoberta-pela-policia-militar-em-cristais-paulista\/\" \/>\n<meta property=\"og:site_name\" content=\"VerdadeOn\" \/>\n<meta property=\"article:published_time\" content=\"2025-12-24T05:12:35+00:00\" \/>\n<meta property=\"og:image\" content=\"https:\/\/verdadeon.com.br\/portal\/wp-content\/uploads\/2025\/12\/Documento-a4-placa-empurre-puxe-para-abrir-verde-23.jpg\" \/>\n\t<meta property=\"og:image:width\" content=\"2000\" \/>\n\t<meta property=\"og:image:height\" content=\"1414\" \/>\n\t<meta property=\"og:image:type\" content=\"image\/jpeg\" \/>\n<meta name=\"author\" content=\"Redacao VerdadeOn\" \/>\n<meta name=\"twitter:card\" content=\"summary_large_image\" \/>\n<meta name=\"twitter:label1\" content=\"Escrito por\" \/>\n\t<meta name=\"twitter:data1\" content=\"Redacao VerdadeOn\" \/>\n\t<meta name=\"twitter:label2\" content=\"Est. tempo de leitura\" \/>\n\t<meta name=\"twitter:data2\" content=\"2 minutos\" \/>\n<script type=\"application\/ld+json\" class=\"yoast-schema-graph\">{\"@context\":\"https:\/\/schema.org\",\"@graph\":[{\"@type\":\"WebPage\",\"@id\":\"https:\/\/verdadeon.com.br\/portal\/2025\/12\/24\/plantacao-de-maconha-e-descoberta-pela-policia-militar-em-cristais-paulista\/\",\"url\":\"https:\/\/verdadeon.com.br\/portal\/2025\/12\/24\/plantacao-de-maconha-e-descoberta-pela-policia-militar-em-cristais-paulista\/\",\"name\":\"Planta\u00e7\u00e3o de maconha \u00e9 descoberta pela Pol\u00edcia Militar em Cristais Paulista - VerdadeOn\",\"isPartOf\":{\"@id\":\"https:\/\/verdadeon.com.br\/portal\/#website\"},\"primaryImageOfPage\":{\"@id\":\"https:\/\/verdadeon.com.br\/portal\/2025\/12\/24\/plantacao-de-maconha-e-descoberta-pela-policia-militar-em-cristais-paulista\/#primaryimage\"},\"image\":{\"@id\":\"https:\/\/verdadeon.com.br\/portal\/2025\/12\/24\/plantacao-de-maconha-e-descoberta-pela-policia-militar-em-cristais-paulista\/#primaryimage\"},\"thumbnailUrl\":\"https:\/\/i0.wp.com\/verdadeon.com.br\/portal\/wp-content\/uploads\/2025\/12\/Documento-a4-placa-empurre-puxe-para-abrir-verde-23.jpg?fit=2000%2C1414&ssl=1\",\"datePublished\":\"2025-12-24T05:12:35+00:00\",\"author\":{\"@id\":\"https:\/\/verdadeon.com.br\/portal\/#\/schema\/person\/a5060ad1e9ea3df545188fc93ce43d2f\"},\"breadcrumb\":{\"@id\":\"https:\/\/verdadeon.com.br\/portal\/2025\/12\/24\/plantacao-de-maconha-e-descoberta-pela-policia-militar-em-cristais-paulista\/#breadcrumb\"},\"inLanguage\":\"pt-BR\",\"potentialAction\":[{\"@type\":\"ReadAction\",\"target\":[\"https:\/\/verdadeon.com.br\/portal\/2025\/12\/24\/plantacao-de-maconha-e-descoberta-pela-policia-militar-em-cristais-paulista\/\"]}]},{\"@type\":\"ImageObject\",\"inLanguage\":\"pt-BR\",\"@id\":\"https:\/\/verdadeon.com.br\/portal\/2025\/12\/24\/plantacao-de-maconha-e-descoberta-pela-policia-militar-em-cristais-paulista\/#primaryimage\",\"url\":\"https:\/\/i0.wp.com\/verdadeon.com.br\/portal\/wp-content\/uploads\/2025\/12\/Documento-a4-placa-empurre-puxe-para-abrir-verde-23.jpg?fit=2000%2C1414&ssl=1\",\"contentUrl\":\"https:\/\/i0.wp.com\/verdadeon.com.br\/portal\/wp-content\/uploads\/2025\/12\/Documento-a4-placa-empurre-puxe-para-abrir-verde-23.jpg?fit=2000%2C1414&ssl=1\",\"width\":2000,\"height\":1414,\"caption\":\"(\u00a9Reprodu\u00e7\u00e3o\/CONSEG Cristais Paulista)\"},{\"@type\":\"BreadcrumbList\",\"@id\":\"https:\/\/verdadeon.com.br\/portal\/2025\/12\/24\/plantacao-de-maconha-e-descoberta-pela-policia-militar-em-cristais-paulista\/#breadcrumb\",\"itemListElement\":[{\"@type\":\"ListItem\",\"position\":1,\"name\":\"In\u00edcio\",\"item\":\"https:\/\/verdadeon.com.br\/portal\/\"},{\"@type\":\"ListItem\",\"position\":2,\"name\":\"Planta\u00e7\u00e3o de maconha \u00e9 descoberta pela Pol\u00edcia Militar em Cristais Paulista\"}]},{\"@type\":\"WebSite\",\"@id\":\"https:\/\/verdadeon.com.br\/portal\/#website\",\"url\":\"https:\/\/verdadeon.com.br\/portal\/\",\"name\":\"VerdadeOn\",\"description\":\"Not\u00edcias di\u00e1rias sobre Franca, Regi\u00e3o, Esporte, Cultura, Cotidiano, Colunas. Cobertura nos principais eventos da cidade \u00e9 aqui - Verdadeon Franca\",\"potentialAction\":[{\"@type\":\"SearchAction\",\"target\":{\"@type\":\"EntryPoint\",\"urlTemplate\":\"https:\/\/verdadeon.com.br\/portal\/?s={search_term_string}\"},\"query-input\":{\"@type\":\"PropertyValueSpecification\",\"valueRequired\":true,\"valueName\":\"search_term_string\"}}],\"inLanguage\":\"pt-BR\"},{\"@type\":\"Person\",\"@id\":\"https:\/\/verdadeon.com.br\/portal\/#\/schema\/person\/a5060ad1e9ea3df545188fc93ce43d2f\",\"name\":\"Redacao VerdadeOn\",\"image\":{\"@type\":\"ImageObject\",\"inLanguage\":\"pt-BR\",\"@id\":\"https:\/\/verdadeon.com.br\/portal\/#\/schema\/person\/image\/\",\"url\":\"https:\/\/secure.gravatar.com\/avatar\/459a9613caaaf07f582c3d0841eea68bdd66f533e465e6ba8b9cb45619572cf4?s=96&d=mm&r=g\",\"contentUrl\":\"https:\/\/secure.gravatar.com\/avatar\/459a9613caaaf07f582c3d0841eea68bdd66f533e465e6ba8b9cb45619572cf4?s=96&d=mm&r=g\",\"caption\":\"Redacao VerdadeOn\"},\"url\":\"https:\/\/verdadeon.com.br\/portal\/author\/redacao\/\"}]}<\/script>\n<!-- \/ Yoast SEO plugin. -->","yoast_head_json":{"title":"Planta\u00e7\u00e3o de maconha \u00e9 descoberta pela Pol\u00edcia Militar em Cristais Paulista - VerdadeOn","robots":{"index":"index","follow":"follow","max-snippet":"max-snippet:-1","max-image-preview":"max-image-preview:large","max-video-preview":"max-video-preview:-1"},"canonical":"https:\/\/verdadeon.com.br\/portal\/2025\/12\/24\/plantacao-de-maconha-e-descoberta-pela-policia-militar-em-cristais-paulista\/","og_locale":"pt_BR","og_type":"article","og_title":"Planta\u00e7\u00e3o de maconha \u00e9 descoberta pela Pol\u00edcia Militar em Cristais Paulista - VerdadeOn","og_description":"Dois indiv\u00edduos foram abordados: um deles confessou ser usu\u00e1rio e que mantinha cultivo Por Pedro Maia Editor-chefe Uma planta\u00e7\u00e3o de maconha foi descoberta em uma resid\u00eancia [\u2026]","og_url":"https:\/\/verdadeon.com.br\/portal\/2025\/12\/24\/plantacao-de-maconha-e-descoberta-pela-policia-militar-em-cristais-paulista\/","og_site_name":"VerdadeOn","article_published_time":"2025-12-24T05:12:35+00:00","og_image":[{"width":2000,"height":1414,"url":"https:\/\/verdadeon.com.br\/portal\/wp-content\/uploads\/2025\/12\/Documento-a4-placa-empurre-puxe-para-abrir-verde-23.jpg","type":"image\/jpeg"}],"author":"Redacao VerdadeOn","twitter_card":"summary_large_image","twitter_misc":{"Escrito por":"Redacao VerdadeOn","Est. tempo de leitura":"2 minutos"},"schema":{"@context":"https:\/\/schema.org","@graph":[{"@type":"WebPage","@id":"https:\/\/verdadeon.com.br\/portal\/2025\/12\/24\/plantacao-de-maconha-e-descoberta-pela-policia-militar-em-cristais-paulista\/","url":"https:\/\/verdadeon.com.br\/portal\/2025\/12\/24\/plantacao-de-maconha-e-descoberta-pela-policia-militar-em-cristais-paulista\/","name":"Planta\u00e7\u00e3o de maconha \u00e9 descoberta pela Pol\u00edcia Militar em Cristais Paulista - VerdadeOn","isPartOf":{"@id":"https:\/\/verdadeon.com.br\/portal\/#website"},"primaryImageOfPage":{"@id":"https:\/\/verdadeon.com.br\/portal\/2025\/12\/24\/plantacao-de-maconha-e-descoberta-pela-policia-militar-em-cristais-paulista\/#primaryimage"},"image":{"@id":"https:\/\/verdadeon.com.br\/portal\/2025\/12\/24\/plantacao-de-maconha-e-descoberta-pela-policia-militar-em-cristais-paulista\/#primaryimage"},"thumbnailUrl":"https:\/\/i0.wp.com\/verdadeon.com.br\/portal\/wp-content\/uploads\/2025\/12\/Documento-a4-placa-empurre-puxe-para-abrir-verde-23.jpg?fit=2000%2C1414&ssl=1","datePublished":"2025-12-24T05:12:35+00:00","author":{"@id":"https:\/\/verdadeon.com.br\/portal\/#\/schema\/person\/a5060ad1e9ea3df545188fc93ce43d2f"},"breadcrumb":{"@id":"https:\/\/verdadeon.com.br\/portal\/2025\/12\/24\/plantacao-de-maconha-e-descoberta-pela-policia-militar-em-cristais-paulista\/#breadcrumb"},"inLanguage":"pt-BR","potentialAction":[{"@type":"ReadAction","target":["https:\/\/verdadeon.com.br\/portal\/2025\/12\/24\/plantacao-de-maconha-e-descoberta-pela-policia-militar-em-cristais-paulista\/"]}]},{"@type":"ImageObject","inLanguage":"pt-BR","@id":"https:\/\/verdadeon.com.br\/portal\/2025\/12\/24\/plantacao-de-maconha-e-descoberta-pela-policia-militar-em-cristais-paulista\/#primaryimage","url":"https:\/\/i0.wp.com\/verdadeon.com.br\/portal\/wp-content\/uploads\/2025\/12\/Documento-a4-placa-empurre-puxe-para-abrir-verde-23.jpg?fit=2000%2C1414&ssl=1","contentUrl":"https:\/\/i0.wp.com\/verdadeon.com.br\/portal\/wp-content\/uploads\/2025\/12\/Documento-a4-placa-empurre-puxe-para-abrir-verde-23.jpg?fit=2000%2C1414&ssl=1","width":2000,"height":1414,"caption":"(\u00a9Reprodu\u00e7\u00e3o\/CONSEG Cristais Paulista)"},{"@type":"BreadcrumbList","@id":"https:\/\/verdadeon.com.br\/portal\/2025\/12\/24\/plantacao-de-maconha-e-descoberta-pela-policia-militar-em-cristais-paulista\/#breadcrumb","itemListElement":[{"@type":"ListItem","position":1,"name":"In\u00edcio","item":"https:\/\/verdadeon.com.br\/portal\/"},{"@type":"ListItem","position":2,"name":"Planta\u00e7\u00e3o de maconha \u00e9 descoberta pela Pol\u00edcia Militar em Cristais Paulista"}]},{"@type":"WebSite","@id":"https:\/\/verdadeon.com.br\/portal\/#website","url":"https:\/\/verdadeon.com.br\/portal\/","name":"VerdadeOn","description":"Not\u00edcias di\u00e1rias sobre Franca, Regi\u00e3o, Esporte, Cultura, Cotidiano, Colunas. Cobertura nos principais eventos da cidade \u00e9 aqui - Verdadeon Franca","potentialAction":[{"@type":"SearchAction","target":{"@type":"EntryPoint","urlTemplate":"https:\/\/verdadeon.com.br\/portal\/?s={search_term_string}"},"query-input":{"@type":"PropertyValueSpecification","valueRequired":true,"valueName":"search_term_string"}}],"inLanguage":"pt-BR"},{"@type":"Person","@id":"https:\/\/verdadeon.com.br\/portal\/#\/schema\/person\/a5060ad1e9ea3df545188fc93ce43d2f","name":"Redacao VerdadeOn","image":{"@type":"ImageObject","inLanguage":"pt-BR","@id":"https:\/\/verdadeon.com.br\/portal\/#\/schema\/person\/image\/","url":"https:\/\/secure.gravatar.com\/avatar\/459a9613caaaf07f582c3d0841eea68bdd66f533e465e6ba8b9cb45619572cf4?s=96&d=mm&r=g","contentUrl":"https:\/\/secure.gravatar.com\/avatar\/459a9613caaaf07f582c3d0841eea68bdd66f533e465e6ba8b9cb45619572cf4?s=96&d=mm&r=g","caption":"Redacao VerdadeOn"},"url":"https:\/\/verdadeon.com.br\/portal\/author\/redacao\/"}]}},"jetpack_publicize_connections":[],"jetpack_featured_media_url":"https:\/\/i0.wp.com\/verdadeon.com.br\/portal\/wp-content\/uploads\/2025\/12\/Documento-a4-placa-empurre-puxe-para-abrir-verde-23.jpg?fit=2000%2C1414&ssl=1","jetpack_sharing_enabled":true,"_links":{"self":[{"href":"https:\/\/verdadeon.com.br\/portal\/wp-json\/wp\/v2\/posts\/62766","targetHints":{"allow":["GET"]}}],"collection":[{"href":"https:\/\/verdadeon.com.br\/portal\/wp-json\/wp\/v2\/posts"}],"about":[{"href":"https:\/\/verdadeon.com.br\/portal\/wp-json\/wp\/v2\/types\/post"}],"author":[{"embeddable":true,"href":"https:\/\/verdadeon.com.br\/portal\/wp-json\/wp\/v2\/users\/10"}],"replies":[{"embeddable":true,"href":"https:\/\/verdadeon.com.br\/portal\/wp-json\/wp\/v2\/comments?post=62766"}],"version-history":[{"count":1,"href":"https:\/\/verdadeon.com.br\/portal\/wp-json\/wp\/v2\/posts\/62766\/revisions"}],"predecessor-version":[{"id":62768,"href":"https:\/\/verdadeon.com.br\/portal\/wp-json\/wp\/v2\/posts\/62766\/revisions\/62768"}],"wp:featuredmedia":[{"embeddable":true,"href":"https:\/\/verdadeon.com.br\/portal\/wp-json\/wp\/v2\/media\/62767"}],"wp:attachment":[{"href":"https:\/\/verdadeon.com.br\/portal\/wp-json\/wp\/v2\/media?parent=62766"}],"wp:term":[{"taxonomy":"category","embeddable":true,"href":"https:\/\/verdadeon.com.br\/portal\/wp-json\/wp\/v2\/categories?post=62766"},{"taxonomy":"post_tag","embeddable":true,"href":"https:\/\/verdadeon.com.br\/portal\/wp-json\/wp\/v2\/tags?post=62766"}],"curies":[{"name":"wp","href":"https:\/\/api.w.org\/{rel}","templated":true}]}}