{"id":62746,"date":"2025-12-23T15:40:43","date_gmt":"2025-12-23T18:40:43","guid":{"rendered":"https:\/\/verdadeon.com.br\/portal\/?p=62746"},"modified":"2025-12-23T15:40:43","modified_gmt":"2025-12-23T18:40:43","slug":"novo-radar-de-velocidade-e-ativado-na-rodovia-candido-portinari-outros-14-entram-em-operacao","status":"publish","type":"post","link":"https:\/\/verdadeon.com.br\/portal\/2025\/12\/23\/novo-radar-de-velocidade-e-ativado-na-rodovia-candido-portinari-outros-14-entram-em-operacao\/","title":{"rendered":"Novo radar de velocidade \u00e9 ativado na Rodovia C\u00e2ndido Portinari; outros 14 entram em opera\u00e7\u00e3o"},"content":{"rendered":"<h2>Fiscaliza\u00e7\u00e3o eletr\u00f4nica refor\u00e7a a seguran\u00e7a e amplia a cobertura em pontos estrat\u00e9gicos; total de equipamentos em opera\u00e7\u00e3o chega a 560<\/h2>\n<p>O Departamento de Estradas de Rodagem (DER-SP), \u00f3rg\u00e3o vinculado \u00e0 Secretaria de Meio Ambiente, Log\u00edstica e Transportes, colocou em opera\u00e7\u00e3o, a partir da 0h desta ter\u00e7a-feira (23), 15 novos radares em trechos estrat\u00e9gicos de rodovias estaduais sob sua gest\u00e3o.<\/p>\n<p>Em Franca, o dispositivo foi instalado no km 406,930 da Rodovia C\u00e2ndido Portinari, no sentido Sul, com velocidade m\u00e1xima permitida de 100 km\/h para carros e de 80 km\/h para caminh\u00f5es.<\/p>\n<p>Com a ativa\u00e7\u00e3o, o total de equipamentos ativos nas rodovias n\u00e3o concedidas chega a 560. A lista completa com a localiza\u00e7\u00e3o dos pontos de fiscaliza\u00e7\u00e3o est\u00e1 dispon\u00edvel no site do DER-SP. A medida visa refor\u00e7ar a seguran\u00e7a vi\u00e1ria, prevenir acidentes e salvar vidas, com radares devidamente sinalizados e limites de velocidade definidos para cada trecho.<\/p>\n<p>Motoristas que trafegarem acima da velocidade permitida ser\u00e3o autuados, numa a\u00e7\u00e3o que busca reduzir ao m\u00e1ximo o n\u00famero de acidentes nas estradas paulistas. &#8220;A instala\u00e7\u00e3o de radares refor\u00e7a o compromisso do Governo de S\u00e3o Paulo com a seguran\u00e7a nas rodovias e com a meta de zerar os acidentes&#8221;, afirma o presidente do DER-SP, Sergio Codelo.<\/p>\n<p>Os equipamentos fazem parte do contrato do Edital n\u00ba 145\/2023, que prev\u00ea a implanta\u00e7\u00e3o de 649 radares em pontos estrat\u00e9gicos ao longo dos mais de 12 mil quil\u00f4metros de rodovias estaduais n\u00e3o concedidas. A escolha de cada ponto resulta de mapeamento t\u00e9cnico que considera hist\u00f3rico de acidentes, excesso de velocidade, caracter\u00edsticas da via, pontos cr\u00edticos e \u00e1reas de travessia de fauna.<\/p>\n<p>Os demais equipamentos previstos seguem em fase de implanta\u00e7\u00e3o, com testes e homologa\u00e7\u00e3o antes de entrarem em opera\u00e7\u00e3o. O in\u00edcio da fiscaliza\u00e7\u00e3o ser\u00e1 divulgado oficialmente pelos canais do Governo, pela imprensa e no Di\u00e1rio Oficial do Estado de S\u00e3o Paulo.<\/p>\n<p><strong>Confira a localiza\u00e7\u00e3o dos 15 novos equipamentos:<\/strong><\/p>\n<p>Rodovia \/ Km \/ Sentido \/ Munic\u00edpio \/ Velocidade<br \/>\nSP 055 150,800 Leste\/Oeste S\u00e3o Sebasti\u00e3o 40 \/ 40 (km\/h)<br \/>\n<strong>SP 334 406,930 Sul Franca 100 \/ 80 (km\/h)<\/strong><br \/>\nSP 031 65,761 Leste\/Oeste Suzano 40 \/ 40 (km\/h)<br \/>\nSP 122 40,344 Norte\/Sul Rio Grande da Serra 40 \/ 40 (km\/h)<br \/>\nSP 228 34,377 Leste\/Oeste Itapecerica da Serra 40 \/ 40 (km\/h)<br \/>\nSP 312 46,658 Leste\/Oeste Santana de Parna\u00edba 40 \/ 40 (km\/h)<br \/>\nSP 354 44,500 Norte\/Sul Franco da Rocha 40 \/ 40 (km\/h)<br \/>\nSPA 060\/056 3,093 Norte\/Sul Santa Isabel 40 \/ 40 (km\/h)<br \/>\nSP 322 461,800 Norte\/Sul Guaraci 60 \/ 60 (km\/h)<br \/>\nSP 326 452,390 Norte\/Sul Col\u00f4mbia 60 \/ 60 (km\/h)<br \/>\nSP 345 123,557 Leste\/Oeste Gua\u00edra 60 \/ 60 (km\/h)<br \/>\nSP 373 151,500 Leste\/Oeste Colina 100 \/ 80 (km\/h)<br \/>\nSP 425 118,700 Leste\/Oeste Barretos 60 \/ 60 (km\/h)<br \/>\nSP 425 145,556 Leste\/Oeste Ol\u00edmpia 60 \/ 60 (km\/h)<br \/>\nSP 425 157,000 Leste\/Oeste Ol\u00edmpia 100 \/ 80 (km\/h)<\/p>\n","protected":false},"excerpt":{"rendered":"<p>Fiscaliza\u00e7\u00e3o eletr\u00f4nica refor\u00e7a a seguran\u00e7a e amplia a cobertura em pontos estrat\u00e9gicos; total de equipamentos em opera\u00e7\u00e3o chega a 560 O Departamento de Estradas de Rodagem<span class=\"excerpt-hellip\"> [\u2026]<\/span><\/p>\n","protected":false},"author":10,"featured_media":62747,"comment_status":"open","ping_status":"open","sticky":false,"template":"","format":"standard","meta":{"_jetpack_memberships_contains_paid_content":false,"footnotes":"","jetpack_publicize_message":"","jetpack_publicize_feature_enabled":true,"jetpack_social_post_already_shared":true,"jetpack_social_options":{"image_generator_settings":{"template":"highway","default_image_id":0,"enabled":false},"version":2}},"categories":[28,81],"tags":[],"class_list":["post-62746","post","type-post","status-publish","format-standard","has-post-thumbnail","hentry","category-cotidiano","category-manchete"],"yoast_head":"<!-- This site is optimized with the Yoast SEO plugin v25.6 - https:\/\/yoast.com\/wordpress\/plugins\/seo\/ -->\n<title>Novo radar de velocidade \u00e9 ativado na Rodovia C\u00e2ndido Portinari; outros 14 entram em opera\u00e7\u00e3o - VerdadeOn<\/title>\n<meta name=\"robots\" content=\"index, follow, max-snippet:-1, max-image-preview:large, max-video-preview:-1\" \/>\n<link rel=\"canonical\" href=\"https:\/\/verdadeon.com.br\/portal\/2025\/12\/23\/novo-radar-de-velocidade-e-ativado-na-rodovia-candido-portinari-outros-14-entram-em-operacao\/\" \/>\n<meta property=\"og:locale\" content=\"pt_BR\" \/>\n<meta property=\"og:type\" content=\"article\" \/>\n<meta property=\"og:title\" content=\"Novo radar de velocidade \u00e9 ativado na Rodovia C\u00e2ndido Portinari; outros 14 entram em opera\u00e7\u00e3o - VerdadeOn\" \/>\n<meta property=\"og:description\" content=\"Fiscaliza\u00e7\u00e3o eletr\u00f4nica refor\u00e7a a seguran\u00e7a e amplia a cobertura em pontos estrat\u00e9gicos; total de equipamentos em opera\u00e7\u00e3o chega a 560 O Departamento de Estradas de Rodagem [\u2026]\" \/>\n<meta property=\"og:url\" content=\"https:\/\/verdadeon.com.br\/portal\/2025\/12\/23\/novo-radar-de-velocidade-e-ativado-na-rodovia-candido-portinari-outros-14-entram-em-operacao\/\" \/>\n<meta property=\"og:site_name\" content=\"VerdadeOn\" \/>\n<meta property=\"article:published_time\" content=\"2025-12-23T18:40:43+00:00\" \/>\n<meta property=\"og:image\" content=\"https:\/\/verdadeon.com.br\/portal\/wp-content\/uploads\/2025\/12\/Dentro-6.jpg\" \/>\n\t<meta property=\"og:image:width\" content=\"1873\" \/>\n\t<meta property=\"og:image:height\" content=\"1249\" \/>\n\t<meta property=\"og:image:type\" content=\"image\/jpeg\" \/>\n<meta name=\"author\" content=\"Redacao VerdadeOn\" \/>\n<meta name=\"twitter:card\" content=\"summary_large_image\" \/>\n<meta name=\"twitter:label1\" content=\"Escrito por\" \/>\n\t<meta name=\"twitter:data1\" content=\"Redacao VerdadeOn\" \/>\n\t<meta name=\"twitter:label2\" content=\"Est. tempo de leitura\" \/>\n\t<meta name=\"twitter:data2\" content=\"3 minutos\" \/>\n<script type=\"application\/ld+json\" class=\"yoast-schema-graph\">{\"@context\":\"https:\/\/schema.org\",\"@graph\":[{\"@type\":\"WebPage\",\"@id\":\"https:\/\/verdadeon.com.br\/portal\/2025\/12\/23\/novo-radar-de-velocidade-e-ativado-na-rodovia-candido-portinari-outros-14-entram-em-operacao\/\",\"url\":\"https:\/\/verdadeon.com.br\/portal\/2025\/12\/23\/novo-radar-de-velocidade-e-ativado-na-rodovia-candido-portinari-outros-14-entram-em-operacao\/\",\"name\":\"Novo radar de velocidade \u00e9 ativado na Rodovia C\u00e2ndido Portinari; outros 14 entram em opera\u00e7\u00e3o - VerdadeOn\",\"isPartOf\":{\"@id\":\"https:\/\/verdadeon.com.br\/portal\/#website\"},\"primaryImageOfPage\":{\"@id\":\"https:\/\/verdadeon.com.br\/portal\/2025\/12\/23\/novo-radar-de-velocidade-e-ativado-na-rodovia-candido-portinari-outros-14-entram-em-operacao\/#primaryimage\"},\"image\":{\"@id\":\"https:\/\/verdadeon.com.br\/portal\/2025\/12\/23\/novo-radar-de-velocidade-e-ativado-na-rodovia-candido-portinari-outros-14-entram-em-operacao\/#primaryimage\"},\"thumbnailUrl\":\"https:\/\/i0.wp.com\/verdadeon.com.br\/portal\/wp-content\/uploads\/2025\/12\/Dentro-6.jpg?fit=1873%2C1249&ssl=1\",\"datePublished\":\"2025-12-23T18:40:43+00:00\",\"author\":{\"@id\":\"https:\/\/verdadeon.com.br\/portal\/#\/schema\/person\/a5060ad1e9ea3df545188fc93ce43d2f\"},\"breadcrumb\":{\"@id\":\"https:\/\/verdadeon.com.br\/portal\/2025\/12\/23\/novo-radar-de-velocidade-e-ativado-na-rodovia-candido-portinari-outros-14-entram-em-operacao\/#breadcrumb\"},\"inLanguage\":\"pt-BR\",\"potentialAction\":[{\"@type\":\"ReadAction\",\"target\":[\"https:\/\/verdadeon.com.br\/portal\/2025\/12\/23\/novo-radar-de-velocidade-e-ativado-na-rodovia-candido-portinari-outros-14-entram-em-operacao\/\"]}]},{\"@type\":\"ImageObject\",\"inLanguage\":\"pt-BR\",\"@id\":\"https:\/\/verdadeon.com.br\/portal\/2025\/12\/23\/novo-radar-de-velocidade-e-ativado-na-rodovia-candido-portinari-outros-14-entram-em-operacao\/#primaryimage\",\"url\":\"https:\/\/i0.wp.com\/verdadeon.com.br\/portal\/wp-content\/uploads\/2025\/12\/Dentro-6.jpg?fit=1873%2C1249&ssl=1\",\"contentUrl\":\"https:\/\/i0.wp.com\/verdadeon.com.br\/portal\/wp-content\/uploads\/2025\/12\/Dentro-6.jpg?fit=1873%2C1249&ssl=1\",\"width\":1873,\"height\":1249,\"caption\":\"(Tony Oliveira\/Ag\u00eancia Bras\u00edlia)\"},{\"@type\":\"BreadcrumbList\",\"@id\":\"https:\/\/verdadeon.com.br\/portal\/2025\/12\/23\/novo-radar-de-velocidade-e-ativado-na-rodovia-candido-portinari-outros-14-entram-em-operacao\/#breadcrumb\",\"itemListElement\":[{\"@type\":\"ListItem\",\"position\":1,\"name\":\"In\u00edcio\",\"item\":\"https:\/\/verdadeon.com.br\/portal\/\"},{\"@type\":\"ListItem\",\"position\":2,\"name\":\"Novo radar de velocidade \u00e9 ativado na Rodovia C\u00e2ndido Portinari; outros 14 entram em opera\u00e7\u00e3o\"}]},{\"@type\":\"WebSite\",\"@id\":\"https:\/\/verdadeon.com.br\/portal\/#website\",\"url\":\"https:\/\/verdadeon.com.br\/portal\/\",\"name\":\"VerdadeOn\",\"description\":\"Not\u00edcias di\u00e1rias sobre Franca, Regi\u00e3o, Esporte, Cultura, Cotidiano, Colunas. Cobertura nos principais eventos da cidade \u00e9 aqui - Verdadeon Franca\",\"potentialAction\":[{\"@type\":\"SearchAction\",\"target\":{\"@type\":\"EntryPoint\",\"urlTemplate\":\"https:\/\/verdadeon.com.br\/portal\/?s={search_term_string}\"},\"query-input\":{\"@type\":\"PropertyValueSpecification\",\"valueRequired\":true,\"valueName\":\"search_term_string\"}}],\"inLanguage\":\"pt-BR\"},{\"@type\":\"Person\",\"@id\":\"https:\/\/verdadeon.com.br\/portal\/#\/schema\/person\/a5060ad1e9ea3df545188fc93ce43d2f\",\"name\":\"Redacao VerdadeOn\",\"image\":{\"@type\":\"ImageObject\",\"inLanguage\":\"pt-BR\",\"@id\":\"https:\/\/verdadeon.com.br\/portal\/#\/schema\/person\/image\/\",\"url\":\"https:\/\/secure.gravatar.com\/avatar\/459a9613caaaf07f582c3d0841eea68bdd66f533e465e6ba8b9cb45619572cf4?s=96&d=mm&r=g\",\"contentUrl\":\"https:\/\/secure.gravatar.com\/avatar\/459a9613caaaf07f582c3d0841eea68bdd66f533e465e6ba8b9cb45619572cf4?s=96&d=mm&r=g\",\"caption\":\"Redacao VerdadeOn\"},\"url\":\"https:\/\/verdadeon.com.br\/portal\/author\/redacao\/\"}]}<\/script>\n<!-- \/ Yoast SEO plugin. -->","yoast_head_json":{"title":"Novo radar de velocidade \u00e9 ativado na Rodovia C\u00e2ndido Portinari; outros 14 entram em opera\u00e7\u00e3o - VerdadeOn","robots":{"index":"index","follow":"follow","max-snippet":"max-snippet:-1","max-image-preview":"max-image-preview:large","max-video-preview":"max-video-preview:-1"},"canonical":"https:\/\/verdadeon.com.br\/portal\/2025\/12\/23\/novo-radar-de-velocidade-e-ativado-na-rodovia-candido-portinari-outros-14-entram-em-operacao\/","og_locale":"pt_BR","og_type":"article","og_title":"Novo radar de velocidade \u00e9 ativado na Rodovia C\u00e2ndido Portinari; outros 14 entram em opera\u00e7\u00e3o - VerdadeOn","og_description":"Fiscaliza\u00e7\u00e3o eletr\u00f4nica refor\u00e7a a seguran\u00e7a e amplia a cobertura em pontos estrat\u00e9gicos; total de equipamentos em opera\u00e7\u00e3o chega a 560 O Departamento de Estradas de Rodagem [\u2026]","og_url":"https:\/\/verdadeon.com.br\/portal\/2025\/12\/23\/novo-radar-de-velocidade-e-ativado-na-rodovia-candido-portinari-outros-14-entram-em-operacao\/","og_site_name":"VerdadeOn","article_published_time":"2025-12-23T18:40:43+00:00","og_image":[{"width":1873,"height":1249,"url":"https:\/\/verdadeon.com.br\/portal\/wp-content\/uploads\/2025\/12\/Dentro-6.jpg","type":"image\/jpeg"}],"author":"Redacao VerdadeOn","twitter_card":"summary_large_image","twitter_misc":{"Escrito por":"Redacao VerdadeOn","Est. tempo de leitura":"3 minutos"},"schema":{"@context":"https:\/\/schema.org","@graph":[{"@type":"WebPage","@id":"https:\/\/verdadeon.com.br\/portal\/2025\/12\/23\/novo-radar-de-velocidade-e-ativado-na-rodovia-candido-portinari-outros-14-entram-em-operacao\/","url":"https:\/\/verdadeon.com.br\/portal\/2025\/12\/23\/novo-radar-de-velocidade-e-ativado-na-rodovia-candido-portinari-outros-14-entram-em-operacao\/","name":"Novo radar de velocidade \u00e9 ativado na Rodovia C\u00e2ndido Portinari; outros 14 entram em opera\u00e7\u00e3o - VerdadeOn","isPartOf":{"@id":"https:\/\/verdadeon.com.br\/portal\/#website"},"primaryImageOfPage":{"@id":"https:\/\/verdadeon.com.br\/portal\/2025\/12\/23\/novo-radar-de-velocidade-e-ativado-na-rodovia-candido-portinari-outros-14-entram-em-operacao\/#primaryimage"},"image":{"@id":"https:\/\/verdadeon.com.br\/portal\/2025\/12\/23\/novo-radar-de-velocidade-e-ativado-na-rodovia-candido-portinari-outros-14-entram-em-operacao\/#primaryimage"},"thumbnailUrl":"https:\/\/i0.wp.com\/verdadeon.com.br\/portal\/wp-content\/uploads\/2025\/12\/Dentro-6.jpg?fit=1873%2C1249&ssl=1","datePublished":"2025-12-23T18:40:43+00:00","author":{"@id":"https:\/\/verdadeon.com.br\/portal\/#\/schema\/person\/a5060ad1e9ea3df545188fc93ce43d2f"},"breadcrumb":{"@id":"https:\/\/verdadeon.com.br\/portal\/2025\/12\/23\/novo-radar-de-velocidade-e-ativado-na-rodovia-candido-portinari-outros-14-entram-em-operacao\/#breadcrumb"},"inLanguage":"pt-BR","potentialAction":[{"@type":"ReadAction","target":["https:\/\/verdadeon.com.br\/portal\/2025\/12\/23\/novo-radar-de-velocidade-e-ativado-na-rodovia-candido-portinari-outros-14-entram-em-operacao\/"]}]},{"@type":"ImageObject","inLanguage":"pt-BR","@id":"https:\/\/verdadeon.com.br\/portal\/2025\/12\/23\/novo-radar-de-velocidade-e-ativado-na-rodovia-candido-portinari-outros-14-entram-em-operacao\/#primaryimage","url":"https:\/\/i0.wp.com\/verdadeon.com.br\/portal\/wp-content\/uploads\/2025\/12\/Dentro-6.jpg?fit=1873%2C1249&ssl=1","contentUrl":"https:\/\/i0.wp.com\/verdadeon.com.br\/portal\/wp-content\/uploads\/2025\/12\/Dentro-6.jpg?fit=1873%2C1249&ssl=1","width":1873,"height":1249,"caption":"(Tony Oliveira\/Ag\u00eancia Bras\u00edlia)"},{"@type":"BreadcrumbList","@id":"https:\/\/verdadeon.com.br\/portal\/2025\/12\/23\/novo-radar-de-velocidade-e-ativado-na-rodovia-candido-portinari-outros-14-entram-em-operacao\/#breadcrumb","itemListElement":[{"@type":"ListItem","position":1,"name":"In\u00edcio","item":"https:\/\/verdadeon.com.br\/portal\/"},{"@type":"ListItem","position":2,"name":"Novo radar de velocidade \u00e9 ativado na Rodovia C\u00e2ndido Portinari; outros 14 entram em opera\u00e7\u00e3o"}]},{"@type":"WebSite","@id":"https:\/\/verdadeon.com.br\/portal\/#website","url":"https:\/\/verdadeon.com.br\/portal\/","name":"VerdadeOn","description":"Not\u00edcias di\u00e1rias sobre Franca, Regi\u00e3o, Esporte, Cultura, Cotidiano, Colunas. Cobertura nos principais eventos da cidade \u00e9 aqui - Verdadeon Franca","potentialAction":[{"@type":"SearchAction","target":{"@type":"EntryPoint","urlTemplate":"https:\/\/verdadeon.com.br\/portal\/?s={search_term_string}"},"query-input":{"@type":"PropertyValueSpecification","valueRequired":true,"valueName":"search_term_string"}}],"inLanguage":"pt-BR"},{"@type":"Person","@id":"https:\/\/verdadeon.com.br\/portal\/#\/schema\/person\/a5060ad1e9ea3df545188fc93ce43d2f","name":"Redacao VerdadeOn","image":{"@type":"ImageObject","inLanguage":"pt-BR","@id":"https:\/\/verdadeon.com.br\/portal\/#\/schema\/person\/image\/","url":"https:\/\/secure.gravatar.com\/avatar\/459a9613caaaf07f582c3d0841eea68bdd66f533e465e6ba8b9cb45619572cf4?s=96&d=mm&r=g","contentUrl":"https:\/\/secure.gravatar.com\/avatar\/459a9613caaaf07f582c3d0841eea68bdd66f533e465e6ba8b9cb45619572cf4?s=96&d=mm&r=g","caption":"Redacao VerdadeOn"},"url":"https:\/\/verdadeon.com.br\/portal\/author\/redacao\/"}]}},"jetpack_publicize_connections":[],"jetpack_featured_media_url":"https:\/\/i0.wp.com\/verdadeon.com.br\/portal\/wp-content\/uploads\/2025\/12\/Dentro-6.jpg?fit=1873%2C1249&ssl=1","jetpack_sharing_enabled":true,"_links":{"self":[{"href":"https:\/\/verdadeon.com.br\/portal\/wp-json\/wp\/v2\/posts\/62746","targetHints":{"allow":["GET"]}}],"collection":[{"href":"https:\/\/verdadeon.com.br\/portal\/wp-json\/wp\/v2\/posts"}],"about":[{"href":"https:\/\/verdadeon.com.br\/portal\/wp-json\/wp\/v2\/types\/post"}],"author":[{"embeddable":true,"href":"https:\/\/verdadeon.com.br\/portal\/wp-json\/wp\/v2\/users\/10"}],"replies":[{"embeddable":true,"href":"https:\/\/verdadeon.com.br\/portal\/wp-json\/wp\/v2\/comments?post=62746"}],"version-history":[{"count":1,"href":"https:\/\/verdadeon.com.br\/portal\/wp-json\/wp\/v2\/posts\/62746\/revisions"}],"predecessor-version":[{"id":62748,"href":"https:\/\/verdadeon.com.br\/portal\/wp-json\/wp\/v2\/posts\/62746\/revisions\/62748"}],"wp:featuredmedia":[{"embeddable":true,"href":"https:\/\/verdadeon.com.br\/portal\/wp-json\/wp\/v2\/media\/62747"}],"wp:attachment":[{"href":"https:\/\/verdadeon.com.br\/portal\/wp-json\/wp\/v2\/media?parent=62746"}],"wp:term":[{"taxonomy":"category","embeddable":true,"href":"https:\/\/verdadeon.com.br\/portal\/wp-json\/wp\/v2\/categories?post=62746"},{"taxonomy":"post_tag","embeddable":true,"href":"https:\/\/verdadeon.com.br\/portal\/wp-json\/wp\/v2\/tags?post=62746"}],"curies":[{"name":"wp","href":"https:\/\/api.w.org\/{rel}","templated":true}]}}